{"id":8929,"date":"2019-09-12T10:30:08","date_gmt":"2019-09-12T08:30:08","guid":{"rendered":"https:\/\/www.qrious.de\/?p=8929"},"modified":"2019-09-12T10:39:52","modified_gmt":"2019-09-12T08:39:52","slug":"falkevik-deutschlandtour-2019-tourstart-15-10-2019","status":"publish","type":"post","link":"https:\/\/www.qrious.de\/en\/falkevik-deutschlandtour-2019-tourstart-15-10-2019\/","title":{"rendered":"Falkevik &#8211; Deutschlandtour 2019 (Tourstart: 15.10.2019)"},"content":{"rendered":"<p>[:de]<img loading=\"lazy\" decoding=\"async\" class=\"alignnone size-medium wp-image-8928\" src=\"https:\/\/www.qrious.de\/wp-content\/uploads\/2019\/09\/Falkevik_Band_CreditHelleFrogner-300x240.jpg\" alt=\"\" width=\"300\" height=\"240\" srcset=\"https:\/\/www.qrious.de\/wp-content\/uploads\/2019\/09\/Falkevik_Band_CreditHelleFrogner-300x240.jpg 300w, https:\/\/www.qrious.de\/wp-content\/uploads\/2019\/09\/Falkevik_Band_CreditHelleFrogner-150x120.jpg 150w, https:\/\/www.qrious.de\/wp-content\/uploads\/2019\/09\/Falkevik_Band_CreditHelleFrogner-768x614.jpg 768w, https:\/\/www.qrious.de\/wp-content\/uploads\/2019\/09\/Falkevik_Band_CreditHelleFrogner-1024x819.jpg 1024w, https:\/\/www.qrious.de\/wp-content\/uploads\/2019\/09\/Falkevik_Band_CreditHelleFrogner-238x190.jpg 238w, https:\/\/www.qrious.de\/wp-content\/uploads\/2019\/09\/Falkevik_Band_CreditHelleFrogner-645x516.jpg 645w, https:\/\/www.qrious.de\/wp-content\/uploads\/2019\/09\/Falkevik_Band_CreditHelleFrogner-345x276.jpg 345w, https:\/\/www.qrious.de\/wp-content\/uploads\/2019\/09\/Falkevik_Band_CreditHelleFrogner-600x480.jpg 600w\" sizes=\"auto, (max-width: 300px) 100vw, 300px\" \/><\/p>\n<p>Nach einer \u00c3\u00bcberaus erfolgreichen Herbsttour 2018 und einem Auftritt im ZDF Morgenmagazin am 5.11.2019 kehren FALKEVIK f\u00c3\u00bcr sechs Livetermine zur\u00c3\u00bcck nach Deutschland (plus ein Livetermin in der Schweiz). Mut, Kreativit\u00c3\u00a4t und Liebe zur Improvisation: daf\u00c3\u00bcr steht FALKEVIK. Das norwegische Pianotrio paart gekonnt skandinavischen Jazz mit verschrobenen und eleganten Melodien. Bandleaderin und Namensgeberin Julie Falkevik setzt neben dem Piano auch auf diverse Synthesizer und elektronische Effekte. Ihre elfenhafte Stimme nimmt im musikalischen Kosmos des Trios eine zentrale Rolle ein. Julies Songs handeln von der Sehnsucht nach Sicherheit und der Angst davor alleine zu sein. Angst die Sch\u00c3\u00b6nheit in sich tragen kann, die aber auch eine zutiefst h\u00c3\u00a4ssliche Seite in sich birgt.<\/p>\n<p>Julie Falkevik wird musikalisch von Ellen Brekken (die als Norwegens gr\u00c3\u00b6\u00c3\u0178te Bassentdeckung der letzten Jahre gilt) und dem jungen Schlagzeuger Marius Tr\u00c3\u00b8an Hansen begleitet. Die drei Musiker haben ganz unterschiedliche musikalische Hintergr\u00c3\u00bcnde und schafften vielleicht gerade deswegen musikalisch eine experimentierfreudige und wandlungsf\u00c3\u00a4hige Atmosph\u00c3\u00a4re in der die acht neuen St\u00c3\u00bccke des aktuellen Albums entstanden. Die Kompositionen auf \u00c2\u201e&#8221;Louder than I&#8217;m used to&#8221;\u00c2\u201c sind allesamt eing\u00c3\u00a4ngig und entpuppen sich als Ohrw\u00c3\u00bcrmer die zwischen Singer-Songwriter \u00c3\u201esthetik, lyrischen Instrumentalparts und groovebasierten Soli changieren. Jazz aus Norwegen auf h\u00c3\u00b6chstem Niveau!<\/p>\n<p>&nbsp;<\/p>\n<p>FALKEVIK Deutschlandtour:<\/p>\n<p>15. Oktober: bFlat &#8211; Berlin<br \/>\n16. Oktober: Blue Note &#8211; Dresden<br \/>\n17. Oktober: Fabrik &#8211; Frankfurt<br \/>\n19. Oktober: Cinema Paradiso &amp; Arte &#8211; Ludwigshafen<br \/>\n22. Oktober: Atlantis \u00c2\u2013 Basel<br \/>\n24. Oktober: Ellis Bistro \u00c2\u2013 Hanau<br \/>\n26. Oktober: Werkstatt \u00c2\u2013 Gelsenkirchen<\/p>\n<p>FALKEVIK Tour-Lineup:<br \/>\nJulie Falkevik -\u00c2\u2013 grand piano \/ keys \/ vocal \/ effects<br \/>\nEllen Brekken &#8211; electric bass \/ upright bass<br \/>\nMarius Tr\u00c3\u00b8an Hansen &#8211; drum set \/ effects.<\/p>\n<p>Julie Falkevik steht f\u00c3\u00bcr Phoner im Vorfeld der Tour und f\u00c3\u00bcr Interviews an den Konzerttagen zur Verf\u00c3\u00bcgung. Koordination via Marcel Westphal: (mw@qrious.de)[:en]<img loading=\"lazy\" decoding=\"async\" class=\"alignnone size-medium wp-image-8928\" src=\"https:\/\/www.qrious.de\/wp-content\/uploads\/2019\/09\/Falkevik_Band_CreditHelleFrogner-300x240.jpg\" alt=\"\" width=\"300\" height=\"240\" srcset=\"https:\/\/www.qrious.de\/wp-content\/uploads\/2019\/09\/Falkevik_Band_CreditHelleFrogner-300x240.jpg 300w, https:\/\/www.qrious.de\/wp-content\/uploads\/2019\/09\/Falkevik_Band_CreditHelleFrogner-150x120.jpg 150w, https:\/\/www.qrious.de\/wp-content\/uploads\/2019\/09\/Falkevik_Band_CreditHelleFrogner-768x614.jpg 768w, https:\/\/www.qrious.de\/wp-content\/uploads\/2019\/09\/Falkevik_Band_CreditHelleFrogner-1024x819.jpg 1024w, https:\/\/www.qrious.de\/wp-content\/uploads\/2019\/09\/Falkevik_Band_CreditHelleFrogner-238x190.jpg 238w, https:\/\/www.qrious.de\/wp-content\/uploads\/2019\/09\/Falkevik_Band_CreditHelleFrogner-645x516.jpg 645w, https:\/\/www.qrious.de\/wp-content\/uploads\/2019\/09\/Falkevik_Band_CreditHelleFrogner-345x276.jpg 345w, https:\/\/www.qrious.de\/wp-content\/uploads\/2019\/09\/Falkevik_Band_CreditHelleFrogner-600x480.jpg 600w\" sizes=\"auto, (max-width: 300px) 100vw, 300px\" \/><\/p>\n<p>Nach einer \u00c3\u00bcberaus erfolgreichen Herbsttour 2018 und einem Auftritt im ZDF Morgenmagazin am 5.11.2019 kehren FALKEVIK f\u00c3\u00bcr sechs Livetermine zur\u00c3\u00bcck nach Deutschland (plus ein Livetermin in der Schweiz). Mut, Kreativit\u00c3\u00a4t und Liebe zur Improvisation: daf\u00c3\u00bcr steht FALKEVIK. Das norwegische Pianotrio paart gekonnt skandinavischen Jazz mit verschrobenen und eleganten Melodien. Bandleaderin und Namensgeberin Julie Falkevik setzt neben dem Piano auch auf diverse Synthesizer und elektronische Effekte. Ihre elfenhafte Stimme nimmt im musikalischen Kosmos des Trios eine zentrale Rolle ein. Julies Songs handeln von der Sehnsucht nach Sicherheit und der Angst davor alleine zu sein. Angst die Sch\u00c3\u00b6nheit in sich tragen kann, die aber auch eine zutiefst h\u00c3\u00a4ssliche Seite in sich birgt.<\/p>\n<p>Julie Falkevik wird musikalisch von Ellen Brekken (die als Norwegens gr\u00c3\u00b6\u00c3\u0178te Bassentdeckung der letzten Jahre gilt) und dem jungen Schlagzeuger Marius Tr\u00c3\u00b8an Hansen begleitet. Die drei Musiker haben ganz unterschiedliche musikalische Hintergr\u00c3\u00bcnde und schafften vielleicht gerade deswegen musikalisch eine experimentierfreudige und wandlungsf\u00c3\u00a4hige Atmosph\u00c3\u00a4re in der die acht neuen St\u00c3\u00bccke des aktuellen Albums entstanden. Die Kompositionen auf \u00c2\u201e&#8221;Louder than I&#8217;m used to&#8221;\u00c2\u201c sind allesamt eing\u00c3\u00a4ngig und entpuppen sich als Ohrw\u00c3\u00bcrmer die zwischen Singer-Songwriter \u00c3\u201esthetik, lyrischen Instrumentalparts und groovebasierten Soli changieren. Jazz aus Norwegen auf h\u00c3\u00b6chstem Niveau!<\/p>\n<p>&nbsp;<\/p>\n<p>FALKEVIK Deutschlandtour:<\/p>\n<p>15. Oktober: bFlat &#8211; Berlin<br \/>\n16. Oktober: Blue Note &#8211; Dresden<br \/>\n17. Oktober: Fabrik &#8211; Frankfurt<br \/>\n19. Oktober: Cinema Paradiso &amp; Arte &#8211; Ludwigshafen<br \/>\n22. Oktober: Atlantis \u00c2\u2013 Basel<br \/>\n24. Oktober: Ellis Bistro \u00c2\u2013 Hanau<br \/>\n26. Oktober: Werkstatt \u00c2\u2013 Gelsenkirchen<\/p>\n<p>FALKEVIK Tour-Lineup:<br \/>\nJulie Falkevik \u00c2\u2013- grand piano \/ keys \/ vocal \/ effects<br \/>\nEllen Brekken &#8211; electric bass \/ upright bass<br \/>\nMarius Tr\u00c3\u00b8an Hansen &#8211; drum set \/ effects.<\/p>\n<p>Julie Falkevik steht f\u00c3\u00bcr Phoner im Vorfeld der Tour und f\u00c3\u00bcr Interviews an den Konzerttagen zur Verf\u00c3\u00bcgung. Koordination via Marcel Westphal: (mw@qrious.de)[:]<\/p>\n","protected":false},"excerpt":{"rendered":"<p>[:de] Nach einer \u00c3\u00bcberaus erfolgreichen Herbsttour 2018 und einem Auftritt im ZDF Morgenmagazin am 5.11.2019 kehren FALKEVIK f\u00c3\u00bcr sechs Livetermine zur\u00c3\u00bcck nach Deutschland (plus ein Livetermin in der Schweiz). Mut, Kreativit\u00c3\u00a4t und Liebe zur Improvisation: daf\u00c3\u00bcr steht FALKEVIK. Das norwegische Pianotrio paart gekonnt skandinavischen Jazz mit verschrobenen und eleganten Melodien. Bandleaderin und Namensgeberin Julie Falkevik [&hellip;]<\/p>\n","protected":false},"author":6,"featured_media":8928,"comment_status":"closed","ping_status":"closed","sticky":false,"template":"","format":"standard","meta":{"footnotes":""},"categories":[172],"tags":[],"class_list":["post-8929","post","type-post","status-publish","format-standard","has-post-thumbnail","hentry","category-unkategorisiert"],"yoast_head":"<!-- This site is optimized with the Yoast SEO plugin v26.3 - https:\/\/yoast.com\/wordpress\/plugins\/seo\/ -->\n<title>Falkevik - Deutschlandtour 2019 (Tourstart: 15.10.2019) - Q-rious Music<\/title>\n<meta name=\"robots\" content=\"index, follow, max-snippet:-1, max-image-preview:large, max-video-preview:-1\" \/>\n<link rel=\"canonical\" href=\"https:\/\/www.qrious.de\/en\/falkevik-deutschlandtour-2019-tourstart-15-10-2019\/\" \/>\n<meta property=\"og:locale\" content=\"en_US\" \/>\n<meta property=\"og:type\" content=\"article\" \/>\n<meta property=\"og:title\" content=\"Falkevik - Deutschlandtour 2019 (Tourstart: 15.10.2019) - Q-rious Music\" \/>\n<meta property=\"og:description\" content=\"[:de] Nach einer \u00c3\u00bcberaus erfolgreichen Herbsttour 2018 und einem Auftritt im ZDF Morgenmagazin am 5.11.2019 kehren FALKEVIK f\u00c3\u00bcr sechs Livetermine zur\u00c3\u00bcck nach Deutschland (plus ein Livetermin in der Schweiz). Mut, Kreativit\u00c3\u00a4t und Liebe zur Improvisation: daf\u00c3\u00bcr steht FALKEVIK. Das norwegische Pianotrio paart gekonnt skandinavischen Jazz mit verschrobenen und eleganten Melodien. Bandleaderin und Namensgeberin Julie Falkevik [&hellip;]\" \/>\n<meta property=\"og:url\" content=\"https:\/\/www.qrious.de\/en\/falkevik-deutschlandtour-2019-tourstart-15-10-2019\/\" \/>\n<meta property=\"og:site_name\" content=\"Q-rious Music\" \/>\n<meta property=\"article:publisher\" content=\"https:\/\/www.facebook.com\/QriousMusic\/\" \/>\n<meta property=\"article:published_time\" content=\"2019-09-12T08:30:08+00:00\" \/>\n<meta property=\"article:modified_time\" content=\"2019-09-12T08:39:52+00:00\" \/>\n<meta property=\"og:image\" content=\"https:\/\/www.qrious.de\/wp-content\/uploads\/2019\/09\/Falkevik_Band_CreditHelleFrogner.jpg\" \/>\n\t<meta property=\"og:image:width\" content=\"3600\" \/>\n\t<meta property=\"og:image:height\" content=\"2880\" \/>\n\t<meta property=\"og:image:type\" content=\"image\/jpeg\" \/>\n<meta name=\"author\" content=\"Qrious\" \/>\n<meta name=\"twitter:card\" content=\"summary_large_image\" \/>\n<meta name=\"twitter:label1\" content=\"Written by\" \/>\n\t<meta name=\"twitter:data1\" content=\"Qrious\" \/>\n\t<meta name=\"twitter:label2\" content=\"Est. reading time\" \/>\n\t<meta name=\"twitter:data2\" content=\"3 minutes\" \/>\n<script type=\"application\/ld+json\" class=\"yoast-schema-graph\">{\"@context\":\"https:\/\/schema.org\",\"@graph\":[{\"@type\":\"WebPage\",\"@id\":\"https:\/\/www.qrious.de\/en\/falkevik-deutschlandtour-2019-tourstart-15-10-2019\/\",\"url\":\"https:\/\/www.qrious.de\/en\/falkevik-deutschlandtour-2019-tourstart-15-10-2019\/\",\"name\":\"Falkevik - Deutschlandtour 2019 (Tourstart: 15.10.2019) - Q-rious Music\",\"isPartOf\":{\"@id\":\"https:\/\/www.qrious.de\/en\/#website\"},\"primaryImageOfPage\":{\"@id\":\"https:\/\/www.qrious.de\/en\/falkevik-deutschlandtour-2019-tourstart-15-10-2019\/#primaryimage\"},\"image\":{\"@id\":\"https:\/\/www.qrious.de\/en\/falkevik-deutschlandtour-2019-tourstart-15-10-2019\/#primaryimage\"},\"thumbnailUrl\":\"https:\/\/www.qrious.de\/wp-content\/uploads\/2019\/09\/Falkevik_Band_CreditHelleFrogner.jpg\",\"datePublished\":\"2019-09-12T08:30:08+00:00\",\"dateModified\":\"2019-09-12T08:39:52+00:00\",\"author\":{\"@id\":\"https:\/\/www.qrious.de\/en\/#\/schema\/person\/c23ecd85bc1b3ab8b09bf6da9d86a700\"},\"breadcrumb\":{\"@id\":\"https:\/\/www.qrious.de\/en\/falkevik-deutschlandtour-2019-tourstart-15-10-2019\/#breadcrumb\"},\"inLanguage\":\"en-US\",\"potentialAction\":[{\"@type\":\"ReadAction\",\"target\":[\"https:\/\/www.qrious.de\/en\/falkevik-deutschlandtour-2019-tourstart-15-10-2019\/\"]}]},{\"@type\":\"ImageObject\",\"inLanguage\":\"en-US\",\"@id\":\"https:\/\/www.qrious.de\/en\/falkevik-deutschlandtour-2019-tourstart-15-10-2019\/#primaryimage\",\"url\":\"https:\/\/www.qrious.de\/wp-content\/uploads\/2019\/09\/Falkevik_Band_CreditHelleFrogner.jpg\",\"contentUrl\":\"https:\/\/www.qrious.de\/wp-content\/uploads\/2019\/09\/Falkevik_Band_CreditHelleFrogner.jpg\",\"width\":3600,\"height\":2880},{\"@type\":\"BreadcrumbList\",\"@id\":\"https:\/\/www.qrious.de\/en\/falkevik-deutschlandtour-2019-tourstart-15-10-2019\/#breadcrumb\",\"itemListElement\":[{\"@type\":\"ListItem\",\"position\":1,\"name\":\"Home\",\"item\":\"https:\/\/www.qrious.de\/en\/\"},{\"@type\":\"ListItem\",\"position\":2,\"name\":\"Falkevik &#8211; Deutschlandtour 2019 (Tourstart: 15.10.2019)\"}]},{\"@type\":\"WebSite\",\"@id\":\"https:\/\/www.qrious.de\/en\/#website\",\"url\":\"https:\/\/www.qrious.de\/en\/\",\"name\":\"Q-rious Music\",\"description\":\"Q-rious Music: promotion, distribution, label, publishing\",\"potentialAction\":[{\"@type\":\"SearchAction\",\"target\":{\"@type\":\"EntryPoint\",\"urlTemplate\":\"https:\/\/www.qrious.de\/en\/?s={search_term_string}\"},\"query-input\":{\"@type\":\"PropertyValueSpecification\",\"valueRequired\":true,\"valueName\":\"search_term_string\"}}],\"inLanguage\":\"en-US\"},{\"@type\":\"Person\",\"@id\":\"https:\/\/www.qrious.de\/en\/#\/schema\/person\/c23ecd85bc1b3ab8b09bf6da9d86a700\",\"name\":\"Qrious\",\"sameAs\":[\"http:\/\/www.qrious.de\"],\"url\":\"https:\/\/www.qrious.de\/en\/author\/office\/\"}]}<\/script>\n<!-- \/ Yoast SEO plugin. -->","yoast_head_json":{"title":"Falkevik - Deutschlandtour 2019 (Tourstart: 15.10.2019) - Q-rious Music","robots":{"index":"index","follow":"follow","max-snippet":"max-snippet:-1","max-image-preview":"max-image-preview:large","max-video-preview":"max-video-preview:-1"},"canonical":"https:\/\/www.qrious.de\/en\/falkevik-deutschlandtour-2019-tourstart-15-10-2019\/","og_locale":"en_US","og_type":"article","og_title":"Falkevik - Deutschlandtour 2019 (Tourstart: 15.10.2019) - Q-rious Music","og_description":"[:de] Nach einer \u00c3\u00bcberaus erfolgreichen Herbsttour 2018 und einem Auftritt im ZDF Morgenmagazin am 5.11.2019 kehren FALKEVIK f\u00c3\u00bcr sechs Livetermine zur\u00c3\u00bcck nach Deutschland (plus ein Livetermin in der Schweiz). Mut, Kreativit\u00c3\u00a4t und Liebe zur Improvisation: daf\u00c3\u00bcr steht FALKEVIK. Das norwegische Pianotrio paart gekonnt skandinavischen Jazz mit verschrobenen und eleganten Melodien. Bandleaderin und Namensgeberin Julie Falkevik [&hellip;]","og_url":"https:\/\/www.qrious.de\/en\/falkevik-deutschlandtour-2019-tourstart-15-10-2019\/","og_site_name":"Q-rious Music","article_publisher":"https:\/\/www.facebook.com\/QriousMusic\/","article_published_time":"2019-09-12T08:30:08+00:00","article_modified_time":"2019-09-12T08:39:52+00:00","og_image":[{"width":3600,"height":2880,"url":"https:\/\/www.qrious.de\/wp-content\/uploads\/2019\/09\/Falkevik_Band_CreditHelleFrogner.jpg","type":"image\/jpeg"}],"author":"Qrious","twitter_card":"summary_large_image","twitter_misc":{"Written by":"Qrious","Est. reading time":"3 minutes"},"schema":{"@context":"https:\/\/schema.org","@graph":[{"@type":"WebPage","@id":"https:\/\/www.qrious.de\/en\/falkevik-deutschlandtour-2019-tourstart-15-10-2019\/","url":"https:\/\/www.qrious.de\/en\/falkevik-deutschlandtour-2019-tourstart-15-10-2019\/","name":"Falkevik - Deutschlandtour 2019 (Tourstart: 15.10.2019) - Q-rious Music","isPartOf":{"@id":"https:\/\/www.qrious.de\/en\/#website"},"primaryImageOfPage":{"@id":"https:\/\/www.qrious.de\/en\/falkevik-deutschlandtour-2019-tourstart-15-10-2019\/#primaryimage"},"image":{"@id":"https:\/\/www.qrious.de\/en\/falkevik-deutschlandtour-2019-tourstart-15-10-2019\/#primaryimage"},"thumbnailUrl":"https:\/\/www.qrious.de\/wp-content\/uploads\/2019\/09\/Falkevik_Band_CreditHelleFrogner.jpg","datePublished":"2019-09-12T08:30:08+00:00","dateModified":"2019-09-12T08:39:52+00:00","author":{"@id":"https:\/\/www.qrious.de\/en\/#\/schema\/person\/c23ecd85bc1b3ab8b09bf6da9d86a700"},"breadcrumb":{"@id":"https:\/\/www.qrious.de\/en\/falkevik-deutschlandtour-2019-tourstart-15-10-2019\/#breadcrumb"},"inLanguage":"en-US","potentialAction":[{"@type":"ReadAction","target":["https:\/\/www.qrious.de\/en\/falkevik-deutschlandtour-2019-tourstart-15-10-2019\/"]}]},{"@type":"ImageObject","inLanguage":"en-US","@id":"https:\/\/www.qrious.de\/en\/falkevik-deutschlandtour-2019-tourstart-15-10-2019\/#primaryimage","url":"https:\/\/www.qrious.de\/wp-content\/uploads\/2019\/09\/Falkevik_Band_CreditHelleFrogner.jpg","contentUrl":"https:\/\/www.qrious.de\/wp-content\/uploads\/2019\/09\/Falkevik_Band_CreditHelleFrogner.jpg","width":3600,"height":2880},{"@type":"BreadcrumbList","@id":"https:\/\/www.qrious.de\/en\/falkevik-deutschlandtour-2019-tourstart-15-10-2019\/#breadcrumb","itemListElement":[{"@type":"ListItem","position":1,"name":"Home","item":"https:\/\/www.qrious.de\/en\/"},{"@type":"ListItem","position":2,"name":"Falkevik &#8211; Deutschlandtour 2019 (Tourstart: 15.10.2019)"}]},{"@type":"WebSite","@id":"https:\/\/www.qrious.de\/en\/#website","url":"https:\/\/www.qrious.de\/en\/","name":"Q-rious Music","description":"Q-rious Music: promotion, distribution, label, publishing","potentialAction":[{"@type":"SearchAction","target":{"@type":"EntryPoint","urlTemplate":"https:\/\/www.qrious.de\/en\/?s={search_term_string}"},"query-input":{"@type":"PropertyValueSpecification","valueRequired":true,"valueName":"search_term_string"}}],"inLanguage":"en-US"},{"@type":"Person","@id":"https:\/\/www.qrious.de\/en\/#\/schema\/person\/c23ecd85bc1b3ab8b09bf6da9d86a700","name":"Qrious","sameAs":["http:\/\/www.qrious.de"],"url":"https:\/\/www.qrious.de\/en\/author\/office\/"}]}},"_links":{"self":[{"href":"https:\/\/www.qrious.de\/en\/wp-json\/wp\/v2\/posts\/8929","targetHints":{"allow":["GET"]}}],"collection":[{"href":"https:\/\/www.qrious.de\/en\/wp-json\/wp\/v2\/posts"}],"about":[{"href":"https:\/\/www.qrious.de\/en\/wp-json\/wp\/v2\/types\/post"}],"author":[{"embeddable":true,"href":"https:\/\/www.qrious.de\/en\/wp-json\/wp\/v2\/users\/6"}],"replies":[{"embeddable":true,"href":"https:\/\/www.qrious.de\/en\/wp-json\/wp\/v2\/comments?post=8929"}],"version-history":[{"count":0,"href":"https:\/\/www.qrious.de\/en\/wp-json\/wp\/v2\/posts\/8929\/revisions"}],"wp:featuredmedia":[{"embeddable":true,"href":"https:\/\/www.qrious.de\/en\/wp-json\/wp\/v2\/media\/8928"}],"wp:attachment":[{"href":"https:\/\/www.qrious.de\/en\/wp-json\/wp\/v2\/media?parent=8929"}],"wp:term":[{"taxonomy":"category","embeddable":true,"href":"https:\/\/www.qrious.de\/en\/wp-json\/wp\/v2\/categories?post=8929"},{"taxonomy":"post_tag","embeddable":true,"href":"https:\/\/www.qrious.de\/en\/wp-json\/wp\/v2\/tags?post=8929"}],"curies":[{"name":"wp","href":"https:\/\/api.w.org\/{rel}","templated":true}]}}