{"id":8889,"date":"2019-08-19T11:31:01","date_gmt":"2019-08-19T09:31:01","guid":{"rendered":"https:\/\/www.qrious.de\/?p=8889"},"modified":"2019-08-19T11:33:54","modified_gmt":"2019-08-19T09:33:54","slug":"teresa-bergman-apart-releasedate-27-09-2019","status":"publish","type":"post","link":"https:\/\/www.qrious.de\/en\/teresa-bergman-apart-releasedate-27-09-2019\/","title":{"rendered":"Teresa Bergman &#8211; Apart (Releasedate: 27.09.2019)"},"content":{"rendered":"<p><img loading=\"lazy\" decoding=\"async\" class=\"alignnone size-medium wp-image-8890\" src=\"https:\/\/www.qrious.de\/wp-content\/uploads\/2019\/08\/Teresa-Bergman-Apart_Cover_Sticker-300x264.jpg\" alt=\"\" width=\"300\" height=\"264\" srcset=\"https:\/\/www.qrious.de\/wp-content\/uploads\/2019\/08\/Teresa-Bergman-Apart_Cover_Sticker-300x264.jpg 300w, https:\/\/www.qrious.de\/wp-content\/uploads\/2019\/08\/Teresa-Bergman-Apart_Cover_Sticker-150x132.jpg 150w, https:\/\/www.qrious.de\/wp-content\/uploads\/2019\/08\/Teresa-Bergman-Apart_Cover_Sticker-768x675.jpg 768w, https:\/\/www.qrious.de\/wp-content\/uploads\/2019\/08\/Teresa-Bergman-Apart_Cover_Sticker-1024x900.jpg 1024w, https:\/\/www.qrious.de\/wp-content\/uploads\/2019\/08\/Teresa-Bergman-Apart_Cover_Sticker-216x190.jpg 216w, https:\/\/www.qrious.de\/wp-content\/uploads\/2019\/08\/Teresa-Bergman-Apart_Cover_Sticker-645x567.jpg 645w, https:\/\/www.qrious.de\/wp-content\/uploads\/2019\/08\/Teresa-Bergman-Apart_Cover_Sticker-345x303.jpg 345w, https:\/\/www.qrious.de\/wp-content\/uploads\/2019\/08\/Teresa-Bergman-Apart_Cover_Sticker-600x527.jpg 600w, https:\/\/www.qrious.de\/wp-content\/uploads\/2019\/08\/Teresa-Bergman-Apart_Cover_Sticker.jpg 1713w\" sizes=\"auto, (max-width: 300px) 100vw, 300px\" \/><\/p>\n<p>&nbsp;<\/p>\n<p>Von der Stra\u00c3\u0178enmusikerin zur Studio-T\u00c3\u00bcftlerin: noch vor wenigen Jahren stand Teresa Bergman mit<br \/>\nihrer Akustikgitarre im Berliner Mauerpark. Es folgten zwei Releases und Tourneen durch Asien,<br \/>\nNeuseeland und Deutschland. Jetzt ver\u00c3\u00b6ffentlicht die S\u00c3\u00a4ngerin und Komponistin ein intensives<br \/>\nPop-Soul-Album mit Jazz- und Folk-Elementen. \u00c2\u201eApart\u00c2\u201c entstand in enger Zusammenarbeit mit<br \/>\ndem Bilderbuch-Produzenten Zebo Adam in Berlin und Wien. Ein anspruchsvolles Trennungs-<br \/>\nAlbum mit experimentellen Vocal-Arrangements, kunstfertigen Streichern und einer ausgefeilten<br \/>\nSound\u00c3\u00a4sthetik. Im Mittelpunkt steht das wichtigste Instrument der geb\u00c3\u00bcrtigen Neuseel\u00c3\u00a4nderin:<br \/>\nihre grandiose, unglaublich wandlungsf\u00c3\u00a4hige Stimme. Deutschlandfunk Kultur bezeichnete die<br \/>\nS\u00c3\u00a4ngerin bereits als \u00c2\u201edas gr\u00c3\u00b6\u00c3\u0178te Talent, das wir im vergangenen Jahr entdeckt haben.\u00c2\u201c Teresa<br \/>\nBergman: eine vielfach begabte K\u00c3\u00bcnstlerin mit einer einnehmenden B\u00c3\u00bchnenpr\u00c3\u00a4senz. Groovy,<br \/>\nhinrei\u00c3\u0178end, apart.<br \/>\nTeresa Bergman ist weitgereist. Aufgewachsen in Wellington, Neuseeland, kam sie 2009 nach<br \/>\nEuropa. Im polnischen Breslau und in Leipzig studierte sie Sozialwissenschaften, und w\u00c3\u00a4hrend eines<br \/>\nPraktikums verliebte sie sich in Berlin. Bald spielte sie regelm\u00c3\u00a4\u00c3\u0178ig im Mauerpark. \u00c2\u201eIch habe in der Zeit<br \/>\neinen sehr perkussiven Gitarrenstil entwickelt, um gegen den Stra\u00c3\u0178enl\u00c3\u00a4rm anzukommen\u00c2\u201c, erinnert<br \/>\nsich die K\u00c3\u00bcnstlerin, die schon im Alter von neun Jahren vor neuseel\u00c3\u00a4ndischen Einkaufszentren<br \/>\ngesungen hatte, um ihr Taschengeld aufzubessern. Deutschlandfunk Kultur bezeichnete Bergman<br \/>\nbereits als \u00c2\u201edas gr\u00c3\u00b6\u00c3\u0178te Talent, das wir im vergangenen Jahr entdeckt haben.\u00c2\u201c<br \/>\nIn Berlin fand die heute 32j\u00c3\u00a4hrige, die alle Songs selbst schreibt, auch ihre international besetzte<br \/>\nBand um Tobias Kabiersch (Bass), Pier Ciaccio (Drums) und Matt Paull (Keyboards). Mit den drei<br \/>\nMusikern hat das \u00c2\u201emusikalische Naturwunder\u00c2\u201d (G\u00c3\u00b6ttinger Tageblatt) ihr zweites Album \u00c2\u201eApart\u00c2\u201c<br \/>\naufgenommen, co-produziert mit Bilderbuch-Produzent Sebastian \u00c2\u201eZebo\u00c2\u201c Adam. Im Mittelpunkt: die<br \/>\ngrandiose, unglaublich wandlungsf\u00c3\u00a4hige Stimme von Teresa Bergman.<br \/>\n\u00c2\u201eApart\u00c2\u201c ist deutlich weniger folkig als ihr erstes Album, viele St\u00c3\u00bccke haben eine dunkle Soul-\u00c3\u201esthetik,<br \/>\npassend zu den oft melancholischen Songtexten. \u00c2\u201eIch habe mir viele Gedanken \u00c3\u00bcber Grooves<br \/>\ngemacht,\u00c2\u201c sagt Bergman. \u00c2\u201eBei jedem Instrument haben wir lange am jeweiligen Sound get\u00c3\u00bcftelt.\u00c2\u201c Die<br \/>\nStreicherarrangements f\u00c3\u00bcr Violine, Viola und Cello stammen vom Londoner Ben Barritt, der auch<br \/>\neinige fulminante E-Gitarren-Soli beisteuerte.<br \/>\n\u00c2\u201eApart\u00c2\u201c beginnt mit Songs, die um das zentrale Thema des Albums kreisen: Trennungen. Der<br \/>\nTitelsong wird mit einem schweren Gitarren-Riff, leichten Dissonanzen und einer geisterhaften<br \/>\nHammond Orgel er\u00c3\u00b6ffnet. \u00c2\u201eApart\u00c2\u201c \u00c2\u2013 das kann \u00c2\u201eauseinander\u00c2\u201c bedeuten, aber auch \u00c2\u201ehinrei\u00c3\u0178end\u00c2\u201c,<br \/>\ndeutsch ausgesprochen. Teresa Bergman f\u00c3\u00bcgt eine weitere M\u00c3\u00b6glichkeit hinzu, wenn sie sich fragt:<br \/>\nvon welchen Dingen m\u00c3\u00b6chte ich ein Teil, also \u00c2\u201ea part\u00c2\u201c sein?<br \/>\nIn \u00c2\u201eHold Your Heart\u00c2\u201d setzt die K\u00c3\u00bcnstlerin das ein, was sie Vocal Percussion nennt: zischendrhythmische<br \/>\nSounds, die einen bouncenden Disco-Funk einleiten. \u00c2\u201eOnly Numbers\u00c2\u201c ist<br \/>\nanspruchsvoller Pop, der die Digital-Abh\u00c3\u00a4ngigkeit unserer Zeit kritisch betrachtet. Er verdeutlicht<br \/>\nBergmans Vorliebe f\u00c3\u00bcr raffinierte Gesangstechniken und experimentelle Stimmenverpflechtungen,<br \/>\nwie man sie von der Franz\u00c3\u00b6sische S\u00c3\u00a4ngerin Camille kennen mag.<br \/>\n\u00c2\u201eSemi-Professional Clown\u00c2\u201c erinnert an Bergmans Vergangenheit als S\u00c3\u00a4ngerin in einem Barbershop-<br \/>\nQuartett. Komplett selbst arrangiert, und nur mit ihrer eigenen Stimme instrumentiert, erz\u00c3\u00a4hlt die<br \/>\nNeuseel\u00c3\u00a4nderin hier von einer fiktiven Figur, die doch nahe an ihr selbst ist. Zentrale Frage: Was<br \/>\nbedeutet Authentizit\u00c3\u00a4t f\u00c3\u00bcr die Kunst?<br \/>\nAn \u00c2\u201eMirror Girl\u00c2\u201c hat Bergman seit zehn Jahren gearbeitet; sie nennt es eine \u00c2\u201eFolk-Fusion<br \/>\nExtravaganza\u00c2\u201c. Der Song, dessen komplexe Akustikgitarren-Spuren von Joni Mitchell, aber auch<br \/>\nj\u00c3\u00bcngeren Folk-Heldinnen wie Ani di Franco inspiriert wurden, hat eine epische, filmische Qualit\u00c3\u00a4t. Die<br \/>\ntreibenden Grooves im letzten Teil spiegeln Bergmans Vorliebe f\u00c3\u00bcr Schlagzeug-Sounds a la Herbie<br \/>\nHancock wider.<br \/>\n\u00c2\u201eApart\u00c2\u201c ist ein vielschichtiges Trennungs-Album, das nicht blo\u00c3\u0178 romantische, sondern auch famili\u00c3\u00a4re<br \/>\nTrennungen behandelt. Die K\u00c3\u00bcnstlerin selbst nennt es ein \u00c2\u201ccoming-of-age record\u00c2\u201d. \u00c2\u201eEs geht um<br \/>\nFehler, und die Lektionen daraus. Um eine selbstbewusste Frau, die auch in der Lage ist, sich<br \/>\nSchw\u00c3\u00a4chen einzugestehen. Denn: nur wer sich selbst wirklich liebt, wirkt apart.\u00c2\u201c<br \/>\nTeresa Bergman hat ein abwechslungsreiches, intensives Pop-Soul-Album mit Jazz- und Folk-<br \/>\nElementen aufgenommen. Eine Platte, die die Vorschusslorbeeren der Presse mehr als rechtfertigt.<br \/>\nGroovy, hinrei\u00c3\u0178end, apart.<\/p>\n<p>&nbsp;<\/p>\n<p>01.06. ELBJAZZ Festival Hamburg (Kulturkirche St. Katharinen)<br \/>\n11.10. &#8211; Berlin &#8211; Columbia Theater<br \/>\n16.10. &#8211; Leipzig &#8211; Horns Erben<br \/>\n17.10. &#8211; Hamburg &#8211; Promotag<br \/>\n18.10. &#8211; Hamburg &#8211; Nochtwache<br \/>\n19.10. &#8211; K\u00c3\u00b6ln &#8211; Promotag<br \/>\n20.10. &#8211; K\u00c3\u00b6ln &#8211; Artheater<br \/>\n21.10. &#8211; Frankfurt &#8211; Promotag<br \/>\n22.10. &#8211; Frankfurt &#8211; Brotfabrik<br \/>\n23.10. &#8211; M\u00c3\u00bcnchen &#8211; Milla<br \/>\n18.11. &#8211; Jazztage Dresden \/ Jazzclub Tonne<br \/>\n21.11. \u00c2\u2013 Freiburg &#8211; Jazzhaus<br \/>\n22.11. \u00c2\u2013 Isny \u00c2\u2013 Zwischent\u00c3\u00b6ne<br \/>\n20.12. \u00c2\u2013 Laupheim \u00c2\u2013 Int. Singer-Songwriter Festival<br \/>\n16.01.2020 \u00c2\u2013 Fulda \u00c2\u2013 Kulturkeller<br \/>\n17.01.2020 \u00c2\u2013 Kassel \u00c2\u2013 Schlachthof<br \/>\n18.01.2020 \u00c2\u2013 Salzgitter \u00c2\u2013 Kniestedter Kirche<\/p>\n<p>&nbsp;<\/p>\n<p>www.teresabergman.com<\/p>\n","protected":false},"excerpt":{"rendered":"<p>&nbsp; Von der Stra\u00c3\u0178enmusikerin zur Studio-T\u00c3\u00bcftlerin: noch vor wenigen Jahren stand Teresa Bergman mit ihrer Akustikgitarre im Berliner Mauerpark. Es folgten zwei Releases und Tourneen durch Asien, Neuseeland und Deutschland. Jetzt ver\u00c3\u00b6ffentlicht die S\u00c3\u00a4ngerin und Komponistin ein intensives Pop-Soul-Album mit Jazz- und Folk-Elementen. \u00c2\u201eApart\u00c2\u201c entstand in enger Zusammenarbeit mit dem Bilderbuch-Produzenten Zebo Adam in Berlin [&hellip;]<\/p>\n","protected":false},"author":6,"featured_media":8890,"comment_status":"closed","ping_status":"closed","sticky":false,"template":"","format":"standard","meta":{"footnotes":""},"categories":[172],"tags":[],"class_list":["post-8889","post","type-post","status-publish","format-standard","has-post-thumbnail","hentry","category-unkategorisiert"],"yoast_head":"<!-- This site is optimized with the Yoast SEO plugin v26.3 - https:\/\/yoast.com\/wordpress\/plugins\/seo\/ -->\n<title>Teresa Bergman - Apart (Releasedate: 27.09.2019) - Q-rious Music<\/title>\n<meta name=\"robots\" content=\"index, follow, max-snippet:-1, max-image-preview:large, max-video-preview:-1\" \/>\n<link rel=\"canonical\" href=\"https:\/\/www.qrious.de\/en\/teresa-bergman-apart-releasedate-27-09-2019\/\" \/>\n<meta property=\"og:locale\" content=\"en_US\" \/>\n<meta property=\"og:type\" content=\"article\" \/>\n<meta property=\"og:title\" content=\"Teresa Bergman - Apart (Releasedate: 27.09.2019) - Q-rious Music\" \/>\n<meta property=\"og:description\" content=\"&nbsp; Von der Stra\u00c3\u0178enmusikerin zur Studio-T\u00c3\u00bcftlerin: noch vor wenigen Jahren stand Teresa Bergman mit ihrer Akustikgitarre im Berliner Mauerpark. Es folgten zwei Releases und Tourneen durch Asien, Neuseeland und Deutschland. Jetzt ver\u00c3\u00b6ffentlicht die S\u00c3\u00a4ngerin und Komponistin ein intensives Pop-Soul-Album mit Jazz- und Folk-Elementen. \u00c2\u201eApart\u00c2\u201c entstand in enger Zusammenarbeit mit dem Bilderbuch-Produzenten Zebo Adam in Berlin [&hellip;]\" \/>\n<meta property=\"og:url\" content=\"https:\/\/www.qrious.de\/en\/teresa-bergman-apart-releasedate-27-09-2019\/\" \/>\n<meta property=\"og:site_name\" content=\"Q-rious Music\" \/>\n<meta property=\"article:publisher\" content=\"https:\/\/www.facebook.com\/QriousMusic\/\" \/>\n<meta property=\"article:published_time\" content=\"2019-08-19T09:31:01+00:00\" \/>\n<meta property=\"article:modified_time\" content=\"2019-08-19T09:33:54+00:00\" \/>\n<meta property=\"og:image\" content=\"https:\/\/www.qrious.de\/wp-content\/uploads\/2019\/08\/Teresa-Bergman-Apart_Cover_Sticker.jpg\" \/>\n\t<meta property=\"og:image:width\" content=\"1713\" \/>\n\t<meta property=\"og:image:height\" content=\"1506\" \/>\n\t<meta property=\"og:image:type\" content=\"image\/jpeg\" \/>\n<meta name=\"author\" content=\"Qrious\" \/>\n<meta name=\"twitter:card\" content=\"summary_large_image\" \/>\n<meta name=\"twitter:label1\" content=\"Written by\" \/>\n\t<meta name=\"twitter:data1\" content=\"Qrious\" \/>\n\t<meta name=\"twitter:label2\" content=\"Est. reading time\" \/>\n\t<meta name=\"twitter:data2\" content=\"4 minutes\" \/>\n<script type=\"application\/ld+json\" class=\"yoast-schema-graph\">{\"@context\":\"https:\/\/schema.org\",\"@graph\":[{\"@type\":\"WebPage\",\"@id\":\"https:\/\/www.qrious.de\/en\/teresa-bergman-apart-releasedate-27-09-2019\/\",\"url\":\"https:\/\/www.qrious.de\/en\/teresa-bergman-apart-releasedate-27-09-2019\/\",\"name\":\"Teresa Bergman - Apart (Releasedate: 27.09.2019) - Q-rious Music\",\"isPartOf\":{\"@id\":\"https:\/\/www.qrious.de\/en\/#website\"},\"primaryImageOfPage\":{\"@id\":\"https:\/\/www.qrious.de\/en\/teresa-bergman-apart-releasedate-27-09-2019\/#primaryimage\"},\"image\":{\"@id\":\"https:\/\/www.qrious.de\/en\/teresa-bergman-apart-releasedate-27-09-2019\/#primaryimage\"},\"thumbnailUrl\":\"https:\/\/www.qrious.de\/wp-content\/uploads\/2019\/08\/Teresa-Bergman-Apart_Cover_Sticker.jpg\",\"datePublished\":\"2019-08-19T09:31:01+00:00\",\"dateModified\":\"2019-08-19T09:33:54+00:00\",\"author\":{\"@id\":\"https:\/\/www.qrious.de\/en\/#\/schema\/person\/c23ecd85bc1b3ab8b09bf6da9d86a700\"},\"breadcrumb\":{\"@id\":\"https:\/\/www.qrious.de\/en\/teresa-bergman-apart-releasedate-27-09-2019\/#breadcrumb\"},\"inLanguage\":\"en-US\",\"potentialAction\":[{\"@type\":\"ReadAction\",\"target\":[\"https:\/\/www.qrious.de\/en\/teresa-bergman-apart-releasedate-27-09-2019\/\"]}]},{\"@type\":\"ImageObject\",\"inLanguage\":\"en-US\",\"@id\":\"https:\/\/www.qrious.de\/en\/teresa-bergman-apart-releasedate-27-09-2019\/#primaryimage\",\"url\":\"https:\/\/www.qrious.de\/wp-content\/uploads\/2019\/08\/Teresa-Bergman-Apart_Cover_Sticker.jpg\",\"contentUrl\":\"https:\/\/www.qrious.de\/wp-content\/uploads\/2019\/08\/Teresa-Bergman-Apart_Cover_Sticker.jpg\",\"width\":1713,\"height\":1506},{\"@type\":\"BreadcrumbList\",\"@id\":\"https:\/\/www.qrious.de\/en\/teresa-bergman-apart-releasedate-27-09-2019\/#breadcrumb\",\"itemListElement\":[{\"@type\":\"ListItem\",\"position\":1,\"name\":\"Home\",\"item\":\"https:\/\/www.qrious.de\/en\/\"},{\"@type\":\"ListItem\",\"position\":2,\"name\":\"Teresa Bergman &#8211; Apart (Releasedate: 27.09.2019)\"}]},{\"@type\":\"WebSite\",\"@id\":\"https:\/\/www.qrious.de\/en\/#website\",\"url\":\"https:\/\/www.qrious.de\/en\/\",\"name\":\"Q-rious Music\",\"description\":\"Q-rious Music: promotion, distribution, label, publishing\",\"potentialAction\":[{\"@type\":\"SearchAction\",\"target\":{\"@type\":\"EntryPoint\",\"urlTemplate\":\"https:\/\/www.qrious.de\/en\/?s={search_term_string}\"},\"query-input\":{\"@type\":\"PropertyValueSpecification\",\"valueRequired\":true,\"valueName\":\"search_term_string\"}}],\"inLanguage\":\"en-US\"},{\"@type\":\"Person\",\"@id\":\"https:\/\/www.qrious.de\/en\/#\/schema\/person\/c23ecd85bc1b3ab8b09bf6da9d86a700\",\"name\":\"Qrious\",\"sameAs\":[\"http:\/\/www.qrious.de\"],\"url\":\"https:\/\/www.qrious.de\/en\/author\/office\/\"}]}<\/script>\n<!-- \/ Yoast SEO plugin. -->","yoast_head_json":{"title":"Teresa Bergman - Apart (Releasedate: 27.09.2019) - Q-rious Music","robots":{"index":"index","follow":"follow","max-snippet":"max-snippet:-1","max-image-preview":"max-image-preview:large","max-video-preview":"max-video-preview:-1"},"canonical":"https:\/\/www.qrious.de\/en\/teresa-bergman-apart-releasedate-27-09-2019\/","og_locale":"en_US","og_type":"article","og_title":"Teresa Bergman - Apart (Releasedate: 27.09.2019) - Q-rious Music","og_description":"&nbsp; Von der Stra\u00c3\u0178enmusikerin zur Studio-T\u00c3\u00bcftlerin: noch vor wenigen Jahren stand Teresa Bergman mit ihrer Akustikgitarre im Berliner Mauerpark. Es folgten zwei Releases und Tourneen durch Asien, Neuseeland und Deutschland. Jetzt ver\u00c3\u00b6ffentlicht die S\u00c3\u00a4ngerin und Komponistin ein intensives Pop-Soul-Album mit Jazz- und Folk-Elementen. \u00c2\u201eApart\u00c2\u201c entstand in enger Zusammenarbeit mit dem Bilderbuch-Produzenten Zebo Adam in Berlin [&hellip;]","og_url":"https:\/\/www.qrious.de\/en\/teresa-bergman-apart-releasedate-27-09-2019\/","og_site_name":"Q-rious Music","article_publisher":"https:\/\/www.facebook.com\/QriousMusic\/","article_published_time":"2019-08-19T09:31:01+00:00","article_modified_time":"2019-08-19T09:33:54+00:00","og_image":[{"width":1713,"height":1506,"url":"https:\/\/www.qrious.de\/wp-content\/uploads\/2019\/08\/Teresa-Bergman-Apart_Cover_Sticker.jpg","type":"image\/jpeg"}],"author":"Qrious","twitter_card":"summary_large_image","twitter_misc":{"Written by":"Qrious","Est. reading time":"4 minutes"},"schema":{"@context":"https:\/\/schema.org","@graph":[{"@type":"WebPage","@id":"https:\/\/www.qrious.de\/en\/teresa-bergman-apart-releasedate-27-09-2019\/","url":"https:\/\/www.qrious.de\/en\/teresa-bergman-apart-releasedate-27-09-2019\/","name":"Teresa Bergman - Apart (Releasedate: 27.09.2019) - Q-rious Music","isPartOf":{"@id":"https:\/\/www.qrious.de\/en\/#website"},"primaryImageOfPage":{"@id":"https:\/\/www.qrious.de\/en\/teresa-bergman-apart-releasedate-27-09-2019\/#primaryimage"},"image":{"@id":"https:\/\/www.qrious.de\/en\/teresa-bergman-apart-releasedate-27-09-2019\/#primaryimage"},"thumbnailUrl":"https:\/\/www.qrious.de\/wp-content\/uploads\/2019\/08\/Teresa-Bergman-Apart_Cover_Sticker.jpg","datePublished":"2019-08-19T09:31:01+00:00","dateModified":"2019-08-19T09:33:54+00:00","author":{"@id":"https:\/\/www.qrious.de\/en\/#\/schema\/person\/c23ecd85bc1b3ab8b09bf6da9d86a700"},"breadcrumb":{"@id":"https:\/\/www.qrious.de\/en\/teresa-bergman-apart-releasedate-27-09-2019\/#breadcrumb"},"inLanguage":"en-US","potentialAction":[{"@type":"ReadAction","target":["https:\/\/www.qrious.de\/en\/teresa-bergman-apart-releasedate-27-09-2019\/"]}]},{"@type":"ImageObject","inLanguage":"en-US","@id":"https:\/\/www.qrious.de\/en\/teresa-bergman-apart-releasedate-27-09-2019\/#primaryimage","url":"https:\/\/www.qrious.de\/wp-content\/uploads\/2019\/08\/Teresa-Bergman-Apart_Cover_Sticker.jpg","contentUrl":"https:\/\/www.qrious.de\/wp-content\/uploads\/2019\/08\/Teresa-Bergman-Apart_Cover_Sticker.jpg","width":1713,"height":1506},{"@type":"BreadcrumbList","@id":"https:\/\/www.qrious.de\/en\/teresa-bergman-apart-releasedate-27-09-2019\/#breadcrumb","itemListElement":[{"@type":"ListItem","position":1,"name":"Home","item":"https:\/\/www.qrious.de\/en\/"},{"@type":"ListItem","position":2,"name":"Teresa Bergman &#8211; Apart (Releasedate: 27.09.2019)"}]},{"@type":"WebSite","@id":"https:\/\/www.qrious.de\/en\/#website","url":"https:\/\/www.qrious.de\/en\/","name":"Q-rious Music","description":"Q-rious Music: promotion, distribution, label, publishing","potentialAction":[{"@type":"SearchAction","target":{"@type":"EntryPoint","urlTemplate":"https:\/\/www.qrious.de\/en\/?s={search_term_string}"},"query-input":{"@type":"PropertyValueSpecification","valueRequired":true,"valueName":"search_term_string"}}],"inLanguage":"en-US"},{"@type":"Person","@id":"https:\/\/www.qrious.de\/en\/#\/schema\/person\/c23ecd85bc1b3ab8b09bf6da9d86a700","name":"Qrious","sameAs":["http:\/\/www.qrious.de"],"url":"https:\/\/www.qrious.de\/en\/author\/office\/"}]}},"_links":{"self":[{"href":"https:\/\/www.qrious.de\/en\/wp-json\/wp\/v2\/posts\/8889","targetHints":{"allow":["GET"]}}],"collection":[{"href":"https:\/\/www.qrious.de\/en\/wp-json\/wp\/v2\/posts"}],"about":[{"href":"https:\/\/www.qrious.de\/en\/wp-json\/wp\/v2\/types\/post"}],"author":[{"embeddable":true,"href":"https:\/\/www.qrious.de\/en\/wp-json\/wp\/v2\/users\/6"}],"replies":[{"embeddable":true,"href":"https:\/\/www.qrious.de\/en\/wp-json\/wp\/v2\/comments?post=8889"}],"version-history":[{"count":0,"href":"https:\/\/www.qrious.de\/en\/wp-json\/wp\/v2\/posts\/8889\/revisions"}],"wp:featuredmedia":[{"embeddable":true,"href":"https:\/\/www.qrious.de\/en\/wp-json\/wp\/v2\/media\/8890"}],"wp:attachment":[{"href":"https:\/\/www.qrious.de\/en\/wp-json\/wp\/v2\/media?parent=8889"}],"wp:term":[{"taxonomy":"category","embeddable":true,"href":"https:\/\/www.qrious.de\/en\/wp-json\/wp\/v2\/categories?post=8889"},{"taxonomy":"post_tag","embeddable":true,"href":"https:\/\/www.qrious.de\/en\/wp-json\/wp\/v2\/tags?post=8889"}],"curies":[{"name":"wp","href":"https:\/\/api.w.org\/{rel}","templated":true}]}}