{"id":8874,"date":"2019-06-03T13:04:40","date_gmt":"2019-06-03T11:04:40","guid":{"rendered":"https:\/\/www.qrious.de\/?p=8874"},"modified":"2019-06-03T13:04:40","modified_gmt":"2019-06-03T11:04:40","slug":"paolo-fresu-daniele-di-bonaventura-altissima-luce-laudario-di-cortona-releasedate-28-06-2019","status":"publish","type":"post","link":"https:\/\/www.qrious.de\/en\/paolo-fresu-daniele-di-bonaventura-altissima-luce-laudario-di-cortona-releasedate-28-06-2019\/","title":{"rendered":"Paolo Fresu &#038; Daniele Di Bonaventura &#8211; Altissima Luce \u00e2\u20ac\u201c Laudario Di Cortona (Releasedate: 28.06.2019)"},"content":{"rendered":"<p><img loading=\"lazy\" decoding=\"async\" class=\"alignnone size-medium wp-image-8876\" src=\"https:\/\/www.qrious.de\/wp-content\/uploads\/2019\/06\/PaoloFresu_Altissima-Luce_Covermotiv-300x201.jpg\" alt=\"\" width=\"300\" height=\"201\" srcset=\"https:\/\/www.qrious.de\/wp-content\/uploads\/2019\/06\/PaoloFresu_Altissima-Luce_Covermotiv-300x201.jpg 300w, https:\/\/www.qrious.de\/wp-content\/uploads\/2019\/06\/PaoloFresu_Altissima-Luce_Covermotiv-150x100.jpg 150w, https:\/\/www.qrious.de\/wp-content\/uploads\/2019\/06\/PaoloFresu_Altissima-Luce_Covermotiv-768x514.jpg 768w, https:\/\/www.qrious.de\/wp-content\/uploads\/2019\/06\/PaoloFresu_Altissima-Luce_Covermotiv-1024x685.jpg 1024w, https:\/\/www.qrious.de\/wp-content\/uploads\/2019\/06\/PaoloFresu_Altissima-Luce_Covermotiv-270x181.jpg 270w, https:\/\/www.qrious.de\/wp-content\/uploads\/2019\/06\/PaoloFresu_Altissima-Luce_Covermotiv-645x432.jpg 645w, https:\/\/www.qrious.de\/wp-content\/uploads\/2019\/06\/PaoloFresu_Altissima-Luce_Covermotiv-345x231.jpg 345w, https:\/\/www.qrious.de\/wp-content\/uploads\/2019\/06\/PaoloFresu_Altissima-Luce_Covermotiv-600x402.jpg 600w\" sizes=\"auto, (max-width: 300px) 100vw, 300px\" \/><\/p>\n<p>&nbsp;<\/p>\n<p>Altissima Luce, die erstmals beim Umbria Jazz, beim Sagra Musicale Umbra 2016 und anschlie\u00c3\u0178end bei den wichtigsten italienischen Festivals und in verschiedenen St\u00c3\u00a4dten (meist an au\u00c3\u0178ergew\u00c3\u00b6hnlichen Orten der Anbetung) live pr\u00c3\u00a4sentiert wurde, wird &#8211; sicherlich eine der komplexesten Produktionen in der Diskographie von Paolo Fresu und seinem Label T\u00c7\u201dk Music &#8211; am 12. April 2019 anl\u00c3\u00a4sslich der Osterfeiertage auf CD und digital erscheinen.<\/p>\n<p>Fresu und Di Bonaventura, wie immer von einer unersch\u00c3\u00b6pflichen Neugierde getrieben, die sie vor unterschiedliche Repertoires und ungew\u00c3\u00b6hnliche Herausforderungen stellt, haben 13 der 47 Lobges\u00c3\u00a4nge von Cortona (plus einen aus dem Laudario Magliabechiano in Florenz) ausgew\u00c3\u00a4hlt und mit vier H\u00c3\u00a4nden transkribiert, neu adaptiert und instrumentiert. Das Team wird erg\u00c3\u00a4nzt durch Marco Bardoscia am Kontrabass, Michele Rabbia am Schlagzeug, das Orchestra da Camera di Perugia und die Vokalgruppe Armoniosoincanto unter der Leitung von Franco Radicchia.<\/p>\n<p>Es ist ein artikuliertes Werk von gro\u00c3\u0178em musikalischen und historischen Wert, in dem die Improvisationen des Jazzquartetts mit der klassischen Welt des Orchesters und den Stimmen eine Br\u00c3\u00bccke zwischen dem Mittelalter und der Gegenwart schlagen, in einem subtilen Gleichgewicht zwischen akustischen und elektronischen Kl\u00c3\u00a4ngen. Die authentischen und kargen Originalmelodien, deren Einfachheit bedeuten, dass sie in unserem Ged\u00c3\u00a4chtnis als Teil unserer Vorstellungskraft geformt werden, eigneten sich gut f\u00c3\u00bcr ein neues Arrangement.<\/p>\n<p>Tats\u00c3\u00a4chlich boten sie viele rhythmische und harmonische Cues, die es den Interpreten erm\u00c3\u00b6glichten, ihre eigene Sprache auf eine neue Art und Weise auszudr\u00c3\u00bccken, w\u00c3\u00a4hrend sie dem Original treu blieben. Das Laudario di Cortona ist eines der wichtigsten Beispiele f\u00c3\u00bcr den popul\u00c3\u00a4ren heiligen musikalischen Ausdruck und geht auf das 13. Jahrhundert zur\u00c3\u00bcck.<\/p>\n<p>Cortona, eine au\u00c3\u0178ergew\u00c3\u00b6hnliche mittelalterliche Stadt, hat das Gl\u00c3\u00bcck, eines der noch immer offensichtlichsten Beispiele paraliturgischer Musikproduktion aufzubewahren, das von der Bruderschaft Santa Maria delle Laude in der Kirche San Francesco produziert wurde. Der Kodex gibt uns nach Jahrhunderten eine m\u00c3\u00b6gliche Fotografie des Mittelalters, ein Bild und eine \u00c3\u201esthetik, die einen Querschnitt durch unsere Geschichte und die Geschichte der westlichen Musik wiedergibt und als reiches Erbe der Vergangenheit bis an unsere Zeit heranreicht.<\/p>\n<p>Um seine Bedeutung besser zu verstehen, m\u00c3\u00bcssen wir seinen Inhalt kennen: monodische Passagen der marianischen Hingabe, Hinweise auf den Franziskanerorden, Texte von moralischer Funktion, Hinweise auf den liturgischen Kalender und andere Heilige. Die Hingabe an die Jungfrau macht einen gro\u00c3\u0178en Teil des Laudario aus, ein nicht ungew\u00c3\u00b6hnliches Bed\u00c3\u00bcrfnis des dreizehnten Jahrhunderts: In ganz Europa sehen wir in dieser Phase die Notwendigkeit, literarische und musikalische Werke zu schaffen, die speziell dem marianischen Kult gewidmet sind.<\/p>\n<p>Die CD wird von T\u00c7\u201dk Voice, einer Untersektion von T\u00c7\u201dk Music, in einer besonders gro\u00c3\u0178formatigen Ausgabe mit einem ausf\u00c3\u00bchrlichen Booklet ver\u00c3\u00b6ffentlicht, das die von der Biblioteca del Comune und der Accademia Etrusca di Cortona gew\u00c3\u00a4hrte reiche fotografische Reproduktion des Laudarios, alle Texte und die Notizen des Autors, die auch in Englisch und Latein \u00c3\u00bcbersetzt sind, enth\u00c3\u00a4lt. Anl\u00c3\u00a4sslich seiner Ver\u00c3\u00b6ffentlichung wird Altissima Luce am 17. April im Teatro Signorelli in Cortona w\u00c3\u00a4hrend des Jazzfestivals 2019 live pr\u00c3\u00a4sentiert.<\/p>\n<p>ARTIST:<\/p>\n<p>www.paolofresu.it<\/p>\n<p>www.danieledibonaventura.com<\/p>\n<p>www.orchestradacameradiperugia.com<\/p>\n<p>www.armoniosoincanto.it<\/p>\n","protected":false},"excerpt":{"rendered":"<p>&nbsp; Altissima Luce, die erstmals beim Umbria Jazz, beim Sagra Musicale Umbra 2016 und anschlie\u00c3\u0178end bei den wichtigsten italienischen Festivals und in verschiedenen St\u00c3\u00a4dten (meist an au\u00c3\u0178ergew\u00c3\u00b6hnlichen Orten der Anbetung) live pr\u00c3\u00a4sentiert wurde, wird &#8211; sicherlich eine der komplexesten Produktionen in der Diskographie von Paolo Fresu und seinem Label T\u00c7\u201dk Music &#8211; am 12. April [&hellip;]<\/p>\n","protected":false},"author":6,"featured_media":8876,"comment_status":"closed","ping_status":"closed","sticky":false,"template":"","format":"standard","meta":{"footnotes":""},"categories":[172],"tags":[],"class_list":["post-8874","post","type-post","status-publish","format-standard","has-post-thumbnail","hentry","category-unkategorisiert"],"yoast_head":"<!-- This site is optimized with the Yoast SEO plugin v26.3 - https:\/\/yoast.com\/wordpress\/plugins\/seo\/ -->\n<title>Paolo Fresu &amp; Daniele Di Bonaventura - Altissima Luce \u00e2\u20ac\u201c Laudario Di Cortona (Releasedate: 28.06.2019) - Q-rious Music<\/title>\n<meta name=\"robots\" content=\"index, follow, max-snippet:-1, max-image-preview:large, max-video-preview:-1\" \/>\n<link rel=\"canonical\" href=\"https:\/\/www.qrious.de\/en\/paolo-fresu-daniele-di-bonaventura-altissima-luce-laudario-di-cortona-releasedate-28-06-2019\/\" \/>\n<meta property=\"og:locale\" content=\"en_US\" \/>\n<meta property=\"og:type\" content=\"article\" \/>\n<meta property=\"og:title\" content=\"Paolo Fresu &amp; Daniele Di Bonaventura - Altissima Luce \u00e2\u20ac\u201c Laudario Di Cortona (Releasedate: 28.06.2019) - Q-rious Music\" \/>\n<meta property=\"og:description\" content=\"&nbsp; Altissima Luce, die erstmals beim Umbria Jazz, beim Sagra Musicale Umbra 2016 und anschlie\u00c3\u0178end bei den wichtigsten italienischen Festivals und in verschiedenen St\u00c3\u00a4dten (meist an au\u00c3\u0178ergew\u00c3\u00b6hnlichen Orten der Anbetung) live pr\u00c3\u00a4sentiert wurde, wird &#8211; sicherlich eine der komplexesten Produktionen in der Diskographie von Paolo Fresu und seinem Label T\u00c7\u201dk Music &#8211; am 12. April [&hellip;]\" \/>\n<meta property=\"og:url\" content=\"https:\/\/www.qrious.de\/en\/paolo-fresu-daniele-di-bonaventura-altissima-luce-laudario-di-cortona-releasedate-28-06-2019\/\" \/>\n<meta property=\"og:site_name\" content=\"Q-rious Music\" \/>\n<meta property=\"article:publisher\" content=\"https:\/\/www.facebook.com\/QriousMusic\/\" \/>\n<meta property=\"article:published_time\" content=\"2019-06-03T11:04:40+00:00\" \/>\n<meta property=\"og:image\" content=\"https:\/\/www.qrious.de\/wp-content\/uploads\/2019\/06\/PaoloFresu_Altissima-Luce_Covermotiv.jpg\" \/>\n\t<meta property=\"og:image:width\" content=\"2114\" \/>\n\t<meta property=\"og:image:height\" content=\"1415\" \/>\n\t<meta property=\"og:image:type\" content=\"image\/jpeg\" \/>\n<meta name=\"author\" content=\"Qrious\" \/>\n<meta name=\"twitter:card\" content=\"summary_large_image\" \/>\n<meta name=\"twitter:label1\" content=\"Written by\" \/>\n\t<meta name=\"twitter:data1\" content=\"Qrious\" \/>\n\t<meta name=\"twitter:label2\" content=\"Est. reading time\" \/>\n\t<meta name=\"twitter:data2\" content=\"3 minutes\" \/>\n<script type=\"application\/ld+json\" class=\"yoast-schema-graph\">{\"@context\":\"https:\/\/schema.org\",\"@graph\":[{\"@type\":\"WebPage\",\"@id\":\"https:\/\/www.qrious.de\/en\/paolo-fresu-daniele-di-bonaventura-altissima-luce-laudario-di-cortona-releasedate-28-06-2019\/\",\"url\":\"https:\/\/www.qrious.de\/en\/paolo-fresu-daniele-di-bonaventura-altissima-luce-laudario-di-cortona-releasedate-28-06-2019\/\",\"name\":\"Paolo Fresu & Daniele Di Bonaventura - Altissima Luce \u00e2\u20ac\u201c Laudario Di Cortona (Releasedate: 28.06.2019) - Q-rious Music\",\"isPartOf\":{\"@id\":\"https:\/\/www.qrious.de\/en\/#website\"},\"primaryImageOfPage\":{\"@id\":\"https:\/\/www.qrious.de\/en\/paolo-fresu-daniele-di-bonaventura-altissima-luce-laudario-di-cortona-releasedate-28-06-2019\/#primaryimage\"},\"image\":{\"@id\":\"https:\/\/www.qrious.de\/en\/paolo-fresu-daniele-di-bonaventura-altissima-luce-laudario-di-cortona-releasedate-28-06-2019\/#primaryimage\"},\"thumbnailUrl\":\"https:\/\/www.qrious.de\/wp-content\/uploads\/2019\/06\/PaoloFresu_Altissima-Luce_Covermotiv.jpg\",\"datePublished\":\"2019-06-03T11:04:40+00:00\",\"author\":{\"@id\":\"https:\/\/www.qrious.de\/en\/#\/schema\/person\/c23ecd85bc1b3ab8b09bf6da9d86a700\"},\"breadcrumb\":{\"@id\":\"https:\/\/www.qrious.de\/en\/paolo-fresu-daniele-di-bonaventura-altissima-luce-laudario-di-cortona-releasedate-28-06-2019\/#breadcrumb\"},\"inLanguage\":\"en-US\",\"potentialAction\":[{\"@type\":\"ReadAction\",\"target\":[\"https:\/\/www.qrious.de\/en\/paolo-fresu-daniele-di-bonaventura-altissima-luce-laudario-di-cortona-releasedate-28-06-2019\/\"]}]},{\"@type\":\"ImageObject\",\"inLanguage\":\"en-US\",\"@id\":\"https:\/\/www.qrious.de\/en\/paolo-fresu-daniele-di-bonaventura-altissima-luce-laudario-di-cortona-releasedate-28-06-2019\/#primaryimage\",\"url\":\"https:\/\/www.qrious.de\/wp-content\/uploads\/2019\/06\/PaoloFresu_Altissima-Luce_Covermotiv.jpg\",\"contentUrl\":\"https:\/\/www.qrious.de\/wp-content\/uploads\/2019\/06\/PaoloFresu_Altissima-Luce_Covermotiv.jpg\",\"width\":2114,\"height\":1415},{\"@type\":\"BreadcrumbList\",\"@id\":\"https:\/\/www.qrious.de\/en\/paolo-fresu-daniele-di-bonaventura-altissima-luce-laudario-di-cortona-releasedate-28-06-2019\/#breadcrumb\",\"itemListElement\":[{\"@type\":\"ListItem\",\"position\":1,\"name\":\"Home\",\"item\":\"https:\/\/www.qrious.de\/en\/\"},{\"@type\":\"ListItem\",\"position\":2,\"name\":\"Paolo Fresu &#038; Daniele Di Bonaventura &#8211; Altissima Luce \u00e2\u20ac\u201c Laudario Di Cortona (Releasedate: 28.06.2019)\"}]},{\"@type\":\"WebSite\",\"@id\":\"https:\/\/www.qrious.de\/en\/#website\",\"url\":\"https:\/\/www.qrious.de\/en\/\",\"name\":\"Q-rious Music\",\"description\":\"Q-rious Music: promotion, distribution, label, publishing\",\"potentialAction\":[{\"@type\":\"SearchAction\",\"target\":{\"@type\":\"EntryPoint\",\"urlTemplate\":\"https:\/\/www.qrious.de\/en\/?s={search_term_string}\"},\"query-input\":{\"@type\":\"PropertyValueSpecification\",\"valueRequired\":true,\"valueName\":\"search_term_string\"}}],\"inLanguage\":\"en-US\"},{\"@type\":\"Person\",\"@id\":\"https:\/\/www.qrious.de\/en\/#\/schema\/person\/c23ecd85bc1b3ab8b09bf6da9d86a700\",\"name\":\"Qrious\",\"sameAs\":[\"http:\/\/www.qrious.de\"],\"url\":\"https:\/\/www.qrious.de\/en\/author\/office\/\"}]}<\/script>\n<!-- \/ Yoast SEO plugin. -->","yoast_head_json":{"title":"Paolo Fresu & Daniele Di Bonaventura - Altissima Luce \u00e2\u20ac\u201c Laudario Di Cortona (Releasedate: 28.06.2019) - Q-rious Music","robots":{"index":"index","follow":"follow","max-snippet":"max-snippet:-1","max-image-preview":"max-image-preview:large","max-video-preview":"max-video-preview:-1"},"canonical":"https:\/\/www.qrious.de\/en\/paolo-fresu-daniele-di-bonaventura-altissima-luce-laudario-di-cortona-releasedate-28-06-2019\/","og_locale":"en_US","og_type":"article","og_title":"Paolo Fresu & Daniele Di Bonaventura - Altissima Luce \u00e2\u20ac\u201c Laudario Di Cortona (Releasedate: 28.06.2019) - Q-rious Music","og_description":"&nbsp; Altissima Luce, die erstmals beim Umbria Jazz, beim Sagra Musicale Umbra 2016 und anschlie\u00c3\u0178end bei den wichtigsten italienischen Festivals und in verschiedenen St\u00c3\u00a4dten (meist an au\u00c3\u0178ergew\u00c3\u00b6hnlichen Orten der Anbetung) live pr\u00c3\u00a4sentiert wurde, wird &#8211; sicherlich eine der komplexesten Produktionen in der Diskographie von Paolo Fresu und seinem Label T\u00c7\u201dk Music &#8211; am 12. April [&hellip;]","og_url":"https:\/\/www.qrious.de\/en\/paolo-fresu-daniele-di-bonaventura-altissima-luce-laudario-di-cortona-releasedate-28-06-2019\/","og_site_name":"Q-rious Music","article_publisher":"https:\/\/www.facebook.com\/QriousMusic\/","article_published_time":"2019-06-03T11:04:40+00:00","og_image":[{"width":2114,"height":1415,"url":"https:\/\/www.qrious.de\/wp-content\/uploads\/2019\/06\/PaoloFresu_Altissima-Luce_Covermotiv.jpg","type":"image\/jpeg"}],"author":"Qrious","twitter_card":"summary_large_image","twitter_misc":{"Written by":"Qrious","Est. reading time":"3 minutes"},"schema":{"@context":"https:\/\/schema.org","@graph":[{"@type":"WebPage","@id":"https:\/\/www.qrious.de\/en\/paolo-fresu-daniele-di-bonaventura-altissima-luce-laudario-di-cortona-releasedate-28-06-2019\/","url":"https:\/\/www.qrious.de\/en\/paolo-fresu-daniele-di-bonaventura-altissima-luce-laudario-di-cortona-releasedate-28-06-2019\/","name":"Paolo Fresu & Daniele Di Bonaventura - Altissima Luce \u00e2\u20ac\u201c Laudario Di Cortona (Releasedate: 28.06.2019) - Q-rious Music","isPartOf":{"@id":"https:\/\/www.qrious.de\/en\/#website"},"primaryImageOfPage":{"@id":"https:\/\/www.qrious.de\/en\/paolo-fresu-daniele-di-bonaventura-altissima-luce-laudario-di-cortona-releasedate-28-06-2019\/#primaryimage"},"image":{"@id":"https:\/\/www.qrious.de\/en\/paolo-fresu-daniele-di-bonaventura-altissima-luce-laudario-di-cortona-releasedate-28-06-2019\/#primaryimage"},"thumbnailUrl":"https:\/\/www.qrious.de\/wp-content\/uploads\/2019\/06\/PaoloFresu_Altissima-Luce_Covermotiv.jpg","datePublished":"2019-06-03T11:04:40+00:00","author":{"@id":"https:\/\/www.qrious.de\/en\/#\/schema\/person\/c23ecd85bc1b3ab8b09bf6da9d86a700"},"breadcrumb":{"@id":"https:\/\/www.qrious.de\/en\/paolo-fresu-daniele-di-bonaventura-altissima-luce-laudario-di-cortona-releasedate-28-06-2019\/#breadcrumb"},"inLanguage":"en-US","potentialAction":[{"@type":"ReadAction","target":["https:\/\/www.qrious.de\/en\/paolo-fresu-daniele-di-bonaventura-altissima-luce-laudario-di-cortona-releasedate-28-06-2019\/"]}]},{"@type":"ImageObject","inLanguage":"en-US","@id":"https:\/\/www.qrious.de\/en\/paolo-fresu-daniele-di-bonaventura-altissima-luce-laudario-di-cortona-releasedate-28-06-2019\/#primaryimage","url":"https:\/\/www.qrious.de\/wp-content\/uploads\/2019\/06\/PaoloFresu_Altissima-Luce_Covermotiv.jpg","contentUrl":"https:\/\/www.qrious.de\/wp-content\/uploads\/2019\/06\/PaoloFresu_Altissima-Luce_Covermotiv.jpg","width":2114,"height":1415},{"@type":"BreadcrumbList","@id":"https:\/\/www.qrious.de\/en\/paolo-fresu-daniele-di-bonaventura-altissima-luce-laudario-di-cortona-releasedate-28-06-2019\/#breadcrumb","itemListElement":[{"@type":"ListItem","position":1,"name":"Home","item":"https:\/\/www.qrious.de\/en\/"},{"@type":"ListItem","position":2,"name":"Paolo Fresu &#038; Daniele Di Bonaventura &#8211; Altissima Luce \u00e2\u20ac\u201c Laudario Di Cortona (Releasedate: 28.06.2019)"}]},{"@type":"WebSite","@id":"https:\/\/www.qrious.de\/en\/#website","url":"https:\/\/www.qrious.de\/en\/","name":"Q-rious Music","description":"Q-rious Music: promotion, distribution, label, publishing","potentialAction":[{"@type":"SearchAction","target":{"@type":"EntryPoint","urlTemplate":"https:\/\/www.qrious.de\/en\/?s={search_term_string}"},"query-input":{"@type":"PropertyValueSpecification","valueRequired":true,"valueName":"search_term_string"}}],"inLanguage":"en-US"},{"@type":"Person","@id":"https:\/\/www.qrious.de\/en\/#\/schema\/person\/c23ecd85bc1b3ab8b09bf6da9d86a700","name":"Qrious","sameAs":["http:\/\/www.qrious.de"],"url":"https:\/\/www.qrious.de\/en\/author\/office\/"}]}},"_links":{"self":[{"href":"https:\/\/www.qrious.de\/en\/wp-json\/wp\/v2\/posts\/8874","targetHints":{"allow":["GET"]}}],"collection":[{"href":"https:\/\/www.qrious.de\/en\/wp-json\/wp\/v2\/posts"}],"about":[{"href":"https:\/\/www.qrious.de\/en\/wp-json\/wp\/v2\/types\/post"}],"author":[{"embeddable":true,"href":"https:\/\/www.qrious.de\/en\/wp-json\/wp\/v2\/users\/6"}],"replies":[{"embeddable":true,"href":"https:\/\/www.qrious.de\/en\/wp-json\/wp\/v2\/comments?post=8874"}],"version-history":[{"count":0,"href":"https:\/\/www.qrious.de\/en\/wp-json\/wp\/v2\/posts\/8874\/revisions"}],"wp:featuredmedia":[{"embeddable":true,"href":"https:\/\/www.qrious.de\/en\/wp-json\/wp\/v2\/media\/8876"}],"wp:attachment":[{"href":"https:\/\/www.qrious.de\/en\/wp-json\/wp\/v2\/media?parent=8874"}],"wp:term":[{"taxonomy":"category","embeddable":true,"href":"https:\/\/www.qrious.de\/en\/wp-json\/wp\/v2\/categories?post=8874"},{"taxonomy":"post_tag","embeddable":true,"href":"https:\/\/www.qrious.de\/en\/wp-json\/wp\/v2\/tags?post=8874"}],"curies":[{"name":"wp","href":"https:\/\/api.w.org\/{rel}","templated":true}]}}