{"id":8678,"date":"2018-11-28T14:24:45","date_gmt":"2018-11-28T12:24:45","guid":{"rendered":"https:\/\/www.qrious.de\/?p=8678"},"modified":"2018-11-28T14:24:45","modified_gmt":"2018-11-28T12:24:45","slug":"carminho-maria-releasedate-14-12-2018","status":"publish","type":"post","link":"https:\/\/www.qrious.de\/en\/carminho-maria-releasedate-14-12-2018\/","title":{"rendered":"Carminho &#8211; Maria (Releasedate: 14.12.2018)"},"content":{"rendered":"<p><img loading=\"lazy\" decoding=\"async\" class=\"alignnone size-medium wp-image-8679\" src=\"https:\/\/www.qrious.de\/wp-content\/uploads\/2018\/11\/Carminho_Maria_Covershot-300x300.jpg\" alt=\"\" width=\"300\" height=\"300\" srcset=\"https:\/\/www.qrious.de\/wp-content\/uploads\/2018\/11\/Carminho_Maria_Covershot-300x300.jpg 300w, https:\/\/www.qrious.de\/wp-content\/uploads\/2018\/11\/Carminho_Maria_Covershot-150x150.jpg 150w, https:\/\/www.qrious.de\/wp-content\/uploads\/2018\/11\/Carminho_Maria_Covershot-768x768.jpg 768w, https:\/\/www.qrious.de\/wp-content\/uploads\/2018\/11\/Carminho_Maria_Covershot-1024x1024.jpg 1024w, https:\/\/www.qrious.de\/wp-content\/uploads\/2018\/11\/Carminho_Maria_Covershot-190x190.jpg 190w, https:\/\/www.qrious.de\/wp-content\/uploads\/2018\/11\/Carminho_Maria_Covershot-645x645.jpg 645w, https:\/\/www.qrious.de\/wp-content\/uploads\/2018\/11\/Carminho_Maria_Covershot-345x345.jpg 345w, https:\/\/www.qrious.de\/wp-content\/uploads\/2018\/11\/Carminho_Maria_Covershot-100x100.jpg 100w, https:\/\/www.qrious.de\/wp-content\/uploads\/2018\/11\/Carminho_Maria_Covershot-600x600.jpg 600w, https:\/\/www.qrious.de\/wp-content\/uploads\/2018\/11\/Carminho_Maria_Covershot-50x50.jpg 50w, https:\/\/www.qrious.de\/wp-content\/uploads\/2018\/11\/Carminho_Maria_Covershot.jpg 1400w\" sizes=\"auto, (max-width: 300px) 100vw, 300px\" \/><\/p>\n<p>Fado ist ihr Leben, und kaum eine andere S\u00c3\u00a4ngerin verleiht dieser portugiesischen Form des<br \/>\nLiedes so viel Kraft, Leidenschaft und Tiefe wie CARMINHO, die als die gro\u00c3\u0178e Erneuerin des Fado<br \/>\nbetrachtet wird. Am 14. Dezember erscheint ihr neues Album <strong>MARIA<\/strong>.<\/p>\n<p>Nach ihrem gro\u00c3\u0178en Erfolg mit dem Album <strong>Carminho Canta Jobim<\/strong> (2016), auf dem sie sich<br \/>\nrespektvoll und leidenschaftlich vor dem brasilianischen Songwriter Antonio Carlos (Tom) Jobim<br \/>\nverbeugte und sich einmal mehr als eine der besten portugiesischen Interpreten bewies, kehrt sie<br \/>\nnun mit einem brandneuen Album mit vielen Eigenkompositionen zur\u00c3\u00bcck.<\/p>\n<p><strong>Maria<\/strong> ist ihr f\u00c3\u00bcnftes Album und ihr bisher pers\u00c3\u00b6nlichstes, denn sie schrieb nicht nur den Gro\u00c3\u0178teil<br \/>\nder Songs selbst, sondern produzierte es auch selbst. Mehr als das, was sie auch als ausf\u00c3\u00bchrende<br \/>\nProduzentin neben Jo\u00c3\u00a3o Pedro Ruela, Diogo Alves, Marta Pel\u00c3\u00a1gio und Ruela Music aktiv an der<br \/>\nEntstehung von <strong>Maria<\/strong> beteiligt. Alle Songs wurden im Bela-Fl\u00c3\u00b4r-Studio von Artur David mit<br \/>\nAssistenz von Daniel Silva aufgenommen, lediglich <strong>As Rosas<\/strong> entstand in den Atlantico Blue<br \/>\nStudios. Gemischt wurde<strong> Maria<\/strong> von Artur David und<strong> CARMINHO<\/strong> selbst, das Mastering wurde<br \/>\nvon Fernando Nunes im Est\u00c3\u00badio P\u00c3\u00a9 de Vento vorgenommen.<\/p>\n<p>Auch f\u00c3\u00bcr <strong>Maria<\/strong> konnte <strong>CARMINHO<\/strong> auf die musikalische Unterst\u00c3\u00bctzung hochkar\u00c3\u00a4tiger Musiker<br \/>\nbauen, darunter <strong>Bernardo Couto<\/strong> auf der <em>Guitarra Portuguesa<\/em> bei den Songs &#8220;\u00c2\u201eO Menino e a<br \/>\nCidade\u00c2\u201c&#8221;, &#8220;\u00c2\u201eA Mulher Vento&#8221;\u00c2\u201c und &#8220;\u00c2\u201eSe Vieres&#8221;\u00c2\u201c. Der Gitarrist <strong>Jos\u00c3\u00a9 Manuel Neto<\/strong> arbeitete auf \u00c2\u201e&#8221;O<br \/>\nCome\u00c3\u00a7o\u00c2\u201c&#8221; und \u00c2\u201e&#8221;Quero Um Cavalo De V\u00c3\u00a1rias Cores&#8221;\u00c2\u201c mit ihr zusammen, und <strong>Luis Guerreiro<\/strong> spielt<br \/>\nauf \u00c2\u201e&#8221;Sete Saias\u00c2\u201c&#8221;, \u00c2\u201e&#8221;Poeta\u00c2\u201c&#8221; und \u00c2\u201e&#8221;Pop Fado&#8221;\u00c2\u201c.<\/p>\n<p>Weiterhin ist <strong>Fl\u00c3\u00a1vio C\u00c3\u00a9sar Cardoso<\/strong> auf der traditionellen Viola de Fado zu h\u00c3\u00b6ren und <strong>Jos\u00c3\u00a9<\/strong><br \/>\n<strong>Marino<\/strong> de Freitas am akustischen Bass. <strong>Jo\u00c3\u00a3o Paulo Esteves da Silva<\/strong> begleitet sie am Piano<br \/>\nund<strong> Cunha Monteiro<\/strong> spielt Pedal Steel- und E-Gitarre. <strong>CARMINHO<\/strong> selbst pr\u00c3\u00a4sentiert sich auf<br \/>\n\u00c2\u201eEstrela\u00c2\u201c an der E-Gitarre.<\/p>\n<p>Weltweit gilt CARMINHO als derzeit beste und innovativste Fado-S\u00c3\u00a4ngerin und wird seit ihrem<br \/>\nDeb\u00c3\u00bct Fado als \u00c2\u201e&#8221;neue Stimme des Fado&#8221;\u00c2\u201c weit \u00c3\u00bcber Portugal heraus gefeiert. Alle drei<br \/>\nNachfolgealben, &#8220;Alma&#8221; (2012), &#8220;Canto&#8221; (2014) und &#8220;Carminho Canta Tom Jobim&#8221; (2016) gingen auf<br \/>\nAnhieb auf Platz 1 in die portugiesischen Charts. Sie spielte in Carlos Sauras Film \u00c2\u201e&#8221;Fados&#8221;\u00c2\u201c mit und<br \/>\nwurde 2015 zum \u00c2\u201e&#8221;Commendador&#8221;\u00c2\u201c des Ordens des Infanten Dom Henrique ernannt.<\/p>\n<p><strong>TRACK LIST<\/strong><br \/>\n1.A Tecedeira<br \/>\n2.Come\u00c3\u00a7o (Fado Bizarro)<br \/>\n3.Desengano (Fado Latino)<br \/>\n4.Menino e a Cidade<br \/>\n5.Estrela<br \/>\n6.Pop Fado<br \/>\n7.A Mulher Vento<br \/>\n8.Poeta<br \/>\n9.Se Vieres (Fado Sta. Luzia)<br \/>\n10.Quero Um Cavalo De V\u00c3\u00a1rias Cores<br \/>\n11.Sete Saias<br \/>\n12.As Rosas<\/p>\n<p><strong>LIVE<\/strong><br \/>\n20.03.2019 &#8211; Wien, Konzerthaus<br \/>\n21.03.2019 &#8211; Innsbruck, Treibhaus<br \/>\n22.03.2019 &#8211; Freiburg, Jazzhaus<br \/>\n24.03.2019 &#8211; Koblenz, Burg Ehrenbreitstein<br \/>\n26.03.2019 &#8211; Dresden, Kreuzkirche<br \/>\n27.03.2019 &#8211; Karlsruhe, Tollhaus<\/p>\n","protected":false},"excerpt":{"rendered":"<p>Fado ist ihr Leben, und kaum eine andere S\u00c3\u00a4ngerin verleiht dieser portugiesischen Form des Liedes so viel Kraft, Leidenschaft und Tiefe wie CARMINHO, die als die gro\u00c3\u0178e Erneuerin des Fado betrachtet wird. Am 14. Dezember erscheint ihr neues Album MARIA. Nach ihrem gro\u00c3\u0178en Erfolg mit dem Album Carminho Canta Jobim (2016), auf dem sie sich [&hellip;]<\/p>\n","protected":false},"author":6,"featured_media":8679,"comment_status":"closed","ping_status":"closed","sticky":false,"template":"","format":"standard","meta":{"footnotes":""},"categories":[172],"tags":[],"class_list":["post-8678","post","type-post","status-publish","format-standard","has-post-thumbnail","hentry","category-unkategorisiert"],"yoast_head":"<!-- This site is optimized with the Yoast SEO plugin v26.3 - https:\/\/yoast.com\/wordpress\/plugins\/seo\/ -->\n<title>Carminho - Maria (Releasedate: 14.12.2018) - Q-rious Music<\/title>\n<meta name=\"robots\" content=\"index, follow, max-snippet:-1, max-image-preview:large, max-video-preview:-1\" \/>\n<link rel=\"canonical\" href=\"https:\/\/www.qrious.de\/en\/carminho-maria-releasedate-14-12-2018\/\" \/>\n<meta property=\"og:locale\" content=\"en_US\" \/>\n<meta property=\"og:type\" content=\"article\" \/>\n<meta property=\"og:title\" content=\"Carminho - Maria (Releasedate: 14.12.2018) - Q-rious Music\" \/>\n<meta property=\"og:description\" content=\"Fado ist ihr Leben, und kaum eine andere S\u00c3\u00a4ngerin verleiht dieser portugiesischen Form des Liedes so viel Kraft, Leidenschaft und Tiefe wie CARMINHO, die als die gro\u00c3\u0178e Erneuerin des Fado betrachtet wird. Am 14. Dezember erscheint ihr neues Album MARIA. Nach ihrem gro\u00c3\u0178en Erfolg mit dem Album Carminho Canta Jobim (2016), auf dem sie sich [&hellip;]\" \/>\n<meta property=\"og:url\" content=\"https:\/\/www.qrious.de\/en\/carminho-maria-releasedate-14-12-2018\/\" \/>\n<meta property=\"og:site_name\" content=\"Q-rious Music\" \/>\n<meta property=\"article:publisher\" content=\"https:\/\/www.facebook.com\/QriousMusic\/\" \/>\n<meta property=\"article:published_time\" content=\"2018-11-28T12:24:45+00:00\" \/>\n<meta property=\"og:image\" content=\"https:\/\/www.qrious.de\/wp-content\/uploads\/2018\/11\/Carminho_Maria_Covershot.jpg\" \/>\n\t<meta property=\"og:image:width\" content=\"1400\" \/>\n\t<meta property=\"og:image:height\" content=\"1400\" \/>\n\t<meta property=\"og:image:type\" content=\"image\/jpeg\" \/>\n<meta name=\"author\" content=\"Qrious\" \/>\n<meta name=\"twitter:card\" content=\"summary_large_image\" \/>\n<meta name=\"twitter:label1\" content=\"Written by\" \/>\n\t<meta name=\"twitter:data1\" content=\"Qrious\" \/>\n\t<meta name=\"twitter:label2\" content=\"Est. reading time\" \/>\n\t<meta name=\"twitter:data2\" content=\"2 minutes\" \/>\n<script type=\"application\/ld+json\" class=\"yoast-schema-graph\">{\"@context\":\"https:\/\/schema.org\",\"@graph\":[{\"@type\":\"WebPage\",\"@id\":\"https:\/\/www.qrious.de\/en\/carminho-maria-releasedate-14-12-2018\/\",\"url\":\"https:\/\/www.qrious.de\/en\/carminho-maria-releasedate-14-12-2018\/\",\"name\":\"Carminho - Maria (Releasedate: 14.12.2018) - Q-rious Music\",\"isPartOf\":{\"@id\":\"https:\/\/www.qrious.de\/en\/#website\"},\"primaryImageOfPage\":{\"@id\":\"https:\/\/www.qrious.de\/en\/carminho-maria-releasedate-14-12-2018\/#primaryimage\"},\"image\":{\"@id\":\"https:\/\/www.qrious.de\/en\/carminho-maria-releasedate-14-12-2018\/#primaryimage\"},\"thumbnailUrl\":\"https:\/\/www.qrious.de\/wp-content\/uploads\/2018\/11\/Carminho_Maria_Covershot.jpg\",\"datePublished\":\"2018-11-28T12:24:45+00:00\",\"author\":{\"@id\":\"https:\/\/www.qrious.de\/en\/#\/schema\/person\/c23ecd85bc1b3ab8b09bf6da9d86a700\"},\"breadcrumb\":{\"@id\":\"https:\/\/www.qrious.de\/en\/carminho-maria-releasedate-14-12-2018\/#breadcrumb\"},\"inLanguage\":\"en-US\",\"potentialAction\":[{\"@type\":\"ReadAction\",\"target\":[\"https:\/\/www.qrious.de\/en\/carminho-maria-releasedate-14-12-2018\/\"]}]},{\"@type\":\"ImageObject\",\"inLanguage\":\"en-US\",\"@id\":\"https:\/\/www.qrious.de\/en\/carminho-maria-releasedate-14-12-2018\/#primaryimage\",\"url\":\"https:\/\/www.qrious.de\/wp-content\/uploads\/2018\/11\/Carminho_Maria_Covershot.jpg\",\"contentUrl\":\"https:\/\/www.qrious.de\/wp-content\/uploads\/2018\/11\/Carminho_Maria_Covershot.jpg\",\"width\":1400,\"height\":1400},{\"@type\":\"BreadcrumbList\",\"@id\":\"https:\/\/www.qrious.de\/en\/carminho-maria-releasedate-14-12-2018\/#breadcrumb\",\"itemListElement\":[{\"@type\":\"ListItem\",\"position\":1,\"name\":\"Home\",\"item\":\"https:\/\/www.qrious.de\/en\/\"},{\"@type\":\"ListItem\",\"position\":2,\"name\":\"Carminho &#8211; Maria (Releasedate: 14.12.2018)\"}]},{\"@type\":\"WebSite\",\"@id\":\"https:\/\/www.qrious.de\/en\/#website\",\"url\":\"https:\/\/www.qrious.de\/en\/\",\"name\":\"Q-rious Music\",\"description\":\"Q-rious Music: promotion, distribution, label, publishing\",\"potentialAction\":[{\"@type\":\"SearchAction\",\"target\":{\"@type\":\"EntryPoint\",\"urlTemplate\":\"https:\/\/www.qrious.de\/en\/?s={search_term_string}\"},\"query-input\":{\"@type\":\"PropertyValueSpecification\",\"valueRequired\":true,\"valueName\":\"search_term_string\"}}],\"inLanguage\":\"en-US\"},{\"@type\":\"Person\",\"@id\":\"https:\/\/www.qrious.de\/en\/#\/schema\/person\/c23ecd85bc1b3ab8b09bf6da9d86a700\",\"name\":\"Qrious\",\"sameAs\":[\"http:\/\/www.qrious.de\"],\"url\":\"https:\/\/www.qrious.de\/en\/author\/office\/\"}]}<\/script>\n<!-- \/ Yoast SEO plugin. -->","yoast_head_json":{"title":"Carminho - Maria (Releasedate: 14.12.2018) - Q-rious Music","robots":{"index":"index","follow":"follow","max-snippet":"max-snippet:-1","max-image-preview":"max-image-preview:large","max-video-preview":"max-video-preview:-1"},"canonical":"https:\/\/www.qrious.de\/en\/carminho-maria-releasedate-14-12-2018\/","og_locale":"en_US","og_type":"article","og_title":"Carminho - Maria (Releasedate: 14.12.2018) - Q-rious Music","og_description":"Fado ist ihr Leben, und kaum eine andere S\u00c3\u00a4ngerin verleiht dieser portugiesischen Form des Liedes so viel Kraft, Leidenschaft und Tiefe wie CARMINHO, die als die gro\u00c3\u0178e Erneuerin des Fado betrachtet wird. Am 14. Dezember erscheint ihr neues Album MARIA. Nach ihrem gro\u00c3\u0178en Erfolg mit dem Album Carminho Canta Jobim (2016), auf dem sie sich [&hellip;]","og_url":"https:\/\/www.qrious.de\/en\/carminho-maria-releasedate-14-12-2018\/","og_site_name":"Q-rious Music","article_publisher":"https:\/\/www.facebook.com\/QriousMusic\/","article_published_time":"2018-11-28T12:24:45+00:00","og_image":[{"width":1400,"height":1400,"url":"https:\/\/www.qrious.de\/wp-content\/uploads\/2018\/11\/Carminho_Maria_Covershot.jpg","type":"image\/jpeg"}],"author":"Qrious","twitter_card":"summary_large_image","twitter_misc":{"Written by":"Qrious","Est. reading time":"2 minutes"},"schema":{"@context":"https:\/\/schema.org","@graph":[{"@type":"WebPage","@id":"https:\/\/www.qrious.de\/en\/carminho-maria-releasedate-14-12-2018\/","url":"https:\/\/www.qrious.de\/en\/carminho-maria-releasedate-14-12-2018\/","name":"Carminho - Maria (Releasedate: 14.12.2018) - Q-rious Music","isPartOf":{"@id":"https:\/\/www.qrious.de\/en\/#website"},"primaryImageOfPage":{"@id":"https:\/\/www.qrious.de\/en\/carminho-maria-releasedate-14-12-2018\/#primaryimage"},"image":{"@id":"https:\/\/www.qrious.de\/en\/carminho-maria-releasedate-14-12-2018\/#primaryimage"},"thumbnailUrl":"https:\/\/www.qrious.de\/wp-content\/uploads\/2018\/11\/Carminho_Maria_Covershot.jpg","datePublished":"2018-11-28T12:24:45+00:00","author":{"@id":"https:\/\/www.qrious.de\/en\/#\/schema\/person\/c23ecd85bc1b3ab8b09bf6da9d86a700"},"breadcrumb":{"@id":"https:\/\/www.qrious.de\/en\/carminho-maria-releasedate-14-12-2018\/#breadcrumb"},"inLanguage":"en-US","potentialAction":[{"@type":"ReadAction","target":["https:\/\/www.qrious.de\/en\/carminho-maria-releasedate-14-12-2018\/"]}]},{"@type":"ImageObject","inLanguage":"en-US","@id":"https:\/\/www.qrious.de\/en\/carminho-maria-releasedate-14-12-2018\/#primaryimage","url":"https:\/\/www.qrious.de\/wp-content\/uploads\/2018\/11\/Carminho_Maria_Covershot.jpg","contentUrl":"https:\/\/www.qrious.de\/wp-content\/uploads\/2018\/11\/Carminho_Maria_Covershot.jpg","width":1400,"height":1400},{"@type":"BreadcrumbList","@id":"https:\/\/www.qrious.de\/en\/carminho-maria-releasedate-14-12-2018\/#breadcrumb","itemListElement":[{"@type":"ListItem","position":1,"name":"Home","item":"https:\/\/www.qrious.de\/en\/"},{"@type":"ListItem","position":2,"name":"Carminho &#8211; Maria (Releasedate: 14.12.2018)"}]},{"@type":"WebSite","@id":"https:\/\/www.qrious.de\/en\/#website","url":"https:\/\/www.qrious.de\/en\/","name":"Q-rious Music","description":"Q-rious Music: promotion, distribution, label, publishing","potentialAction":[{"@type":"SearchAction","target":{"@type":"EntryPoint","urlTemplate":"https:\/\/www.qrious.de\/en\/?s={search_term_string}"},"query-input":{"@type":"PropertyValueSpecification","valueRequired":true,"valueName":"search_term_string"}}],"inLanguage":"en-US"},{"@type":"Person","@id":"https:\/\/www.qrious.de\/en\/#\/schema\/person\/c23ecd85bc1b3ab8b09bf6da9d86a700","name":"Qrious","sameAs":["http:\/\/www.qrious.de"],"url":"https:\/\/www.qrious.de\/en\/author\/office\/"}]}},"_links":{"self":[{"href":"https:\/\/www.qrious.de\/en\/wp-json\/wp\/v2\/posts\/8678","targetHints":{"allow":["GET"]}}],"collection":[{"href":"https:\/\/www.qrious.de\/en\/wp-json\/wp\/v2\/posts"}],"about":[{"href":"https:\/\/www.qrious.de\/en\/wp-json\/wp\/v2\/types\/post"}],"author":[{"embeddable":true,"href":"https:\/\/www.qrious.de\/en\/wp-json\/wp\/v2\/users\/6"}],"replies":[{"embeddable":true,"href":"https:\/\/www.qrious.de\/en\/wp-json\/wp\/v2\/comments?post=8678"}],"version-history":[{"count":0,"href":"https:\/\/www.qrious.de\/en\/wp-json\/wp\/v2\/posts\/8678\/revisions"}],"wp:featuredmedia":[{"embeddable":true,"href":"https:\/\/www.qrious.de\/en\/wp-json\/wp\/v2\/media\/8679"}],"wp:attachment":[{"href":"https:\/\/www.qrious.de\/en\/wp-json\/wp\/v2\/media?parent=8678"}],"wp:term":[{"taxonomy":"category","embeddable":true,"href":"https:\/\/www.qrious.de\/en\/wp-json\/wp\/v2\/categories?post=8678"},{"taxonomy":"post_tag","embeddable":true,"href":"https:\/\/www.qrious.de\/en\/wp-json\/wp\/v2\/tags?post=8678"}],"curies":[{"name":"wp","href":"https:\/\/api.w.org\/{rel}","templated":true}]}}