{"id":8346,"date":"2018-05-09T11:50:45","date_gmt":"2018-05-09T09:50:45","guid":{"rendered":"https:\/\/www.qrious.de\/?p=8346"},"modified":"2018-05-23T10:46:42","modified_gmt":"2018-05-23T08:46:42","slug":"paolo-fresu-devil-quartet-carpe-diem","status":"publish","type":"post","link":"https:\/\/www.qrious.de\/en\/paolo-fresu-devil-quartet-carpe-diem\/","title":{"rendered":"Paolo Fresu Devil Quartet &#8211; Carpe Diem"},"content":{"rendered":"<p><em>K\u00c3\u00bcnstler: Paolo Fresu Devil Quartet<\/em><\/p>\n<p><em>Albumtitel: Carpe Diem <\/em><\/p>\n<p><em>\u00c2\u00a0<\/em><em>V\u00c3\u2013-Datum: 18.05.2018<\/em><\/p>\n<p><em>Bitte das Album nicht vor V\u00c3\u2013 besprechen\/einsetzen.<\/em><\/p>\n<p><em>Label: <\/em>T\u00c7\u201dk <em>Music<\/em><\/p>\n<p><em>LabelCode: LC 12228<\/em><\/p>\n<p><em>EAN:<\/em> <em>8056364970239<\/em><\/p>\n<p><em>Vertrieb: edel Kultur<\/em><\/p>\n<p>&nbsp;<\/p>\n<p><strong>Paulo Fresu steht f\u00c3\u00bcr Telefoninterviews zur Verf\u00c3\u00bcgung -Koordination via Marcel Westphal mw@qrious.de<\/strong><\/p>\n<p><strong><em>Devil\u00e2\u20ac\u00a6 mehr als blo\u00c3\u0178 \u00e2\u20ac\u02dcItalian Style\u00e2\u20ac\u2122<\/em><\/strong><\/p>\n<p><strong><em>\u00c2\u00a0<\/em><\/strong><\/p>\n<p>Vorab m\u00c3\u00b6chten wir als geeignete \u00c3\u0153berschrift zu diesem Kommentar den Abschnitt eines passend formulierten Titels zu einem Artikel zitieren, in dem der verstorbene Vittorio Franchini das Quartett unter der Leitung von Paolo Fresu einmal sehr treffend als eine \u00e2\u20ac\u0153gute Erfindung des Italian Style\u00e2\u20ac\u009d beschrieben hatte. Weise Menschen wissen nur allzu genau, dass es nicht gut ist \u00e2\u20ac\u0153auf seinen eigenen Lorbeeren auszuruhen\u00e2\u20ac\u009d. Diese Regel wird leider von Vielen aus der zeitgen\u00c3\u00b6ssischen kommerziellen Musikbranche als Modell missachtet. Achtung geb\u00c3\u00bchrt deshalb Paolo Fresu und seiner au\u00c3\u0178erordentlichen Gruppe von Musikern, die &#8211; nach einer \u00e2\u20ac\u0153elektrischen\u00e2\u20ac\u009d Anfangszeit aus den gesammelten Erfahrungen mit dem Angel-Quartett \u00e2\u20ac\u201c mit dem \u00e2\u20ac\u0153Devil\u00e2\u20ac\u009d eine neue kreative Ader gefunden haben. Und \u00e2\u20ac\u0153die Teufel\u00e2\u20ac\u009d haben als Protagonisten dieses neuen Abenteuers echt viel Erfahrung gesammelt und einen weiten Weg in fast allen Bereichen der Musik unserer Zeit zur\u00c3\u00bcckgelegt. So kommt es, dass nach der erw\u00c3\u00a4hnten elektro-bewegten Anfangsperiode \u00c3\u00bcber Paolo Fresu\u00e2\u20ac\u2122s Idee der \u00e2\u20ac\u0153mestizenhaften\u00e2\u20ac\u009d Musik \u00e2\u20ac\u201c oder wie er sie selbst treffend \u00e2\u20ac\u0153<em>melang\u00c3\u00a9<\/em>\u00e2\u20ac\u009d genannt hatte \u00e2\u20ac\u201c sich viele fragten, in welche Richtung denn sich nun die Musik des Quartetts wohl hin entwickeln werde. Ja, Fresu, Ferra, Dalla Porta und Bagnoli \u00c3\u00bcberraschten wieder als Gruppe \u00e2\u20ac\u201c allen bisher bekannt als die wohl fast ausschlie\u00c3\u0178lichste \u00e2\u20ac\u0153Elektro\u00e2\u20ac\u009d-Jazzband Italiens der letzten Jahre &#8211; pl\u00c3\u00b6tzlich eine komplett akustische Version von sich selbst herausbringt und damit Gewohnheiten und Regeln in der eigenen Musik vollkommen umkrempelt und damit viele Kritiker \u00e2\u20ac\u201c seit jeher gewohnt einem Musikprojekt gleich eine oberfl\u00c3\u00a4chliche Etikette zu verleihen \u00e2\u20ac\u201c vor den Kopf st\u00c3\u00b6\u00c3\u0178t. Die einfache, \u00e2\u20ac\u0153neue\u00e2\u20ac\u009d und verbl\u00c3\u00bcffende Idee Fresus war es also, einen Tontr\u00c3\u00a4ger herauszubringen der sich ganz anders anh\u00c3\u00b6rte als alle vorhergehenden; eben mit ausschlie\u00c3\u0178lich akustischen Eingriffen auf Akustik-Instrumenten (einschlie\u00c3\u0178lich der Gitarren von Bebo Ferra und der B\u00c3\u00bcrsten Bagnolis am Schlagzeug, womit er sich als wahrhafter Meister entpuppt). Um wieder auf den erw\u00c3\u00a4hnten Artikel von Franchini zur\u00c3\u00bcckzukommen m\u00c3\u00b6chten wir zum Anlass einige seiner Worte verwenden: \u00e2\u20ac\u0153Letztendlich ist das nur Jazz, wenn auch in einem Schub nach vorw\u00c3\u00a4rts \u00e2\u20ac\u00a6\u00e2\u20ac\u0153 Sicher, Franchini hatte die potentielle Kraft dieser unglaublichen Combo vorausgeahnt, denn nur sie hat die F\u00c3\u00a4higkeit verschiedene Ausdrucksformen mit der dazugeh\u00c3\u00b6rigen Energie zu einem Ganzen zu b\u00c3\u00bcndeln wie wenige andere. Die Dialoge Fresus mit den drei echten Gr\u00c3\u00b6\u00c3\u0178en des <em>Italian Style <\/em>(wie erw\u00c3\u00a4hnt, der Ausdruck stammt vom Journalisten und Musikologen Franchini) sind also von h\u00c3\u00b6chster Qualit\u00c3\u00a4t und sie halten das, was sie versprochen haben. Die Substanz ihrer Musik schiebt sich dabei kreativ in neue Bereiche vor, sei es in den bewegten wie auch lyrischen oder melodischen Momenten. Dabei kommen die au\u00c3\u0178erordentlichen F\u00c3\u00a4higkeiten eines Dalla Porta oder die unglaubliche \u00e2\u20ac\u201c und sich ausbreitende &#8211; Erfindungskraft eines Bagnoli, sowie der raffinierte, perfekte akustische Gitarrenstil von Bebo Ferra voll und ganz zum Ausdruck. Zu Paolo Fresu selbst gibt es dabei nicht viel hinzuzuf\u00c3\u00bcgen, denn die Unfehlbarkeit und Perfektion des Meisters macht ihn bereits jetzt schon zur Legende. Seine einzigartig zusammenh\u00c3\u00a4ngende und alles zusammenf\u00c3\u00bchrende Klanglinie scheint jener Maxime von Fjodor Dostojewski zu entsprechen, die da sagt: \u00e2\u20ac\u0153<em>Nur die Sch\u00c3\u00b6nheit wird die Welt retten.<\/em>\u00e2\u20ac\u009d<\/p>\n<p>(vic albani)<\/p>\n<p>&nbsp;<\/p>\n<p><strong><em>\u00e2\u20ac\u0153Wer die Meere durchquert, ver\u00c3\u00a4ndert den Himmel, nicht die Seele\u00e2\u20ac\u009d (Horaz<\/em><\/strong><strong>)<\/strong><\/p>\n<p>&nbsp;<\/p>\n<p>Dieser neue Tontr\u00c3\u00a4ger des Devil Quartett von Paolo Fresu mit dem Titel \u00e2\u20ac\u017eCarpe Diem\u00e2\u20ac\u0153 wird im Mai 2018 bei dem bekannten Jazz-Label T\u00c7\u201dk Music erscheinen. Paolo Fresu hat dieses Musik-Label 2010 gegr\u00c3\u00bcndet. Das Album, ausschlie\u00c3\u0178lich akustisch, wurde im Januar 2017 dank der meisterhaften Arbeit von Stefano Amerio im Aufnahmestudio Artesuono von Cavallicco in der Provinz Udine im Friaul aufgenommen. Die Aufnahme ist im heute bekannten Hi-Res-Format, das den Qualit\u00c3\u00a4tsstandard der \u00c3\u00bcblichen digitalen Aufnahmetechniken der CDs deutlich verbessert.<\/p>\n<p>Von Paolo Fresu mithilfe aller Mitglieder des Quartetts und mit der Koordination von Luca Devito ausgearbeitet \u00e2\u20ac\u201c infolge eines sehr intelligenten Einsatzes des Kunstmittels \u00e2\u20ac\u201c sind die bezaubernde Digitalzeichnung f\u00c3\u00bcr das Front Cover von Barbara Valsecchi und die typographische Gestaltung von Benno Simma entstanden.<\/p>\n<p>Die 14 Tracks dieses Projektes sind gleichm\u00c3\u00a4\u00c3\u0178ig auf die Kompositionen der vier \u00e2\u20ac\u0153Devil\u00e2\u20ac\u009d-Mitglieder aufgeteilt. Zeichen daf\u00c3\u00bcr, dass die Gruppe sehr eng und im Einklang zusammenarbeitet. Unter diesen finden wir auch ein sehr delikates, von Stefano Bagnoli komponiertes St\u00c3\u00bcck, das dem gro\u00c3\u0178en Giulio Libano gewidmet ist, dem gro\u00c3\u0178en Komponisten der italienischen Unterhaltungsmusik.<\/p>\n<p>\u00e2\u20ac\u017eCarpe Diem\u00e2\u20ac\u0153 setzt die Erfahrungen des Quartetts von \u00e2\u20ac\u017eStanley Music\u00e2\u20ac\u009d (EMI-Blue Note, 2007) und \u00e2\u20ac\u017eDesertico\u00e2\u20ac\u009d (T\u00c7\u201dk Music, 2013) fort und feiert dabei auch das zw\u00c3\u00b6lfte T\u00c3\u00a4tigkeitsjahr des Devil-Quartett. Ein Werk mit gro\u00c3\u0178en Emotionen und Kommunikationsf\u00c3\u00a4higkeit, das noch lange nachklingen wird, auch wegen der engen und produktiven Zusammenarbeit der Musiker und Komponisten.<\/p>\n<p>&nbsp;<\/p>\n<p><strong>Paolo Fresu Devil Quartet<\/strong><\/p>\n<p>Paolo Fresu (Trompete, Fl\u00c3\u00bcgelhorn, Effekte)<\/p>\n<p>Bebo Ferra (Gitarre)<\/p>\n<p>Paolino Dalla Porta (Kontrabass)<\/p>\n<p>Stefano Bagnoli (Schlagzeug)<\/p>\n<p>&nbsp;<\/p>\n<p><strong>Tracks:<\/strong><\/p>\n<p>Medley:<\/p>\n<ul>\n<li>A: Home<\/li>\n<li>B: Carpe Diem<\/li>\n<li>In Minore<\/li>\n<li>Enero<\/li>\n<li>Drum Loquimur, Fugerit Invida Aetas<\/li>\n<li>Lines<\/li>\n<li>Secret Love<\/li>\n<li>Ballata per Rimbaud<\/li>\n<li>Ottobre<\/li>\n<li>Un Terna Per Roma<\/li>\n<li>Human Requiem<\/li>\n<li>Quam Minumum Credula Postero<\/li>\n<li>Giulio Libano<\/li>\n<li>Un Posto Al Sole<\/li>\n<\/ul>\n<p>&nbsp;<\/p>\n<p><strong>Paolo Fresu Devil Quartet\u00e2\u20ac\u201c<\/strong>&#8220;<strong>Carpe Diem<\/strong>\/<\/p>\n<p>V\u00c3\u2013: 18.05.2018<\/p>\n<p><strong>T<\/strong><strong>\u00c7\u201d<\/strong><strong>k Music\u00c2\u00a0 (LC <\/strong><strong><em>12228<\/em><\/strong><strong>)\u00c2\u00a0 |\u00c2\u00a0 <\/strong>im <strong>Vertrieb <\/strong>bei edel Kultur<\/p>\n","protected":false},"excerpt":{"rendered":"<p>K\u00c3\u00bcnstler: Paolo Fresu Devil Quartet Albumtitel: Carpe Diem \u00c2\u00a0V\u00c3\u2013-Datum: 18.05.2018 Bitte das Album nicht vor V\u00c3\u2013 besprechen\/einsetzen. Label: T\u00c7\u201dk Music LabelCode: LC 12228 EAN: 8056364970239 Vertrieb: edel Kultur &nbsp; Paulo Fresu steht f\u00c3\u00bcr Telefoninterviews zur Verf\u00c3\u00bcgung -Koordination via Marcel Westphal mw@qrious.de Devil\u00e2\u20ac\u00a6 mehr als blo\u00c3\u0178 \u00e2\u20ac\u02dcItalian Style\u00e2\u20ac\u2122 \u00c2\u00a0 Vorab m\u00c3\u00b6chten wir als geeignete \u00c3\u0153berschrift zu [&hellip;]<\/p>\n","protected":false},"author":6,"featured_media":8347,"comment_status":"closed","ping_status":"closed","sticky":false,"template":"","format":"standard","meta":{"footnotes":""},"categories":[172],"tags":[],"class_list":["post-8346","post","type-post","status-publish","format-standard","has-post-thumbnail","hentry","category-unkategorisiert"],"yoast_head":"<!-- This site is optimized with the Yoast SEO plugin v26.3 - https:\/\/yoast.com\/wordpress\/plugins\/seo\/ -->\n<title>Paolo Fresu Devil Quartet - Carpe Diem - Q-rious Music<\/title>\n<meta name=\"robots\" content=\"index, follow, max-snippet:-1, max-image-preview:large, max-video-preview:-1\" \/>\n<link rel=\"canonical\" href=\"https:\/\/www.qrious.de\/en\/paolo-fresu-devil-quartet-carpe-diem\/\" \/>\n<meta property=\"og:locale\" content=\"en_US\" \/>\n<meta property=\"og:type\" content=\"article\" \/>\n<meta property=\"og:title\" content=\"Paolo Fresu Devil Quartet - Carpe Diem - Q-rious Music\" \/>\n<meta property=\"og:description\" content=\"K\u00c3\u00bcnstler: Paolo Fresu Devil Quartet Albumtitel: Carpe Diem \u00c2\u00a0V\u00c3\u2013-Datum: 18.05.2018 Bitte das Album nicht vor V\u00c3\u2013 besprechen\/einsetzen. Label: T\u00c7\u201dk Music LabelCode: LC 12228 EAN: 8056364970239 Vertrieb: edel Kultur &nbsp; Paulo Fresu steht f\u00c3\u00bcr Telefoninterviews zur Verf\u00c3\u00bcgung -Koordination via Marcel Westphal mw@qrious.de Devil\u00e2\u20ac\u00a6 mehr als blo\u00c3\u0178 \u00e2\u20ac\u02dcItalian Style\u00e2\u20ac\u2122 \u00c2\u00a0 Vorab m\u00c3\u00b6chten wir als geeignete \u00c3\u0153berschrift zu [&hellip;]\" \/>\n<meta property=\"og:url\" content=\"https:\/\/www.qrious.de\/en\/paolo-fresu-devil-quartet-carpe-diem\/\" \/>\n<meta property=\"og:site_name\" content=\"Q-rious Music\" \/>\n<meta property=\"article:publisher\" content=\"https:\/\/www.facebook.com\/QriousMusic\/\" \/>\n<meta property=\"article:published_time\" content=\"2018-05-09T09:50:45+00:00\" \/>\n<meta property=\"article:modified_time\" content=\"2018-05-23T08:46:42+00:00\" \/>\n<meta property=\"og:image\" content=\"https:\/\/www.qrious.de\/wp-content\/uploads\/2018\/05\/carpe-diem-cover.jpg\" \/>\n\t<meta property=\"og:image:width\" content=\"1190\" \/>\n\t<meta property=\"og:image:height\" content=\"1191\" \/>\n\t<meta property=\"og:image:type\" content=\"image\/jpeg\" \/>\n<meta name=\"author\" content=\"Qrious\" \/>\n<meta name=\"twitter:card\" content=\"summary_large_image\" \/>\n<meta name=\"twitter:label1\" content=\"Written by\" \/>\n\t<meta name=\"twitter:data1\" content=\"Qrious\" \/>\n\t<meta name=\"twitter:label2\" content=\"Est. reading time\" \/>\n\t<meta name=\"twitter:data2\" content=\"4 minutes\" \/>\n<script type=\"application\/ld+json\" class=\"yoast-schema-graph\">{\"@context\":\"https:\/\/schema.org\",\"@graph\":[{\"@type\":\"WebPage\",\"@id\":\"https:\/\/www.qrious.de\/en\/paolo-fresu-devil-quartet-carpe-diem\/\",\"url\":\"https:\/\/www.qrious.de\/en\/paolo-fresu-devil-quartet-carpe-diem\/\",\"name\":\"Paolo Fresu Devil Quartet - Carpe Diem - Q-rious Music\",\"isPartOf\":{\"@id\":\"https:\/\/www.qrious.de\/en\/#website\"},\"primaryImageOfPage\":{\"@id\":\"https:\/\/www.qrious.de\/en\/paolo-fresu-devil-quartet-carpe-diem\/#primaryimage\"},\"image\":{\"@id\":\"https:\/\/www.qrious.de\/en\/paolo-fresu-devil-quartet-carpe-diem\/#primaryimage\"},\"thumbnailUrl\":\"https:\/\/www.qrious.de\/wp-content\/uploads\/2018\/05\/carpe-diem-cover.jpg\",\"datePublished\":\"2018-05-09T09:50:45+00:00\",\"dateModified\":\"2018-05-23T08:46:42+00:00\",\"author\":{\"@id\":\"https:\/\/www.qrious.de\/en\/#\/schema\/person\/c23ecd85bc1b3ab8b09bf6da9d86a700\"},\"breadcrumb\":{\"@id\":\"https:\/\/www.qrious.de\/en\/paolo-fresu-devil-quartet-carpe-diem\/#breadcrumb\"},\"inLanguage\":\"en-US\",\"potentialAction\":[{\"@type\":\"ReadAction\",\"target\":[\"https:\/\/www.qrious.de\/en\/paolo-fresu-devil-quartet-carpe-diem\/\"]}]},{\"@type\":\"ImageObject\",\"inLanguage\":\"en-US\",\"@id\":\"https:\/\/www.qrious.de\/en\/paolo-fresu-devil-quartet-carpe-diem\/#primaryimage\",\"url\":\"https:\/\/www.qrious.de\/wp-content\/uploads\/2018\/05\/carpe-diem-cover.jpg\",\"contentUrl\":\"https:\/\/www.qrious.de\/wp-content\/uploads\/2018\/05\/carpe-diem-cover.jpg\",\"width\":1190,\"height\":1191},{\"@type\":\"BreadcrumbList\",\"@id\":\"https:\/\/www.qrious.de\/en\/paolo-fresu-devil-quartet-carpe-diem\/#breadcrumb\",\"itemListElement\":[{\"@type\":\"ListItem\",\"position\":1,\"name\":\"Home\",\"item\":\"https:\/\/www.qrious.de\/en\/\"},{\"@type\":\"ListItem\",\"position\":2,\"name\":\"Paolo Fresu Devil Quartet &#8211; Carpe Diem\"}]},{\"@type\":\"WebSite\",\"@id\":\"https:\/\/www.qrious.de\/en\/#website\",\"url\":\"https:\/\/www.qrious.de\/en\/\",\"name\":\"Q-rious Music\",\"description\":\"Q-rious Music: promotion, distribution, label, publishing\",\"potentialAction\":[{\"@type\":\"SearchAction\",\"target\":{\"@type\":\"EntryPoint\",\"urlTemplate\":\"https:\/\/www.qrious.de\/en\/?s={search_term_string}\"},\"query-input\":{\"@type\":\"PropertyValueSpecification\",\"valueRequired\":true,\"valueName\":\"search_term_string\"}}],\"inLanguage\":\"en-US\"},{\"@type\":\"Person\",\"@id\":\"https:\/\/www.qrious.de\/en\/#\/schema\/person\/c23ecd85bc1b3ab8b09bf6da9d86a700\",\"name\":\"Qrious\",\"sameAs\":[\"http:\/\/www.qrious.de\"],\"url\":\"https:\/\/www.qrious.de\/en\/author\/office\/\"}]}<\/script>\n<!-- \/ Yoast SEO plugin. -->","yoast_head_json":{"title":"Paolo Fresu Devil Quartet - Carpe Diem - Q-rious Music","robots":{"index":"index","follow":"follow","max-snippet":"max-snippet:-1","max-image-preview":"max-image-preview:large","max-video-preview":"max-video-preview:-1"},"canonical":"https:\/\/www.qrious.de\/en\/paolo-fresu-devil-quartet-carpe-diem\/","og_locale":"en_US","og_type":"article","og_title":"Paolo Fresu Devil Quartet - Carpe Diem - Q-rious Music","og_description":"K\u00c3\u00bcnstler: Paolo Fresu Devil Quartet Albumtitel: Carpe Diem \u00c2\u00a0V\u00c3\u2013-Datum: 18.05.2018 Bitte das Album nicht vor V\u00c3\u2013 besprechen\/einsetzen. Label: T\u00c7\u201dk Music LabelCode: LC 12228 EAN: 8056364970239 Vertrieb: edel Kultur &nbsp; Paulo Fresu steht f\u00c3\u00bcr Telefoninterviews zur Verf\u00c3\u00bcgung -Koordination via Marcel Westphal mw@qrious.de Devil\u00e2\u20ac\u00a6 mehr als blo\u00c3\u0178 \u00e2\u20ac\u02dcItalian Style\u00e2\u20ac\u2122 \u00c2\u00a0 Vorab m\u00c3\u00b6chten wir als geeignete \u00c3\u0153berschrift zu [&hellip;]","og_url":"https:\/\/www.qrious.de\/en\/paolo-fresu-devil-quartet-carpe-diem\/","og_site_name":"Q-rious Music","article_publisher":"https:\/\/www.facebook.com\/QriousMusic\/","article_published_time":"2018-05-09T09:50:45+00:00","article_modified_time":"2018-05-23T08:46:42+00:00","og_image":[{"width":1190,"height":1191,"url":"https:\/\/www.qrious.de\/wp-content\/uploads\/2018\/05\/carpe-diem-cover.jpg","type":"image\/jpeg"}],"author":"Qrious","twitter_card":"summary_large_image","twitter_misc":{"Written by":"Qrious","Est. reading time":"4 minutes"},"schema":{"@context":"https:\/\/schema.org","@graph":[{"@type":"WebPage","@id":"https:\/\/www.qrious.de\/en\/paolo-fresu-devil-quartet-carpe-diem\/","url":"https:\/\/www.qrious.de\/en\/paolo-fresu-devil-quartet-carpe-diem\/","name":"Paolo Fresu Devil Quartet - Carpe Diem - Q-rious Music","isPartOf":{"@id":"https:\/\/www.qrious.de\/en\/#website"},"primaryImageOfPage":{"@id":"https:\/\/www.qrious.de\/en\/paolo-fresu-devil-quartet-carpe-diem\/#primaryimage"},"image":{"@id":"https:\/\/www.qrious.de\/en\/paolo-fresu-devil-quartet-carpe-diem\/#primaryimage"},"thumbnailUrl":"https:\/\/www.qrious.de\/wp-content\/uploads\/2018\/05\/carpe-diem-cover.jpg","datePublished":"2018-05-09T09:50:45+00:00","dateModified":"2018-05-23T08:46:42+00:00","author":{"@id":"https:\/\/www.qrious.de\/en\/#\/schema\/person\/c23ecd85bc1b3ab8b09bf6da9d86a700"},"breadcrumb":{"@id":"https:\/\/www.qrious.de\/en\/paolo-fresu-devil-quartet-carpe-diem\/#breadcrumb"},"inLanguage":"en-US","potentialAction":[{"@type":"ReadAction","target":["https:\/\/www.qrious.de\/en\/paolo-fresu-devil-quartet-carpe-diem\/"]}]},{"@type":"ImageObject","inLanguage":"en-US","@id":"https:\/\/www.qrious.de\/en\/paolo-fresu-devil-quartet-carpe-diem\/#primaryimage","url":"https:\/\/www.qrious.de\/wp-content\/uploads\/2018\/05\/carpe-diem-cover.jpg","contentUrl":"https:\/\/www.qrious.de\/wp-content\/uploads\/2018\/05\/carpe-diem-cover.jpg","width":1190,"height":1191},{"@type":"BreadcrumbList","@id":"https:\/\/www.qrious.de\/en\/paolo-fresu-devil-quartet-carpe-diem\/#breadcrumb","itemListElement":[{"@type":"ListItem","position":1,"name":"Home","item":"https:\/\/www.qrious.de\/en\/"},{"@type":"ListItem","position":2,"name":"Paolo Fresu Devil Quartet &#8211; Carpe Diem"}]},{"@type":"WebSite","@id":"https:\/\/www.qrious.de\/en\/#website","url":"https:\/\/www.qrious.de\/en\/","name":"Q-rious Music","description":"Q-rious Music: promotion, distribution, label, publishing","potentialAction":[{"@type":"SearchAction","target":{"@type":"EntryPoint","urlTemplate":"https:\/\/www.qrious.de\/en\/?s={search_term_string}"},"query-input":{"@type":"PropertyValueSpecification","valueRequired":true,"valueName":"search_term_string"}}],"inLanguage":"en-US"},{"@type":"Person","@id":"https:\/\/www.qrious.de\/en\/#\/schema\/person\/c23ecd85bc1b3ab8b09bf6da9d86a700","name":"Qrious","sameAs":["http:\/\/www.qrious.de"],"url":"https:\/\/www.qrious.de\/en\/author\/office\/"}]}},"_links":{"self":[{"href":"https:\/\/www.qrious.de\/en\/wp-json\/wp\/v2\/posts\/8346","targetHints":{"allow":["GET"]}}],"collection":[{"href":"https:\/\/www.qrious.de\/en\/wp-json\/wp\/v2\/posts"}],"about":[{"href":"https:\/\/www.qrious.de\/en\/wp-json\/wp\/v2\/types\/post"}],"author":[{"embeddable":true,"href":"https:\/\/www.qrious.de\/en\/wp-json\/wp\/v2\/users\/6"}],"replies":[{"embeddable":true,"href":"https:\/\/www.qrious.de\/en\/wp-json\/wp\/v2\/comments?post=8346"}],"version-history":[{"count":0,"href":"https:\/\/www.qrious.de\/en\/wp-json\/wp\/v2\/posts\/8346\/revisions"}],"wp:featuredmedia":[{"embeddable":true,"href":"https:\/\/www.qrious.de\/en\/wp-json\/wp\/v2\/media\/8347"}],"wp:attachment":[{"href":"https:\/\/www.qrious.de\/en\/wp-json\/wp\/v2\/media?parent=8346"}],"wp:term":[{"taxonomy":"category","embeddable":true,"href":"https:\/\/www.qrious.de\/en\/wp-json\/wp\/v2\/categories?post=8346"},{"taxonomy":"post_tag","embeddable":true,"href":"https:\/\/www.qrious.de\/en\/wp-json\/wp\/v2\/tags?post=8346"}],"curies":[{"name":"wp","href":"https:\/\/api.w.org\/{rel}","templated":true}]}}