{"id":7936,"date":"2017-10-24T11:01:34","date_gmt":"2017-10-24T09:01:34","guid":{"rendered":"https:\/\/www.qrious.de\/?p=7936"},"modified":"2017-12-13T15:39:52","modified_gmt":"2017-12-13T13:39:52","slug":"sandro-roy-souvenir-de-paris-26-01-2018","status":"publish","type":"post","link":"https:\/\/www.qrious.de\/en\/sandro-roy-souvenir-de-paris-26-01-2018\/","title":{"rendered":"[:de]Sandro Roy &#8216;Souvenir De Paris&#8217; V\u00c3\u2013-Datum: 26.01.2018[:en]Sandro Roy &#8216;Souvenir De Paris&#8217; out: 26.01.2018[:]"},"content":{"rendered":"<p>[:de]<em>Label:SKIP<\/em><\/p>\n<p><em>LabelCode: LC<\/em> <em>10482<\/em><\/p>\n<p><em>Vertrieb: Soulfood<\/em><\/p>\n<p><em>\u00c2\u00a0<\/em><em>Website: <\/em><\/p>\n<p><em><a href=\"http:\/\/www.sandro-roy.com\">www.sandro-roy.com<\/a><\/em><\/p>\n<p><em>\u00c2\u00a0<\/em><em>EPK: <a href=\"https:\/\/www.dropbox.com\/s\/ns2c9j452xahizc\/WEB_EPK_english_FINAL.mov?dl=0\">https:\/\/www.dropbox.com\/s\/ns2c9j452xahizc\/WEB_EPK_english_FINAL.mov?dl=0<\/a><\/em><\/p>\n<p>Videoclip:<\/p>\n<p><em><a href=\"https:\/\/www.dropbox.com\/s\/sgd4divq1soqlcv\/WEB_SouvenirDeParis_Mix1.mov?dl=0\">https:\/\/www.dropbox.com\/s\/sgd4divq1soqlcv\/WEB_SouvenirDeParis_Mix1.mov?dl=0<\/a><\/em><\/p>\n<p>&nbsp;<\/p>\n<p><strong><u>Sandro Roy steht an den Tourterminen vor Ort f\u00c3\u00bcr Interviews zur Verf\u00c3\u00bcgung! Telefoninterviews sind ebenfalls m\u00c3\u00b6glich!<\/u><\/strong><\/p>\n<p><strong><u>Koordination via Marcel Westphal (<a href=\"mailto:mw@qrious.de\">mw@qrious.de<\/a>)<\/u><\/strong><\/p>\n<p>&nbsp;<\/p>\n<p>Unmittelbar nach der Ver\u00c3\u00b6ffentlichung seines Deb\u00c3\u00bct \u00e2\u20ac\u201c Album \u00e2\u20ac\u017eWhere I Come From\u00e2\u20ac\u0153 attestierte der SPIEGEL: \u00e2\u20ac\u017eGro\u00c3\u0178artiger Start eines Supertalents\u00e2\u20ac\u0153, die NEUE MUSIK ZEITUNG k\u00c3\u00bcrte das Album zum \u00e2\u20ac\u017eDeb\u00c3\u00bct des Monats\u00e2\u20ac\u0153 und die renommierte \u00e2\u20ac\u017eM\u00c3\u00bcnchner Konzertgesellschaft\u00e2\u20ac\u0153 verlieh ihm den Jazz \u00e2\u20ac\u201c F\u00c3\u00b6rderpreis. Bei seinen zahlreichen Auftritten zum Beispiel beim \u00e2\u20ac\u017eRheingau Musik Festival\u00e2\u20ac\u0153 oder den angesagten Jazzclubs der Republik l\u00c3\u00b6ste er Begeisterungsst\u00c3\u00bcrme aus.<\/p>\n<p>Jetzt kehrt der junge Violinist zwei Jahre sp\u00c3\u00a4ter mit einem inhaltlich erstaunlich reifen, konzeptionell schl\u00c3\u00bcssigen aber auch immer wieder \u00c3\u00bcberraschenden Projekt zur\u00c3\u00bcck, welches dem Thema Frankreich gewidmet ist. Bereits seine Eigenkomposition \u00e2\u20ac\u017eSouvenir De Paris\u00e2\u20ac\u0153, eine sehr poetische Widmung an diejenige Stadt, die nach seiner Auffassung \u00e2\u20ac\u017eso viele Musiker inspiriert hat\u00e2\u20ac\u0153, zeigt, dass der lyrische Ton des in Augsburg lebenden Violinisten weiter gereift ist. Es sind sowohl gro\u00c3\u0178e franz\u00c3\u00b6sische Musiker und Komponisten wie Michel Legrand, Babik Reinhardt und Stephane Grappelli, aber interessanterweise Weise auch Jazz \u00e2\u20ac\u201c Musiker der j\u00c3\u00bcngeren Generation aus unserem Nachbarland wie Michel Petrucciani und Richard Galliano, die ihn zu spannenden Neu \u00e2\u20ac\u201c Interpretationen inspirieren. Als Begleitung hat er sich daf\u00c3\u00bcr die Musiker des Jermaine Landsberger Trios gew\u00c3\u00a4hlt. Landsberger, wie Sandro Roy auch einer Sinti Familie entstammend, unterst\u00c3\u00bctzte den jungen Violinisten dabei mit zahlreichen Arrangements und zeichnet sich auch solistisch als perfekter Counterpart zu Sandro Roys Spiel aus. Ganz besondere solistische Highlights setzen zwei weitere im franz\u00c3\u00b6sischsprachigen Sprachraum angesiedelte Musiker: der blinde Akkordeonist Marcel Loeffler, mit dem Sandro Roy unter anderem im Duo bei den franz\u00c3\u00b6sischen Klassikern \u00e2\u20ac\u017eTendre Reve\u00e2\u20ac\u0153 und \u00e2\u20ac\u017eParis Violon\u00e2\u20ac\u0153 und gemeinsam mit dem Trio bei Richard Gallianos Komposition \u00e2\u20ac\u017eWaltz For Nicky\u00e2\u20ac\u0153 zu h\u00c3\u00b6ren ist und dann in atemberaubenden Momenten mit dem in Klassikkreisen hochgesch\u00c3\u00a4tzten Violinisten Roby Lakatos, mit dem er Irving Berlins \u00e2\u20ac\u017eLet\u00e2\u20ac\u2122s Face The Music And Dance\u00e2\u20ac\u0153 oder auch \u00e2\u20ac\u017eGipsylogy\u00e2\u20ac\u0153 zu schwindelerregenden musikalischen Dialogen werden l\u00c3\u00a4sst.<\/p>\n<p>\u00e2\u20ac\u017e<strong>Souvenir De Paris<\/strong>\u00e2\u20ac\u0153 unterstreicht in frappierender Weise die seltene Gabe von Sandro Roy, sich der Quellen aus Klassik und Jazz in gleicher Weise zu bedienen, und seine Musik zu einem eigenst\u00c3\u00a4ndigen und virtuosen Kosmos werden zu lassen, und all das auf dem vielleicht schwierigsten Instrument von Allen, der Violine.<\/p>\n<p>&nbsp;<\/p>\n<p><strong>Tourtermine 2018<\/strong><\/p>\n<p>&nbsp;<\/p>\n<p>17.01. <strong>M\u00c3\u00bcnchen<\/strong> \u00e2\u20ac\u201c Unterfahrt &#8211; Sandro Roy feat. Jermaine Landsberger Trio: CD Programm<\/p>\n<p>18.01. <strong>Stuttgart<\/strong> &#8211; Bix Jazz Club \u00e2\u20ac\u201c Sandro Roy feat. Jermaine Landsberger Trio: CD Programm<\/p>\n<p>19.01. <strong>L\u00c3\u00b6rrach<\/strong> &#8211; Jazztone Jazz Club \u00e2\u20ac\u201c Sandro Roy feat. J. Landsberger Trio: CD Programm<\/p>\n<p>28.01. <strong>Neus\u00c3\u00a4\u00c3\u0178 <\/strong>\u00e2\u20ac\u201c Stadthalle \u00e2\u20ac\u201c Sandro Roy &amp; Neus\u00c3\u00a4\u00c3\u0178er Kammerorchester: gro\u00c3\u0178es Sinfoniekonzert<\/p>\n<p>22.02. <strong>Ingolstadt<\/strong> &#8211; Audi Forum \u00e2\u20ac\u201c gro\u00c3\u0178e B\u00c3\u00bchne -THE UPTOWN JAZZ ORCHESTRA &amp; Sandro Roy: Jazz<\/p>\n<p>15.03.<strong> Augsburg<\/strong> \u00e2\u20ac\u201c Fuggertage \u00e2\u20ac\u201c Sandro Roy &amp; Takeo Sato: Recital Klassik<\/p>\n<p>08.04. <strong>Hamburg<\/strong> &#8211; Elbinsel Gypsy Festival \u00e2\u20ac\u201c Sandro Roy Group feat. Johnny Rosenberg: CD Programm + mehr<\/p>\n<p>28.+29.04. <strong>\u00c2\u00a0Kempten<\/strong> \u00e2\u20ac\u201c Jazzfr\u00c3\u00bchling<\/p>\n<p>30.05. <strong>Bad Schallerbach<\/strong> &#8211; Musiksommer \u00e2\u20ac\u201c Sandro Roy \/ R. Lakatos \/ J. Landsberger Trio: CD Band + Programm<\/p>\n<p>01.06. <strong>Augsburg<\/strong> &#8211; Django Reinhardt Festival \u00e2\u20ac\u201c Sandro Roy \/ R. Lakatos \/ J. Landsberger Trio: CD Band + Programm<\/p>\n<p>03.06.<strong> Augsburg <\/strong>&#8211; Django Reinhardt Festival \u00e2\u20ac\u201c Mille influences invite Sandro Roy<\/p>\n<p>&nbsp;[:en]<em>Label:SKIP<\/em><\/p>\n<p><em>LabelCode: LC<\/em> <em>10482<\/em><\/p>\n<p><em>Vertrieb: Soulfood<\/em><\/p>\n<p><em>\u00c2\u00a0<\/em><em>Website: <\/em><\/p>\n<p><em><a href=\"http:\/\/www.sandro-roy.com\">www.sandro-roy.com<\/a><\/em><\/p>\n<p><em>\u00c2\u00a0<\/em><em>EPK: <a href=\"https:\/\/www.dropbox.com\/s\/ns2c9j452xahizc\/WEB_EPK_english_FINAL.mov?dl=0\">https:\/\/www.dropbox.com\/s\/ns2c9j452xahizc\/WEB_EPK_english_FINAL.mov?dl=0<\/a><\/em><\/p>\n<p>Videoclip:<\/p>\n<p><em><a href=\"https:\/\/www.dropbox.com\/s\/sgd4divq1soqlcv\/WEB_SouvenirDeParis_Mix1.mov?dl=0\">https:\/\/www.dropbox.com\/s\/sgd4divq1soqlcv\/WEB_SouvenirDeParis_Mix1.mov?dl=0<\/a><\/em><\/p>\n<p>&nbsp;<\/p>\n<p><strong><u>Sandro Roy steht an den Tourterminen vor Ort f\u00c3\u00bcr Interviews zur Verf\u00c3\u00bcgung! Telefoninterviews sind ebenfalls m\u00c3\u00b6glich!<\/u><\/strong><\/p>\n<p><strong><u>Koordination via Marcel Westphal (<a href=\"mailto:mw@qrious.de\">mw@qrious.de<\/a>)<\/u><\/strong><\/p>\n<p>&nbsp;<\/p>\n<p>Unmittelbar nach der Ver\u00c3\u00b6ffentlichung seines Deb\u00c3\u00bct \u00e2\u20ac\u201c Album \u00e2\u20ac\u017eWhere I Come From\u00e2\u20ac\u0153 attestierte der SPIEGEL: \u00e2\u20ac\u017eGro\u00c3\u0178artiger Start eines Supertalents\u00e2\u20ac\u0153, die NEUE MUSIK ZEITUNG k\u00c3\u00bcrte das Album zum \u00e2\u20ac\u017eDeb\u00c3\u00bct des Monats\u00e2\u20ac\u0153 und die renommierte \u00e2\u20ac\u017eM\u00c3\u00bcnchner Konzertgesellschaft\u00e2\u20ac\u0153 verlieh ihm den Jazz \u00e2\u20ac\u201c F\u00c3\u00b6rderpreis. Bei seinen zahlreichen Auftritten zum Beispiel beim \u00e2\u20ac\u017eRheingau Musik Festival\u00e2\u20ac\u0153 oder den angesagten Jazzclubs der Republik l\u00c3\u00b6ste er Begeisterungsst\u00c3\u00bcrme aus.<\/p>\n<p>Jetzt kehrt der junge Violinist zwei Jahre sp\u00c3\u00a4ter mit einem inhaltlich erstaunlich reifen, konzeptionell schl\u00c3\u00bcssigen aber auch immer wieder \u00c3\u00bcberraschenden Projekt zur\u00c3\u00bcck, welches dem Thema Frankreich gewidmet ist. Bereits seine Eigenkomposition \u00e2\u20ac\u017eSouvenir De Paris\u00e2\u20ac\u0153, eine sehr poetische Widmung an diejenige Stadt, die nach seiner Auffassung \u00e2\u20ac\u017eso viele Musiker inspiriert hat\u00e2\u20ac\u0153, zeigt, dass der lyrische Ton des in Augsburg lebenden Violinisten weiter gereift ist. Es sind sowohl gro\u00c3\u0178e franz\u00c3\u00b6sische Musiker und Komponisten wie Michel Legrand, Babik Reinhardt und Stephane Grappelli, aber interessanterweise Weise auch Jazz \u00e2\u20ac\u201c Musiker der j\u00c3\u00bcngeren Generation aus unserem Nachbarland wie Michel Petrucciani und Richard Galliano, die ihn zu spannenden Neu \u00e2\u20ac\u201c Interpretationen inspirieren. Als Begleitung hat er sich daf\u00c3\u00bcr die Musiker des Jermaine Landsberger Trios gew\u00c3\u00a4hlt. Landsberger, wie Sandro Roy auch einer Sinti Familie entstammend, unterst\u00c3\u00bctzte den jungen Violinisten dabei mit zahlreichen Arrangements und zeichnet sich auch solistisch als perfekter Counterpart zu Sandro Roys Spiel aus. Ganz besondere solistische Highlights setzen zwei weitere im franz\u00c3\u00b6sischsprachigen Sprachraum angesiedelte Musiker: der blinde Akkordeonist Marcel Loeffler, mit dem Sandro Roy unter anderem im Duo bei den franz\u00c3\u00b6sischen Klassikern \u00e2\u20ac\u017eTendre Reve\u00e2\u20ac\u0153 und \u00e2\u20ac\u017eParis Violon\u00e2\u20ac\u0153 und gemeinsam mit dem Trio bei Richard Gallianos Komposition \u00e2\u20ac\u017eWaltz For Nicky\u00e2\u20ac\u0153 zu h\u00c3\u00b6ren ist und dann in atemberaubenden Momenten mit dem in Klassikkreisen hochgesch\u00c3\u00a4tzten Violinisten Roby Lakatos, mit dem er Irving Berlins \u00e2\u20ac\u017eLet\u00e2\u20ac\u2122s Face The Music And Dance\u00e2\u20ac\u0153 oder auch \u00e2\u20ac\u017eGipsylogy\u00e2\u20ac\u0153 zu schwindelerregenden musikalischen Dialogen werden l\u00c3\u00a4sst.<\/p>\n<p>\u00e2\u20ac\u017e<strong>Souvenir De Paris<\/strong>\u00e2\u20ac\u0153 unterstreicht in frappierender Weise die seltene Gabe von Sandro Roy, sich der Quellen aus Klassik und Jazz in gleicher Weise zu bedienen, und seine Musik zu einem eigenst\u00c3\u00a4ndigen und virtuosen Kosmos werden zu lassen, und all das auf dem vielleicht schwierigsten Instrument von Allen, der Violine.<\/p>\n<p>&nbsp;<\/p>\n<p>&nbsp;<\/p>\n<p><strong>Tourtermine 2018<\/strong><\/p>\n<p>17.01. <strong>M\u00c3\u00bcnchen<\/strong> \u00e2\u20ac\u201c Unterfahrt &#8211; Sandro Roy feat. Jermaine Landsberger Trio: CD Programm<\/p>\n<p>18.01. <strong>Stuttgart<\/strong> &#8211; Bix Jazz Club \u00e2\u20ac\u201c Sandro Roy feat. Jermaine Landsberger Trio: CD Programm<\/p>\n<p>19.01. <strong>L\u00c3\u00b6rrach<\/strong> &#8211; Jazztone Jazz Club \u00e2\u20ac\u201c Sandro Roy feat. J. Landsberger Trio: CD Programm<\/p>\n<p>28.01. <strong>Neus\u00c3\u00a4\u00c3\u0178 <\/strong>\u00e2\u20ac\u201c Stadthalle \u00e2\u20ac\u201c Sandro Roy &amp; Neus\u00c3\u00a4\u00c3\u0178er Kammerorchester: gro\u00c3\u0178es Sinfoniekonzert<\/p>\n<p>22.02. <strong>Ingolstadt<\/strong> &#8211; Audi Forum \u00e2\u20ac\u201c gro\u00c3\u0178e B\u00c3\u00bchne -THE UPTOWN JAZZ ORCHESTRA &amp; Sandro Roy: Jazz<\/p>\n<p>15.03.<strong> Augsburg<\/strong> \u00e2\u20ac\u201c Fuggertage \u00e2\u20ac\u201c Sandro Roy &amp; Takeo Sato: Recital Klassik<\/p>\n<p>08.04. <strong>Hamburg<\/strong> &#8211; Elbinsel Gypsy Festival \u00e2\u20ac\u201c Sandro Roy Group feat. Johnny Rosenberg: CD Programm + mehr<\/p>\n<p>28.+29.04. <strong>\u00c2\u00a0Kempten<\/strong> \u00e2\u20ac\u201c Jazzfr\u00c3\u00bchling<\/p>\n<p>30.05. <strong>Bad Schallerbach<\/strong> &#8211; Musiksommer \u00e2\u20ac\u201c Sandro Roy \/ R. Lakatos \/ J. Landsberger Trio: CD Band + Programm<\/p>\n<p>01.06. <strong>Augsburg<\/strong> &#8211; Django Reinhardt Festival \u00e2\u20ac\u201c Sandro Roy \/ R. Lakatos \/ J. Landsberger Trio: CD Band + Programm<\/p>\n<p>03.06.<strong> Augsburg <\/strong>&#8211; Django Reinhardt Festival \u00e2\u20ac\u201c Mille influences invite Sandro Roy<\/p>\n<p>&nbsp;[:]<\/p>\n","protected":false},"excerpt":{"rendered":"<p>[:de]Label:SKIP LabelCode: LC 10482 Vertrieb: Soulfood \u00c2\u00a0Website: www.sandro-roy.com \u00c2\u00a0EPK: https:\/\/www.dropbox.com\/s\/ns2c9j452xahizc\/WEB_EPK_english_FINAL.mov?dl=0 Videoclip: https:\/\/www.dropbox.com\/s\/sgd4divq1soqlcv\/WEB_SouvenirDeParis_Mix1.mov?dl=0 &nbsp; Sandro Roy steht an den Tourterminen vor Ort f\u00c3\u00bcr Interviews zur Verf\u00c3\u00bcgung! Telefoninterviews sind ebenfalls m\u00c3\u00b6glich! Koordination via Marcel Westphal (mw@qrious.de) &nbsp; Unmittelbar nach der Ver\u00c3\u00b6ffentlichung seines Deb\u00c3\u00bct \u00e2\u20ac\u201c Album \u00e2\u20ac\u017eWhere I Come From\u00e2\u20ac\u0153 attestierte der SPIEGEL: \u00e2\u20ac\u017eGro\u00c3\u0178artiger Start eines Supertalents\u00e2\u20ac\u0153, die [&hellip;]<\/p>\n","protected":false},"author":6,"featured_media":7934,"comment_status":"closed","ping_status":"closed","sticky":false,"template":"","format":"standard","meta":{"footnotes":""},"categories":[89,3,29,172],"tags":[],"class_list":["post-7936","post","type-post","status-publish","format-standard","has-post-thumbnail","hentry","category-featured","category-jazz","category-klassik","category-unkategorisiert"],"yoast_head":"<!-- This site is optimized with the Yoast SEO plugin v26.3 - https:\/\/yoast.com\/wordpress\/plugins\/seo\/ -->\n<title>[:de]Sandro Roy &#039;Souvenir De Paris&#039; V\u00c3\u2013-Datum: 26.01.2018[:en]Sandro Roy &#039;Souvenir De Paris&#039; out: 26.01.2018[:] - Q-rious Music<\/title>\n<meta name=\"robots\" content=\"index, follow, max-snippet:-1, max-image-preview:large, max-video-preview:-1\" \/>\n<link rel=\"canonical\" href=\"https:\/\/www.qrious.de\/en\/sandro-roy-souvenir-de-paris-26-01-2018\/\" \/>\n<meta property=\"og:locale\" content=\"en_US\" \/>\n<meta property=\"og:type\" content=\"article\" \/>\n<meta property=\"og:title\" content=\"[:de]Sandro Roy &#039;Souvenir De Paris&#039; V\u00c3\u2013-Datum: 26.01.2018[:en]Sandro Roy &#039;Souvenir De Paris&#039; out: 26.01.2018[:] - Q-rious Music\" \/>\n<meta property=\"og:description\" content=\"[:de]Label:SKIP LabelCode: LC 10482 Vertrieb: Soulfood \u00c2\u00a0Website: www.sandro-roy.com \u00c2\u00a0EPK: https:\/\/www.dropbox.com\/s\/ns2c9j452xahizc\/WEB_EPK_english_FINAL.mov?dl=0 Videoclip: https:\/\/www.dropbox.com\/s\/sgd4divq1soqlcv\/WEB_SouvenirDeParis_Mix1.mov?dl=0 &nbsp; Sandro Roy steht an den Tourterminen vor Ort f\u00c3\u00bcr Interviews zur Verf\u00c3\u00bcgung! Telefoninterviews sind ebenfalls m\u00c3\u00b6glich! Koordination via Marcel Westphal (mw@qrious.de) &nbsp; Unmittelbar nach der Ver\u00c3\u00b6ffentlichung seines Deb\u00c3\u00bct \u00e2\u20ac\u201c Album \u00e2\u20ac\u017eWhere I Come From\u00e2\u20ac\u0153 attestierte der SPIEGEL: \u00e2\u20ac\u017eGro\u00c3\u0178artiger Start eines Supertalents\u00e2\u20ac\u0153, die [&hellip;]\" \/>\n<meta property=\"og:url\" content=\"https:\/\/www.qrious.de\/en\/sandro-roy-souvenir-de-paris-26-01-2018\/\" \/>\n<meta property=\"og:site_name\" content=\"Q-rious Music\" \/>\n<meta property=\"article:publisher\" content=\"https:\/\/www.facebook.com\/QriousMusic\/\" \/>\n<meta property=\"article:published_time\" content=\"2017-10-24T09:01:34+00:00\" \/>\n<meta property=\"article:modified_time\" content=\"2017-12-13T13:39:52+00:00\" \/>\n<meta property=\"og:image\" content=\"https:\/\/www.qrious.de\/wp-content\/uploads\/2017\/10\/Sandro_Roy_1_300dpi.jpg\" \/>\n\t<meta property=\"og:image:width\" content=\"1648\" \/>\n\t<meta property=\"og:image:height\" content=\"1476\" \/>\n\t<meta property=\"og:image:type\" content=\"image\/jpeg\" \/>\n<meta name=\"author\" content=\"Qrious\" \/>\n<meta name=\"twitter:card\" content=\"summary_large_image\" \/>\n<meta name=\"twitter:label1\" content=\"Written by\" \/>\n\t<meta name=\"twitter:data1\" content=\"Qrious\" \/>\n\t<meta name=\"twitter:label2\" content=\"Est. reading time\" \/>\n\t<meta name=\"twitter:data2\" content=\"6 minutes\" \/>\n<script type=\"application\/ld+json\" class=\"yoast-schema-graph\">{\"@context\":\"https:\/\/schema.org\",\"@graph\":[{\"@type\":\"WebPage\",\"@id\":\"https:\/\/www.qrious.de\/en\/sandro-roy-souvenir-de-paris-26-01-2018\/\",\"url\":\"https:\/\/www.qrious.de\/en\/sandro-roy-souvenir-de-paris-26-01-2018\/\",\"name\":\"[:de]Sandro Roy 'Souvenir De Paris' V\u00c3\u2013-Datum: 26.01.2018[:en]Sandro Roy 'Souvenir De Paris' out: 26.01.2018[:] - Q-rious Music\",\"isPartOf\":{\"@id\":\"https:\/\/www.qrious.de\/en\/#website\"},\"primaryImageOfPage\":{\"@id\":\"https:\/\/www.qrious.de\/en\/sandro-roy-souvenir-de-paris-26-01-2018\/#primaryimage\"},\"image\":{\"@id\":\"https:\/\/www.qrious.de\/en\/sandro-roy-souvenir-de-paris-26-01-2018\/#primaryimage\"},\"thumbnailUrl\":\"https:\/\/www.qrious.de\/wp-content\/uploads\/2017\/10\/Sandro_Roy_1_300dpi.jpg\",\"datePublished\":\"2017-10-24T09:01:34+00:00\",\"dateModified\":\"2017-12-13T13:39:52+00:00\",\"author\":{\"@id\":\"https:\/\/www.qrious.de\/en\/#\/schema\/person\/c23ecd85bc1b3ab8b09bf6da9d86a700\"},\"breadcrumb\":{\"@id\":\"https:\/\/www.qrious.de\/en\/sandro-roy-souvenir-de-paris-26-01-2018\/#breadcrumb\"},\"inLanguage\":\"en-US\",\"potentialAction\":[{\"@type\":\"ReadAction\",\"target\":[\"https:\/\/www.qrious.de\/en\/sandro-roy-souvenir-de-paris-26-01-2018\/\"]}]},{\"@type\":\"ImageObject\",\"inLanguage\":\"en-US\",\"@id\":\"https:\/\/www.qrious.de\/en\/sandro-roy-souvenir-de-paris-26-01-2018\/#primaryimage\",\"url\":\"https:\/\/www.qrious.de\/wp-content\/uploads\/2017\/10\/Sandro_Roy_1_300dpi.jpg\",\"contentUrl\":\"https:\/\/www.qrious.de\/wp-content\/uploads\/2017\/10\/Sandro_Roy_1_300dpi.jpg\",\"width\":1648,\"height\":1476},{\"@type\":\"BreadcrumbList\",\"@id\":\"https:\/\/www.qrious.de\/en\/sandro-roy-souvenir-de-paris-26-01-2018\/#breadcrumb\",\"itemListElement\":[{\"@type\":\"ListItem\",\"position\":1,\"name\":\"Home\",\"item\":\"https:\/\/www.qrious.de\/en\/\"},{\"@type\":\"ListItem\",\"position\":2,\"name\":\"[:de]Sandro Roy &#8216;Souvenir De Paris&#8217; V\u00c3\u2013-Datum: 26.01.2018[:en]Sandro Roy &#8216;Souvenir De Paris&#8217; out: 26.01.2018[:]\"}]},{\"@type\":\"WebSite\",\"@id\":\"https:\/\/www.qrious.de\/en\/#website\",\"url\":\"https:\/\/www.qrious.de\/en\/\",\"name\":\"Q-rious Music\",\"description\":\"Q-rious Music: promotion, distribution, label, publishing\",\"potentialAction\":[{\"@type\":\"SearchAction\",\"target\":{\"@type\":\"EntryPoint\",\"urlTemplate\":\"https:\/\/www.qrious.de\/en\/?s={search_term_string}\"},\"query-input\":{\"@type\":\"PropertyValueSpecification\",\"valueRequired\":true,\"valueName\":\"search_term_string\"}}],\"inLanguage\":\"en-US\"},{\"@type\":\"Person\",\"@id\":\"https:\/\/www.qrious.de\/en\/#\/schema\/person\/c23ecd85bc1b3ab8b09bf6da9d86a700\",\"name\":\"Qrious\",\"sameAs\":[\"http:\/\/www.qrious.de\"],\"url\":\"https:\/\/www.qrious.de\/en\/author\/office\/\"}]}<\/script>\n<!-- \/ Yoast SEO plugin. -->","yoast_head_json":{"title":"[:de]Sandro Roy 'Souvenir De Paris' V\u00c3\u2013-Datum: 26.01.2018[:en]Sandro Roy 'Souvenir De Paris' out: 26.01.2018[:] - Q-rious Music","robots":{"index":"index","follow":"follow","max-snippet":"max-snippet:-1","max-image-preview":"max-image-preview:large","max-video-preview":"max-video-preview:-1"},"canonical":"https:\/\/www.qrious.de\/en\/sandro-roy-souvenir-de-paris-26-01-2018\/","og_locale":"en_US","og_type":"article","og_title":"[:de]Sandro Roy 'Souvenir De Paris' V\u00c3\u2013-Datum: 26.01.2018[:en]Sandro Roy 'Souvenir De Paris' out: 26.01.2018[:] - Q-rious Music","og_description":"[:de]Label:SKIP LabelCode: LC 10482 Vertrieb: Soulfood \u00c2\u00a0Website: www.sandro-roy.com \u00c2\u00a0EPK: https:\/\/www.dropbox.com\/s\/ns2c9j452xahizc\/WEB_EPK_english_FINAL.mov?dl=0 Videoclip: https:\/\/www.dropbox.com\/s\/sgd4divq1soqlcv\/WEB_SouvenirDeParis_Mix1.mov?dl=0 &nbsp; Sandro Roy steht an den Tourterminen vor Ort f\u00c3\u00bcr Interviews zur Verf\u00c3\u00bcgung! Telefoninterviews sind ebenfalls m\u00c3\u00b6glich! Koordination via Marcel Westphal (mw@qrious.de) &nbsp; Unmittelbar nach der Ver\u00c3\u00b6ffentlichung seines Deb\u00c3\u00bct \u00e2\u20ac\u201c Album \u00e2\u20ac\u017eWhere I Come From\u00e2\u20ac\u0153 attestierte der SPIEGEL: \u00e2\u20ac\u017eGro\u00c3\u0178artiger Start eines Supertalents\u00e2\u20ac\u0153, die [&hellip;]","og_url":"https:\/\/www.qrious.de\/en\/sandro-roy-souvenir-de-paris-26-01-2018\/","og_site_name":"Q-rious Music","article_publisher":"https:\/\/www.facebook.com\/QriousMusic\/","article_published_time":"2017-10-24T09:01:34+00:00","article_modified_time":"2017-12-13T13:39:52+00:00","og_image":[{"width":1648,"height":1476,"url":"https:\/\/www.qrious.de\/wp-content\/uploads\/2017\/10\/Sandro_Roy_1_300dpi.jpg","type":"image\/jpeg"}],"author":"Qrious","twitter_card":"summary_large_image","twitter_misc":{"Written by":"Qrious","Est. reading time":"6 minutes"},"schema":{"@context":"https:\/\/schema.org","@graph":[{"@type":"WebPage","@id":"https:\/\/www.qrious.de\/en\/sandro-roy-souvenir-de-paris-26-01-2018\/","url":"https:\/\/www.qrious.de\/en\/sandro-roy-souvenir-de-paris-26-01-2018\/","name":"[:de]Sandro Roy 'Souvenir De Paris' V\u00c3\u2013-Datum: 26.01.2018[:en]Sandro Roy 'Souvenir De Paris' out: 26.01.2018[:] - Q-rious Music","isPartOf":{"@id":"https:\/\/www.qrious.de\/en\/#website"},"primaryImageOfPage":{"@id":"https:\/\/www.qrious.de\/en\/sandro-roy-souvenir-de-paris-26-01-2018\/#primaryimage"},"image":{"@id":"https:\/\/www.qrious.de\/en\/sandro-roy-souvenir-de-paris-26-01-2018\/#primaryimage"},"thumbnailUrl":"https:\/\/www.qrious.de\/wp-content\/uploads\/2017\/10\/Sandro_Roy_1_300dpi.jpg","datePublished":"2017-10-24T09:01:34+00:00","dateModified":"2017-12-13T13:39:52+00:00","author":{"@id":"https:\/\/www.qrious.de\/en\/#\/schema\/person\/c23ecd85bc1b3ab8b09bf6da9d86a700"},"breadcrumb":{"@id":"https:\/\/www.qrious.de\/en\/sandro-roy-souvenir-de-paris-26-01-2018\/#breadcrumb"},"inLanguage":"en-US","potentialAction":[{"@type":"ReadAction","target":["https:\/\/www.qrious.de\/en\/sandro-roy-souvenir-de-paris-26-01-2018\/"]}]},{"@type":"ImageObject","inLanguage":"en-US","@id":"https:\/\/www.qrious.de\/en\/sandro-roy-souvenir-de-paris-26-01-2018\/#primaryimage","url":"https:\/\/www.qrious.de\/wp-content\/uploads\/2017\/10\/Sandro_Roy_1_300dpi.jpg","contentUrl":"https:\/\/www.qrious.de\/wp-content\/uploads\/2017\/10\/Sandro_Roy_1_300dpi.jpg","width":1648,"height":1476},{"@type":"BreadcrumbList","@id":"https:\/\/www.qrious.de\/en\/sandro-roy-souvenir-de-paris-26-01-2018\/#breadcrumb","itemListElement":[{"@type":"ListItem","position":1,"name":"Home","item":"https:\/\/www.qrious.de\/en\/"},{"@type":"ListItem","position":2,"name":"[:de]Sandro Roy &#8216;Souvenir De Paris&#8217; V\u00c3\u2013-Datum: 26.01.2018[:en]Sandro Roy &#8216;Souvenir De Paris&#8217; out: 26.01.2018[:]"}]},{"@type":"WebSite","@id":"https:\/\/www.qrious.de\/en\/#website","url":"https:\/\/www.qrious.de\/en\/","name":"Q-rious Music","description":"Q-rious Music: promotion, distribution, label, publishing","potentialAction":[{"@type":"SearchAction","target":{"@type":"EntryPoint","urlTemplate":"https:\/\/www.qrious.de\/en\/?s={search_term_string}"},"query-input":{"@type":"PropertyValueSpecification","valueRequired":true,"valueName":"search_term_string"}}],"inLanguage":"en-US"},{"@type":"Person","@id":"https:\/\/www.qrious.de\/en\/#\/schema\/person\/c23ecd85bc1b3ab8b09bf6da9d86a700","name":"Qrious","sameAs":["http:\/\/www.qrious.de"],"url":"https:\/\/www.qrious.de\/en\/author\/office\/"}]}},"_links":{"self":[{"href":"https:\/\/www.qrious.de\/en\/wp-json\/wp\/v2\/posts\/7936","targetHints":{"allow":["GET"]}}],"collection":[{"href":"https:\/\/www.qrious.de\/en\/wp-json\/wp\/v2\/posts"}],"about":[{"href":"https:\/\/www.qrious.de\/en\/wp-json\/wp\/v2\/types\/post"}],"author":[{"embeddable":true,"href":"https:\/\/www.qrious.de\/en\/wp-json\/wp\/v2\/users\/6"}],"replies":[{"embeddable":true,"href":"https:\/\/www.qrious.de\/en\/wp-json\/wp\/v2\/comments?post=7936"}],"version-history":[{"count":0,"href":"https:\/\/www.qrious.de\/en\/wp-json\/wp\/v2\/posts\/7936\/revisions"}],"wp:featuredmedia":[{"embeddable":true,"href":"https:\/\/www.qrious.de\/en\/wp-json\/wp\/v2\/media\/7934"}],"wp:attachment":[{"href":"https:\/\/www.qrious.de\/en\/wp-json\/wp\/v2\/media?parent=7936"}],"wp:term":[{"taxonomy":"category","embeddable":true,"href":"https:\/\/www.qrious.de\/en\/wp-json\/wp\/v2\/categories?post=7936"},{"taxonomy":"post_tag","embeddable":true,"href":"https:\/\/www.qrious.de\/en\/wp-json\/wp\/v2\/tags?post=7936"}],"curies":[{"name":"wp","href":"https:\/\/api.w.org\/{rel}","templated":true}]}}