{"id":5969,"date":"2017-05-18T17:39:13","date_gmt":"2017-05-18T15:39:13","guid":{"rendered":"http:\/\/www.qrious.de\/?p=5969"},"modified":"2017-07-06T14:49:44","modified_gmt":"2017-07-06T12:49:44","slug":"wolfgang-dauner-das-jubilaumskonzert","status":"publish","type":"post","link":"https:\/\/www.qrious.de\/en\/wolfgang-dauner-das-jubilaumskonzert\/","title":{"rendered":"Wolfgang Dauner  &#8220;Das Jubil\u00c3\u00a4umskonzert&#8221;"},"content":{"rendered":"<p>[:de]<strong>Timba Records <\/strong>pr\u00c3\u00a4sentiert:<\/p>\n<h1 style=\"text-align: center;\">Wolfgang Dauner<\/h1>\n<h3 style=\"text-align: center;\"><strong>&#8220;Das Jubil\u00c3\u00a4umskonzert&#8221;<\/strong><\/h3>\n<p><em>K\u00c3\u00bcnstler: Wolfgang Dauner<\/em><\/p>\n<p><em>Albumtitel: Das Jubil\u00c3\u00a4umskonzert<\/em><\/p>\n<p><em>V\u00c3\u2013-Datum: 02.06.2017<\/em><\/p>\n<p><em>Label: Timba Records<\/em><\/p>\n<p><em>Labelcode: LC10197<\/em><\/p>\n<p><em>Vertrieb: Electrola<\/em><\/p>\n<p><em>Website: www.dauner-around.de<\/em><\/p>\n<p>&nbsp;<\/p>\n<p><strong>Am 03.06.2017 findet im Theaterhaus Stuttgart das CD-Release-Konzert Wolfgang Dauner &#8220;Das Jubil\u00c3\u00a4umskonzert&#8221; statt. Es spielt das United Jazz &amp; Rock Ensemble Second Generation mit einem Stargast und das Projekt Dauner \/\/ Dauner.<\/strong><\/p>\n<p><strong>\u00c2\u00a0<\/strong><strong>Medienpartner sind herzlich zum Konzert eingeladen. Bei Interesse bitten wir um eine kurze R\u00c3\u00bcckinfo zwecks Akkreditierung (gerne auch \u00e2\u20ac\u017e+1\u00e2\u20ac\u0153) an: <a href=\"mailto:marcel.westphal@qrious.de\">marcel.westphal@qrious.de<\/a><\/strong><strong>\u00c2\u00a0<\/strong><\/p>\n<p><strong>\u00c2\u00a0<\/strong><strong>Wolfgang Dauner steht im Vorfeld des Konzertes auch f\u00c3\u00bcr Interviews in seinem Haus in Stuttgart zur Verf\u00c3\u00bcgung. Phoner sind ebenfalls m\u00c3\u00b6glich. Koordination via: \u00c2\u00a0<a href=\"mailto:marcel.westphal@qrious.de\">marcel.westphal@qrious.de<\/a><\/strong><strong>\u00c2\u00a0<\/strong><\/p>\n<p>&nbsp;<\/p>\n<p><strong>Wolfgang Dauner \u00e2\u20ac\u017eDas Jubil\u00c3\u00a4umskonzert\u00e2\u20ac\u0153<\/strong><\/p>\n<p>Zwei unvergessliche Konzertabende sind auf dieser Compact Disc festgehalten. Am 23. und 24. Januar 2016 fanden sie im Stuttgarter Theaterhaus statt. Anlass war die Ehrung Wolfgang Dauners mit dem Jazzpreis Baden-W\u00c3\u00bcrttemberg f\u00c3\u00bcr sein Lebenswerk. Ein wahrhaft vielf\u00c3\u00a4ltiges, innovatives und ereignisreiches Lebenswerk, voll von vielen wunderbaren Kompositionen, voll von vielen ausverkauften Konzerten. Ein kreativer Gl\u00c3\u00bcckspilz!<\/p>\n<p>Beleg ist diese CD mit einem kleinen Ausschnitt seines umfangreichen Schaffens. Zugegeben, Wolfgang Dauner hat keinen Mega-Hit komponiert, der rund um den Erdball getr\u00c3\u00a4llert wird, aber er hat etwas viel wichtigeres erschaffen: Musik, die noch in 100 Jahren von anderen Musikern gespielt und gesch\u00c3\u00a4tzt wird. Er hat sich schon in seinen Anfangszeiten als Musiker nach neuen Ausdrucksformen umgeschaut bzw. neue musikalische Formen selbst entwickelt. Nie bequem und immer interessant, immer gro\u00c3\u0178e Qualit\u00c3\u00a4t, das ist sein Markenzeichen. Dauner war und bleibt immer in Bewegung.<\/p>\n<p>Auf dieser CD gibt es zwei Titel mit Vater Wolfgang und Sohn Florian. Auf dieser CD spielt auch als Gastmusiker Jon Hiseman. Wolfgang und Jon waren wichtige S\u00c3\u00a4ulen des United Jazz + Rockensembles, das 1975 seinen Siegeszug begann, der 25 Jahre anhielt. Und in dieser Anfangszeit sa\u00c3\u0178 der kleine Florian, gerade mal 5 Jahre alt, unter dem Klavier seines Vaters und beobachtete fasziniert das Schlagzeugspiel von Jon Hiseman. Das hat ihn begeistert, nicht mehr losgelassen und ihn zu einem der besten jungen Schlagzeuger der Gegenwart gemacht. Gekr\u00c3\u00b6nt wird diese Geschichte im Januar 2016 mit Vater Wolfgangs Komposition \u00e2\u20ac\u017eBe Bop Scat\u00e2\u20ac\u0153 (letzter Titel auf dieser CD). United 2 spielen diesen Titel mit ihrem etatm\u00c3\u00a4\u00c3\u0178igen Drummer Flo Dauner im Duett mit Jon Hiseman, dem Schlagzeuger der legend\u00c3\u00a4ren Erstbesetzung. Ein Gl\u00c3\u00bccksfall f\u00c3\u00bcr alle Beteiligten auf der B\u00c3\u00bchne und f\u00c3\u00bcrs Publikum. Man h\u00c3\u00b6rt\u00e2\u20ac\u2122s deutlich!<\/p>\n<p>Dass Wolfgang Dauner auch einen Titel von Albert Mangelsdorff auf dieser Live-CD pr\u00c3\u00a4sentiert, zeigt zweierlei: Einmal seinen gro\u00c3\u0178en freundschaftlichen Respekt vor einem der besten deutschen Jazzmusiker ever, (wer sagt, er war der beste liegt nicht falsch) und zum anderen erinnert Dauner an seine jahrelange musikalische Partnerschaft mit Albert Mangelsdorff, mit dem er viele wunderbare Konzerte spielte und mit dem er sich \u00e2\u20ac\u017eblind\u00e2\u20ac\u0153 verstand. Zwei gro\u00c3\u0178e Meister, die keine Probleme hatten sich gegenseitig zu unterst\u00c3\u00bctzen, sich auch mal in die \u00e2\u20ac\u017e2. Reihe\u00e2\u20ac\u0153 zu begeben. Soziale Kompetenz gepaart mit gro\u00c3\u0178er musikalischer Qualit\u00c3\u00a4t, auch das ist Wolfgang Dauner.<\/p>\n<p>Ich w\u00c3\u00bcnsche Ihnen viel Spa\u00c3\u0178 mit diesem Einblick in Dauners Welt.<\/p>\n<p>Text: Werner Schretzmeier<\/p>\n<p>&nbsp;<\/p>\n<p><strong>Wolfgang Dauner \u00e2\u20ac\u201c <\/strong>&#8220;Das Jubil\u00c3\u00a4umskkonzert&#8221; \/ V\u00c3\u2013: 02.06.2017<\/p>\n<p><strong>Timba Recordsl (LC 10197) | <\/strong>im <strong>Vertrieb <\/strong>bei Electrola<\/p>\n<p>&nbsp;<\/p>\n<p><strong>\u00c2\u00a0<\/strong>[:en]<strong>Timba Records <\/strong>pr\u00c3\u00a4sentiert:<\/p>\n<h1 style=\"text-align: center;\">Wolfgang Dauner<\/h1>\n<h3 style=\"text-align: center;\"><strong>&#8220;Das Jubil\u00c3\u00a4umskonzert&#8221;<\/strong><\/h3>\n<p><em>K\u00c3\u00bcnstler: Wolfgang Dauner<\/em><\/p>\n<p><em>Albumtitel: Das Jubil\u00c3\u00a4umskonzert<\/em><\/p>\n<p><em>V\u00c3\u2013-Datum: 02.06.2017<\/em><\/p>\n<p><em>Label: Timba Records<\/em><\/p>\n<p><em>Labelcode: LC10197<\/em><\/p>\n<p><em>Vertrieb: Electrola<\/em><\/p>\n<p><em>Website: www.dauner-around.de<\/em><\/p>\n<p><em>\u00c2\u00a0<\/em><\/p>\n<p><strong>Am 03.06.2017 findet im Theaterhaus Stuttgart das CD-Release-Konzert Wolfgang Dauner &#8220;Das Jubil\u00c3\u00a4umskonzert&#8221; statt. Es spielt das United Jazz &amp; Rock Ensemble Second Generation mit einem Stargast und das Projekt Dauner \/\/ Dauner.<\/strong><\/p>\n<p><strong>\u00c2\u00a0<\/strong><strong>Medienpartner sind herzlich zum Konzert eingeladen. Bei Interesse bitten wir um eine kurze R\u00c3\u00bcckinfo zwecks Akkreditierung (gerne auch \u00e2\u20ac\u017e+1\u00e2\u20ac\u0153) an: <a href=\"mailto:marcel.westphal@qrious.de\">marcel.westphal@qrious.de<\/a><\/strong><strong>\u00c2\u00a0<\/strong><\/p>\n<p><strong>\u00c2\u00a0<\/strong><strong>Wolfgang Dauner steht im Vorfeld des Konzertes auch f\u00c3\u00bcr Interviews in seinem Haus in Stuttgart zur Verf\u00c3\u00bcgung. Phoner sind ebenfalls m\u00c3\u00b6glich. Koordination via: \u00c2\u00a0<a href=\"mailto:marcel.westphal@qrious.de\">marcel.westphal@qrious.de<\/a><\/strong><strong>\u00c2\u00a0<\/strong><\/p>\n<p><strong>Wolfgang Dauner \u00e2\u20ac\u017eDas Jubil\u00c3\u00a4umskonzert\u00e2\u20ac\u0153<\/strong><\/p>\n<p>Zwei unvergessliche Konzertabende sind auf dieser Compact Disc festgehalten. Am 23. und 24. Januar 2016 fanden sie im Stuttgarter Theaterhaus statt. Anlass war die Ehrung Wolfgang Dauners mit dem Jazzpreis Baden-W\u00c3\u00bcrttemberg f\u00c3\u00bcr sein Lebenswerk. Ein wahrhaft vielf\u00c3\u00a4ltiges, innovatives und ereignisreiches Lebenswerk, voll von vielen wunderbaren Kompositionen, voll von vielen ausverkauften Konzerten. Ein kreativer Gl\u00c3\u00bcckspilz!<\/p>\n<p>Beleg ist diese CD mit einem kleinen Ausschnitt seines umfangreichen Schaffens. Zugegeben, Wolfgang Dauner hat keinen Mega-Hit komponiert, der rund um den Erdball getr\u00c3\u00a4llert wird, aber er hat etwas viel wichtigeres erschaffen: Musik, die noch in 100 Jahren von anderen Musikern gespielt und gesch\u00c3\u00a4tzt wird. Er hat sich schon in seinen Anfangszeiten als Musiker nach neuen Ausdrucksformen umgeschaut bzw. neue musikalische Formen selbst entwickelt. Nie bequem und immer interessant, immer gro\u00c3\u0178e Qualit\u00c3\u00a4t, das ist sein Markenzeichen. Dauner war und bleibt immer in Bewegung.<\/p>\n<p>Auf dieser CD gibt es zwei Titel mit Vater Wolfgang und Sohn Florian. Auf dieser CD spielt auch als Gastmusiker Jon Hiseman. Wolfgang und Jon waren wichtige S\u00c3\u00a4ulen des United Jazz + Rockensembles, das 1975 seinen Siegeszug begann, der 25 Jahre anhielt. Und in dieser Anfangszeit sa\u00c3\u0178 der kleine Florian, gerade mal 5 Jahre alt, unter dem Klavier seines Vaters und beobachtete fasziniert das Schlagzeugspiel von Jon Hiseman. Das hat ihn begeistert, nicht mehr losgelassen und ihn zu einem der besten jungen Schlagzeuger der Gegenwart gemacht. Gekr\u00c3\u00b6nt wird diese Geschichte im Januar 2016 mit Vater Wolfgangs Komposition \u00e2\u20ac\u017eBe Bop Scat\u00e2\u20ac\u0153 (letzter Titel auf dieser CD). United 2 spielen diesen Titel mit ihrem etatm\u00c3\u00a4\u00c3\u0178igen Drummer Flo Dauner im Duett mit Jon Hiseman, dem Schlagzeuger der legend\u00c3\u00a4ren Erstbesetzung. Ein Gl\u00c3\u00bccksfall f\u00c3\u00bcr alle Beteiligten auf der B\u00c3\u00bchne und f\u00c3\u00bcrs Publikum. Man h\u00c3\u00b6rt\u00e2\u20ac\u2122s deutlich!<\/p>\n<p>Dass Wolfgang Dauner auch einen Titel von Albert Mangelsdorff auf dieser Live-CD pr\u00c3\u00a4sentiert, zeigt zweierlei: Einmal seinen gro\u00c3\u0178en freundschaftlichen Respekt vor einem der besten deutschen Jazzmusiker ever, (wer sagt, er war der beste liegt nicht falsch) und zum anderen erinnert Dauner an seine jahrelange musikalische Partnerschaft mit Albert Mangelsdorff, mit dem er viele wunderbare Konzerte spielte und mit dem er sich \u00e2\u20ac\u017eblind\u00e2\u20ac\u0153 verstand. Zwei gro\u00c3\u0178e Meister, die keine Probleme hatten sich gegenseitig zu unterst\u00c3\u00bctzen, sich auch mal in die \u00e2\u20ac\u017e2. Reihe\u00e2\u20ac\u0153 zu begeben. Soziale Kompetenz gepaart mit gro\u00c3\u0178er musikalischer Qualit\u00c3\u00a4t, auch das ist Wolfgang Dauner.<\/p>\n<p>Ich w\u00c3\u00bcnsche Ihnen viel Spa\u00c3\u0178 mit diesem Einblick in Dauners Welt.<\/p>\n<p>Text: Werner Schretzmeier<\/p>\n<p><strong>Wolfgang Dauner \u00e2\u20ac\u201c <\/strong>&#8220;Das Jubil\u00c3\u00a4umskkonzert&#8221; \/ V\u00c3\u2013: 02.06.2017<\/p>\n<p><strong>Timba Recordsl (LC 10197) | <\/strong>im <strong>Vertrieb <\/strong>bei Electrola[:]<\/p>\n","protected":false},"excerpt":{"rendered":"<p>[:de]Timba Records pr\u00c3\u00a4sentiert: Wolfgang Dauner &#8220;Das Jubil\u00c3\u00a4umskonzert&#8221; K\u00c3\u00bcnstler: Wolfgang Dauner Albumtitel: Das Jubil\u00c3\u00a4umskonzert V\u00c3\u2013-Datum: 02.06.2017 Label: Timba Records Labelcode: LC10197 Vertrieb: Electrola Website: www.dauner-around.de &nbsp; Am 03.06.2017 findet im Theaterhaus Stuttgart das CD-Release-Konzert Wolfgang Dauner &#8220;Das Jubil\u00c3\u00a4umskonzert&#8221; statt. Es spielt das United Jazz &amp; Rock Ensemble Second Generation mit einem Stargast und das Projekt Dauner [&hellip;]<\/p>\n","protected":false},"author":6,"featured_media":5937,"comment_status":"closed","ping_status":"closed","sticky":false,"template":"","format":"standard","meta":{"footnotes":""},"categories":[1,89,172],"tags":[171],"class_list":["post-5969","post","type-post","status-publish","format-standard","has-post-thumbnail","hentry","category-all-posts","category-featured","category-unkategorisiert","tag-news"],"yoast_head":"<!-- This site is optimized with the Yoast SEO plugin v26.3 - https:\/\/yoast.com\/wordpress\/plugins\/seo\/ -->\n<title>Wolfgang Dauner &quot;Das Jubil\u00c3\u00a4umskonzert&quot; - Q-rious Music<\/title>\n<meta name=\"robots\" content=\"index, follow, max-snippet:-1, max-image-preview:large, max-video-preview:-1\" \/>\n<link rel=\"canonical\" href=\"https:\/\/www.qrious.de\/en\/wolfgang-dauner-das-jubilaumskonzert\/\" \/>\n<meta property=\"og:locale\" content=\"en_US\" \/>\n<meta property=\"og:type\" content=\"article\" \/>\n<meta property=\"og:title\" content=\"Wolfgang Dauner &quot;Das Jubil\u00c3\u00a4umskonzert&quot; - Q-rious Music\" \/>\n<meta property=\"og:description\" content=\"[:de]Timba Records pr\u00c3\u00a4sentiert: Wolfgang Dauner &#8220;Das Jubil\u00c3\u00a4umskonzert&#8221; K\u00c3\u00bcnstler: Wolfgang Dauner Albumtitel: Das Jubil\u00c3\u00a4umskonzert V\u00c3\u2013-Datum: 02.06.2017 Label: Timba Records Labelcode: LC10197 Vertrieb: Electrola Website: www.dauner-around.de &nbsp; Am 03.06.2017 findet im Theaterhaus Stuttgart das CD-Release-Konzert Wolfgang Dauner &#8220;Das Jubil\u00c3\u00a4umskonzert&#8221; statt. Es spielt das United Jazz &amp; Rock Ensemble Second Generation mit einem Stargast und das Projekt Dauner [&hellip;]\" \/>\n<meta property=\"og:url\" content=\"https:\/\/www.qrious.de\/en\/wolfgang-dauner-das-jubilaumskonzert\/\" \/>\n<meta property=\"og:site_name\" content=\"Q-rious Music\" \/>\n<meta property=\"article:publisher\" content=\"https:\/\/www.facebook.com\/QriousMusic\/\" \/>\n<meta property=\"article:published_time\" content=\"2017-05-18T15:39:13+00:00\" \/>\n<meta property=\"article:modified_time\" content=\"2017-07-06T12:49:44+00:00\" \/>\n<meta property=\"og:image\" content=\"https:\/\/www.qrious.de\/wp-content\/uploads\/2017\/05\/80_Jahre_Wolfgang_Dauner_300dpi-e1495124534814.jpg\" \/>\n\t<meta property=\"og:image:width\" content=\"2487\" \/>\n\t<meta property=\"og:image:height\" content=\"2025\" \/>\n\t<meta property=\"og:image:type\" content=\"image\/jpeg\" \/>\n<meta name=\"author\" content=\"Qrious\" \/>\n<meta name=\"twitter:card\" content=\"summary_large_image\" \/>\n<meta name=\"twitter:label1\" content=\"Written by\" \/>\n\t<meta name=\"twitter:data1\" content=\"Qrious\" \/>\n\t<meta name=\"twitter:label2\" content=\"Est. reading time\" \/>\n\t<meta name=\"twitter:data2\" content=\"5 minutes\" \/>\n<script type=\"application\/ld+json\" class=\"yoast-schema-graph\">{\"@context\":\"https:\/\/schema.org\",\"@graph\":[{\"@type\":\"WebPage\",\"@id\":\"https:\/\/www.qrious.de\/en\/wolfgang-dauner-das-jubilaumskonzert\/\",\"url\":\"https:\/\/www.qrious.de\/en\/wolfgang-dauner-das-jubilaumskonzert\/\",\"name\":\"Wolfgang Dauner \\\"Das Jubil\u00c3\u00a4umskonzert\\\" - Q-rious Music\",\"isPartOf\":{\"@id\":\"https:\/\/www.qrious.de\/en\/#website\"},\"primaryImageOfPage\":{\"@id\":\"https:\/\/www.qrious.de\/en\/wolfgang-dauner-das-jubilaumskonzert\/#primaryimage\"},\"image\":{\"@id\":\"https:\/\/www.qrious.de\/en\/wolfgang-dauner-das-jubilaumskonzert\/#primaryimage\"},\"thumbnailUrl\":\"https:\/\/www.qrious.de\/wp-content\/uploads\/2017\/05\/80_Jahre_Wolfgang_Dauner_300dpi-e1495124534814.jpg\",\"datePublished\":\"2017-05-18T15:39:13+00:00\",\"dateModified\":\"2017-07-06T12:49:44+00:00\",\"author\":{\"@id\":\"https:\/\/www.qrious.de\/en\/#\/schema\/person\/c23ecd85bc1b3ab8b09bf6da9d86a700\"},\"breadcrumb\":{\"@id\":\"https:\/\/www.qrious.de\/en\/wolfgang-dauner-das-jubilaumskonzert\/#breadcrumb\"},\"inLanguage\":\"en-US\",\"potentialAction\":[{\"@type\":\"ReadAction\",\"target\":[\"https:\/\/www.qrious.de\/en\/wolfgang-dauner-das-jubilaumskonzert\/\"]}]},{\"@type\":\"ImageObject\",\"inLanguage\":\"en-US\",\"@id\":\"https:\/\/www.qrious.de\/en\/wolfgang-dauner-das-jubilaumskonzert\/#primaryimage\",\"url\":\"https:\/\/www.qrious.de\/wp-content\/uploads\/2017\/05\/80_Jahre_Wolfgang_Dauner_300dpi-e1495124534814.jpg\",\"contentUrl\":\"https:\/\/www.qrious.de\/wp-content\/uploads\/2017\/05\/80_Jahre_Wolfgang_Dauner_300dpi-e1495124534814.jpg\",\"width\":2487,\"height\":2025},{\"@type\":\"BreadcrumbList\",\"@id\":\"https:\/\/www.qrious.de\/en\/wolfgang-dauner-das-jubilaumskonzert\/#breadcrumb\",\"itemListElement\":[{\"@type\":\"ListItem\",\"position\":1,\"name\":\"Home\",\"item\":\"https:\/\/www.qrious.de\/en\/\"},{\"@type\":\"ListItem\",\"position\":2,\"name\":\"Wolfgang Dauner &#8220;Das Jubil\u00c3\u00a4umskonzert&#8221;\"}]},{\"@type\":\"WebSite\",\"@id\":\"https:\/\/www.qrious.de\/en\/#website\",\"url\":\"https:\/\/www.qrious.de\/en\/\",\"name\":\"Q-rious Music\",\"description\":\"Q-rious Music: promotion, distribution, label, publishing\",\"potentialAction\":[{\"@type\":\"SearchAction\",\"target\":{\"@type\":\"EntryPoint\",\"urlTemplate\":\"https:\/\/www.qrious.de\/en\/?s={search_term_string}\"},\"query-input\":{\"@type\":\"PropertyValueSpecification\",\"valueRequired\":true,\"valueName\":\"search_term_string\"}}],\"inLanguage\":\"en-US\"},{\"@type\":\"Person\",\"@id\":\"https:\/\/www.qrious.de\/en\/#\/schema\/person\/c23ecd85bc1b3ab8b09bf6da9d86a700\",\"name\":\"Qrious\",\"sameAs\":[\"http:\/\/www.qrious.de\"],\"url\":\"https:\/\/www.qrious.de\/en\/author\/office\/\"}]}<\/script>\n<!-- \/ Yoast SEO plugin. -->","yoast_head_json":{"title":"Wolfgang Dauner \"Das Jubil\u00c3\u00a4umskonzert\" - Q-rious Music","robots":{"index":"index","follow":"follow","max-snippet":"max-snippet:-1","max-image-preview":"max-image-preview:large","max-video-preview":"max-video-preview:-1"},"canonical":"https:\/\/www.qrious.de\/en\/wolfgang-dauner-das-jubilaumskonzert\/","og_locale":"en_US","og_type":"article","og_title":"Wolfgang Dauner \"Das Jubil\u00c3\u00a4umskonzert\" - Q-rious Music","og_description":"[:de]Timba Records pr\u00c3\u00a4sentiert: Wolfgang Dauner &#8220;Das Jubil\u00c3\u00a4umskonzert&#8221; K\u00c3\u00bcnstler: Wolfgang Dauner Albumtitel: Das Jubil\u00c3\u00a4umskonzert V\u00c3\u2013-Datum: 02.06.2017 Label: Timba Records Labelcode: LC10197 Vertrieb: Electrola Website: www.dauner-around.de &nbsp; Am 03.06.2017 findet im Theaterhaus Stuttgart das CD-Release-Konzert Wolfgang Dauner &#8220;Das Jubil\u00c3\u00a4umskonzert&#8221; statt. Es spielt das United Jazz &amp; Rock Ensemble Second Generation mit einem Stargast und das Projekt Dauner [&hellip;]","og_url":"https:\/\/www.qrious.de\/en\/wolfgang-dauner-das-jubilaumskonzert\/","og_site_name":"Q-rious Music","article_publisher":"https:\/\/www.facebook.com\/QriousMusic\/","article_published_time":"2017-05-18T15:39:13+00:00","article_modified_time":"2017-07-06T12:49:44+00:00","og_image":[{"width":2487,"height":2025,"url":"https:\/\/www.qrious.de\/wp-content\/uploads\/2017\/05\/80_Jahre_Wolfgang_Dauner_300dpi-e1495124534814.jpg","type":"image\/jpeg"}],"author":"Qrious","twitter_card":"summary_large_image","twitter_misc":{"Written by":"Qrious","Est. reading time":"5 minutes"},"schema":{"@context":"https:\/\/schema.org","@graph":[{"@type":"WebPage","@id":"https:\/\/www.qrious.de\/en\/wolfgang-dauner-das-jubilaumskonzert\/","url":"https:\/\/www.qrious.de\/en\/wolfgang-dauner-das-jubilaumskonzert\/","name":"Wolfgang Dauner \"Das Jubil\u00c3\u00a4umskonzert\" - Q-rious Music","isPartOf":{"@id":"https:\/\/www.qrious.de\/en\/#website"},"primaryImageOfPage":{"@id":"https:\/\/www.qrious.de\/en\/wolfgang-dauner-das-jubilaumskonzert\/#primaryimage"},"image":{"@id":"https:\/\/www.qrious.de\/en\/wolfgang-dauner-das-jubilaumskonzert\/#primaryimage"},"thumbnailUrl":"https:\/\/www.qrious.de\/wp-content\/uploads\/2017\/05\/80_Jahre_Wolfgang_Dauner_300dpi-e1495124534814.jpg","datePublished":"2017-05-18T15:39:13+00:00","dateModified":"2017-07-06T12:49:44+00:00","author":{"@id":"https:\/\/www.qrious.de\/en\/#\/schema\/person\/c23ecd85bc1b3ab8b09bf6da9d86a700"},"breadcrumb":{"@id":"https:\/\/www.qrious.de\/en\/wolfgang-dauner-das-jubilaumskonzert\/#breadcrumb"},"inLanguage":"en-US","potentialAction":[{"@type":"ReadAction","target":["https:\/\/www.qrious.de\/en\/wolfgang-dauner-das-jubilaumskonzert\/"]}]},{"@type":"ImageObject","inLanguage":"en-US","@id":"https:\/\/www.qrious.de\/en\/wolfgang-dauner-das-jubilaumskonzert\/#primaryimage","url":"https:\/\/www.qrious.de\/wp-content\/uploads\/2017\/05\/80_Jahre_Wolfgang_Dauner_300dpi-e1495124534814.jpg","contentUrl":"https:\/\/www.qrious.de\/wp-content\/uploads\/2017\/05\/80_Jahre_Wolfgang_Dauner_300dpi-e1495124534814.jpg","width":2487,"height":2025},{"@type":"BreadcrumbList","@id":"https:\/\/www.qrious.de\/en\/wolfgang-dauner-das-jubilaumskonzert\/#breadcrumb","itemListElement":[{"@type":"ListItem","position":1,"name":"Home","item":"https:\/\/www.qrious.de\/en\/"},{"@type":"ListItem","position":2,"name":"Wolfgang Dauner &#8220;Das Jubil\u00c3\u00a4umskonzert&#8221;"}]},{"@type":"WebSite","@id":"https:\/\/www.qrious.de\/en\/#website","url":"https:\/\/www.qrious.de\/en\/","name":"Q-rious Music","description":"Q-rious Music: promotion, distribution, label, publishing","potentialAction":[{"@type":"SearchAction","target":{"@type":"EntryPoint","urlTemplate":"https:\/\/www.qrious.de\/en\/?s={search_term_string}"},"query-input":{"@type":"PropertyValueSpecification","valueRequired":true,"valueName":"search_term_string"}}],"inLanguage":"en-US"},{"@type":"Person","@id":"https:\/\/www.qrious.de\/en\/#\/schema\/person\/c23ecd85bc1b3ab8b09bf6da9d86a700","name":"Qrious","sameAs":["http:\/\/www.qrious.de"],"url":"https:\/\/www.qrious.de\/en\/author\/office\/"}]}},"_links":{"self":[{"href":"https:\/\/www.qrious.de\/en\/wp-json\/wp\/v2\/posts\/5969","targetHints":{"allow":["GET"]}}],"collection":[{"href":"https:\/\/www.qrious.de\/en\/wp-json\/wp\/v2\/posts"}],"about":[{"href":"https:\/\/www.qrious.de\/en\/wp-json\/wp\/v2\/types\/post"}],"author":[{"embeddable":true,"href":"https:\/\/www.qrious.de\/en\/wp-json\/wp\/v2\/users\/6"}],"replies":[{"embeddable":true,"href":"https:\/\/www.qrious.de\/en\/wp-json\/wp\/v2\/comments?post=5969"}],"version-history":[{"count":0,"href":"https:\/\/www.qrious.de\/en\/wp-json\/wp\/v2\/posts\/5969\/revisions"}],"wp:featuredmedia":[{"embeddable":true,"href":"https:\/\/www.qrious.de\/en\/wp-json\/wp\/v2\/media\/5937"}],"wp:attachment":[{"href":"https:\/\/www.qrious.de\/en\/wp-json\/wp\/v2\/media?parent=5969"}],"wp:term":[{"taxonomy":"category","embeddable":true,"href":"https:\/\/www.qrious.de\/en\/wp-json\/wp\/v2\/categories?post=5969"},{"taxonomy":"post_tag","embeddable":true,"href":"https:\/\/www.qrious.de\/en\/wp-json\/wp\/v2\/tags?post=5969"}],"curies":[{"name":"wp","href":"https:\/\/api.w.org\/{rel}","templated":true}]}}