{"id":22146,"date":"2026-02-18T16:01:52","date_gmt":"2026-02-18T14:01:52","guid":{"rendered":"https:\/\/www.qrious.de\/?p=22146"},"modified":"2026-02-18T16:01:52","modified_gmt":"2026-02-18T14:01:52","slug":"sul-sul-vol-2-releasedate-27-02-2026","status":"publish","type":"post","link":"https:\/\/www.qrious.de\/en\/sul-sul-vol-2-releasedate-27-02-2026\/","title":{"rendered":"SUL &#8211; SUL Vol.2 (Releasedate: 27.02.2026)"},"content":{"rendered":"<p><img loading=\"lazy\" decoding=\"async\" class=\"alignnone size-medium wp-image-22148\" src=\"https:\/\/www.qrious.de\/wp-content\/uploads\/2026\/02\/SUL_SULVol2_Cover-web-300x300.jpg\" alt=\"\" width=\"300\" height=\"300\" srcset=\"https:\/\/www.qrious.de\/wp-content\/uploads\/2026\/02\/SUL_SULVol2_Cover-web-300x300.jpg 300w, https:\/\/www.qrious.de\/wp-content\/uploads\/2026\/02\/SUL_SULVol2_Cover-web-1024x1024.jpg 1024w, https:\/\/www.qrious.de\/wp-content\/uploads\/2026\/02\/SUL_SULVol2_Cover-web-150x150.jpg 150w, https:\/\/www.qrious.de\/wp-content\/uploads\/2026\/02\/SUL_SULVol2_Cover-web-768x768.jpg 768w, https:\/\/www.qrious.de\/wp-content\/uploads\/2026\/02\/SUL_SULVol2_Cover-web-1536x1536.jpg 1536w, https:\/\/www.qrious.de\/wp-content\/uploads\/2026\/02\/SUL_SULVol2_Cover-web-190x190.jpg 190w, https:\/\/www.qrious.de\/wp-content\/uploads\/2026\/02\/SUL_SULVol2_Cover-web-645x645.jpg 645w, https:\/\/www.qrious.de\/wp-content\/uploads\/2026\/02\/SUL_SULVol2_Cover-web-345x345.jpg 345w, https:\/\/www.qrious.de\/wp-content\/uploads\/2026\/02\/SUL_SULVol2_Cover-web-180x180.jpg 180w, https:\/\/www.qrious.de\/wp-content\/uploads\/2026\/02\/SUL_SULVol2_Cover-web-600x600.jpg 600w, https:\/\/www.qrious.de\/wp-content\/uploads\/2026\/02\/SUL_SULVol2_Cover-web-100x100.jpg 100w, https:\/\/www.qrious.de\/wp-content\/uploads\/2026\/02\/SUL_SULVol2_Cover-web.jpg 1920w\" sizes=\"auto, (max-width: 300px) 100vw, 300px\" \/><\/p>\n<p>&nbsp;<\/p>\n<p>Nach ihrem gefeierten Deb\u00fctalbum und zahlreichen Konzerten setzt das <strong>Trio SUL<\/strong> seine musikalische Reise durch die Welt des Jazz und der portugiesischen Instrumentalmusik fort. Aufgebaut auf der tiefen musikalischen und pers\u00f6nlichen Verbundenheit zwischen den drei K\u00fcnstlern pr\u00e4sentieren <strong>Bernardo Couto<\/strong> (portugiesische Gitarre), <strong>Lu\u00eds Figueiredo<\/strong> (Klavier) und <strong>Bernardo Moreira<\/strong> (Kontrabass) nun \u201eSul Vol. II\u201c \u2013 ein Album, das die unverwechselbare Klangsprache und k\u00fcnstlerische Reife des Trios widerspiegelt, gewachsen aus Jahren gemeinsamer Arbeit in verschiedensten musikalischen Kontexten. Das Werk vereint neue Arrangements von Kompositionen von Pedro Caldeira Cabral, Bernardo Sassetti und Carlos Paredes mit Originalst\u00fccken der drei Musiker \u2013 ein vielschichtiges Zeugnis ihrer kreativen Weiterentwicklung und ihrer lebendigen musikalischen Partnerschaft. \u201e<strong>Sul Vol. II<\/strong>\u201c ist eine Hommage an die Instrumentalmusik aus Portugal und spiegelt gleichzeitig die einzigartige Kreativit\u00e4t von drei herausragenden Musikern der nationalen Szene wider.<\/p>\n<p><strong>Bernardo Couto:<\/strong> Bernardo Couto, geboren 1979, z\u00e4hlt zu den herausragenden Virtuosen der portugiesischen Gitarre. Ausgebildet unter anderem bei Carlos Gon\u00e7alves und Pedro Caldeira Cabral, begann er seine Laufbahn im Fado-Haus \u201eMesa de Frades\u201c und begleitete seither K\u00fcnstler wie Caman\u00e9, Ana Moura, Cristina Branco, Carminho und Ant\u00f3nio Zambujo. Neben zahlreichen internationalen Auftritten ist Couto Mitglied des \u201eLisbon String Trios\u201c, arbeitet im Duo mit dem Bandoneonisten Mart\u00edn Sued und ist Teil des Trios \u201eSUL\u201c.<\/p>\n<p><strong>Bernardo Moreira:<\/strong> Er z\u00e4hlt zu den aktivsten Kontrabassisten Portugals. Seit seinen Anf\u00e4ngen im \u201eMoreiras Jazztet\u201c in den 1980er-Jahren hat er sich als vielseitiger Musiker und gefragter Begleiter etabliert. Er studierte bei Gr\u00f6\u00dfen wie Niels-Henning \u00d8rsted Pedersen, Rufus Reid und Reggie Workman und spielte im Laufe seiner Karriere mit internationalen Legenden wie Benny Golson, Freddie Hubbard, Wayne Shorter, Art Farmer und Kenny Wheeler.Neben seiner intensiven Lehrt\u00e4tigkeit an der Musikhochschule Lissabon ist er regelm\u00e4\u00dfig mit Formationen wie dem \u201eMaria Jo\u00e3o \/ M\u00e1rio Laginha Quartett\u201c, dem \u201eM\u00e1rio Laginha Trio\u201c und Cristina Branco auf internationalen B\u00fchnen zu h\u00f6ren. In j\u00fcngerer Zeit ver\u00f6ffentlichte er eigene Projekte wie \u201eEntre Paredes\u201c (2021) und \u201eCantigas de Maio\u201c (2022) sowie das Trio-Album \u201eSUL\u201c mit Lu\u00eds Figueiredo und Bernardo Couto.<\/p>\n<p><strong>Lu\u00eds Figueiredo:<\/strong> Lu\u00eds Figueiredo, geboren 1979 in Coimbra, ist Pianist, Komponist, Arrangeur und Produzent und z\u00e4hlt zu den vielseitigsten Musikern Portugals. Nach seinem Studium am Konservatorium von Coimbra, der Universit\u00e4t von Aveiro und am Hot Clube de Portugal arbeitete er mit zahlreichen K\u00fcnstlern und Orchestern aus Jazz, Klassik und Pop zusammen. Internationale Bekanntheit erlangte er 2017 als Arrangeur des Eurovision-Siegersongs \u201eAmar Pelos Dois\u201c. Neben mehreren eigenen Alben als Bandleader ist Figueiredo ein gefragter Partner in Projekten von K\u00fcnstlern wie Cristina Branco, Bernardo Couto und Bernardo Moreira. Er ist Mitbegr\u00fcnder des unabh\u00e4ngigen Labels \u201eRoda Music\u201c, das sich zeitgen\u00f6ssischem Jazz, improvisierter und klassischer Musik widmet.<\/p>\n<p>&nbsp;<\/p>\n<p><strong>Track List<\/strong><br \/>\n1. Canto 5:14<br \/>\n2. Ar\u00e1bica 4:50<br \/>\n3. I Left My Heart In Alg\u00e2ndaros de Baixo 5:29<br \/>\n4. Despertar 5:29<br \/>\n5. O Tamanho do Mundo 5:33<br \/>\n6. Valsa da Mouraria 2:01<br \/>\n7. O Que Foi J\u00e1 N\u00e3o Volta a Ser 4:49<br \/>\n8. Balada da Oliveira 5:26<br \/>\n9. Canto do Tejo 4:30<\/p>\n<p>&nbsp;<\/p>\n<p><strong>Line-Up:<\/strong><\/p>\n<p>Bernardo Couto \u2013 Portuguese Guitar<\/p>\n<p>Bernardo Moreira \u2013 Double bass<\/p>\n<p>Luis Figueiredo \u2013 Piano<\/p>\n<p><strong>Credits:<\/strong><br \/>\nTrack 1 written by Bernardo Moreira<br \/>\nTrack 2 and 5 written by Lu\u00eds Figueiredo<br \/>\nTrack 3 written by Bernardo Sassetti<br \/>\nTracks 4 and 9 written by Carlos Paredes<br \/>\nTrack 6 written by Jo\u00e3o Pedro Coelho<br \/>\nTrack 7 written by Bernardo Couto<br \/>\nTrack 8 written by Pedro Caldeira Cabral<br \/>\nAll tracks produced by Sul<br \/>\nRecorded by Andr\u00e9 Tavares at Est\u00fadios Valentim de Carvalho, February 24-26, 2025.<br \/>\nMixed and mastered by Andr\u00e9 Tavares.<br \/>\nPhoto by M\u00e1rcia Lessa.<\/p>\n<p>SUL &#8211; Single \u201cAr\u00e1bica&#8221;<\/p>\n<p><iframe loading=\"lazy\" title=\"Sul - Ar\u00e1bica\" width=\"640\" height=\"360\" src=\"https:\/\/www.youtube.com\/embed\/toQJXq07cPs?feature=oembed\" frameborder=\"0\" allow=\"accelerometer; autoplay; clipboard-write; encrypted-media; gyroscope; picture-in-picture; web-share\" referrerpolicy=\"strict-origin-when-cross-origin\" allowfullscreen><\/iframe><\/p>\n<p>&nbsp;<\/p>\n<h3><strong>Tourdates:\u00a0 20.01.2026 \u2013 IKF Showcase \u2013 Freiburg<\/strong><\/h3>\n<p>&nbsp;<\/p>\n<h3><\/h3>\n","protected":false},"excerpt":{"rendered":"<p>&nbsp; Nach ihrem gefeierten Deb\u00fctalbum und zahlreichen Konzerten setzt das Trio SUL seine musikalische Reise durch die Welt des Jazz und der portugiesischen Instrumentalmusik fort. Aufgebaut auf der tiefen musikalischen und pers\u00f6nlichen Verbundenheit zwischen den drei K\u00fcnstlern pr\u00e4sentieren Bernardo Couto (portugiesische Gitarre), Lu\u00eds Figueiredo (Klavier) und Bernardo Moreira (Kontrabass) nun \u201eSul Vol. II\u201c \u2013 ein [&hellip;]<\/p>\n","protected":false},"author":8,"featured_media":22148,"comment_status":"closed","ping_status":"closed","sticky":false,"template":"","format":"standard","meta":{"footnotes":""},"categories":[172],"tags":[],"class_list":["post-22146","post","type-post","status-publish","format-standard","has-post-thumbnail","hentry","category-unkategorisiert"],"yoast_head":"<!-- This site is optimized with the Yoast SEO plugin v26.3 - https:\/\/yoast.com\/wordpress\/plugins\/seo\/ -->\n<title>SUL - SUL Vol.2 (Releasedate: 27.02.2026) - Q-rious Music<\/title>\n<meta name=\"robots\" content=\"index, follow, max-snippet:-1, max-image-preview:large, max-video-preview:-1\" \/>\n<link rel=\"canonical\" href=\"https:\/\/www.qrious.de\/en\/sul-sul-vol-2-releasedate-27-02-2026\/\" \/>\n<meta property=\"og:locale\" content=\"en_US\" \/>\n<meta property=\"og:type\" content=\"article\" \/>\n<meta property=\"og:title\" content=\"SUL - SUL Vol.2 (Releasedate: 27.02.2026) - Q-rious Music\" \/>\n<meta property=\"og:description\" content=\"&nbsp; Nach ihrem gefeierten Deb\u00fctalbum und zahlreichen Konzerten setzt das Trio SUL seine musikalische Reise durch die Welt des Jazz und der portugiesischen Instrumentalmusik fort. Aufgebaut auf der tiefen musikalischen und pers\u00f6nlichen Verbundenheit zwischen den drei K\u00fcnstlern pr\u00e4sentieren Bernardo Couto (portugiesische Gitarre), Lu\u00eds Figueiredo (Klavier) und Bernardo Moreira (Kontrabass) nun \u201eSul Vol. II\u201c \u2013 ein [&hellip;]\" \/>\n<meta property=\"og:url\" content=\"https:\/\/www.qrious.de\/en\/sul-sul-vol-2-releasedate-27-02-2026\/\" \/>\n<meta property=\"og:site_name\" content=\"Q-rious Music\" \/>\n<meta property=\"article:publisher\" content=\"https:\/\/www.facebook.com\/QriousMusic\/\" \/>\n<meta property=\"article:published_time\" content=\"2026-02-18T14:01:52+00:00\" \/>\n<meta property=\"og:image\" content=\"https:\/\/www.qrious.de\/wp-content\/uploads\/2026\/02\/SUL_SULVol2_Cover-web.jpg\" \/>\n\t<meta property=\"og:image:width\" content=\"1920\" \/>\n\t<meta property=\"og:image:height\" content=\"1920\" \/>\n\t<meta property=\"og:image:type\" content=\"image\/jpeg\" \/>\n<meta name=\"author\" content=\"Qrious Music\" \/>\n<meta name=\"twitter:card\" content=\"summary_large_image\" \/>\n<meta name=\"twitter:label1\" content=\"Written by\" \/>\n\t<meta name=\"twitter:data1\" content=\"Qrious Music\" \/>\n\t<meta name=\"twitter:label2\" content=\"Est. reading time\" \/>\n\t<meta name=\"twitter:data2\" content=\"4 minutes\" \/>\n<script type=\"application\/ld+json\" class=\"yoast-schema-graph\">{\"@context\":\"https:\/\/schema.org\",\"@graph\":[{\"@type\":\"WebPage\",\"@id\":\"https:\/\/www.qrious.de\/en\/sul-sul-vol-2-releasedate-27-02-2026\/\",\"url\":\"https:\/\/www.qrious.de\/en\/sul-sul-vol-2-releasedate-27-02-2026\/\",\"name\":\"SUL - SUL Vol.2 (Releasedate: 27.02.2026) - Q-rious Music\",\"isPartOf\":{\"@id\":\"https:\/\/www.qrious.de\/en\/#website\"},\"primaryImageOfPage\":{\"@id\":\"https:\/\/www.qrious.de\/en\/sul-sul-vol-2-releasedate-27-02-2026\/#primaryimage\"},\"image\":{\"@id\":\"https:\/\/www.qrious.de\/en\/sul-sul-vol-2-releasedate-27-02-2026\/#primaryimage\"},\"thumbnailUrl\":\"https:\/\/www.qrious.de\/wp-content\/uploads\/2026\/02\/SUL_SULVol2_Cover-web.jpg\",\"datePublished\":\"2026-02-18T14:01:52+00:00\",\"author\":{\"@id\":\"https:\/\/www.qrious.de\/en\/#\/schema\/person\/00252a077a1383dc2758a6c4e170f67a\"},\"breadcrumb\":{\"@id\":\"https:\/\/www.qrious.de\/en\/sul-sul-vol-2-releasedate-27-02-2026\/#breadcrumb\"},\"inLanguage\":\"en-US\",\"potentialAction\":[{\"@type\":\"ReadAction\",\"target\":[\"https:\/\/www.qrious.de\/en\/sul-sul-vol-2-releasedate-27-02-2026\/\"]}]},{\"@type\":\"ImageObject\",\"inLanguage\":\"en-US\",\"@id\":\"https:\/\/www.qrious.de\/en\/sul-sul-vol-2-releasedate-27-02-2026\/#primaryimage\",\"url\":\"https:\/\/www.qrious.de\/wp-content\/uploads\/2026\/02\/SUL_SULVol2_Cover-web.jpg\",\"contentUrl\":\"https:\/\/www.qrious.de\/wp-content\/uploads\/2026\/02\/SUL_SULVol2_Cover-web.jpg\",\"width\":1920,\"height\":1920},{\"@type\":\"BreadcrumbList\",\"@id\":\"https:\/\/www.qrious.de\/en\/sul-sul-vol-2-releasedate-27-02-2026\/#breadcrumb\",\"itemListElement\":[{\"@type\":\"ListItem\",\"position\":1,\"name\":\"Home\",\"item\":\"https:\/\/www.qrious.de\/en\/\"},{\"@type\":\"ListItem\",\"position\":2,\"name\":\"SUL &#8211; SUL Vol.2 (Releasedate: 27.02.2026)\"}]},{\"@type\":\"WebSite\",\"@id\":\"https:\/\/www.qrious.de\/en\/#website\",\"url\":\"https:\/\/www.qrious.de\/en\/\",\"name\":\"Q-rious Music\",\"description\":\"Q-rious Music: promotion, distribution, label, publishing\",\"potentialAction\":[{\"@type\":\"SearchAction\",\"target\":{\"@type\":\"EntryPoint\",\"urlTemplate\":\"https:\/\/www.qrious.de\/en\/?s={search_term_string}\"},\"query-input\":{\"@type\":\"PropertyValueSpecification\",\"valueRequired\":true,\"valueName\":\"search_term_string\"}}],\"inLanguage\":\"en-US\"},{\"@type\":\"Person\",\"@id\":\"https:\/\/www.qrious.de\/en\/#\/schema\/person\/00252a077a1383dc2758a6c4e170f67a\",\"name\":\"Qrious Music\",\"url\":\"https:\/\/www.qrious.de\/en\/author\/nicole\/\"}]}<\/script>\n<!-- \/ Yoast SEO plugin. -->","yoast_head_json":{"title":"SUL - SUL Vol.2 (Releasedate: 27.02.2026) - Q-rious Music","robots":{"index":"index","follow":"follow","max-snippet":"max-snippet:-1","max-image-preview":"max-image-preview:large","max-video-preview":"max-video-preview:-1"},"canonical":"https:\/\/www.qrious.de\/en\/sul-sul-vol-2-releasedate-27-02-2026\/","og_locale":"en_US","og_type":"article","og_title":"SUL - SUL Vol.2 (Releasedate: 27.02.2026) - Q-rious Music","og_description":"&nbsp; Nach ihrem gefeierten Deb\u00fctalbum und zahlreichen Konzerten setzt das Trio SUL seine musikalische Reise durch die Welt des Jazz und der portugiesischen Instrumentalmusik fort. Aufgebaut auf der tiefen musikalischen und pers\u00f6nlichen Verbundenheit zwischen den drei K\u00fcnstlern pr\u00e4sentieren Bernardo Couto (portugiesische Gitarre), Lu\u00eds Figueiredo (Klavier) und Bernardo Moreira (Kontrabass) nun \u201eSul Vol. II\u201c \u2013 ein [&hellip;]","og_url":"https:\/\/www.qrious.de\/en\/sul-sul-vol-2-releasedate-27-02-2026\/","og_site_name":"Q-rious Music","article_publisher":"https:\/\/www.facebook.com\/QriousMusic\/","article_published_time":"2026-02-18T14:01:52+00:00","og_image":[{"width":1920,"height":1920,"url":"https:\/\/www.qrious.de\/wp-content\/uploads\/2026\/02\/SUL_SULVol2_Cover-web.jpg","type":"image\/jpeg"}],"author":"Qrious Music","twitter_card":"summary_large_image","twitter_misc":{"Written by":"Qrious Music","Est. reading time":"4 minutes"},"schema":{"@context":"https:\/\/schema.org","@graph":[{"@type":"WebPage","@id":"https:\/\/www.qrious.de\/en\/sul-sul-vol-2-releasedate-27-02-2026\/","url":"https:\/\/www.qrious.de\/en\/sul-sul-vol-2-releasedate-27-02-2026\/","name":"SUL - SUL Vol.2 (Releasedate: 27.02.2026) - Q-rious Music","isPartOf":{"@id":"https:\/\/www.qrious.de\/en\/#website"},"primaryImageOfPage":{"@id":"https:\/\/www.qrious.de\/en\/sul-sul-vol-2-releasedate-27-02-2026\/#primaryimage"},"image":{"@id":"https:\/\/www.qrious.de\/en\/sul-sul-vol-2-releasedate-27-02-2026\/#primaryimage"},"thumbnailUrl":"https:\/\/www.qrious.de\/wp-content\/uploads\/2026\/02\/SUL_SULVol2_Cover-web.jpg","datePublished":"2026-02-18T14:01:52+00:00","author":{"@id":"https:\/\/www.qrious.de\/en\/#\/schema\/person\/00252a077a1383dc2758a6c4e170f67a"},"breadcrumb":{"@id":"https:\/\/www.qrious.de\/en\/sul-sul-vol-2-releasedate-27-02-2026\/#breadcrumb"},"inLanguage":"en-US","potentialAction":[{"@type":"ReadAction","target":["https:\/\/www.qrious.de\/en\/sul-sul-vol-2-releasedate-27-02-2026\/"]}]},{"@type":"ImageObject","inLanguage":"en-US","@id":"https:\/\/www.qrious.de\/en\/sul-sul-vol-2-releasedate-27-02-2026\/#primaryimage","url":"https:\/\/www.qrious.de\/wp-content\/uploads\/2026\/02\/SUL_SULVol2_Cover-web.jpg","contentUrl":"https:\/\/www.qrious.de\/wp-content\/uploads\/2026\/02\/SUL_SULVol2_Cover-web.jpg","width":1920,"height":1920},{"@type":"BreadcrumbList","@id":"https:\/\/www.qrious.de\/en\/sul-sul-vol-2-releasedate-27-02-2026\/#breadcrumb","itemListElement":[{"@type":"ListItem","position":1,"name":"Home","item":"https:\/\/www.qrious.de\/en\/"},{"@type":"ListItem","position":2,"name":"SUL &#8211; SUL Vol.2 (Releasedate: 27.02.2026)"}]},{"@type":"WebSite","@id":"https:\/\/www.qrious.de\/en\/#website","url":"https:\/\/www.qrious.de\/en\/","name":"Q-rious Music","description":"Q-rious Music: promotion, distribution, label, publishing","potentialAction":[{"@type":"SearchAction","target":{"@type":"EntryPoint","urlTemplate":"https:\/\/www.qrious.de\/en\/?s={search_term_string}"},"query-input":{"@type":"PropertyValueSpecification","valueRequired":true,"valueName":"search_term_string"}}],"inLanguage":"en-US"},{"@type":"Person","@id":"https:\/\/www.qrious.de\/en\/#\/schema\/person\/00252a077a1383dc2758a6c4e170f67a","name":"Qrious Music","url":"https:\/\/www.qrious.de\/en\/author\/nicole\/"}]}},"_links":{"self":[{"href":"https:\/\/www.qrious.de\/en\/wp-json\/wp\/v2\/posts\/22146","targetHints":{"allow":["GET"]}}],"collection":[{"href":"https:\/\/www.qrious.de\/en\/wp-json\/wp\/v2\/posts"}],"about":[{"href":"https:\/\/www.qrious.de\/en\/wp-json\/wp\/v2\/types\/post"}],"author":[{"embeddable":true,"href":"https:\/\/www.qrious.de\/en\/wp-json\/wp\/v2\/users\/8"}],"replies":[{"embeddable":true,"href":"https:\/\/www.qrious.de\/en\/wp-json\/wp\/v2\/comments?post=22146"}],"version-history":[{"count":1,"href":"https:\/\/www.qrious.de\/en\/wp-json\/wp\/v2\/posts\/22146\/revisions"}],"predecessor-version":[{"id":22157,"href":"https:\/\/www.qrious.de\/en\/wp-json\/wp\/v2\/posts\/22146\/revisions\/22157"}],"wp:featuredmedia":[{"embeddable":true,"href":"https:\/\/www.qrious.de\/en\/wp-json\/wp\/v2\/media\/22148"}],"wp:attachment":[{"href":"https:\/\/www.qrious.de\/en\/wp-json\/wp\/v2\/media?parent=22146"}],"wp:term":[{"taxonomy":"category","embeddable":true,"href":"https:\/\/www.qrious.de\/en\/wp-json\/wp\/v2\/categories?post=22146"},{"taxonomy":"post_tag","embeddable":true,"href":"https:\/\/www.qrious.de\/en\/wp-json\/wp\/v2\/tags?post=22146"}],"curies":[{"name":"wp","href":"https:\/\/api.w.org\/{rel}","templated":true}]}}