{"id":21907,"date":"2025-09-03T17:04:33","date_gmt":"2025-09-03T15:04:33","guid":{"rendered":"https:\/\/www.qrious.de\/?p=21907"},"modified":"2025-09-03T17:06:52","modified_gmt":"2025-09-03T15:06:52","slug":"21907","status":"publish","type":"post","link":"https:\/\/www.qrious.de\/en\/21907\/","title":{"rendered":"Fazil Say &#8211; Mozart: Requiem \/ Mozart &#038; Mevlana (Releasedate: 04.10.2025)"},"content":{"rendered":"<p><img loading=\"lazy\" decoding=\"async\" class=\"alignnone size-medium wp-image-21901\" src=\"https:\/\/www.qrious.de\/wp-content\/uploads\/2025\/09\/FazilSay_Mozart_Cover-web-300x300.jpg\" alt=\"\" width=\"300\" height=\"300\" srcset=\"https:\/\/www.qrious.de\/wp-content\/uploads\/2025\/09\/FazilSay_Mozart_Cover-web-300x300.jpg 300w, https:\/\/www.qrious.de\/wp-content\/uploads\/2025\/09\/FazilSay_Mozart_Cover-web-1024x1024.jpg 1024w, https:\/\/www.qrious.de\/wp-content\/uploads\/2025\/09\/FazilSay_Mozart_Cover-web-150x150.jpg 150w, https:\/\/www.qrious.de\/wp-content\/uploads\/2025\/09\/FazilSay_Mozart_Cover-web-768x768.jpg 768w, https:\/\/www.qrious.de\/wp-content\/uploads\/2025\/09\/FazilSay_Mozart_Cover-web-190x190.jpg 190w, https:\/\/www.qrious.de\/wp-content\/uploads\/2025\/09\/FazilSay_Mozart_Cover-web-645x645.jpg 645w, https:\/\/www.qrious.de\/wp-content\/uploads\/2025\/09\/FazilSay_Mozart_Cover-web-345x345.jpg 345w, https:\/\/www.qrious.de\/wp-content\/uploads\/2025\/09\/FazilSay_Mozart_Cover-web-180x180.jpg 180w, https:\/\/www.qrious.de\/wp-content\/uploads\/2025\/09\/FazilSay_Mozart_Cover-web-600x600.jpg 600w, https:\/\/www.qrious.de\/wp-content\/uploads\/2025\/09\/FazilSay_Mozart_Cover-web-100x100.jpg 100w, https:\/\/www.qrious.de\/wp-content\/uploads\/2025\/09\/FazilSay_Mozart_Cover-web.jpg 1280w\" sizes=\"auto, (max-width: 300px) 100vw, 300px\" \/><\/p>\n<p>&nbsp;<\/p>\n<h2>Mozart: Requiem \/ Mozart &amp; Mevlana<\/h2>\n<h2>Fazil Say<\/h2>\n<p>Album: 3. Oktober 2025<br \/>\nCD 5021732754721<br \/>\n2LP 5021732874931<br \/>\ndigital (dolby atmos)<\/p>\n<p>Br\u00fccke zwischen Ost und West Nicht nur als Pianist zeigt <strong>Fazil Say<\/strong> seine Bewunderung f\u00fcr Wolfgang Amadeus Mozart. Auch als Komponist l\u00e4sst sich der t\u00fcrkische Allround-Musiker vom Werk seines Salzburger Kollegen inspirieren \u2013 und in ganz besonderer Weise von dessen letztem, geheimnisumwittertem Geniestreich, dem Requiem von 1791. Mit <strong>Mozart &amp; Mevlana<\/strong> hat Fazil Say ein Werk in gleicher Besetzung geschaffen, das die Aura und spirituelle Kraft von Mozarts Totenmesse aufgreift und mit den geistigen und k\u00fcnstlerischen Traditionen des Orients verbindet. Zu der Zentralgestalt geh\u00f6rt der im 13. Jahrhundert wirkende persische Sufi-Mystiker Rumi, dessen Texte im Zentrum stehen und den man in Says t\u00fcrkischer Heimat besser als Mevlana kennt. \u201eWarum nicht Ost und West in Liebe und Freundschaft durch Texte des gro\u00dfen Philosophen Mevlana und Zitate aus der Musik eines genialen Komponisten wie Mozart in einem flie\u00dfenden musikalischen Raum vereinen?\u201c, sagt Fazil Say, der sich als Br\u00fcckenbauer versteht und mit dem interkulturellen Konzept des 2024 uraufgef\u00fchrten, in Originalbesetzung nun bei Warner Classics ver\u00f6ffentlichten Werks einen Beitrag zum Frieden in der Welt leisten m\u00f6chte.<\/p>\n<p>Eine Riege von Spitzenmusiker:innen steht ihm dabei zur Seite, aus der allein das international besetzte Solistenquartett mit Fatma Said, Marianne Crebassa, Pene Pati und Alexandros Stavrakakis schon wie ein Zeichen der V\u00f6lkerverst\u00e4ndigung heraussticht. Die Partitur, in der sich Reminiszenzen an die Musiksprache Mozarts mit dem Klang t\u00fcrkischer Volksinstrumente mischen, wird dabei vom Luzerner Sinfonieorchester unter Michael Sanderling mit gro\u00dfer Leuchtkraft umgesetzt, stimmgewaltig tritt der Rundfunkchor Berlin an seine Seite.<\/p>\n<p>&nbsp;<\/p>\n<p>Wolfgang Amadeus Mozart: Requiem KV 626 &amp;<br \/>\nFazil Say: Mozart &amp; Mevlana op. 110 (Welt-Ersteinspielung)<br \/>\n<strong>Fatma Said<\/strong>, Sopran | <strong>Marianne Crebassa<\/strong>,Mezzosopran |<strong> Pene Pati<\/strong>, Tenor | <strong>Alexandros Stavrakakis<\/strong>, Bass<\/p>\n<p><strong>Rundfunkchor Berlin<\/strong> | <strong>Luzerner Sinfonieorchester<\/strong> &#8211; Michael Sanderling, Leitung<\/p>\n","protected":false},"excerpt":{"rendered":"<p>&nbsp; Mozart: Requiem \/ Mozart &amp; Mevlana Fazil Say Album: 3. Oktober 2025 CD 5021732754721 2LP 5021732874931 digital (dolby atmos) Br\u00fccke zwischen Ost und West Nicht nur als Pianist zeigt Fazil Say seine Bewunderung f\u00fcr Wolfgang Amadeus Mozart. Auch als Komponist l\u00e4sst sich der t\u00fcrkische Allround-Musiker vom Werk seines Salzburger Kollegen inspirieren \u2013 und in [&hellip;]<\/p>\n","protected":false},"author":8,"featured_media":21901,"comment_status":"closed","ping_status":"closed","sticky":false,"template":"","format":"standard","meta":{"footnotes":""},"categories":[172],"tags":[],"class_list":["post-21907","post","type-post","status-publish","format-standard","has-post-thumbnail","hentry","category-unkategorisiert"],"yoast_head":"<!-- This site is optimized with the Yoast SEO plugin v26.3 - https:\/\/yoast.com\/wordpress\/plugins\/seo\/ -->\n<title>Fazil Say - Mozart: Requiem \/ Mozart &amp; Mevlana (Releasedate: 04.10.2025) - Q-rious Music<\/title>\n<meta name=\"robots\" content=\"index, follow, max-snippet:-1, max-image-preview:large, max-video-preview:-1\" \/>\n<link rel=\"canonical\" href=\"https:\/\/www.qrious.de\/en\/21907\/\" \/>\n<meta property=\"og:locale\" content=\"en_US\" \/>\n<meta property=\"og:type\" content=\"article\" \/>\n<meta property=\"og:title\" content=\"Fazil Say - Mozart: Requiem \/ Mozart &amp; Mevlana (Releasedate: 04.10.2025) - Q-rious Music\" \/>\n<meta property=\"og:description\" content=\"&nbsp; Mozart: Requiem \/ Mozart &amp; Mevlana Fazil Say Album: 3. Oktober 2025 CD 5021732754721 2LP 5021732874931 digital (dolby atmos) Br\u00fccke zwischen Ost und West Nicht nur als Pianist zeigt Fazil Say seine Bewunderung f\u00fcr Wolfgang Amadeus Mozart. Auch als Komponist l\u00e4sst sich der t\u00fcrkische Allround-Musiker vom Werk seines Salzburger Kollegen inspirieren \u2013 und in [&hellip;]\" \/>\n<meta property=\"og:url\" content=\"https:\/\/www.qrious.de\/en\/21907\/\" \/>\n<meta property=\"og:site_name\" content=\"Q-rious Music\" \/>\n<meta property=\"article:publisher\" content=\"https:\/\/www.facebook.com\/QriousMusic\/\" \/>\n<meta property=\"article:published_time\" content=\"2025-09-03T15:04:33+00:00\" \/>\n<meta property=\"article:modified_time\" content=\"2025-09-03T15:06:52+00:00\" \/>\n<meta property=\"og:image\" content=\"https:\/\/www.qrious.de\/wp-content\/uploads\/2025\/09\/FazilSay_Mozart_Cover-web.jpg\" \/>\n\t<meta property=\"og:image:width\" content=\"1280\" \/>\n\t<meta property=\"og:image:height\" content=\"1280\" \/>\n\t<meta property=\"og:image:type\" content=\"image\/jpeg\" \/>\n<meta name=\"author\" content=\"Qrious Music\" \/>\n<meta name=\"twitter:card\" content=\"summary_large_image\" \/>\n<meta name=\"twitter:label1\" content=\"Written by\" \/>\n\t<meta name=\"twitter:data1\" content=\"Qrious Music\" \/>\n\t<meta name=\"twitter:label2\" content=\"Est. reading time\" \/>\n\t<meta name=\"twitter:data2\" content=\"3 minutes\" \/>\n<script type=\"application\/ld+json\" class=\"yoast-schema-graph\">{\"@context\":\"https:\/\/schema.org\",\"@graph\":[{\"@type\":\"WebPage\",\"@id\":\"https:\/\/www.qrious.de\/en\/21907\/\",\"url\":\"https:\/\/www.qrious.de\/en\/21907\/\",\"name\":\"Fazil Say - Mozart: Requiem \/ Mozart & Mevlana (Releasedate: 04.10.2025) - Q-rious Music\",\"isPartOf\":{\"@id\":\"https:\/\/www.qrious.de\/en\/#website\"},\"primaryImageOfPage\":{\"@id\":\"https:\/\/www.qrious.de\/en\/21907\/#primaryimage\"},\"image\":{\"@id\":\"https:\/\/www.qrious.de\/en\/21907\/#primaryimage\"},\"thumbnailUrl\":\"https:\/\/www.qrious.de\/wp-content\/uploads\/2025\/09\/FazilSay_Mozart_Cover-web.jpg\",\"datePublished\":\"2025-09-03T15:04:33+00:00\",\"dateModified\":\"2025-09-03T15:06:52+00:00\",\"author\":{\"@id\":\"https:\/\/www.qrious.de\/en\/#\/schema\/person\/00252a077a1383dc2758a6c4e170f67a\"},\"breadcrumb\":{\"@id\":\"https:\/\/www.qrious.de\/en\/21907\/#breadcrumb\"},\"inLanguage\":\"en-US\",\"potentialAction\":[{\"@type\":\"ReadAction\",\"target\":[\"https:\/\/www.qrious.de\/en\/21907\/\"]}]},{\"@type\":\"ImageObject\",\"inLanguage\":\"en-US\",\"@id\":\"https:\/\/www.qrious.de\/en\/21907\/#primaryimage\",\"url\":\"https:\/\/www.qrious.de\/wp-content\/uploads\/2025\/09\/FazilSay_Mozart_Cover-web.jpg\",\"contentUrl\":\"https:\/\/www.qrious.de\/wp-content\/uploads\/2025\/09\/FazilSay_Mozart_Cover-web.jpg\",\"width\":1280,\"height\":1280},{\"@type\":\"BreadcrumbList\",\"@id\":\"https:\/\/www.qrious.de\/en\/21907\/#breadcrumb\",\"itemListElement\":[{\"@type\":\"ListItem\",\"position\":1,\"name\":\"Home\",\"item\":\"https:\/\/www.qrious.de\/en\/\"},{\"@type\":\"ListItem\",\"position\":2,\"name\":\"Fazil Say &#8211; Mozart: Requiem \/ Mozart &#038; Mevlana (Releasedate: 04.10.2025)\"}]},{\"@type\":\"WebSite\",\"@id\":\"https:\/\/www.qrious.de\/en\/#website\",\"url\":\"https:\/\/www.qrious.de\/en\/\",\"name\":\"Q-rious Music\",\"description\":\"Q-rious Music: promotion, distribution, label, publishing\",\"potentialAction\":[{\"@type\":\"SearchAction\",\"target\":{\"@type\":\"EntryPoint\",\"urlTemplate\":\"https:\/\/www.qrious.de\/en\/?s={search_term_string}\"},\"query-input\":{\"@type\":\"PropertyValueSpecification\",\"valueRequired\":true,\"valueName\":\"search_term_string\"}}],\"inLanguage\":\"en-US\"},{\"@type\":\"Person\",\"@id\":\"https:\/\/www.qrious.de\/en\/#\/schema\/person\/00252a077a1383dc2758a6c4e170f67a\",\"name\":\"Qrious Music\",\"url\":\"https:\/\/www.qrious.de\/en\/author\/nicole\/\"}]}<\/script>\n<!-- \/ Yoast SEO plugin. -->","yoast_head_json":{"title":"Fazil Say - Mozart: Requiem \/ Mozart & Mevlana (Releasedate: 04.10.2025) - Q-rious Music","robots":{"index":"index","follow":"follow","max-snippet":"max-snippet:-1","max-image-preview":"max-image-preview:large","max-video-preview":"max-video-preview:-1"},"canonical":"https:\/\/www.qrious.de\/en\/21907\/","og_locale":"en_US","og_type":"article","og_title":"Fazil Say - Mozart: Requiem \/ Mozart & Mevlana (Releasedate: 04.10.2025) - Q-rious Music","og_description":"&nbsp; Mozart: Requiem \/ Mozart &amp; Mevlana Fazil Say Album: 3. Oktober 2025 CD 5021732754721 2LP 5021732874931 digital (dolby atmos) Br\u00fccke zwischen Ost und West Nicht nur als Pianist zeigt Fazil Say seine Bewunderung f\u00fcr Wolfgang Amadeus Mozart. Auch als Komponist l\u00e4sst sich der t\u00fcrkische Allround-Musiker vom Werk seines Salzburger Kollegen inspirieren \u2013 und in [&hellip;]","og_url":"https:\/\/www.qrious.de\/en\/21907\/","og_site_name":"Q-rious Music","article_publisher":"https:\/\/www.facebook.com\/QriousMusic\/","article_published_time":"2025-09-03T15:04:33+00:00","article_modified_time":"2025-09-03T15:06:52+00:00","og_image":[{"width":1280,"height":1280,"url":"https:\/\/www.qrious.de\/wp-content\/uploads\/2025\/09\/FazilSay_Mozart_Cover-web.jpg","type":"image\/jpeg"}],"author":"Qrious Music","twitter_card":"summary_large_image","twitter_misc":{"Written by":"Qrious Music","Est. reading time":"3 minutes"},"schema":{"@context":"https:\/\/schema.org","@graph":[{"@type":"WebPage","@id":"https:\/\/www.qrious.de\/en\/21907\/","url":"https:\/\/www.qrious.de\/en\/21907\/","name":"Fazil Say - Mozart: Requiem \/ Mozart & Mevlana (Releasedate: 04.10.2025) - Q-rious Music","isPartOf":{"@id":"https:\/\/www.qrious.de\/en\/#website"},"primaryImageOfPage":{"@id":"https:\/\/www.qrious.de\/en\/21907\/#primaryimage"},"image":{"@id":"https:\/\/www.qrious.de\/en\/21907\/#primaryimage"},"thumbnailUrl":"https:\/\/www.qrious.de\/wp-content\/uploads\/2025\/09\/FazilSay_Mozart_Cover-web.jpg","datePublished":"2025-09-03T15:04:33+00:00","dateModified":"2025-09-03T15:06:52+00:00","author":{"@id":"https:\/\/www.qrious.de\/en\/#\/schema\/person\/00252a077a1383dc2758a6c4e170f67a"},"breadcrumb":{"@id":"https:\/\/www.qrious.de\/en\/21907\/#breadcrumb"},"inLanguage":"en-US","potentialAction":[{"@type":"ReadAction","target":["https:\/\/www.qrious.de\/en\/21907\/"]}]},{"@type":"ImageObject","inLanguage":"en-US","@id":"https:\/\/www.qrious.de\/en\/21907\/#primaryimage","url":"https:\/\/www.qrious.de\/wp-content\/uploads\/2025\/09\/FazilSay_Mozart_Cover-web.jpg","contentUrl":"https:\/\/www.qrious.de\/wp-content\/uploads\/2025\/09\/FazilSay_Mozart_Cover-web.jpg","width":1280,"height":1280},{"@type":"BreadcrumbList","@id":"https:\/\/www.qrious.de\/en\/21907\/#breadcrumb","itemListElement":[{"@type":"ListItem","position":1,"name":"Home","item":"https:\/\/www.qrious.de\/en\/"},{"@type":"ListItem","position":2,"name":"Fazil Say &#8211; Mozart: Requiem \/ Mozart &#038; Mevlana (Releasedate: 04.10.2025)"}]},{"@type":"WebSite","@id":"https:\/\/www.qrious.de\/en\/#website","url":"https:\/\/www.qrious.de\/en\/","name":"Q-rious Music","description":"Q-rious Music: promotion, distribution, label, publishing","potentialAction":[{"@type":"SearchAction","target":{"@type":"EntryPoint","urlTemplate":"https:\/\/www.qrious.de\/en\/?s={search_term_string}"},"query-input":{"@type":"PropertyValueSpecification","valueRequired":true,"valueName":"search_term_string"}}],"inLanguage":"en-US"},{"@type":"Person","@id":"https:\/\/www.qrious.de\/en\/#\/schema\/person\/00252a077a1383dc2758a6c4e170f67a","name":"Qrious Music","url":"https:\/\/www.qrious.de\/en\/author\/nicole\/"}]}},"_links":{"self":[{"href":"https:\/\/www.qrious.de\/en\/wp-json\/wp\/v2\/posts\/21907","targetHints":{"allow":["GET"]}}],"collection":[{"href":"https:\/\/www.qrious.de\/en\/wp-json\/wp\/v2\/posts"}],"about":[{"href":"https:\/\/www.qrious.de\/en\/wp-json\/wp\/v2\/types\/post"}],"author":[{"embeddable":true,"href":"https:\/\/www.qrious.de\/en\/wp-json\/wp\/v2\/users\/8"}],"replies":[{"embeddable":true,"href":"https:\/\/www.qrious.de\/en\/wp-json\/wp\/v2\/comments?post=21907"}],"version-history":[{"count":4,"href":"https:\/\/www.qrious.de\/en\/wp-json\/wp\/v2\/posts\/21907\/revisions"}],"predecessor-version":[{"id":21911,"href":"https:\/\/www.qrious.de\/en\/wp-json\/wp\/v2\/posts\/21907\/revisions\/21911"}],"wp:featuredmedia":[{"embeddable":true,"href":"https:\/\/www.qrious.de\/en\/wp-json\/wp\/v2\/media\/21901"}],"wp:attachment":[{"href":"https:\/\/www.qrious.de\/en\/wp-json\/wp\/v2\/media?parent=21907"}],"wp:term":[{"taxonomy":"category","embeddable":true,"href":"https:\/\/www.qrious.de\/en\/wp-json\/wp\/v2\/categories?post=21907"},{"taxonomy":"post_tag","embeddable":true,"href":"https:\/\/www.qrious.de\/en\/wp-json\/wp\/v2\/tags?post=21907"}],"curies":[{"name":"wp","href":"https:\/\/api.w.org\/{rel}","templated":true}]}}