{"id":21871,"date":"2025-08-08T12:29:28","date_gmt":"2025-08-08T10:29:28","guid":{"rendered":"https:\/\/www.qrious.de\/?p=21871"},"modified":"2025-08-08T12:29:28","modified_gmt":"2025-08-08T10:29:28","slug":"claudia-sofia-mas-um-melodia-releasedate-29-08-2025","status":"publish","type":"post","link":"https:\/\/www.qrious.de\/en\/claudia-sofia-mas-um-melodia-releasedate-29-08-2025\/","title":{"rendered":"Cl\u00e1udia Sofia &#8211; Mas um Melodia ( Releasedate: 29.08.2025)"},"content":{"rendered":"<p><img loading=\"lazy\" decoding=\"async\" class=\"alignnone size-medium wp-image-21872\" src=\"https:\/\/www.qrious.de\/wp-content\/uploads\/2025\/08\/CS_CD_Cover_Anja_Menzel_KLEIN-300x300.jpg\" alt=\"\" width=\"300\" height=\"300\" srcset=\"https:\/\/www.qrious.de\/wp-content\/uploads\/2025\/08\/CS_CD_Cover_Anja_Menzel_KLEIN-300x300.jpg 300w, https:\/\/www.qrious.de\/wp-content\/uploads\/2025\/08\/CS_CD_Cover_Anja_Menzel_KLEIN-1024x1024.jpg 1024w, https:\/\/www.qrious.de\/wp-content\/uploads\/2025\/08\/CS_CD_Cover_Anja_Menzel_KLEIN-150x150.jpg 150w, https:\/\/www.qrious.de\/wp-content\/uploads\/2025\/08\/CS_CD_Cover_Anja_Menzel_KLEIN-768x768.jpg 768w, https:\/\/www.qrious.de\/wp-content\/uploads\/2025\/08\/CS_CD_Cover_Anja_Menzel_KLEIN-1536x1536.jpg 1536w, https:\/\/www.qrious.de\/wp-content\/uploads\/2025\/08\/CS_CD_Cover_Anja_Menzel_KLEIN-2048x2048.jpg 2048w, https:\/\/www.qrious.de\/wp-content\/uploads\/2025\/08\/CS_CD_Cover_Anja_Menzel_KLEIN-190x190.jpg 190w, https:\/\/www.qrious.de\/wp-content\/uploads\/2025\/08\/CS_CD_Cover_Anja_Menzel_KLEIN-645x645.jpg 645w, https:\/\/www.qrious.de\/wp-content\/uploads\/2025\/08\/CS_CD_Cover_Anja_Menzel_KLEIN-345x345.jpg 345w, https:\/\/www.qrious.de\/wp-content\/uploads\/2025\/08\/CS_CD_Cover_Anja_Menzel_KLEIN-180x180.jpg 180w, https:\/\/www.qrious.de\/wp-content\/uploads\/2025\/08\/CS_CD_Cover_Anja_Menzel_KLEIN-600x600.jpg 600w, https:\/\/www.qrious.de\/wp-content\/uploads\/2025\/08\/CS_CD_Cover_Anja_Menzel_KLEIN-100x100.jpg 100w\" sizes=\"auto, (max-width: 300px) 100vw, 300px\" \/><\/p>\n<p>&nbsp;<\/p>\n<h2>Cl\u00e1udia Sofia<\/h2>\n<p>Die Ver\u00f6ffentlichung des Debutalbums \u201e<strong>Mas um Melodia<\/strong>\u201c von <strong>Cl\u00e1udia Sofia<\/strong> aus Mindelo reiht sich nahtlos ein in eine ganze Reihe von verbl\u00fcffenden musikalischen Neuentdeckungen von den Kapverdischen Inseln, die seit vielen Jahren die Sparte \u201eworldmusic\u201c mit interessanten Grooves und Sounds bereichern. Die 10 Eigenkompositionen der S\u00e4ngerin und Gitarristin von der Insel Sao Vicente, Heimat der 2011 verstorbenen Ikone der Kapverdischen Musik, Ces\u00e1ria \u00c9vora, zeigen deutlich die kulturelle Verbundenheit der Insel Sao Vicente mit der brasilianischen Musik, gem\u00e4\u00df dem \u00c9vora Klassiker \u201cSao Vicente \u00e9 um Brasilin\u201c. (Sao Vicente ist ein kleines Brasilien).<\/p>\n<p>Die Songs \u201eMonte Cara\u201c, \u201eNha Xod\u00f3\u201c, \u201eAmor flori\u201c und auch der Titelsong der CD, \u201eMas um melodia\u201c, haben diese wunderbare rhythmische Leichtigkeit brasilianischer Musik. Aber es ist eben doch kein reiner Bossa Nova oder Samba, der dort aus den Lautsprechern t\u00f6nt, der kapverdische Dialekt ist immer pr\u00e4sent, vor allem in der fast allgegenw\u00e4rtigen Melancholie, die so typisch f\u00fcr die Musik des Inselarchipels ist. Bei dem Titel \u201eCrush\u201c findet sich der Zuh\u00f6rer unvermittelt im kapverdischen Karnaval wieder, w\u00e4hrend der Song \u201eFogo d\u00b4aniz\u201c auf den traditionellen Rhythmen der Insel Fogo im S\u00fcden des Archipels beruht. \u201eSapatinha de lik\u00e1\u201c basiert auf einem kapverdischen Kinderlied. \u201eLi te ama\u201c \u00fcberrascht mit einer komplexen Harmonik und einem ausgefeilten Gesangsarrangement. Rhythmisch interessant wird es auch in dem Song \u201eDarlina\u201c, eine Vermischung der Musikstile San Jom von den Nord und Batuko von den S\u00fcdinseln, das ganze garniert mit einem fetten Bl\u00e4sersatz, der von Ivan Benks und seinem Team aus Sao Paulo\/Brasilien eingespielt wurde. Generell finden sich illustre Mitmusiker auf dem Album: Andrew Aitchison, ein britischer Geigenvirtuose mit seinen gef\u00fchlvollen, fast schon herzzerrei\u00dfenden Melodien bei dem Song \u201eNha Xod\u00f3\u201c, es gibt brilliante Gitarreneinlagen von Lulo Reinhardt, Gerd Stein l\u00e4sst es an der elektrischen Gitarre krachen bei dem \u00fcberaus funkigen \u201eDona Guar\u00e1\u201c, Andreas Jammin spielt bei dem gleichen Song ein irrwitziges Intro auf der Posaune.<\/p>\n<p>&nbsp;<\/p>\n<p>F\u00fcr das Fundament des Albums sorgen aber die Kapverdianer Jos\u00e9 Afonso am Piano, Ronny Rodrigues am Bass und Lucio Vieira an den Keyboards. Airton Almeida besticht mit perfekt gesetztem Harmoniegesang. Produziert wurde das Album von Markus Leukel, einem deutschen Schlagzeuger und Perkussionisten, der nach intensiven Studien westafrikanischer und brasilianischer Rhythmen seit 2010 in Mindelo lebt und fester Bestandteil der dortigen Musikszene ist.<br \/>\nAber nun zu Cl\u00e1udia Sofia selbst: ihre alleinerziehende Mutter erkennt sehr fr\u00fch das musikalische Talent der Tochter, kauft ihr eine rosafarbene Gitarre, und meldet sie in einem Jugendchor an, der von einer klassisch ausgebildeten russischen S\u00e4ngerin geleitet wird. So kommt Cl\u00e1udia in den Genuss einer fundierten, obgleich auch strengen, Gesangsausbildung. Als Teenager beginnt sie sich ernsthaft mit der Gitarre auseinanderzusetzen, nimmt Unterricht bei Rufino Almeida, genannt Bau, dem Gitarristen und musikalischen Leiter der Ces\u00e1ria \u00c9vora Band.<br \/>\nSeit ihrem 18. Lebensjahr verdient sie sich ihren Lebensunterhalt mit Konzerten in Mindelo`s Bars und Musikclubs. Sie finanziert sich sogar ein Jurastudium mit der Musik, welches sie auch abschlie\u00dft, um sich dann aber doch voll und ganz auf die Musik zu konzentrieren. In dieser Zeit intensiviert sich die Zusammenarbeit mit Markus Leukel. Beide kennen sich schon seit vielen Jahren. Ausschlaggebend f\u00fcr diese musikalische Partnerschaft ist jedoch die zuf\u00e4llige Entdeckung, dass Cl\u00e1udia eine gro\u00dfe Zahl eigener Kompositionen hat, diese aber nie vor Publikum spielt. Markus ermutigt Cl\u00e1udia in ihrem kompositorischen Schaffen und man beginnt gemeinsam, das Material nach und nach so professionell wie m\u00f6glich aufzunehmen. Das Ergebnis ist nun fertig.<br \/>\n\u201eMas um Melodia\u201c ist ein kapverdisches Album, aber mit viel frischem Wind, der von Brasilien und Europa zu den Inseln her\u00fcberweht.<\/p>\n<p>All songs and lyrics by Cl\u00e1udia Sofia.<br \/>\nAll songs published by o tone music publishing.<\/p>\n<p>&nbsp;<\/p>\n<p><strong>Album Line Up:<\/strong><br \/>\nLead vocals: Cl\u00e1udia Sofia<br \/>\nbass guitar: Ronny Rodrigues (all tracks)<br \/>\ndrums\/percussion: Markus Leukel (all tracks)<br \/>\nkeyboards: L\u00facio Vieira (6,7,8,9)<br \/>\npiano: Jos\u00e9 Afonso (tracks 1,2,3,4,5,10)<br \/>\nguitars: Gerd Stein (3,5,6.7,8,9,10)<br \/>\nacoustic guitar: Lulo Reinhardt (1,2,4)<br \/>\nviolin: Andrew Aitchison (4,6)<br \/>\nbrass &amp; trombone: Ivan Benks (1,3)<br \/>\nsaxofone: Joel Ammon (3)<br \/>\nbacking vocals: Ivan Benks, Barbara Freitas, Jennifer Souza (1,2,3,4)<br \/>\nbacking vocals: Airton Almeida (2,5,6,7,8,9)<br \/>\nadditional vocals: Paloma Daniela Lima Fernandes Brito (8)<br \/>\ntrombone: Andreas Jammin (10)<\/p>\n<p>Production Info:<br \/>\nRecorded: \u201cle Studio\u201d, Mindelo Cape Verde<br \/>\nRecording Engineer George Nunes<br \/>\nMixing and Mastering Matthias Fischer<br \/>\nProducing Markus Leukel<\/p>\n<p>&nbsp;<\/p>\n<p><strong>Tourdaten: Cl\u00e1udia Sofia \u201e Mas um Melodia\u201c International Tour<\/strong><br \/>\n17.09.25 Staufenberg Treis BING, Kulturverein Treiser Dorfleben<br \/>\n18.09.25 Wetzlar FRANZIS<br \/>\n19.09.25 Winterberg RITMUS<br \/>\n20.09.25 (LUX) Bettembourg CINE LE PARIS<br \/>\n21.09.25 Differdange (LUX) M TISS Caf\u00e9 Culturell<br \/>\n22.09.25 Neckarsulm PRINZSAAL<br \/>\n24.09.25 Dortmund, Jazzclub DOMICIL<br \/>\n25.09.25 M\u00fcnchen Kulturzentrum LUISE<br \/>\n26.09.25 (AT) Dortbirn TIK<br \/>\n27.09.25 Stuttgart tba<br \/>\n28.09.25 Konstanz K9<br \/>\n30.09.25 Hamburg BIB Portugiesisch Hanseatische Gesellschaft<br \/>\n01.10.25 K\u00f6ln VASCO DA GAMA<br \/>\n02.10.25 Espelkamp Schloss Benkhausen<br \/>\n03.10.25 L\u00fcnen Stadtkirche<br \/>\n04.10.25 Engelskirchen \u201eKunst und Kulturinitiative\u201c<\/p>\n<p>&nbsp;<\/p>\n<p><strong>Social Media:<\/strong><br \/>\nInstagram: <a href=\"https:\/\/www.instagram.com\/_claudia_sofia_cloe\/\">https:\/\/www.instagram.com\/_claudia_sofia_cloe\/<\/a><br \/>\nFacebook: <a href=\"https:\/\/www.facebook.com\">https:\/\/www.facebook.com<\/a><\/p>\n<p><strong>Videoclips:<\/strong><br \/>\n\u201eMonte Cara\u201c <a href=\"https:\/\/www.youtube.com\/watch?v=FrqCwcL0FlA\">https:\/\/www.youtube.com\/watch?v=FrqCwcL0FlA<\/a><br \/>\n\u201eDarlina\u201c <a href=\"https:\/\/www.youtube.com\/watch?v=SELaKurN0ek\">https:\/\/www.youtube.com\/watch?v=SELaKurN0ek<\/a><\/p>\n","protected":false},"excerpt":{"rendered":"<p>&nbsp; Cl\u00e1udia Sofia Die Ver\u00f6ffentlichung des Debutalbums \u201eMas um Melodia\u201c von Cl\u00e1udia Sofia aus Mindelo reiht sich nahtlos ein in eine ganze Reihe von verbl\u00fcffenden musikalischen Neuentdeckungen von den Kapverdischen Inseln, die seit vielen Jahren die Sparte \u201eworldmusic\u201c mit interessanten Grooves und Sounds bereichern. Die 10 Eigenkompositionen der S\u00e4ngerin und Gitarristin von der Insel Sao [&hellip;]<\/p>\n","protected":false},"author":8,"featured_media":21872,"comment_status":"closed","ping_status":"closed","sticky":false,"template":"","format":"standard","meta":{"footnotes":""},"categories":[172],"tags":[],"class_list":["post-21871","post","type-post","status-publish","format-standard","has-post-thumbnail","hentry","category-unkategorisiert"],"yoast_head":"<!-- This site is optimized with the Yoast SEO plugin v26.3 - https:\/\/yoast.com\/wordpress\/plugins\/seo\/ -->\n<title>Cl\u00e1udia Sofia - Mas um Melodia ( Releasedate: 29.08.2025) - Q-rious Music<\/title>\n<meta name=\"robots\" content=\"index, follow, max-snippet:-1, max-image-preview:large, max-video-preview:-1\" \/>\n<link rel=\"canonical\" href=\"https:\/\/www.qrious.de\/en\/claudia-sofia-mas-um-melodia-releasedate-29-08-2025\/\" \/>\n<meta property=\"og:locale\" content=\"en_US\" \/>\n<meta property=\"og:type\" content=\"article\" \/>\n<meta property=\"og:title\" content=\"Cl\u00e1udia Sofia - Mas um Melodia ( Releasedate: 29.08.2025) - Q-rious Music\" \/>\n<meta property=\"og:description\" content=\"&nbsp; Cl\u00e1udia Sofia Die Ver\u00f6ffentlichung des Debutalbums \u201eMas um Melodia\u201c von Cl\u00e1udia Sofia aus Mindelo reiht sich nahtlos ein in eine ganze Reihe von verbl\u00fcffenden musikalischen Neuentdeckungen von den Kapverdischen Inseln, die seit vielen Jahren die Sparte \u201eworldmusic\u201c mit interessanten Grooves und Sounds bereichern. Die 10 Eigenkompositionen der S\u00e4ngerin und Gitarristin von der Insel Sao [&hellip;]\" \/>\n<meta property=\"og:url\" content=\"https:\/\/www.qrious.de\/en\/claudia-sofia-mas-um-melodia-releasedate-29-08-2025\/\" \/>\n<meta property=\"og:site_name\" content=\"Q-rious Music\" \/>\n<meta property=\"article:publisher\" content=\"https:\/\/www.facebook.com\/QriousMusic\/\" \/>\n<meta property=\"article:published_time\" content=\"2025-08-08T10:29:28+00:00\" \/>\n<meta property=\"og:image\" content=\"https:\/\/www.qrious.de\/wp-content\/uploads\/2025\/08\/CS_CD_Cover_Anja_Menzel_KLEIN-scaled.jpg\" \/>\n\t<meta property=\"og:image:width\" content=\"2560\" \/>\n\t<meta property=\"og:image:height\" content=\"2560\" \/>\n\t<meta property=\"og:image:type\" content=\"image\/jpeg\" \/>\n<meta name=\"author\" content=\"Qrious Music\" \/>\n<meta name=\"twitter:card\" content=\"summary_large_image\" \/>\n<meta name=\"twitter:label1\" content=\"Written by\" \/>\n\t<meta name=\"twitter:data1\" content=\"Qrious Music\" \/>\n\t<meta name=\"twitter:label2\" content=\"Est. reading time\" \/>\n\t<meta name=\"twitter:data2\" content=\"5 minutes\" \/>\n<script type=\"application\/ld+json\" class=\"yoast-schema-graph\">{\"@context\":\"https:\/\/schema.org\",\"@graph\":[{\"@type\":\"WebPage\",\"@id\":\"https:\/\/www.qrious.de\/en\/claudia-sofia-mas-um-melodia-releasedate-29-08-2025\/\",\"url\":\"https:\/\/www.qrious.de\/en\/claudia-sofia-mas-um-melodia-releasedate-29-08-2025\/\",\"name\":\"Cl\u00e1udia Sofia - Mas um Melodia ( Releasedate: 29.08.2025) - Q-rious Music\",\"isPartOf\":{\"@id\":\"https:\/\/www.qrious.de\/en\/#website\"},\"primaryImageOfPage\":{\"@id\":\"https:\/\/www.qrious.de\/en\/claudia-sofia-mas-um-melodia-releasedate-29-08-2025\/#primaryimage\"},\"image\":{\"@id\":\"https:\/\/www.qrious.de\/en\/claudia-sofia-mas-um-melodia-releasedate-29-08-2025\/#primaryimage\"},\"thumbnailUrl\":\"https:\/\/www.qrious.de\/wp-content\/uploads\/2025\/08\/CS_CD_Cover_Anja_Menzel_KLEIN-scaled.jpg\",\"datePublished\":\"2025-08-08T10:29:28+00:00\",\"author\":{\"@id\":\"https:\/\/www.qrious.de\/en\/#\/schema\/person\/00252a077a1383dc2758a6c4e170f67a\"},\"breadcrumb\":{\"@id\":\"https:\/\/www.qrious.de\/en\/claudia-sofia-mas-um-melodia-releasedate-29-08-2025\/#breadcrumb\"},\"inLanguage\":\"en-US\",\"potentialAction\":[{\"@type\":\"ReadAction\",\"target\":[\"https:\/\/www.qrious.de\/en\/claudia-sofia-mas-um-melodia-releasedate-29-08-2025\/\"]}]},{\"@type\":\"ImageObject\",\"inLanguage\":\"en-US\",\"@id\":\"https:\/\/www.qrious.de\/en\/claudia-sofia-mas-um-melodia-releasedate-29-08-2025\/#primaryimage\",\"url\":\"https:\/\/www.qrious.de\/wp-content\/uploads\/2025\/08\/CS_CD_Cover_Anja_Menzel_KLEIN-scaled.jpg\",\"contentUrl\":\"https:\/\/www.qrious.de\/wp-content\/uploads\/2025\/08\/CS_CD_Cover_Anja_Menzel_KLEIN-scaled.jpg\",\"width\":2560,\"height\":2560},{\"@type\":\"BreadcrumbList\",\"@id\":\"https:\/\/www.qrious.de\/en\/claudia-sofia-mas-um-melodia-releasedate-29-08-2025\/#breadcrumb\",\"itemListElement\":[{\"@type\":\"ListItem\",\"position\":1,\"name\":\"Home\",\"item\":\"https:\/\/www.qrious.de\/en\/\"},{\"@type\":\"ListItem\",\"position\":2,\"name\":\"Cl\u00e1udia Sofia &#8211; Mas um Melodia ( Releasedate: 29.08.2025)\"}]},{\"@type\":\"WebSite\",\"@id\":\"https:\/\/www.qrious.de\/en\/#website\",\"url\":\"https:\/\/www.qrious.de\/en\/\",\"name\":\"Q-rious Music\",\"description\":\"Q-rious Music: promotion, distribution, label, publishing\",\"potentialAction\":[{\"@type\":\"SearchAction\",\"target\":{\"@type\":\"EntryPoint\",\"urlTemplate\":\"https:\/\/www.qrious.de\/en\/?s={search_term_string}\"},\"query-input\":{\"@type\":\"PropertyValueSpecification\",\"valueRequired\":true,\"valueName\":\"search_term_string\"}}],\"inLanguage\":\"en-US\"},{\"@type\":\"Person\",\"@id\":\"https:\/\/www.qrious.de\/en\/#\/schema\/person\/00252a077a1383dc2758a6c4e170f67a\",\"name\":\"Qrious Music\",\"url\":\"https:\/\/www.qrious.de\/en\/author\/nicole\/\"}]}<\/script>\n<!-- \/ Yoast SEO plugin. -->","yoast_head_json":{"title":"Cl\u00e1udia Sofia - Mas um Melodia ( Releasedate: 29.08.2025) - Q-rious Music","robots":{"index":"index","follow":"follow","max-snippet":"max-snippet:-1","max-image-preview":"max-image-preview:large","max-video-preview":"max-video-preview:-1"},"canonical":"https:\/\/www.qrious.de\/en\/claudia-sofia-mas-um-melodia-releasedate-29-08-2025\/","og_locale":"en_US","og_type":"article","og_title":"Cl\u00e1udia Sofia - Mas um Melodia ( Releasedate: 29.08.2025) - Q-rious Music","og_description":"&nbsp; Cl\u00e1udia Sofia Die Ver\u00f6ffentlichung des Debutalbums \u201eMas um Melodia\u201c von Cl\u00e1udia Sofia aus Mindelo reiht sich nahtlos ein in eine ganze Reihe von verbl\u00fcffenden musikalischen Neuentdeckungen von den Kapverdischen Inseln, die seit vielen Jahren die Sparte \u201eworldmusic\u201c mit interessanten Grooves und Sounds bereichern. Die 10 Eigenkompositionen der S\u00e4ngerin und Gitarristin von der Insel Sao [&hellip;]","og_url":"https:\/\/www.qrious.de\/en\/claudia-sofia-mas-um-melodia-releasedate-29-08-2025\/","og_site_name":"Q-rious Music","article_publisher":"https:\/\/www.facebook.com\/QriousMusic\/","article_published_time":"2025-08-08T10:29:28+00:00","og_image":[{"width":2560,"height":2560,"url":"https:\/\/www.qrious.de\/wp-content\/uploads\/2025\/08\/CS_CD_Cover_Anja_Menzel_KLEIN-scaled.jpg","type":"image\/jpeg"}],"author":"Qrious Music","twitter_card":"summary_large_image","twitter_misc":{"Written by":"Qrious Music","Est. reading time":"5 minutes"},"schema":{"@context":"https:\/\/schema.org","@graph":[{"@type":"WebPage","@id":"https:\/\/www.qrious.de\/en\/claudia-sofia-mas-um-melodia-releasedate-29-08-2025\/","url":"https:\/\/www.qrious.de\/en\/claudia-sofia-mas-um-melodia-releasedate-29-08-2025\/","name":"Cl\u00e1udia Sofia - Mas um Melodia ( Releasedate: 29.08.2025) - Q-rious Music","isPartOf":{"@id":"https:\/\/www.qrious.de\/en\/#website"},"primaryImageOfPage":{"@id":"https:\/\/www.qrious.de\/en\/claudia-sofia-mas-um-melodia-releasedate-29-08-2025\/#primaryimage"},"image":{"@id":"https:\/\/www.qrious.de\/en\/claudia-sofia-mas-um-melodia-releasedate-29-08-2025\/#primaryimage"},"thumbnailUrl":"https:\/\/www.qrious.de\/wp-content\/uploads\/2025\/08\/CS_CD_Cover_Anja_Menzel_KLEIN-scaled.jpg","datePublished":"2025-08-08T10:29:28+00:00","author":{"@id":"https:\/\/www.qrious.de\/en\/#\/schema\/person\/00252a077a1383dc2758a6c4e170f67a"},"breadcrumb":{"@id":"https:\/\/www.qrious.de\/en\/claudia-sofia-mas-um-melodia-releasedate-29-08-2025\/#breadcrumb"},"inLanguage":"en-US","potentialAction":[{"@type":"ReadAction","target":["https:\/\/www.qrious.de\/en\/claudia-sofia-mas-um-melodia-releasedate-29-08-2025\/"]}]},{"@type":"ImageObject","inLanguage":"en-US","@id":"https:\/\/www.qrious.de\/en\/claudia-sofia-mas-um-melodia-releasedate-29-08-2025\/#primaryimage","url":"https:\/\/www.qrious.de\/wp-content\/uploads\/2025\/08\/CS_CD_Cover_Anja_Menzel_KLEIN-scaled.jpg","contentUrl":"https:\/\/www.qrious.de\/wp-content\/uploads\/2025\/08\/CS_CD_Cover_Anja_Menzel_KLEIN-scaled.jpg","width":2560,"height":2560},{"@type":"BreadcrumbList","@id":"https:\/\/www.qrious.de\/en\/claudia-sofia-mas-um-melodia-releasedate-29-08-2025\/#breadcrumb","itemListElement":[{"@type":"ListItem","position":1,"name":"Home","item":"https:\/\/www.qrious.de\/en\/"},{"@type":"ListItem","position":2,"name":"Cl\u00e1udia Sofia &#8211; Mas um Melodia ( Releasedate: 29.08.2025)"}]},{"@type":"WebSite","@id":"https:\/\/www.qrious.de\/en\/#website","url":"https:\/\/www.qrious.de\/en\/","name":"Q-rious Music","description":"Q-rious Music: promotion, distribution, label, publishing","potentialAction":[{"@type":"SearchAction","target":{"@type":"EntryPoint","urlTemplate":"https:\/\/www.qrious.de\/en\/?s={search_term_string}"},"query-input":{"@type":"PropertyValueSpecification","valueRequired":true,"valueName":"search_term_string"}}],"inLanguage":"en-US"},{"@type":"Person","@id":"https:\/\/www.qrious.de\/en\/#\/schema\/person\/00252a077a1383dc2758a6c4e170f67a","name":"Qrious Music","url":"https:\/\/www.qrious.de\/en\/author\/nicole\/"}]}},"_links":{"self":[{"href":"https:\/\/www.qrious.de\/en\/wp-json\/wp\/v2\/posts\/21871","targetHints":{"allow":["GET"]}}],"collection":[{"href":"https:\/\/www.qrious.de\/en\/wp-json\/wp\/v2\/posts"}],"about":[{"href":"https:\/\/www.qrious.de\/en\/wp-json\/wp\/v2\/types\/post"}],"author":[{"embeddable":true,"href":"https:\/\/www.qrious.de\/en\/wp-json\/wp\/v2\/users\/8"}],"replies":[{"embeddable":true,"href":"https:\/\/www.qrious.de\/en\/wp-json\/wp\/v2\/comments?post=21871"}],"version-history":[{"count":1,"href":"https:\/\/www.qrious.de\/en\/wp-json\/wp\/v2\/posts\/21871\/revisions"}],"predecessor-version":[{"id":21874,"href":"https:\/\/www.qrious.de\/en\/wp-json\/wp\/v2\/posts\/21871\/revisions\/21874"}],"wp:featuredmedia":[{"embeddable":true,"href":"https:\/\/www.qrious.de\/en\/wp-json\/wp\/v2\/media\/21872"}],"wp:attachment":[{"href":"https:\/\/www.qrious.de\/en\/wp-json\/wp\/v2\/media?parent=21871"}],"wp:term":[{"taxonomy":"category","embeddable":true,"href":"https:\/\/www.qrious.de\/en\/wp-json\/wp\/v2\/categories?post=21871"},{"taxonomy":"post_tag","embeddable":true,"href":"https:\/\/www.qrious.de\/en\/wp-json\/wp\/v2\/tags?post=21871"}],"curies":[{"name":"wp","href":"https:\/\/api.w.org\/{rel}","templated":true}]}}