{"id":21651,"date":"2025-02-06T16:39:36","date_gmt":"2025-02-06T14:39:36","guid":{"rendered":"https:\/\/www.qrious.de\/?p=21651"},"modified":"2025-02-06T16:39:36","modified_gmt":"2025-02-06T14:39:36","slug":"simin-tander-the-wind-releasedate-21-03-2025","status":"publish","type":"post","link":"https:\/\/www.qrious.de\/en\/simin-tander-the-wind-releasedate-21-03-2025\/","title":{"rendered":"Simin Tander &#8211; The Wind (Releasedate: 21.03.2025)"},"content":{"rendered":"<p><img loading=\"lazy\" decoding=\"async\" class=\"alignnone  wp-image-21648\" src=\"https:\/\/www.qrious.de\/wp-content\/uploads\/2025\/02\/SiminTander_TheWind_Cover-web-300x258.jpg\" alt=\"\" width=\"350\" height=\"301\" srcset=\"https:\/\/www.qrious.de\/wp-content\/uploads\/2025\/02\/SiminTander_TheWind_Cover-web-300x258.jpg 300w, https:\/\/www.qrious.de\/wp-content\/uploads\/2025\/02\/SiminTander_TheWind_Cover-web-1024x880.jpg 1024w, https:\/\/www.qrious.de\/wp-content\/uploads\/2025\/02\/SiminTander_TheWind_Cover-web-150x129.jpg 150w, https:\/\/www.qrious.de\/wp-content\/uploads\/2025\/02\/SiminTander_TheWind_Cover-web-768x660.jpg 768w, https:\/\/www.qrious.de\/wp-content\/uploads\/2025\/02\/SiminTander_TheWind_Cover-web-221x190.jpg 221w, https:\/\/www.qrious.de\/wp-content\/uploads\/2025\/02\/SiminTander_TheWind_Cover-web-645x554.jpg 645w, https:\/\/www.qrious.de\/wp-content\/uploads\/2025\/02\/SiminTander_TheWind_Cover-web-345x296.jpg 345w, https:\/\/www.qrious.de\/wp-content\/uploads\/2025\/02\/SiminTander_TheWind_Cover-web-600x516.jpg 600w, https:\/\/www.qrious.de\/wp-content\/uploads\/2025\/02\/SiminTander_TheWind_Cover-web.jpg 1280w\" sizes=\"auto, (max-width: 350px) 100vw, 350px\" \/><\/p>\n<h1><\/h1>\n<h1>Simin Tander &#8211; The Wind<\/h1>\n<p>Die in K\u00f6ln geborene, international agierende S\u00e4ngerin und Komponistin\u00a0<strong>Simin Tander<\/strong> erhielt bereits 2016 f\u00fcr ihr ECM-Album mit dem Pianisten Tord Gustavsen den Jahrespreis der deutschen Schallplattenkritik \u2013 und wurde j\u00fcngst in der Kategorie \u201eVokal\u201c f\u00fcr den Deutschen Jazzpreis 2024 nominiert. Kein Wunder, ber\u00fchrt ihr ausdrucksstarkes, gleichzeitig zartes und kraftvolles Timbre das Publikum doch mit hoher emotionaler Intensit\u00e4t.<\/p>\n<p>Auf Tanders neuem, in K\u00fcrze auf dem norwegischen Nu Jazz-Label Jazzland Recordings erscheinendem Album The Wind fasziniert sie gemeinsam mit dem schwedischen Bassisten Bj\u00f6rn Meyer, dem schweizerischen Schlagzeuger Samuel Rohrer und der indisch-st\u00e4mmigen, in Oslo lebenden Geigerin Harpreet Bansal. Gemeinsam erschafft das Quartett mit Nichtvondieserwelt-Sounds einen weltumfassenden Klangkosmos, in dem sich Tander aufgrund der afghanischen Herkunft ihres Vaters und dem damit verbundenen \u201eHalb-Halb-Sein\u201c heimisch f\u00fchlt.<br \/>\nSimin Tander erlangte ihre klangliche Vision von The Wind in Nordamerika mit dem zweimal f\u00fcr einen Grammy nominierten Joshua Valleau, der das Album in New York mischte. Grammy-Gewinner Daddy Key verwirklichte schlie\u00dflich das Mastering mit einem feinjustierten letzten Schliff in L.A.<br \/>\nDie unterschiedlichen musikalischen Urspr\u00fcnge und Sprachen der Songs, die sich Einfl\u00fcssen aus Folklore und Lyrik allen voran Afghanistans, aber auch Spaniens, Italiens, Englands und Norwegens bedienen, finden ihre symbolische Entsprechung im Titel The Wind. Dieser verk\u00f6rpert f\u00fcr die K\u00fcnstlerin das Element des Insichvereinens von Gegens\u00e4tzen \u2013 schlie\u00dflich weist das luftige Element doch von der zarten Brise bis zum Gewittersturm die unterschiedlichsten Facetten auf, ist dabei aber immer noch: Wind.<br \/>\nAuch steht Wind f\u00fcr Ver\u00e4nderung und Freiheit, was genauso f\u00fcr das Album selbst gilt: Einerseits setzt Tander auf ein nat\u00fcrliches Weiterverfolgen ihres bisherigen Schaffens, mit Interpretationen auf der Sprache Paschtu \/ Afghaani und englischsprachigen Eigenkompositionen- andererseits geht sie als Ausdruck einer neuen inneren Freiheit klar dar\u00fcber hinaus. So ist ihr mit The Wind ein ungewohnt kontrastreiches Album mit starker Dynamik gelungen, das sich mal zartflie\u00dfend, mal energisch, oft tanzbar und immer hochgradig spirituell gibt. Alle Songs des Albums sind, trotz ihrer vielf\u00e4ltigen Wurzeln, durch die Themen Hingabe und Sehnsucht miteinander verbunden und erkunden neben den tiefdunklen auch die lichteren Sph\u00e4ren \u2013 und zwar in all ihren Spektren, von leichtf\u00fc\u00dfig bis zupackend.<\/p>\n<p>Die zw\u00f6lf neuen St\u00fccke bestechen nicht nur durch Tanders bewegenden Gesang, welcher die H\u00f6rer:innen durch die verschiedenen Etappen des Albums tr\u00e4gt und dabei m\u00fchelos von dunkelzart \u00fcber sinnlich-verspielt zu energisch-forsch moduliert, ohne je seinen \u201eunverwechselbaren Ton\u201c (DIE ZEIT) zu verlieren. Auch Meyers tiefpulsierende, teilpr\u00e4parierte Grundierungen und sph\u00e4rische Klanglandschaften, Rohrers unschlagbares Gesp\u00fcr f\u00fcr ber\u00fcckende.Grooves und Klangfarben sowie Bansals Raga-verwurzelte, ins Endlose reichende Phrasierungen sind ein unverzichtbarer Bestandteil von ihnen.<\/p>\n<p>Gleich der mystische, paschtusprachige Opener \u201e<em><strong>Meena<\/strong><\/em>\u201c, bringt eine Weite mit sich, die das Album zug\u00e4nglich macht f\u00fcr alle folgenden St\u00fccke. Darunter findet sich beispielsweise die flirrend zwischen Wach und Traum oszillierende Eigenkomposition \u201e<em><strong>Woken Dream<\/strong><\/em>\u201c, die durch den Kontrast von mehrstimmigem Sirenengesang und mitrei\u00dfendem Groove den Zuh\u00f6rer direkt in die verschiedenen Aggregatzust\u00e4nde des erwachenden K\u00f6rpers eintauchen l\u00e4sst. Oder der hundertzwanzigj\u00e4hrige neapolitanische Hit \u201e<em><strong>I Te Vurria Vas\u00e0<\/strong><\/em>\u201c, der in der Interpretation Tanders anstatt auf volles Melodram ganz auf feinsinnige Reduktion setzt, w\u00e4hrend die Eigenkomposition \u201eThe Wind Within Her\u201c das Vertrauen in Licht und Erl\u00f6sung selbst in der dunkelsten Stunde feiert.<\/p>\n<p>St\u00fccke wie das auf einem Gedicht des englischen Romantikers Percy Bysshe Shelley fu\u00dfende \u201e<em><strong>Nursling of the Sky<\/strong><\/em>\u201c oder das auf dem norwegischen Traditional \u201eJesus, gj\u00f8r meg stille\u201c beruhende \u201e<em><strong>My Weary Heart<\/strong><\/em>\u201c geben den Plattenh\u00f6rer:innen erstmals eine auf Album gebannte Kostprobe der flammenden Live-Energie, welche Tanders Konzertbesucher:innen vom ersten Ton an packt und bis Konzertende nicht mehr losl\u00e4sst. Neu ist auch Rohrers beim Schlagzeugspiel getriggerte Elektronik, die ausgew\u00e4hlten St\u00fccken einen subtil schimmernden Twist von Andersartigkeit verleiht und etwa auf \u201eInterlude\u201c ein fernes Echo auf das neapolitanische \u201e<em><strong>I Te Vurria Vas\u00e0<\/strong><\/em>\u201c kreiert.<\/p>\n<p>Ein kleines, hoffnungsfrohes \u201eLanden\u201c, wie Tander es nennt, schafft mit \u201e<em><strong>Outro \u2013 The Wind<\/strong><\/em>\u201c den energetischen Kreisschluss eines nachgerade magischen Songbooks, das sich die Freiheit nimmt, den pers\u00f6nlichen musikalischen Vorlieben Tanders jenseits aller Genre- und Landesgrenzen Raum zu geben. Oder vielmehr: das erst dadurch zum vollkommenen Gesamtkunstwerk wird, indem sich St\u00fccke unterschiedlichster Traditionen gegenseitig zum Strahlen bringen. \u201eI am the wind\u201c singt Tander schlie\u00dflich, mit hauchzart ergreifender Intensit\u00e4t. Es bleibt das Bild des ewigen, durch Epochen und Kulturen wehenden Windes, dem es gelingt diese untrennbar miteinander zu vereinen.<\/p>\n<p>&nbsp;<\/p>\n<p><iframe loading=\"lazy\" title=\"Side Caught\" width=\"640\" height=\"480\" src=\"https:\/\/www.youtube.com\/embed\/sJ9Kn11jBdo?list=OLAK5uy_lHk4eJ5TrpMz89J2kjP-dEnHzQFcJJMXQ\" frameborder=\"0\" allow=\"accelerometer; autoplay; clipboard-write; encrypted-media; gyroscope; picture-in-picture; web-share\" referrerpolicy=\"strict-origin-when-cross-origin\" allowfullscreen><\/iframe><\/p>\n<p>&nbsp;<\/p>\n<p><span style=\"font-size: 10pt;\"><strong>Single V\u00d6 Plan<\/strong><\/span><\/p>\n<p><span style=\"font-size: 10pt;\">1. &#8220;Side Caught&#8221; &#8211;\u00a0 30. Januar 2025<\/span><\/p>\n<p><span style=\"font-size: 10pt;\">2. &#8221; Ay Linda Amiga&#8221;\u00a0 21. Februar 2025<\/span><\/p>\n<p>&nbsp;<\/p>\n<p><strong>Simin Tander <\/strong>&#8211; Gesang, Komposition<br \/>\n<strong>Harpreet Bansal<\/strong> &#8211; Violine<br \/>\n<strong>Bj\u00f6rn Meyer Sechssaitiger<\/strong> &#8211; E-Bass &amp; Effekte<br \/>\n<strong>Samuel Rohrer<\/strong> &#8211; Schlagzeug, Percussion &amp; Elektronik<\/p>\n<p>&nbsp;<\/p>\n<p><strong><u>Tourdaten 2025 <\/u><\/strong><\/p>\n<p><span style=\"font-size: 10pt;\">\u00a028\/03 \u00a0\u00a0 Nasjonal Jazzscene, Oslo, NO<\/span><\/p>\n<p><span style=\"font-size: 10pt;\">\u00a002\/04\u00a0\u00a0\u00a0 Stadtgarten, K\u00f6ln<\/span><\/p>\n<p><span style=\"font-size: 10pt;\">04\/04\u00a0\u00a0\u00a0\u00a0 Sendesaal, Bremen<\/span><\/p>\n<p><span style=\"font-size: 10pt;\">05\/04\u00a0\u00a0\u00a0\u00a0 Jazzclub, Hannover<\/span><\/p>\n<p><span style=\"font-size: 10pt;\">06\/04\u00a0\u00a0\u00a0\u00a0 Konzerthaus, Wernigerode<\/span><\/p>\n<p><span style=\"font-size: 10pt;\">08\/04\u00a0\u00a0\u00a0\u00a0 Auferstehungskirche, M\u00fcnchen<\/span><\/p>\n<p><span style=\"font-size: 10pt;\">10\/04\u00a0\u00a0\u00a0\u00a0\u00a0 Het Koorenhuis, Den Haag, NL<\/span><\/p>\n<p><span style=\"font-size: 10pt;\">11\/04\u00a0\u00a0\u00a0\u00a0\u00a0 Paradox, Tilburg, NL<\/span><\/p>\n<p><span style=\"font-size: 10pt;\">12\/04\u00a0\u00a0\u00a0\u00a0 Utrecht, Vredenburg, NL<\/span><\/p>\n<p><span style=\"font-size: 10pt;\">\u00a030\/05\u00a0\u00a0\u00a0 ZOA Festival, AU <em>(in Trio Besetzung)<\/em><\/span><\/p>\n<p><span style=\"font-size: 10pt;\">\u00a014\/06\u00a0\u00a0\u00a0\u00a0 Music for HOPE Festival, Mainz <em>(in Duo Besetzung mit Bj\u00f6rn Meyer)<\/em><\/span><\/p>\n<p>&nbsp;<\/p>\n<p><a href=\"https:\/\/www.simintander.com\/\">https:\/\/www.simintander.com\/<\/a><\/p>\n<p><a href=\"https:\/\/jazzlandrec.com\/\">www.jazzlandrec.com<\/a><\/p>\n","protected":false},"excerpt":{"rendered":"<p>Simin Tander &#8211; The Wind Die in K\u00f6ln geborene, international agierende S\u00e4ngerin und Komponistin\u00a0Simin Tander erhielt bereits 2016 f\u00fcr ihr ECM-Album mit dem Pianisten Tord Gustavsen den Jahrespreis der deutschen Schallplattenkritik \u2013 und wurde j\u00fcngst in der Kategorie \u201eVokal\u201c f\u00fcr den Deutschen Jazzpreis 2024 nominiert. Kein Wunder, ber\u00fchrt ihr ausdrucksstarkes, gleichzeitig zartes und kraftvolles Timbre [&hellip;]<\/p>\n","protected":false},"author":8,"featured_media":21648,"comment_status":"closed","ping_status":"closed","sticky":false,"template":"","format":"standard","meta":{"footnotes":""},"categories":[172],"tags":[],"class_list":["post-21651","post","type-post","status-publish","format-standard","has-post-thumbnail","hentry","category-unkategorisiert"],"yoast_head":"<!-- This site is optimized with the Yoast SEO plugin v26.3 - https:\/\/yoast.com\/wordpress\/plugins\/seo\/ -->\n<title>Simin Tander - The Wind (Releasedate: 21.03.2025) - Q-rious Music<\/title>\n<meta name=\"robots\" content=\"index, follow, max-snippet:-1, max-image-preview:large, max-video-preview:-1\" \/>\n<link rel=\"canonical\" href=\"https:\/\/www.qrious.de\/en\/simin-tander-the-wind-releasedate-21-03-2025\/\" \/>\n<meta property=\"og:locale\" content=\"en_US\" \/>\n<meta property=\"og:type\" content=\"article\" \/>\n<meta property=\"og:title\" content=\"Simin Tander - The Wind (Releasedate: 21.03.2025) - Q-rious Music\" \/>\n<meta property=\"og:description\" content=\"Simin Tander &#8211; The Wind Die in K\u00f6ln geborene, international agierende S\u00e4ngerin und Komponistin\u00a0Simin Tander erhielt bereits 2016 f\u00fcr ihr ECM-Album mit dem Pianisten Tord Gustavsen den Jahrespreis der deutschen Schallplattenkritik \u2013 und wurde j\u00fcngst in der Kategorie \u201eVokal\u201c f\u00fcr den Deutschen Jazzpreis 2024 nominiert. Kein Wunder, ber\u00fchrt ihr ausdrucksstarkes, gleichzeitig zartes und kraftvolles Timbre [&hellip;]\" \/>\n<meta property=\"og:url\" content=\"https:\/\/www.qrious.de\/en\/simin-tander-the-wind-releasedate-21-03-2025\/\" \/>\n<meta property=\"og:site_name\" content=\"Q-rious Music\" \/>\n<meta property=\"article:publisher\" content=\"https:\/\/www.facebook.com\/QriousMusic\/\" \/>\n<meta property=\"article:published_time\" content=\"2025-02-06T14:39:36+00:00\" \/>\n<meta property=\"og:image\" content=\"https:\/\/www.qrious.de\/wp-content\/uploads\/2025\/02\/SiminTander_TheWind_Cover-web.jpg\" \/>\n\t<meta property=\"og:image:width\" content=\"1280\" \/>\n\t<meta property=\"og:image:height\" content=\"1100\" \/>\n\t<meta property=\"og:image:type\" content=\"image\/jpeg\" \/>\n<meta name=\"author\" content=\"Qrious Music\" \/>\n<meta name=\"twitter:card\" content=\"summary_large_image\" \/>\n<meta name=\"twitter:label1\" content=\"Written by\" \/>\n\t<meta name=\"twitter:data1\" content=\"Qrious Music\" \/>\n\t<meta name=\"twitter:label2\" content=\"Est. reading time\" \/>\n\t<meta name=\"twitter:data2\" content=\"5 minutes\" \/>\n<script type=\"application\/ld+json\" class=\"yoast-schema-graph\">{\"@context\":\"https:\/\/schema.org\",\"@graph\":[{\"@type\":\"WebPage\",\"@id\":\"https:\/\/www.qrious.de\/en\/simin-tander-the-wind-releasedate-21-03-2025\/\",\"url\":\"https:\/\/www.qrious.de\/en\/simin-tander-the-wind-releasedate-21-03-2025\/\",\"name\":\"Simin Tander - The Wind (Releasedate: 21.03.2025) - Q-rious Music\",\"isPartOf\":{\"@id\":\"https:\/\/www.qrious.de\/en\/#website\"},\"primaryImageOfPage\":{\"@id\":\"https:\/\/www.qrious.de\/en\/simin-tander-the-wind-releasedate-21-03-2025\/#primaryimage\"},\"image\":{\"@id\":\"https:\/\/www.qrious.de\/en\/simin-tander-the-wind-releasedate-21-03-2025\/#primaryimage\"},\"thumbnailUrl\":\"https:\/\/www.qrious.de\/wp-content\/uploads\/2025\/02\/SiminTander_TheWind_Cover-web.jpg\",\"datePublished\":\"2025-02-06T14:39:36+00:00\",\"author\":{\"@id\":\"https:\/\/www.qrious.de\/en\/#\/schema\/person\/00252a077a1383dc2758a6c4e170f67a\"},\"breadcrumb\":{\"@id\":\"https:\/\/www.qrious.de\/en\/simin-tander-the-wind-releasedate-21-03-2025\/#breadcrumb\"},\"inLanguage\":\"en-US\",\"potentialAction\":[{\"@type\":\"ReadAction\",\"target\":[\"https:\/\/www.qrious.de\/en\/simin-tander-the-wind-releasedate-21-03-2025\/\"]}]},{\"@type\":\"ImageObject\",\"inLanguage\":\"en-US\",\"@id\":\"https:\/\/www.qrious.de\/en\/simin-tander-the-wind-releasedate-21-03-2025\/#primaryimage\",\"url\":\"https:\/\/www.qrious.de\/wp-content\/uploads\/2025\/02\/SiminTander_TheWind_Cover-web.jpg\",\"contentUrl\":\"https:\/\/www.qrious.de\/wp-content\/uploads\/2025\/02\/SiminTander_TheWind_Cover-web.jpg\",\"width\":1280,\"height\":1100},{\"@type\":\"BreadcrumbList\",\"@id\":\"https:\/\/www.qrious.de\/en\/simin-tander-the-wind-releasedate-21-03-2025\/#breadcrumb\",\"itemListElement\":[{\"@type\":\"ListItem\",\"position\":1,\"name\":\"Home\",\"item\":\"https:\/\/www.qrious.de\/en\/\"},{\"@type\":\"ListItem\",\"position\":2,\"name\":\"Simin Tander &#8211; The Wind (Releasedate: 21.03.2025)\"}]},{\"@type\":\"WebSite\",\"@id\":\"https:\/\/www.qrious.de\/en\/#website\",\"url\":\"https:\/\/www.qrious.de\/en\/\",\"name\":\"Q-rious Music\",\"description\":\"Q-rious Music: promotion, distribution, label, publishing\",\"potentialAction\":[{\"@type\":\"SearchAction\",\"target\":{\"@type\":\"EntryPoint\",\"urlTemplate\":\"https:\/\/www.qrious.de\/en\/?s={search_term_string}\"},\"query-input\":{\"@type\":\"PropertyValueSpecification\",\"valueRequired\":true,\"valueName\":\"search_term_string\"}}],\"inLanguage\":\"en-US\"},{\"@type\":\"Person\",\"@id\":\"https:\/\/www.qrious.de\/en\/#\/schema\/person\/00252a077a1383dc2758a6c4e170f67a\",\"name\":\"Qrious Music\",\"url\":\"https:\/\/www.qrious.de\/en\/author\/nicole\/\"}]}<\/script>\n<!-- \/ Yoast SEO plugin. -->","yoast_head_json":{"title":"Simin Tander - The Wind (Releasedate: 21.03.2025) - Q-rious Music","robots":{"index":"index","follow":"follow","max-snippet":"max-snippet:-1","max-image-preview":"max-image-preview:large","max-video-preview":"max-video-preview:-1"},"canonical":"https:\/\/www.qrious.de\/en\/simin-tander-the-wind-releasedate-21-03-2025\/","og_locale":"en_US","og_type":"article","og_title":"Simin Tander - The Wind (Releasedate: 21.03.2025) - Q-rious Music","og_description":"Simin Tander &#8211; The Wind Die in K\u00f6ln geborene, international agierende S\u00e4ngerin und Komponistin\u00a0Simin Tander erhielt bereits 2016 f\u00fcr ihr ECM-Album mit dem Pianisten Tord Gustavsen den Jahrespreis der deutschen Schallplattenkritik \u2013 und wurde j\u00fcngst in der Kategorie \u201eVokal\u201c f\u00fcr den Deutschen Jazzpreis 2024 nominiert. Kein Wunder, ber\u00fchrt ihr ausdrucksstarkes, gleichzeitig zartes und kraftvolles Timbre [&hellip;]","og_url":"https:\/\/www.qrious.de\/en\/simin-tander-the-wind-releasedate-21-03-2025\/","og_site_name":"Q-rious Music","article_publisher":"https:\/\/www.facebook.com\/QriousMusic\/","article_published_time":"2025-02-06T14:39:36+00:00","og_image":[{"width":1280,"height":1100,"url":"https:\/\/www.qrious.de\/wp-content\/uploads\/2025\/02\/SiminTander_TheWind_Cover-web.jpg","type":"image\/jpeg"}],"author":"Qrious Music","twitter_card":"summary_large_image","twitter_misc":{"Written by":"Qrious Music","Est. reading time":"5 minutes"},"schema":{"@context":"https:\/\/schema.org","@graph":[{"@type":"WebPage","@id":"https:\/\/www.qrious.de\/en\/simin-tander-the-wind-releasedate-21-03-2025\/","url":"https:\/\/www.qrious.de\/en\/simin-tander-the-wind-releasedate-21-03-2025\/","name":"Simin Tander - The Wind (Releasedate: 21.03.2025) - Q-rious Music","isPartOf":{"@id":"https:\/\/www.qrious.de\/en\/#website"},"primaryImageOfPage":{"@id":"https:\/\/www.qrious.de\/en\/simin-tander-the-wind-releasedate-21-03-2025\/#primaryimage"},"image":{"@id":"https:\/\/www.qrious.de\/en\/simin-tander-the-wind-releasedate-21-03-2025\/#primaryimage"},"thumbnailUrl":"https:\/\/www.qrious.de\/wp-content\/uploads\/2025\/02\/SiminTander_TheWind_Cover-web.jpg","datePublished":"2025-02-06T14:39:36+00:00","author":{"@id":"https:\/\/www.qrious.de\/en\/#\/schema\/person\/00252a077a1383dc2758a6c4e170f67a"},"breadcrumb":{"@id":"https:\/\/www.qrious.de\/en\/simin-tander-the-wind-releasedate-21-03-2025\/#breadcrumb"},"inLanguage":"en-US","potentialAction":[{"@type":"ReadAction","target":["https:\/\/www.qrious.de\/en\/simin-tander-the-wind-releasedate-21-03-2025\/"]}]},{"@type":"ImageObject","inLanguage":"en-US","@id":"https:\/\/www.qrious.de\/en\/simin-tander-the-wind-releasedate-21-03-2025\/#primaryimage","url":"https:\/\/www.qrious.de\/wp-content\/uploads\/2025\/02\/SiminTander_TheWind_Cover-web.jpg","contentUrl":"https:\/\/www.qrious.de\/wp-content\/uploads\/2025\/02\/SiminTander_TheWind_Cover-web.jpg","width":1280,"height":1100},{"@type":"BreadcrumbList","@id":"https:\/\/www.qrious.de\/en\/simin-tander-the-wind-releasedate-21-03-2025\/#breadcrumb","itemListElement":[{"@type":"ListItem","position":1,"name":"Home","item":"https:\/\/www.qrious.de\/en\/"},{"@type":"ListItem","position":2,"name":"Simin Tander &#8211; The Wind (Releasedate: 21.03.2025)"}]},{"@type":"WebSite","@id":"https:\/\/www.qrious.de\/en\/#website","url":"https:\/\/www.qrious.de\/en\/","name":"Q-rious Music","description":"Q-rious Music: promotion, distribution, label, publishing","potentialAction":[{"@type":"SearchAction","target":{"@type":"EntryPoint","urlTemplate":"https:\/\/www.qrious.de\/en\/?s={search_term_string}"},"query-input":{"@type":"PropertyValueSpecification","valueRequired":true,"valueName":"search_term_string"}}],"inLanguage":"en-US"},{"@type":"Person","@id":"https:\/\/www.qrious.de\/en\/#\/schema\/person\/00252a077a1383dc2758a6c4e170f67a","name":"Qrious Music","url":"https:\/\/www.qrious.de\/en\/author\/nicole\/"}]}},"_links":{"self":[{"href":"https:\/\/www.qrious.de\/en\/wp-json\/wp\/v2\/posts\/21651","targetHints":{"allow":["GET"]}}],"collection":[{"href":"https:\/\/www.qrious.de\/en\/wp-json\/wp\/v2\/posts"}],"about":[{"href":"https:\/\/www.qrious.de\/en\/wp-json\/wp\/v2\/types\/post"}],"author":[{"embeddable":true,"href":"https:\/\/www.qrious.de\/en\/wp-json\/wp\/v2\/users\/8"}],"replies":[{"embeddable":true,"href":"https:\/\/www.qrious.de\/en\/wp-json\/wp\/v2\/comments?post=21651"}],"version-history":[{"count":2,"href":"https:\/\/www.qrious.de\/en\/wp-json\/wp\/v2\/posts\/21651\/revisions"}],"predecessor-version":[{"id":21653,"href":"https:\/\/www.qrious.de\/en\/wp-json\/wp\/v2\/posts\/21651\/revisions\/21653"}],"wp:featuredmedia":[{"embeddable":true,"href":"https:\/\/www.qrious.de\/en\/wp-json\/wp\/v2\/media\/21648"}],"wp:attachment":[{"href":"https:\/\/www.qrious.de\/en\/wp-json\/wp\/v2\/media?parent=21651"}],"wp:term":[{"taxonomy":"category","embeddable":true,"href":"https:\/\/www.qrious.de\/en\/wp-json\/wp\/v2\/categories?post=21651"},{"taxonomy":"post_tag","embeddable":true,"href":"https:\/\/www.qrious.de\/en\/wp-json\/wp\/v2\/tags?post=21651"}],"curies":[{"name":"wp","href":"https:\/\/api.w.org\/{rel}","templated":true}]}}