{"id":17546,"date":"2024-07-09T11:07:30","date_gmt":"2024-07-09T09:07:30","guid":{"rendered":"https:\/\/www.qrious.de\/?p=17546"},"modified":"2024-08-20T12:58:13","modified_gmt":"2024-08-20T10:58:13","slug":"philip-weberndoerfer-trio-tides-releasedate-23-08-2024","status":"publish","type":"post","link":"https:\/\/www.qrious.de\/en\/philip-weberndoerfer-trio-tides-releasedate-23-08-2024\/","title":{"rendered":"Philip Weberndoerfer Trio &#8211; TIDES (Releasedate: 23.08.2024)"},"content":{"rendered":"<p><img loading=\"lazy\" decoding=\"async\" class=\"alignnone size-medium wp-image-17547\" src=\"https:\/\/www.qrious.de\/wp-content\/uploads\/2024\/07\/TIDES-Cover-web-300x300.jpg\" alt=\"\" width=\"300\" height=\"300\" srcset=\"https:\/\/www.qrious.de\/wp-content\/uploads\/2024\/07\/TIDES-Cover-web-300x300.jpg 300w, https:\/\/www.qrious.de\/wp-content\/uploads\/2024\/07\/TIDES-Cover-web-1024x1024.jpg 1024w, https:\/\/www.qrious.de\/wp-content\/uploads\/2024\/07\/TIDES-Cover-web-150x150.jpg 150w, https:\/\/www.qrious.de\/wp-content\/uploads\/2024\/07\/TIDES-Cover-web-768x768.jpg 768w, https:\/\/www.qrious.de\/wp-content\/uploads\/2024\/07\/TIDES-Cover-web-190x190.jpg 190w, https:\/\/www.qrious.de\/wp-content\/uploads\/2024\/07\/TIDES-Cover-web-645x645.jpg 645w, https:\/\/www.qrious.de\/wp-content\/uploads\/2024\/07\/TIDES-Cover-web-345x345.jpg 345w, https:\/\/www.qrious.de\/wp-content\/uploads\/2024\/07\/TIDES-Cover-web-180x180.jpg 180w, https:\/\/www.qrious.de\/wp-content\/uploads\/2024\/07\/TIDES-Cover-web-600x600.jpg 600w, https:\/\/www.qrious.de\/wp-content\/uploads\/2024\/07\/TIDES-Cover-web-100x100.jpg 100w, https:\/\/www.qrious.de\/wp-content\/uploads\/2024\/07\/TIDES-Cover-web.jpg 1280w\" sizes=\"auto, (max-width: 300px) 100vw, 300px\" \/><\/p>\n<p>&nbsp;<\/p>\n<h2><strong>Philip Weberndoerfer Trio &amp; Dayna Stephens \u2013 <\/strong><strong>TIDES<\/strong><\/h2>\n<p>Philip Weberndoerfer studierte an der Hochschule f\u00fcr Musik in N\u00fcrnberg und war dort von April 2013 bis September 2015 Dozent f\u00fcr Jazzgitarre\/Popgitarre. Mit eigenen Projekten unternahm er ausgedehnte Europatourneen und wirkte in Theaterproduktionen und Musicals am Landestheater Coburg und am N\u00fcrnberger Opernhaus mit. Dar\u00fcber hinaus trat er mit Kammermusikensembles der Bamberger Philharmoniker und dem Symphonieorchester des Bayerischen Rundfunks auf. Seit September 2015 lebt er in New York.<\/p>\n<p><strong>TIDES<\/strong> ist ein Klang-Gem\u00e4lde der Absurdit\u00e4t des menschlichen Daseins mit all seinen H\u00f6hen und Tiefen. Es erz\u00e4hlt von dem Gef\u00fchl einer starken Str\u00f6mung ausgeliefert zu sein, jedoch tief in sich das Vertrauen zu sp\u00fcren, dass dieser Strom eine wohlwollende Kraft ist, die uns schlussendlich sicheren Ufern entgegentreibt. Hin und wieder begegnet uns das Leben wie die Gezeiten. Der Sog der ebbenden <em>Tide<\/em> rei\u00dft diejenigen mit sich, deren Wurzeln nicht mehr tief genug reichen, w\u00e4hrend die Wellen der Flut die Chance auf neue Begegnungen und pers\u00f6nliches Wachstum mit sich bringen. Bei diesem Album handelt es sich um ein authentisches New Yorker Projekt mit K\u00fcnstlern wohnhaft unweit des East Rivers. Die Musiker der Band haben insbesondere als Freunde zusammengefunden, mit der Mission, sich eine kindliche Unschuld und Neugier bei der Kultivierung ihres Stils zu bewahren, um somit einen Klang zu entwickeln, der sich durch Gelassenheit und innere Ruhe definiert, gegen den Strom unserer schnelllebigen Umwelt. Gleichzeitig ist der Gruppe eine Ausdruckskraft zu eigen, die durch die New Yorker Jazz-Community gepr\u00e4gt und durch zahlreiche Konzerte inmitten des pulsierenden Nachtlebens der Stadt geschliffen wurde.<\/p>\n<p>Auf dieser musikalischen Reise hat Gitarrist <strong>Philip Weberndoerfer <\/strong>gef\u00fchlvolle Kompositionen geschaffen, die zwischen Melancholie, Unbeschwertheit und Leidenschaft hin und her wiegen. Kongenial unterst\u00fctzt durch die einf\u00fchlsame Musikalit\u00e4t von <strong><em>Richard Mikel<\/em><\/strong> am Bass und <strong><em>Peter Traunmueller<\/em><\/strong> am Schlagzeug, kreuzten sich die Wege des Trios mit <strong><em>Dayna Stephens<\/em><\/strong>, der diese k\u00fcnstlerische Vision teilt und durch seinen lyrischen Klang am Saxophon komplementiert. Das Ergebnis dieser Kollaboration ist ein phantasievolles Album, das Freiheit und Offenheit sowie eine sp\u00fcrbare Vertrautheit unter den Musikern als mutigen Ansatz f\u00fcr Dialog und Interaktion zelebriert.<\/p>\n<p>Auf seinem Album <em>Tides<\/em> beweist Philip Weberndoerfer ein H\u00e4ndchen f\u00fcr einfallsreiche Songstrukturen und ein ausgepr\u00e4gtes Gesp\u00fcr f\u00fcr Melodien. Mit einem reinen Ton, lyrischen Zeilen und einer ausgereiften Akkordarbeit navigiert er geschickt durch die Harmonien, die er sich selbst vorgibt. Eine erfahrene Rhythmusgruppe und der stets ausgezeichnete Dayna Stephens helfen ihm, seine Visionen zum Leben zu erwecken.<\/p>\n<p>Durch die Gestaltung der Kompositionen entsteht Spannung f\u00fcr unvorhergesehene improvisatorische Momente, und Spielraum f\u00fcr die einzelnen Instrumente, sich individuell zu entfalten. Philip Weberndoerfers <strong>TIDES<\/strong> erinnert uns daran, dass Musik Gemeinschaft schafft und in turbulenten Zeiten ein sicheres Ufer sein kann. Das Album ist eine Einladung an die Zuh\u00f6rer\/Innen, in diese trostvolle Klangwelt einzutauchen und mit offenen Ohren die Seele treiben zu lassen.<\/p>\n<p><strong>\u00a0<\/strong><\/p>\n<p><strong>Philip Weberndoerfer<\/strong> \u00a0\u00a0\u00a0\u00a0 &#8211; guitar, composition<\/p>\n<p><strong>Richard Mikel<\/strong> \u00a0\u00a0\u00a0\u00a0\u00a0\u00a0\u00a0\u00a0\u00a0\u00a0\u00a0\u00a0\u00a0\u00a0\u00a0\u00a0 &#8211; bass<\/p>\n<p><strong>Peter Traunmueller \u00a0\u00a0\u00a0\u00a0\u00a0\u00a0\u00a0\u00a0\u00a0 <\/strong>&#8211; drums<\/p>\n<p><strong>Dayna Stephens<\/strong> \u00a0\u00a0\u00a0\u00a0\u00a0\u00a0\u00a0\u00a0\u00a0\u00a0\u00a0\u00a0 &#8211; saxophones<\/p>\n<p>&nbsp;<\/p>\n<h2 class=\"style-scope ytd-watch-metadata\">Philip Weberdoerfer &#8220;Tides&#8221; Promo Video<\/h2>\n<p><iframe loading=\"lazy\" title=\"Philip Weberdoerfer &quot;Tides&quot; Promo Video\" width=\"640\" height=\"360\" src=\"https:\/\/www.youtube.com\/embed\/NgNFBJckLNs?feature=oembed\" frameborder=\"0\" allow=\"accelerometer; autoplay; clipboard-write; encrypted-media; gyroscope; picture-in-picture; web-share\" referrerpolicy=\"strict-origin-when-cross-origin\" allowfullscreen><\/iframe><\/p>\n<p>&nbsp;<\/p>\n<p>&nbsp;<\/p>\n<p><strong>Links:<\/strong><\/p>\n<p>Webseite: \u00a0\u00a0\u00a0\u00a0\u00a0\u00a0 \u00a0\u00a0\u00a0\u00a0\u00a0\u00a0\u00a0\u00a0\u00a0\u00a0\u00a0 <a href=\"https:\/\/www.weberndoerfer.com\/\">https:\/\/www.weberndoerfer.com\/<\/a><\/p>\n<p>Album Stream: \u00a0\u00a0\u00a0\u00a0\u00a0\u00a0\u00a0\u00a0\u00a0\u00a0 <a href=\"https:\/\/on.soundcloud.com\/R2RNo\">https:\/\/on.soundcloud.com\/R2RNo<\/a><\/p>\n<p>Instagram: \u00a0\u00a0\u00a0\u00a0\u00a0\u00a0\u00a0\u00a0\u00a0\u00a0\u00a0\u00a0\u00a0\u00a0\u00a0\u00a0 <a href=\"https:\/\/www.instagram.com\/philipweberndoerfer\/\">https:\/\/www.instagram.com\/philipweberndoerfer\/<\/a><\/p>\n<p>Youtube:\u00a0\u00a0\u00a0\u00a0\u00a0\u00a0\u00a0\u00a0 \u00a0\u00a0\u00a0\u00a0\u00a0\u00a0\u00a0\u00a0\u00a0\u00a0 <a href=\"http:\/\/www.youtube.com\/@philipweberndorfer8075\">www.youtube.com\/@philipweberndorfer8075<\/a><\/p>\n","protected":false},"excerpt":{"rendered":"<p>&nbsp; Philip Weberndoerfer Trio &amp; Dayna Stephens \u2013 TIDES Philip Weberndoerfer studierte an der Hochschule f\u00fcr Musik in N\u00fcrnberg und war dort von April 2013 bis September 2015 Dozent f\u00fcr Jazzgitarre\/Popgitarre. Mit eigenen Projekten unternahm er ausgedehnte Europatourneen und wirkte in Theaterproduktionen und Musicals am Landestheater Coburg und am N\u00fcrnberger Opernhaus mit. Dar\u00fcber hinaus trat [&hellip;]<\/p>\n","protected":false},"author":6,"featured_media":17547,"comment_status":"closed","ping_status":"closed","sticky":false,"template":"","format":"standard","meta":{"footnotes":""},"categories":[172],"tags":[],"class_list":["post-17546","post","type-post","status-publish","format-standard","has-post-thumbnail","hentry","category-unkategorisiert"],"yoast_head":"<!-- This site is optimized with the Yoast SEO plugin v26.3 - https:\/\/yoast.com\/wordpress\/plugins\/seo\/ -->\n<title>Philip Weberndoerfer Trio - TIDES (Releasedate: 23.08.2024) - Q-rious Music<\/title>\n<meta name=\"robots\" content=\"index, follow, max-snippet:-1, max-image-preview:large, max-video-preview:-1\" \/>\n<link rel=\"canonical\" href=\"https:\/\/www.qrious.de\/en\/philip-weberndoerfer-trio-tides-releasedate-23-08-2024\/\" \/>\n<meta property=\"og:locale\" content=\"en_US\" \/>\n<meta property=\"og:type\" content=\"article\" \/>\n<meta property=\"og:title\" content=\"Philip Weberndoerfer Trio - TIDES (Releasedate: 23.08.2024) - Q-rious Music\" \/>\n<meta property=\"og:description\" content=\"&nbsp; Philip Weberndoerfer Trio &amp; Dayna Stephens \u2013 TIDES Philip Weberndoerfer studierte an der Hochschule f\u00fcr Musik in N\u00fcrnberg und war dort von April 2013 bis September 2015 Dozent f\u00fcr Jazzgitarre\/Popgitarre. Mit eigenen Projekten unternahm er ausgedehnte Europatourneen und wirkte in Theaterproduktionen und Musicals am Landestheater Coburg und am N\u00fcrnberger Opernhaus mit. Dar\u00fcber hinaus trat [&hellip;]\" \/>\n<meta property=\"og:url\" content=\"https:\/\/www.qrious.de\/en\/philip-weberndoerfer-trio-tides-releasedate-23-08-2024\/\" \/>\n<meta property=\"og:site_name\" content=\"Q-rious Music\" \/>\n<meta property=\"article:publisher\" content=\"https:\/\/www.facebook.com\/QriousMusic\/\" \/>\n<meta property=\"article:published_time\" content=\"2024-07-09T09:07:30+00:00\" \/>\n<meta property=\"article:modified_time\" content=\"2024-08-20T10:58:13+00:00\" \/>\n<meta property=\"og:image\" content=\"https:\/\/www.qrious.de\/wp-content\/uploads\/2024\/07\/TIDES-Cover-web.jpg\" \/>\n\t<meta property=\"og:image:width\" content=\"1280\" \/>\n\t<meta property=\"og:image:height\" content=\"1280\" \/>\n\t<meta property=\"og:image:type\" content=\"image\/jpeg\" \/>\n<meta name=\"author\" content=\"Qrious\" \/>\n<meta name=\"twitter:card\" content=\"summary_large_image\" \/>\n<meta name=\"twitter:label1\" content=\"Written by\" \/>\n\t<meta name=\"twitter:data1\" content=\"Qrious\" \/>\n\t<meta name=\"twitter:label2\" content=\"Est. reading time\" \/>\n\t<meta name=\"twitter:data2\" content=\"3 minutes\" \/>\n<script type=\"application\/ld+json\" class=\"yoast-schema-graph\">{\"@context\":\"https:\/\/schema.org\",\"@graph\":[{\"@type\":\"WebPage\",\"@id\":\"https:\/\/www.qrious.de\/en\/philip-weberndoerfer-trio-tides-releasedate-23-08-2024\/\",\"url\":\"https:\/\/www.qrious.de\/en\/philip-weberndoerfer-trio-tides-releasedate-23-08-2024\/\",\"name\":\"Philip Weberndoerfer Trio - TIDES (Releasedate: 23.08.2024) - Q-rious Music\",\"isPartOf\":{\"@id\":\"https:\/\/www.qrious.de\/en\/#website\"},\"primaryImageOfPage\":{\"@id\":\"https:\/\/www.qrious.de\/en\/philip-weberndoerfer-trio-tides-releasedate-23-08-2024\/#primaryimage\"},\"image\":{\"@id\":\"https:\/\/www.qrious.de\/en\/philip-weberndoerfer-trio-tides-releasedate-23-08-2024\/#primaryimage\"},\"thumbnailUrl\":\"https:\/\/www.qrious.de\/wp-content\/uploads\/2024\/07\/TIDES-Cover-web.jpg\",\"datePublished\":\"2024-07-09T09:07:30+00:00\",\"dateModified\":\"2024-08-20T10:58:13+00:00\",\"author\":{\"@id\":\"https:\/\/www.qrious.de\/en\/#\/schema\/person\/c23ecd85bc1b3ab8b09bf6da9d86a700\"},\"breadcrumb\":{\"@id\":\"https:\/\/www.qrious.de\/en\/philip-weberndoerfer-trio-tides-releasedate-23-08-2024\/#breadcrumb\"},\"inLanguage\":\"en-US\",\"potentialAction\":[{\"@type\":\"ReadAction\",\"target\":[\"https:\/\/www.qrious.de\/en\/philip-weberndoerfer-trio-tides-releasedate-23-08-2024\/\"]}]},{\"@type\":\"ImageObject\",\"inLanguage\":\"en-US\",\"@id\":\"https:\/\/www.qrious.de\/en\/philip-weberndoerfer-trio-tides-releasedate-23-08-2024\/#primaryimage\",\"url\":\"https:\/\/www.qrious.de\/wp-content\/uploads\/2024\/07\/TIDES-Cover-web.jpg\",\"contentUrl\":\"https:\/\/www.qrious.de\/wp-content\/uploads\/2024\/07\/TIDES-Cover-web.jpg\",\"width\":1280,\"height\":1280},{\"@type\":\"BreadcrumbList\",\"@id\":\"https:\/\/www.qrious.de\/en\/philip-weberndoerfer-trio-tides-releasedate-23-08-2024\/#breadcrumb\",\"itemListElement\":[{\"@type\":\"ListItem\",\"position\":1,\"name\":\"Home\",\"item\":\"https:\/\/www.qrious.de\/en\/\"},{\"@type\":\"ListItem\",\"position\":2,\"name\":\"Philip Weberndoerfer Trio &#8211; TIDES (Releasedate: 23.08.2024)\"}]},{\"@type\":\"WebSite\",\"@id\":\"https:\/\/www.qrious.de\/en\/#website\",\"url\":\"https:\/\/www.qrious.de\/en\/\",\"name\":\"Q-rious Music\",\"description\":\"Q-rious Music: promotion, distribution, label, publishing\",\"potentialAction\":[{\"@type\":\"SearchAction\",\"target\":{\"@type\":\"EntryPoint\",\"urlTemplate\":\"https:\/\/www.qrious.de\/en\/?s={search_term_string}\"},\"query-input\":{\"@type\":\"PropertyValueSpecification\",\"valueRequired\":true,\"valueName\":\"search_term_string\"}}],\"inLanguage\":\"en-US\"},{\"@type\":\"Person\",\"@id\":\"https:\/\/www.qrious.de\/en\/#\/schema\/person\/c23ecd85bc1b3ab8b09bf6da9d86a700\",\"name\":\"Qrious\",\"sameAs\":[\"http:\/\/www.qrious.de\"],\"url\":\"https:\/\/www.qrious.de\/en\/author\/office\/\"}]}<\/script>\n<!-- \/ Yoast SEO plugin. -->","yoast_head_json":{"title":"Philip Weberndoerfer Trio - TIDES (Releasedate: 23.08.2024) - Q-rious Music","robots":{"index":"index","follow":"follow","max-snippet":"max-snippet:-1","max-image-preview":"max-image-preview:large","max-video-preview":"max-video-preview:-1"},"canonical":"https:\/\/www.qrious.de\/en\/philip-weberndoerfer-trio-tides-releasedate-23-08-2024\/","og_locale":"en_US","og_type":"article","og_title":"Philip Weberndoerfer Trio - TIDES (Releasedate: 23.08.2024) - Q-rious Music","og_description":"&nbsp; Philip Weberndoerfer Trio &amp; Dayna Stephens \u2013 TIDES Philip Weberndoerfer studierte an der Hochschule f\u00fcr Musik in N\u00fcrnberg und war dort von April 2013 bis September 2015 Dozent f\u00fcr Jazzgitarre\/Popgitarre. Mit eigenen Projekten unternahm er ausgedehnte Europatourneen und wirkte in Theaterproduktionen und Musicals am Landestheater Coburg und am N\u00fcrnberger Opernhaus mit. Dar\u00fcber hinaus trat [&hellip;]","og_url":"https:\/\/www.qrious.de\/en\/philip-weberndoerfer-trio-tides-releasedate-23-08-2024\/","og_site_name":"Q-rious Music","article_publisher":"https:\/\/www.facebook.com\/QriousMusic\/","article_published_time":"2024-07-09T09:07:30+00:00","article_modified_time":"2024-08-20T10:58:13+00:00","og_image":[{"width":1280,"height":1280,"url":"https:\/\/www.qrious.de\/wp-content\/uploads\/2024\/07\/TIDES-Cover-web.jpg","type":"image\/jpeg"}],"author":"Qrious","twitter_card":"summary_large_image","twitter_misc":{"Written by":"Qrious","Est. reading time":"3 minutes"},"schema":{"@context":"https:\/\/schema.org","@graph":[{"@type":"WebPage","@id":"https:\/\/www.qrious.de\/en\/philip-weberndoerfer-trio-tides-releasedate-23-08-2024\/","url":"https:\/\/www.qrious.de\/en\/philip-weberndoerfer-trio-tides-releasedate-23-08-2024\/","name":"Philip Weberndoerfer Trio - TIDES (Releasedate: 23.08.2024) - Q-rious Music","isPartOf":{"@id":"https:\/\/www.qrious.de\/en\/#website"},"primaryImageOfPage":{"@id":"https:\/\/www.qrious.de\/en\/philip-weberndoerfer-trio-tides-releasedate-23-08-2024\/#primaryimage"},"image":{"@id":"https:\/\/www.qrious.de\/en\/philip-weberndoerfer-trio-tides-releasedate-23-08-2024\/#primaryimage"},"thumbnailUrl":"https:\/\/www.qrious.de\/wp-content\/uploads\/2024\/07\/TIDES-Cover-web.jpg","datePublished":"2024-07-09T09:07:30+00:00","dateModified":"2024-08-20T10:58:13+00:00","author":{"@id":"https:\/\/www.qrious.de\/en\/#\/schema\/person\/c23ecd85bc1b3ab8b09bf6da9d86a700"},"breadcrumb":{"@id":"https:\/\/www.qrious.de\/en\/philip-weberndoerfer-trio-tides-releasedate-23-08-2024\/#breadcrumb"},"inLanguage":"en-US","potentialAction":[{"@type":"ReadAction","target":["https:\/\/www.qrious.de\/en\/philip-weberndoerfer-trio-tides-releasedate-23-08-2024\/"]}]},{"@type":"ImageObject","inLanguage":"en-US","@id":"https:\/\/www.qrious.de\/en\/philip-weberndoerfer-trio-tides-releasedate-23-08-2024\/#primaryimage","url":"https:\/\/www.qrious.de\/wp-content\/uploads\/2024\/07\/TIDES-Cover-web.jpg","contentUrl":"https:\/\/www.qrious.de\/wp-content\/uploads\/2024\/07\/TIDES-Cover-web.jpg","width":1280,"height":1280},{"@type":"BreadcrumbList","@id":"https:\/\/www.qrious.de\/en\/philip-weberndoerfer-trio-tides-releasedate-23-08-2024\/#breadcrumb","itemListElement":[{"@type":"ListItem","position":1,"name":"Home","item":"https:\/\/www.qrious.de\/en\/"},{"@type":"ListItem","position":2,"name":"Philip Weberndoerfer Trio &#8211; TIDES (Releasedate: 23.08.2024)"}]},{"@type":"WebSite","@id":"https:\/\/www.qrious.de\/en\/#website","url":"https:\/\/www.qrious.de\/en\/","name":"Q-rious Music","description":"Q-rious Music: promotion, distribution, label, publishing","potentialAction":[{"@type":"SearchAction","target":{"@type":"EntryPoint","urlTemplate":"https:\/\/www.qrious.de\/en\/?s={search_term_string}"},"query-input":{"@type":"PropertyValueSpecification","valueRequired":true,"valueName":"search_term_string"}}],"inLanguage":"en-US"},{"@type":"Person","@id":"https:\/\/www.qrious.de\/en\/#\/schema\/person\/c23ecd85bc1b3ab8b09bf6da9d86a700","name":"Qrious","sameAs":["http:\/\/www.qrious.de"],"url":"https:\/\/www.qrious.de\/en\/author\/office\/"}]}},"_links":{"self":[{"href":"https:\/\/www.qrious.de\/en\/wp-json\/wp\/v2\/posts\/17546","targetHints":{"allow":["GET"]}}],"collection":[{"href":"https:\/\/www.qrious.de\/en\/wp-json\/wp\/v2\/posts"}],"about":[{"href":"https:\/\/www.qrious.de\/en\/wp-json\/wp\/v2\/types\/post"}],"author":[{"embeddable":true,"href":"https:\/\/www.qrious.de\/en\/wp-json\/wp\/v2\/users\/6"}],"replies":[{"embeddable":true,"href":"https:\/\/www.qrious.de\/en\/wp-json\/wp\/v2\/comments?post=17546"}],"version-history":[{"count":0,"href":"https:\/\/www.qrious.de\/en\/wp-json\/wp\/v2\/posts\/17546\/revisions"}],"wp:featuredmedia":[{"embeddable":true,"href":"https:\/\/www.qrious.de\/en\/wp-json\/wp\/v2\/media\/17547"}],"wp:attachment":[{"href":"https:\/\/www.qrious.de\/en\/wp-json\/wp\/v2\/media?parent=17546"}],"wp:term":[{"taxonomy":"category","embeddable":true,"href":"https:\/\/www.qrious.de\/en\/wp-json\/wp\/v2\/categories?post=17546"},{"taxonomy":"post_tag","embeddable":true,"href":"https:\/\/www.qrious.de\/en\/wp-json\/wp\/v2\/tags?post=17546"}],"curies":[{"name":"wp","href":"https:\/\/api.w.org\/{rel}","templated":true}]}}