{"id":17365,"date":"2024-04-10T13:59:54","date_gmt":"2024-04-10T11:59:54","guid":{"rendered":"https:\/\/www.qrious.de\/?p=17365"},"modified":"2024-04-10T13:59:54","modified_gmt":"2024-04-10T11:59:54","slug":"brad-mehldau-apres-faure-releasedate-10-05-2024","status":"publish","type":"post","link":"https:\/\/www.qrious.de\/en\/brad-mehldau-apres-faure-releasedate-10-05-2024\/","title":{"rendered":"Brad Mehldau &#8211;  Apr\u00e8s Faur\u00e9 (Releasedate: 10.05.2024)"},"content":{"rendered":"<p><img loading=\"lazy\" decoding=\"async\" class=\"alignnone size-medium wp-image-17366\" src=\"https:\/\/www.qrious.de\/wp-content\/uploads\/2024\/04\/BradMehldau_AF_Cover-300x300.jpg\" alt=\"\" width=\"300\" height=\"300\" srcset=\"https:\/\/www.qrious.de\/wp-content\/uploads\/2024\/04\/BradMehldau_AF_Cover-300x300.jpg 300w, https:\/\/www.qrious.de\/wp-content\/uploads\/2024\/04\/BradMehldau_AF_Cover-1024x1024.jpg 1024w, https:\/\/www.qrious.de\/wp-content\/uploads\/2024\/04\/BradMehldau_AF_Cover-150x150.jpg 150w, https:\/\/www.qrious.de\/wp-content\/uploads\/2024\/04\/BradMehldau_AF_Cover-768x768.jpg 768w, https:\/\/www.qrious.de\/wp-content\/uploads\/2024\/04\/BradMehldau_AF_Cover-1536x1536.jpg 1536w, https:\/\/www.qrious.de\/wp-content\/uploads\/2024\/04\/BradMehldau_AF_Cover-2048x2048.jpg 2048w, https:\/\/www.qrious.de\/wp-content\/uploads\/2024\/04\/BradMehldau_AF_Cover-190x190.jpg 190w, https:\/\/www.qrious.de\/wp-content\/uploads\/2024\/04\/BradMehldau_AF_Cover-645x645.jpg 645w, https:\/\/www.qrious.de\/wp-content\/uploads\/2024\/04\/BradMehldau_AF_Cover-345x345.jpg 345w, https:\/\/www.qrious.de\/wp-content\/uploads\/2024\/04\/BradMehldau_AF_Cover-180x180.jpg 180w, https:\/\/www.qrious.de\/wp-content\/uploads\/2024\/04\/BradMehldau_AF_Cover-600x600.jpg 600w, https:\/\/www.qrious.de\/wp-content\/uploads\/2024\/04\/BradMehldau_AF_Cover-100x100.jpg 100w\" sizes=\"auto, (max-width: 300px) 100vw, 300px\" \/><\/p>\n<p>&nbsp;<\/p>\n<h2><strong>Brad Mehldau: Apr\u00e8s Faur\u00e9<\/strong><\/h2>\n<p>Nonesuch Records ver\u00f6ffentlicht Brad Mehldaus <strong><em>After Bach II<\/em><\/strong> und <strong><em>Apr\u00e8s Faur\u00e9 <\/em><\/strong>am 10. Mai 2024. Das Bach-Album umfasst vier Pr\u00e4ludien und eine Fuge aus dem Wohltemperierten Klavier sowie die Allemande aus der vierten Partita, erg\u00e4nzt durch sieben Kompositionen oder Improvisationen Mehldaus, inspiriert von den erg\u00e4nzenden Werken Bachs \u2013 einschlie\u00dflich Mehldaus <em>Variationen \u00fcber Bachs Goldberg-Thema<\/em>. Auf <em>After Faur\u00e9<\/em> spielt Mehldau vier Pr\u00e4ludien aus einem Zeitraum von siebenunddrei\u00dfig Jahren in Gabriel Faur\u00e9s Schaffen sowie einen verk\u00fcrzten Auszug aus dem Adagio seines Klavierquartetts in g-Moll. Hier werden vier von Faur\u00e9 inspirierte Kompositionen Mehldaus als Gruppe pr\u00e4sentiert, erg\u00e4nzt durch zwei Abschnitte mit Werken des franz\u00f6sischen Komponisten.Die Albumtitel <em>Between Bach<\/em> von Mehldau und <em>Fuge Nr. 20 in a-Moll<\/em> von Bach sind bereits erh\u00e4ltlich. Ebenso wie Mehldaus &#8220;Apr\u00e8s Faur\u00e9: Prelude&#8221; aus <em>Apr\u00e8s Faur\u00e9<\/em>, zusammen mit einer musikalischen Bearbeitung.<\/p>\n<p>Mehldau, von der &#8220;Universalit\u00e4t&#8221; Bachs Musik sprechend, schreibt in seinem Begleittext: &#8220;Je mehr man versucht, sich auf ihn einzulassen, desto mehr wird die <em>eigene <\/em>Pers\u00f6nlichkeit sichtbar, unvermeidlich. Du spielst nicht Bach &#8211; Bach spielt dich, in dem Sinne, dass er dich entbl\u00f6\u00dft&#8230; Die beste Wahl, die du jederzeit triffst, geschieht nicht aus einer Abwesenheit heraus, sondern aus dem, was in seiner Gesamtheit vorhanden ist&#8230; Konkret ist es die permanente Entscheidung, die du dahingehend triffst, wie zwischen Harmonie und Melodie verhandelt wird&#8221;.<\/p>\n<p>Er f\u00e4hrt fort: &#8220;Deshalb ist Bach ein Vorbild f\u00fcr mich als Jazzmusiker. In meinen improvisierten Soli m\u00f6chte ich melodische Phrasen mit harmonischen Implikationen bilden und Harmonie erzeugen, die sich auf melodische Weise bewegt. Das ist ein wesentlicher Bestandteil der Erz\u00e4hlung.&#8221; <em>After Bach II<\/em> folgt auf das <em>After Bach<\/em> Album von 2018, das seinen Ursprung in einem Werk hat, das Mehldau 2015 im Auftrag der Carnegie Hall, des Royal Conservatory of Music, der National Concert Hall und der Wigmore Hall urauff\u00fchrte: <em>Three Pieces After Bach<\/em>.<\/p>\n<p>\u00dcber das Album <em>Apr\u00e8s Faur\u00e9<\/em> schreibt Mehldau: &#8221; Wenn das Erhabene uns einen Vorgeschmack auf unsere Sterblichkeit gibt, dann k\u00f6nnte diese Musik die Strenge des Todes vermitteln &#8211; den Tod von Faur\u00e9, als er sich ihm n\u00e4herte, aber auch die Vorahnung unseres eigenen. Zuletzt f\u00fchlen wir uns dem Komponisten in der Frage verwandt, die er in die Zukunft geworfen hat, zu uns. Ich habe vier St\u00fccke komponiert, um Faur\u00e9s Musik hier zu begleiten und mit Ihnen, den Zuh\u00f6rer*innen, die Art und Weise zu teilen, wie ich mich mit Faur\u00e9s Frage auseinandergesetzt habe.\u201c<\/p>\n<p>&#8220;Dieses Format \u00e4hnelt meinem Projekt <em>After Bach<\/em>&#8220;, f\u00e4hrt er fort. &#8220;Die Verbindungen sind weniger offenkundig, aber Faur\u00e9s harmonische Pr\u00e4gung ist in allen vier Werken vorhanden. Dazu gibt es einen strukturellen Einfluss in Bezug darauf, wie er sein musikalisches Material pianistisch auff\u00fchrte &#8211; er nutzte die Klangf\u00fclle des Instruments meisterhaft als Ausdrucksmittel. So ist zum Beispiel in meinem ersten &#8216;Prelude&#8217; die Melodie mit einem fortlaufenden Arpeggio verkn\u00fcpft, das sowohl Teil von ihr ist als auch \u00fcber ihr schwebt; in meinem &#8216;Nocturne&#8217; ist es m\u00f6glich, den anklingenden akkordischen Ansatz in der Er\u00f6ffnung von Faur\u00e9s Nr. 12 zu h\u00f6ren.&#8221;<\/p>\n<p>Brad Mehldaus Nonesuch-Deb\u00fct war 2004 das Solo-Album <em>Live in Tokyo<\/em>. Seine darauffolgenden neunzehn Ver\u00f6ffentlichungen bei dem Label beinhalten sechs Aufnahmen mit seinem Trio sowie kollaborative und Solo-Alben. Seine j\u00fcngsten Ver\u00f6ffentlichungen sind ein Solo-Album, das er w\u00e4hrend des COVID-19 Lockdowns aufgenommen hat, <em>Suite: April 2020<\/em>; \u00a0<em>Jacob&#8217;s Ladder<\/em> (2022) mit Musik welche die Heilige Schrift und die Suche nach Gott durch Musik reflektiert und die von dem Prog-Rock inspiriert ist, den Mehldau als Jugendlicher liebte; und <em>Your Mother Should Know: Brad Mehldau Plays The Beatles<\/em> (2023), ein Live-Soloalbum mit den Interpretationen des Pianisten und Komponisten von neun Songs von John Lennon und Paul McCartney und einem von George Harrison. Mehldaus Autobiografie <em>Formation: Building a Personal Canon, Part I<\/em>, wurde ebenfalls 2023 ver\u00f6ffentlicht und bietet in seinen eigenen Worten einen seltenen Einblick in die Gedankenwelt eines K\u00fcnstlers, der an der Spitze seines Fachs steht.<\/p>\n<p>&nbsp;<\/p>\n<p><strong>Brad Mehldau<\/strong><\/p>\n<p><strong><em>Apr\u00e8s Faur\u00e9<\/em><\/strong><\/p>\n<p><strong>\u00a0<\/strong><\/p>\n<p>Gabriel Faur\u00e9:<\/p>\n<ol>\n<li>Nocturne No. 13 in B minor, Op. 119 (1921)<\/li>\n<li>Nocturne No. 4 in E major, Op. 36 (c. 1884)<\/li>\n<li>Nocturne No. 12 in E minor, Op. 107 (1915)<\/li>\n<\/ol>\n<p>Brad Mehldau:<\/p>\n<ol start=\"4\">\n<li>Prelude<\/li>\n<li>Caprice<\/li>\n<li>Nocturne<\/li>\n<li>Vision<\/li>\n<\/ol>\n<p>Gabriel Faur\u00e9:<\/p>\n<ol start=\"8\">\n<li>Nocturne No. 7 in C minor, Op. 74 (1898)<\/li>\n<li>Extract from Piano Quartet No. 2, Opus 45 (c. 1887): III. Adagio non troppo<\/li>\n<\/ol>\n<p>&nbsp;<\/p>\n<p>&nbsp;<\/p>\n","protected":false},"excerpt":{"rendered":"<p>&nbsp; Brad Mehldau: Apr\u00e8s Faur\u00e9 Nonesuch Records ver\u00f6ffentlicht Brad Mehldaus After Bach II und Apr\u00e8s Faur\u00e9 am 10. Mai 2024. Das Bach-Album umfasst vier Pr\u00e4ludien und eine Fuge aus dem Wohltemperierten Klavier sowie die Allemande aus der vierten Partita, erg\u00e4nzt durch sieben Kompositionen oder Improvisationen Mehldaus, inspiriert von den erg\u00e4nzenden Werken Bachs \u2013 einschlie\u00dflich Mehldaus [&hellip;]<\/p>\n","protected":false},"author":6,"featured_media":17366,"comment_status":"closed","ping_status":"closed","sticky":false,"template":"","format":"standard","meta":{"footnotes":""},"categories":[172],"tags":[],"class_list":["post-17365","post","type-post","status-publish","format-standard","has-post-thumbnail","hentry","category-unkategorisiert"],"yoast_head":"<!-- This site is optimized with the Yoast SEO plugin v26.3 - https:\/\/yoast.com\/wordpress\/plugins\/seo\/ -->\n<title>Brad Mehldau - Apr\u00e8s Faur\u00e9 (Releasedate: 10.05.2024) - Q-rious Music<\/title>\n<meta name=\"robots\" content=\"index, follow, max-snippet:-1, max-image-preview:large, max-video-preview:-1\" \/>\n<link rel=\"canonical\" href=\"https:\/\/www.qrious.de\/en\/brad-mehldau-apres-faure-releasedate-10-05-2024\/\" \/>\n<meta property=\"og:locale\" content=\"en_US\" \/>\n<meta property=\"og:type\" content=\"article\" \/>\n<meta property=\"og:title\" content=\"Brad Mehldau - Apr\u00e8s Faur\u00e9 (Releasedate: 10.05.2024) - Q-rious Music\" \/>\n<meta property=\"og:description\" content=\"&nbsp; Brad Mehldau: Apr\u00e8s Faur\u00e9 Nonesuch Records ver\u00f6ffentlicht Brad Mehldaus After Bach II und Apr\u00e8s Faur\u00e9 am 10. Mai 2024. Das Bach-Album umfasst vier Pr\u00e4ludien und eine Fuge aus dem Wohltemperierten Klavier sowie die Allemande aus der vierten Partita, erg\u00e4nzt durch sieben Kompositionen oder Improvisationen Mehldaus, inspiriert von den erg\u00e4nzenden Werken Bachs \u2013 einschlie\u00dflich Mehldaus [&hellip;]\" \/>\n<meta property=\"og:url\" content=\"https:\/\/www.qrious.de\/en\/brad-mehldau-apres-faure-releasedate-10-05-2024\/\" \/>\n<meta property=\"og:site_name\" content=\"Q-rious Music\" \/>\n<meta property=\"article:publisher\" content=\"https:\/\/www.facebook.com\/QriousMusic\/\" \/>\n<meta property=\"article:published_time\" content=\"2024-04-10T11:59:54+00:00\" \/>\n<meta property=\"og:image\" content=\"https:\/\/www.qrious.de\/wp-content\/uploads\/2024\/04\/BradMehldau_AF_Cover-scaled.jpg\" \/>\n\t<meta property=\"og:image:width\" content=\"2560\" \/>\n\t<meta property=\"og:image:height\" content=\"2560\" \/>\n\t<meta property=\"og:image:type\" content=\"image\/jpeg\" \/>\n<meta name=\"author\" content=\"Qrious\" \/>\n<meta name=\"twitter:card\" content=\"summary_large_image\" \/>\n<meta name=\"twitter:label1\" content=\"Written by\" \/>\n\t<meta name=\"twitter:data1\" content=\"Qrious\" \/>\n\t<meta name=\"twitter:label2\" content=\"Est. reading time\" \/>\n\t<meta name=\"twitter:data2\" content=\"4 minutes\" \/>\n<script type=\"application\/ld+json\" class=\"yoast-schema-graph\">{\"@context\":\"https:\/\/schema.org\",\"@graph\":[{\"@type\":\"WebPage\",\"@id\":\"https:\/\/www.qrious.de\/en\/brad-mehldau-apres-faure-releasedate-10-05-2024\/\",\"url\":\"https:\/\/www.qrious.de\/en\/brad-mehldau-apres-faure-releasedate-10-05-2024\/\",\"name\":\"Brad Mehldau - Apr\u00e8s Faur\u00e9 (Releasedate: 10.05.2024) - Q-rious Music\",\"isPartOf\":{\"@id\":\"https:\/\/www.qrious.de\/en\/#website\"},\"primaryImageOfPage\":{\"@id\":\"https:\/\/www.qrious.de\/en\/brad-mehldau-apres-faure-releasedate-10-05-2024\/#primaryimage\"},\"image\":{\"@id\":\"https:\/\/www.qrious.de\/en\/brad-mehldau-apres-faure-releasedate-10-05-2024\/#primaryimage\"},\"thumbnailUrl\":\"https:\/\/www.qrious.de\/wp-content\/uploads\/2024\/04\/BradMehldau_AF_Cover-scaled.jpg\",\"datePublished\":\"2024-04-10T11:59:54+00:00\",\"author\":{\"@id\":\"https:\/\/www.qrious.de\/en\/#\/schema\/person\/c23ecd85bc1b3ab8b09bf6da9d86a700\"},\"breadcrumb\":{\"@id\":\"https:\/\/www.qrious.de\/en\/brad-mehldau-apres-faure-releasedate-10-05-2024\/#breadcrumb\"},\"inLanguage\":\"en-US\",\"potentialAction\":[{\"@type\":\"ReadAction\",\"target\":[\"https:\/\/www.qrious.de\/en\/brad-mehldau-apres-faure-releasedate-10-05-2024\/\"]}]},{\"@type\":\"ImageObject\",\"inLanguage\":\"en-US\",\"@id\":\"https:\/\/www.qrious.de\/en\/brad-mehldau-apres-faure-releasedate-10-05-2024\/#primaryimage\",\"url\":\"https:\/\/www.qrious.de\/wp-content\/uploads\/2024\/04\/BradMehldau_AF_Cover-scaled.jpg\",\"contentUrl\":\"https:\/\/www.qrious.de\/wp-content\/uploads\/2024\/04\/BradMehldau_AF_Cover-scaled.jpg\",\"width\":2560,\"height\":2560},{\"@type\":\"BreadcrumbList\",\"@id\":\"https:\/\/www.qrious.de\/en\/brad-mehldau-apres-faure-releasedate-10-05-2024\/#breadcrumb\",\"itemListElement\":[{\"@type\":\"ListItem\",\"position\":1,\"name\":\"Home\",\"item\":\"https:\/\/www.qrious.de\/en\/\"},{\"@type\":\"ListItem\",\"position\":2,\"name\":\"Brad Mehldau &#8211; Apr\u00e8s Faur\u00e9 (Releasedate: 10.05.2024)\"}]},{\"@type\":\"WebSite\",\"@id\":\"https:\/\/www.qrious.de\/en\/#website\",\"url\":\"https:\/\/www.qrious.de\/en\/\",\"name\":\"Q-rious Music\",\"description\":\"Q-rious Music: promotion, distribution, label, publishing\",\"potentialAction\":[{\"@type\":\"SearchAction\",\"target\":{\"@type\":\"EntryPoint\",\"urlTemplate\":\"https:\/\/www.qrious.de\/en\/?s={search_term_string}\"},\"query-input\":{\"@type\":\"PropertyValueSpecification\",\"valueRequired\":true,\"valueName\":\"search_term_string\"}}],\"inLanguage\":\"en-US\"},{\"@type\":\"Person\",\"@id\":\"https:\/\/www.qrious.de\/en\/#\/schema\/person\/c23ecd85bc1b3ab8b09bf6da9d86a700\",\"name\":\"Qrious\",\"sameAs\":[\"http:\/\/www.qrious.de\"],\"url\":\"https:\/\/www.qrious.de\/en\/author\/office\/\"}]}<\/script>\n<!-- \/ Yoast SEO plugin. -->","yoast_head_json":{"title":"Brad Mehldau - Apr\u00e8s Faur\u00e9 (Releasedate: 10.05.2024) - Q-rious Music","robots":{"index":"index","follow":"follow","max-snippet":"max-snippet:-1","max-image-preview":"max-image-preview:large","max-video-preview":"max-video-preview:-1"},"canonical":"https:\/\/www.qrious.de\/en\/brad-mehldau-apres-faure-releasedate-10-05-2024\/","og_locale":"en_US","og_type":"article","og_title":"Brad Mehldau - Apr\u00e8s Faur\u00e9 (Releasedate: 10.05.2024) - Q-rious Music","og_description":"&nbsp; Brad Mehldau: Apr\u00e8s Faur\u00e9 Nonesuch Records ver\u00f6ffentlicht Brad Mehldaus After Bach II und Apr\u00e8s Faur\u00e9 am 10. Mai 2024. Das Bach-Album umfasst vier Pr\u00e4ludien und eine Fuge aus dem Wohltemperierten Klavier sowie die Allemande aus der vierten Partita, erg\u00e4nzt durch sieben Kompositionen oder Improvisationen Mehldaus, inspiriert von den erg\u00e4nzenden Werken Bachs \u2013 einschlie\u00dflich Mehldaus [&hellip;]","og_url":"https:\/\/www.qrious.de\/en\/brad-mehldau-apres-faure-releasedate-10-05-2024\/","og_site_name":"Q-rious Music","article_publisher":"https:\/\/www.facebook.com\/QriousMusic\/","article_published_time":"2024-04-10T11:59:54+00:00","og_image":[{"width":2560,"height":2560,"url":"https:\/\/www.qrious.de\/wp-content\/uploads\/2024\/04\/BradMehldau_AF_Cover-scaled.jpg","type":"image\/jpeg"}],"author":"Qrious","twitter_card":"summary_large_image","twitter_misc":{"Written by":"Qrious","Est. reading time":"4 minutes"},"schema":{"@context":"https:\/\/schema.org","@graph":[{"@type":"WebPage","@id":"https:\/\/www.qrious.de\/en\/brad-mehldau-apres-faure-releasedate-10-05-2024\/","url":"https:\/\/www.qrious.de\/en\/brad-mehldau-apres-faure-releasedate-10-05-2024\/","name":"Brad Mehldau - Apr\u00e8s Faur\u00e9 (Releasedate: 10.05.2024) - Q-rious Music","isPartOf":{"@id":"https:\/\/www.qrious.de\/en\/#website"},"primaryImageOfPage":{"@id":"https:\/\/www.qrious.de\/en\/brad-mehldau-apres-faure-releasedate-10-05-2024\/#primaryimage"},"image":{"@id":"https:\/\/www.qrious.de\/en\/brad-mehldau-apres-faure-releasedate-10-05-2024\/#primaryimage"},"thumbnailUrl":"https:\/\/www.qrious.de\/wp-content\/uploads\/2024\/04\/BradMehldau_AF_Cover-scaled.jpg","datePublished":"2024-04-10T11:59:54+00:00","author":{"@id":"https:\/\/www.qrious.de\/en\/#\/schema\/person\/c23ecd85bc1b3ab8b09bf6da9d86a700"},"breadcrumb":{"@id":"https:\/\/www.qrious.de\/en\/brad-mehldau-apres-faure-releasedate-10-05-2024\/#breadcrumb"},"inLanguage":"en-US","potentialAction":[{"@type":"ReadAction","target":["https:\/\/www.qrious.de\/en\/brad-mehldau-apres-faure-releasedate-10-05-2024\/"]}]},{"@type":"ImageObject","inLanguage":"en-US","@id":"https:\/\/www.qrious.de\/en\/brad-mehldau-apres-faure-releasedate-10-05-2024\/#primaryimage","url":"https:\/\/www.qrious.de\/wp-content\/uploads\/2024\/04\/BradMehldau_AF_Cover-scaled.jpg","contentUrl":"https:\/\/www.qrious.de\/wp-content\/uploads\/2024\/04\/BradMehldau_AF_Cover-scaled.jpg","width":2560,"height":2560},{"@type":"BreadcrumbList","@id":"https:\/\/www.qrious.de\/en\/brad-mehldau-apres-faure-releasedate-10-05-2024\/#breadcrumb","itemListElement":[{"@type":"ListItem","position":1,"name":"Home","item":"https:\/\/www.qrious.de\/en\/"},{"@type":"ListItem","position":2,"name":"Brad Mehldau &#8211; Apr\u00e8s Faur\u00e9 (Releasedate: 10.05.2024)"}]},{"@type":"WebSite","@id":"https:\/\/www.qrious.de\/en\/#website","url":"https:\/\/www.qrious.de\/en\/","name":"Q-rious Music","description":"Q-rious Music: promotion, distribution, label, publishing","potentialAction":[{"@type":"SearchAction","target":{"@type":"EntryPoint","urlTemplate":"https:\/\/www.qrious.de\/en\/?s={search_term_string}"},"query-input":{"@type":"PropertyValueSpecification","valueRequired":true,"valueName":"search_term_string"}}],"inLanguage":"en-US"},{"@type":"Person","@id":"https:\/\/www.qrious.de\/en\/#\/schema\/person\/c23ecd85bc1b3ab8b09bf6da9d86a700","name":"Qrious","sameAs":["http:\/\/www.qrious.de"],"url":"https:\/\/www.qrious.de\/en\/author\/office\/"}]}},"_links":{"self":[{"href":"https:\/\/www.qrious.de\/en\/wp-json\/wp\/v2\/posts\/17365","targetHints":{"allow":["GET"]}}],"collection":[{"href":"https:\/\/www.qrious.de\/en\/wp-json\/wp\/v2\/posts"}],"about":[{"href":"https:\/\/www.qrious.de\/en\/wp-json\/wp\/v2\/types\/post"}],"author":[{"embeddable":true,"href":"https:\/\/www.qrious.de\/en\/wp-json\/wp\/v2\/users\/6"}],"replies":[{"embeddable":true,"href":"https:\/\/www.qrious.de\/en\/wp-json\/wp\/v2\/comments?post=17365"}],"version-history":[{"count":0,"href":"https:\/\/www.qrious.de\/en\/wp-json\/wp\/v2\/posts\/17365\/revisions"}],"wp:featuredmedia":[{"embeddable":true,"href":"https:\/\/www.qrious.de\/en\/wp-json\/wp\/v2\/media\/17366"}],"wp:attachment":[{"href":"https:\/\/www.qrious.de\/en\/wp-json\/wp\/v2\/media?parent=17365"}],"wp:term":[{"taxonomy":"category","embeddable":true,"href":"https:\/\/www.qrious.de\/en\/wp-json\/wp\/v2\/categories?post=17365"},{"taxonomy":"post_tag","embeddable":true,"href":"https:\/\/www.qrious.de\/en\/wp-json\/wp\/v2\/tags?post=17365"}],"curies":[{"name":"wp","href":"https:\/\/api.w.org\/{rel}","templated":true}]}}