{"id":17238,"date":"2023-11-29T11:57:14","date_gmt":"2023-11-29T09:57:14","guid":{"rendered":"https:\/\/www.qrious.de\/?p=17238"},"modified":"2023-11-29T13:21:33","modified_gmt":"2023-11-29T11:21:33","slug":"pippo-pollina-nellattimo-releasedate-12-01-2023","status":"publish","type":"post","link":"https:\/\/www.qrious.de\/en\/pippo-pollina-nellattimo-releasedate-12-01-2023\/","title":{"rendered":"Pippo Pollina &#8211; Nell&#8217;attimo  ( Releasedate: 12.01. 2024)"},"content":{"rendered":"<p><img loading=\"lazy\" decoding=\"async\" class=\"alignnone size-medium wp-image-17234\" src=\"https:\/\/www.qrious.de\/wp-content\/uploads\/2023\/11\/Pippo-Pollina_Nellattimo_Cover-web-300x300.jpg\" alt=\"\" width=\"300\" height=\"300\" srcset=\"https:\/\/www.qrious.de\/wp-content\/uploads\/2023\/11\/Pippo-Pollina_Nellattimo_Cover-web-300x300.jpg 300w, https:\/\/www.qrious.de\/wp-content\/uploads\/2023\/11\/Pippo-Pollina_Nellattimo_Cover-web-150x150.jpg 150w, https:\/\/www.qrious.de\/wp-content\/uploads\/2023\/11\/Pippo-Pollina_Nellattimo_Cover-web-768x768.jpg 768w, https:\/\/www.qrious.de\/wp-content\/uploads\/2023\/11\/Pippo-Pollina_Nellattimo_Cover-web-190x190.jpg 190w, https:\/\/www.qrious.de\/wp-content\/uploads\/2023\/11\/Pippo-Pollina_Nellattimo_Cover-web-645x645.jpg 645w, https:\/\/www.qrious.de\/wp-content\/uploads\/2023\/11\/Pippo-Pollina_Nellattimo_Cover-web-345x345.jpg 345w, https:\/\/www.qrious.de\/wp-content\/uploads\/2023\/11\/Pippo-Pollina_Nellattimo_Cover-web-180x180.jpg 180w, https:\/\/www.qrious.de\/wp-content\/uploads\/2023\/11\/Pippo-Pollina_Nellattimo_Cover-web-600x600.jpg 600w, https:\/\/www.qrious.de\/wp-content\/uploads\/2023\/11\/Pippo-Pollina_Nellattimo_Cover-web-100x100.jpg 100w, https:\/\/www.qrious.de\/wp-content\/uploads\/2023\/11\/Pippo-Pollina_Nellattimo_Cover-web.jpg 800w\" sizes=\"auto, (max-width: 300px) 100vw, 300px\" \/><\/p>\n<p>&nbsp;<\/p>\n<p>Es wirkt wie ein Blick in die Werkstatt: Da arbeitet einer, macht sich Gedanken, greift zur Gitarre, setzt sich ans Klavier. Lieder entstehen, Assoziationen folgen den Eingebungen der Momente. Sie sind Erinnerungen und Reflexionen aus der Perspektive des Privaten, pers\u00f6nlich, wertsch\u00e4tzend, emotional. \u201eNell\u2019attimo\u201c (Im Augenblick) ist das Skizzenbuch eines Cantautore, der die Vielfalt im Kleinen sucht, in der Klarheit von ber\u00fchrenden, melancholischen Liedern. Es ist ein Fest des Augenblicks, besungen mit der Hingabe eines Musikanten, der die Welt in Worte und Melodien fassen kann. Es geht Pippo Pollina dabei um Intensit\u00e4t und Gegenwart, aber nicht zwangsl\u00e4ufig nur um Harmonie. Schlie\u00dflich ist nicht alles ruhig, nicht jeder Song ein Schulterklopfen, auch wenn das Vers\u00f6hnliche ein Leitmotiv seiner Musik sein k\u00f6nnte.<\/p>\n<p>Denn er blickt dem Alltag \u00fcber die Schulter, den Menschen in ihrer Ambivalenz, bis hin zu den Stationen der eigenen Karriere, die ihn \u00fcber bald vier Jahrzehnte hinweg in der musikalischen Gegenwart etabliert hat. \u201eAm Anfang h\u00e4tte es ein Best-Of-Album sein sollen, eine Wiederbesichtigung meiner Lieder ganz alleine\u201c, erinnert sich Pippo Pollina an die Entstehungsphasen von \u201eNell\u2019attimo\u201c. \u201eIch habe immerhin 24 Platten gemacht, manche davon sind mehr als 30 Jahre alt. Aber dann hatte ich so viele St\u00fccke komponiert. Das Album wurde innerhalb von zwei Wochen geschrieben, acht Lieder sind neu, dazu kommt meine italienische Version eines Songs von Element Of Crime. Und dann ist da noch \u201aAspettando che sia mattina\u2018, das erste St\u00fcck meines ersten Albums, das ich im November 1986 aufgenommen hatte und nun noch einmal das Programm er\u00f6ffnet. Es ist ein Lied, das damals f\u00fcr einen Freund entstanden ist, mit dem mich viele Hoffnungen und Tr\u00e4ume verbunden haben und bis heute weiterhin verbinden\u201c.<\/p>\n<p>Das Album \u201eNell\u2019attimo\u201c ist daher einerseits eine Standortbestimmung mit Themen, die Pippo Pollina bis heute besch\u00e4ftigen. Es geht um die Beziehungen zwischen Menschen, Mann und Frau, Eltern und Kindern, um Freundschaft, auch um den eigenen Platz in der Welt und um den Gegensatz zwischen armen und reichen L\u00e4ndern, bis hin zur Unf\u00e4higkeit, aus der Sicht des Wohlstands mit der Armut umgehen zu k\u00f6nnen. Bis auf wenige Passagen, wo Stefania Verit\u00e0 mit Cello, Gianvito Di Maio mit dem Akkordeon und die Klarinette von Roberto Petroli die Lieder erg\u00e4nzen, ist es ein ausschlie\u00dflich solistisch gestaltetes Album, das seine Kraft \u00fcber die Kompositionen, die Stimme und ein Instrument entfaltet. Es ist damit auch Ausgangspunkt einer Solo-Tournee, die Pippo Pollina im kommenden Fr\u00fchjahr durch die Hallen und Theater Europas f\u00fchren wird.<br \/>\n\u201eNell\u2019attimo\u201c ist also ein Album f\u00fcr die Reise, sowohl konkret, als auch in \u00fcbertragenem Sinne. Und es ist ein charmantes Res\u00fcmee aus der Klangwerkstatt des S\u00e4ngers, vorl\u00e4ufig, jedoch mit zeitlos g\u00fcltigem Kern: \u201e\u00dcber die Jahre habe ich viele neue Stile kennengelernt und Impulse bekommen. Aber es gibt einen klaren roten Faden. Denn die Musik ist handgemacht. Deshalb auch der Titel \u201aIm Augenblick &#8211; Zehn handgemachte Lieder\u2018. Die Musik entsteht durch die Bewegung der H\u00e4nde auf einem Instrument, auf direktem Weg. Der Klang kommt von einem akustischen Material, Holz, Metall, Nylon. Es gibt keine Maschine und keine digitalen Interventionen, die die Musik ver\u00e4ndern. Die Menschlichkeit der Kunst ist bei diesem Album klar h\u00f6rbar. Ich habe immer versucht, sie in den Vordergrund zu stellen, auch wenn ich eine moderne Maschinerie verwendet habe. Diesmal aber steht das Handgemachte und Direkte klar im Zentrum\u201c.<\/p>\n<p>&nbsp;<\/p>\n<p><strong>PIPPO POLLINA &#8211; \u201eNell\u2018Attimo&#8221;<\/strong><\/p>\n<p>01. Aspettando che sia mattino<br \/>\n02. Se poi<br \/>\n03. Nell\u2019attimo<br \/>\n04. Cinquegrani<br \/>\n05. La strada<br \/>\n06. Walzer<br \/>\n07. Frutto acerbo<br \/>\n08. Playa larga (instrumental)<br \/>\n09. I lupi cantare sulle colline<br \/>\n10. Quel giorno<br \/>\n11. E penso solo a te<br \/>\n12. Tema per cinzia (instrumental)<\/p>\n<p>&nbsp;<\/p>\n<p>Klavier, Gitarren und Stimme: Pippo Pollina<br \/>\nKlarinette: Roberto Petroli<br \/>\nCello: Stefania Verit\u00e0<\/p>\n<p>Produziert von Pippo Pollina<\/p>\n<p>Aufgenommen und gemischt im September 2023<br \/>\nvon Roberto Petroli im CENTO CHIMERE Studio in Z\u00fcrich.<\/p>\n<p>Gemastert von Alex Klier im LXK-Studio in M\u00fcnchen.<\/p>\n<p>Fotos von Jonathan Labusch.<\/p>\n<p>Alle Lieder wurden von Pippo Pollina geschrieben au\u00dfer \u201eFrutto acerbo\u201c von Reverberi\/Tagliapietra\/Pagliuca und \u201eE penso solo a te\u201c ist eine italienische Adaption von Pippo Pollina des Songs \u201eAm Ende denke ich nur an dich\u201c von Sven Regener (Element of Crime).<\/p>\n<p>&nbsp;<\/p>\n<p>&nbsp;<\/p>\n<p><strong>TOUR \/\u00a0 PIPPO POLLINA (IT\/CH) &#8211; \u201cNell\u2019Attimo&#8221;<\/strong><\/p>\n<p>11.01. CH &#8211; Chur, Stadttheater<br \/>\n12.01. CH &#8211; Z\u00fcrich, Volkshaus<br \/>\n13.01. CH &#8211; Rubigen, M\u00fchle Hunziken<br \/>\n14.01. CH &#8211; St. Gallen, Lokremise<br \/>\n15.01. CH &#8211; Luzern, Kleintheater<br \/>\n17.01. DE &#8211; Allensbach, Bodanr\u00fcckhalle<br \/>\n18.01. DE &#8211; M\u00fcnchen, Kammerspiele<br \/>\n19.01. AT &#8211; Salzburg, Szene<br \/>\n20.01. AT &#8211; Linz, Posthof<br \/>\n21.01. AT &#8211; Innsbruck, Treibhaus<br \/>\n22.01. AT &#8211; Wien, Stadtsaal<br \/>\n24.01. DE &#8211; Stuttgart, Theaterhaus<br \/>\n25.01. DE &#8211; N\u00fcrnberg, Lux Kirche<br \/>\n26.01. DE &#8211; Hannover, Pavillon<br \/>\n27.01. DE &#8211; G\u00f6ttingen, Musa<br \/>\n29.01. DE &#8211; Hamburg, Fabrik<br \/>\n30.01. DE &#8211; Berlin, ufaFabrik<br \/>\n31.01. DE &#8211; Jena, Volksbad<br \/>\n01.02. DE &#8211; D\u00fcsseldorf, Savoy Theater<br \/>\n02.02. DE &#8211; Oldenburg, Kulturetage<br \/>\n03.02. DE &#8211; Mainz, Frankfurter Hof<br \/>\n04.02. DE &#8211; Freiburg, Jazzhaus<br \/>\n27.02. CH &#8211; Scuol, Gemeindesaal<br \/>\n28.02. CH &#8211; Bellinzona, Teatro Sociale<br \/>\n29.02. CH &#8211; La Neuveville, Theatre de Rive<br \/>\n01.03. CH &#8211; Wil, Ch\u00e4llertheater<br \/>\n02.03. CH &#8211; Baden, Kurtheater<br \/>\n03.03. CH &#8211; Nidau, Kreuz<br \/>\n05.03. CH &#8211; Brig, Zeughaus<br \/>\n07.03. CH &#8211; Buchs, Fabbriggli<br \/>\n08.03. CH &#8211; Flims, Cinema Sil Platz<br \/>\n09.03. CH &#8211; D\u00fcrnten, Maschinen Museum<br \/>\n10.03. CH &#8211; Einsiedeln, Club Mauz<br \/>\n12.03. AT &#8211; Graz, Orpheum<br \/>\n13.03. DE &#8211; Rosenheim, Ballhaus<br \/>\n14.03. DE &#8211; Ingolstadt, Eventhalle Westpark<br \/>\n15.03. DE &#8211; Langenau, Pfleghofsaal<br \/>\n16.03. DE &#8211; Memmingen, Kaminwerk<br \/>\n17.03. DE &#8211; Friedrichshafen, Bahnhof Fischbach<br \/>\n20.04. DE &#8211; Offenburg, Reithalle<br \/>\n23.04. DE &#8211; Bensheim, Parktheater<br \/>\n24.04. DE &#8211; Bochum, Christuskirche<br \/>\n25.04. DE &#8211; Koblenz, Festung Ehrenbreitstein<br \/>\n26.04. DE &#8211; Fulda, KUZ Kreuz<br \/>\n27.04. DE &#8211; Ebersberg, Alter Speicher<br \/>\n28.04. DE &#8211; Augsburg, Parktheater<br \/>\n30.04. DE &#8211; T\u00fcbingen, Sudhaus<br \/>\n04.05. CH &#8211; Basel, Tabourettli, Theater Fauteuil<br \/>\n05.05. CH &#8211; Basel, Tabourettli, Theater Fauteuil<br \/>\n08.05. CH &#8211; Schaffhausen, Kammgarn<br \/>\n24.05. CH &#8211; Zwettl, Stadtsaal Zwettl<\/p>\n","protected":false},"excerpt":{"rendered":"<p>&nbsp; Es wirkt wie ein Blick in die Werkstatt: Da arbeitet einer, macht sich Gedanken, greift zur Gitarre, setzt sich ans Klavier. Lieder entstehen, Assoziationen folgen den Eingebungen der Momente. Sie sind Erinnerungen und Reflexionen aus der Perspektive des Privaten, pers\u00f6nlich, wertsch\u00e4tzend, emotional. \u201eNell\u2019attimo\u201c (Im Augenblick) ist das Skizzenbuch eines Cantautore, der die Vielfalt im [&hellip;]<\/p>\n","protected":false},"author":6,"featured_media":17234,"comment_status":"closed","ping_status":"closed","sticky":false,"template":"","format":"standard","meta":{"footnotes":""},"categories":[172],"tags":[],"class_list":["post-17238","post","type-post","status-publish","format-standard","has-post-thumbnail","hentry","category-unkategorisiert"],"yoast_head":"<!-- This site is optimized with the Yoast SEO plugin v26.3 - https:\/\/yoast.com\/wordpress\/plugins\/seo\/ -->\n<title>Pippo Pollina - Nell&#039;attimo ( Releasedate: 12.01. 2024) - Q-rious Music<\/title>\n<meta name=\"robots\" content=\"index, follow, max-snippet:-1, max-image-preview:large, max-video-preview:-1\" \/>\n<link rel=\"canonical\" href=\"https:\/\/www.qrious.de\/en\/pippo-pollina-nellattimo-releasedate-12-01-2023\/\" \/>\n<meta property=\"og:locale\" content=\"en_US\" \/>\n<meta property=\"og:type\" content=\"article\" \/>\n<meta property=\"og:title\" content=\"Pippo Pollina - Nell&#039;attimo ( Releasedate: 12.01. 2024) - Q-rious Music\" \/>\n<meta property=\"og:description\" content=\"&nbsp; Es wirkt wie ein Blick in die Werkstatt: Da arbeitet einer, macht sich Gedanken, greift zur Gitarre, setzt sich ans Klavier. Lieder entstehen, Assoziationen folgen den Eingebungen der Momente. Sie sind Erinnerungen und Reflexionen aus der Perspektive des Privaten, pers\u00f6nlich, wertsch\u00e4tzend, emotional. \u201eNell\u2019attimo\u201c (Im Augenblick) ist das Skizzenbuch eines Cantautore, der die Vielfalt im [&hellip;]\" \/>\n<meta property=\"og:url\" content=\"https:\/\/www.qrious.de\/en\/pippo-pollina-nellattimo-releasedate-12-01-2023\/\" \/>\n<meta property=\"og:site_name\" content=\"Q-rious Music\" \/>\n<meta property=\"article:publisher\" content=\"https:\/\/www.facebook.com\/QriousMusic\/\" \/>\n<meta property=\"article:published_time\" content=\"2023-11-29T09:57:14+00:00\" \/>\n<meta property=\"article:modified_time\" content=\"2023-11-29T11:21:33+00:00\" \/>\n<meta property=\"og:image\" content=\"https:\/\/www.qrious.de\/wp-content\/uploads\/2023\/11\/Pippo-Pollina_Nellattimo_Cover-web.jpg\" \/>\n\t<meta property=\"og:image:width\" content=\"800\" \/>\n\t<meta property=\"og:image:height\" content=\"800\" \/>\n\t<meta property=\"og:image:type\" content=\"image\/jpeg\" \/>\n<meta name=\"author\" content=\"Qrious\" \/>\n<meta name=\"twitter:card\" content=\"summary_large_image\" \/>\n<meta name=\"twitter:label1\" content=\"Written by\" \/>\n\t<meta name=\"twitter:data1\" content=\"Qrious\" \/>\n\t<meta name=\"twitter:label2\" content=\"Est. reading time\" \/>\n\t<meta name=\"twitter:data2\" content=\"5 minutes\" \/>\n<script type=\"application\/ld+json\" class=\"yoast-schema-graph\">{\"@context\":\"https:\/\/schema.org\",\"@graph\":[{\"@type\":\"WebPage\",\"@id\":\"https:\/\/www.qrious.de\/en\/pippo-pollina-nellattimo-releasedate-12-01-2023\/\",\"url\":\"https:\/\/www.qrious.de\/en\/pippo-pollina-nellattimo-releasedate-12-01-2023\/\",\"name\":\"Pippo Pollina - Nell'attimo ( Releasedate: 12.01. 2024) - Q-rious Music\",\"isPartOf\":{\"@id\":\"https:\/\/www.qrious.de\/en\/#website\"},\"primaryImageOfPage\":{\"@id\":\"https:\/\/www.qrious.de\/en\/pippo-pollina-nellattimo-releasedate-12-01-2023\/#primaryimage\"},\"image\":{\"@id\":\"https:\/\/www.qrious.de\/en\/pippo-pollina-nellattimo-releasedate-12-01-2023\/#primaryimage\"},\"thumbnailUrl\":\"https:\/\/www.qrious.de\/wp-content\/uploads\/2023\/11\/Pippo-Pollina_Nellattimo_Cover-web.jpg\",\"datePublished\":\"2023-11-29T09:57:14+00:00\",\"dateModified\":\"2023-11-29T11:21:33+00:00\",\"author\":{\"@id\":\"https:\/\/www.qrious.de\/en\/#\/schema\/person\/c23ecd85bc1b3ab8b09bf6da9d86a700\"},\"breadcrumb\":{\"@id\":\"https:\/\/www.qrious.de\/en\/pippo-pollina-nellattimo-releasedate-12-01-2023\/#breadcrumb\"},\"inLanguage\":\"en-US\",\"potentialAction\":[{\"@type\":\"ReadAction\",\"target\":[\"https:\/\/www.qrious.de\/en\/pippo-pollina-nellattimo-releasedate-12-01-2023\/\"]}]},{\"@type\":\"ImageObject\",\"inLanguage\":\"en-US\",\"@id\":\"https:\/\/www.qrious.de\/en\/pippo-pollina-nellattimo-releasedate-12-01-2023\/#primaryimage\",\"url\":\"https:\/\/www.qrious.de\/wp-content\/uploads\/2023\/11\/Pippo-Pollina_Nellattimo_Cover-web.jpg\",\"contentUrl\":\"https:\/\/www.qrious.de\/wp-content\/uploads\/2023\/11\/Pippo-Pollina_Nellattimo_Cover-web.jpg\",\"width\":800,\"height\":800},{\"@type\":\"BreadcrumbList\",\"@id\":\"https:\/\/www.qrious.de\/en\/pippo-pollina-nellattimo-releasedate-12-01-2023\/#breadcrumb\",\"itemListElement\":[{\"@type\":\"ListItem\",\"position\":1,\"name\":\"Home\",\"item\":\"https:\/\/www.qrious.de\/en\/\"},{\"@type\":\"ListItem\",\"position\":2,\"name\":\"Pippo Pollina &#8211; Nell&#8217;attimo ( Releasedate: 12.01. 2024)\"}]},{\"@type\":\"WebSite\",\"@id\":\"https:\/\/www.qrious.de\/en\/#website\",\"url\":\"https:\/\/www.qrious.de\/en\/\",\"name\":\"Q-rious Music\",\"description\":\"Q-rious Music: promotion, distribution, label, publishing\",\"potentialAction\":[{\"@type\":\"SearchAction\",\"target\":{\"@type\":\"EntryPoint\",\"urlTemplate\":\"https:\/\/www.qrious.de\/en\/?s={search_term_string}\"},\"query-input\":{\"@type\":\"PropertyValueSpecification\",\"valueRequired\":true,\"valueName\":\"search_term_string\"}}],\"inLanguage\":\"en-US\"},{\"@type\":\"Person\",\"@id\":\"https:\/\/www.qrious.de\/en\/#\/schema\/person\/c23ecd85bc1b3ab8b09bf6da9d86a700\",\"name\":\"Qrious\",\"sameAs\":[\"http:\/\/www.qrious.de\"],\"url\":\"https:\/\/www.qrious.de\/en\/author\/office\/\"}]}<\/script>\n<!-- \/ Yoast SEO plugin. -->","yoast_head_json":{"title":"Pippo Pollina - Nell'attimo ( Releasedate: 12.01. 2024) - Q-rious Music","robots":{"index":"index","follow":"follow","max-snippet":"max-snippet:-1","max-image-preview":"max-image-preview:large","max-video-preview":"max-video-preview:-1"},"canonical":"https:\/\/www.qrious.de\/en\/pippo-pollina-nellattimo-releasedate-12-01-2023\/","og_locale":"en_US","og_type":"article","og_title":"Pippo Pollina - Nell'attimo ( Releasedate: 12.01. 2024) - Q-rious Music","og_description":"&nbsp; Es wirkt wie ein Blick in die Werkstatt: Da arbeitet einer, macht sich Gedanken, greift zur Gitarre, setzt sich ans Klavier. Lieder entstehen, Assoziationen folgen den Eingebungen der Momente. Sie sind Erinnerungen und Reflexionen aus der Perspektive des Privaten, pers\u00f6nlich, wertsch\u00e4tzend, emotional. \u201eNell\u2019attimo\u201c (Im Augenblick) ist das Skizzenbuch eines Cantautore, der die Vielfalt im [&hellip;]","og_url":"https:\/\/www.qrious.de\/en\/pippo-pollina-nellattimo-releasedate-12-01-2023\/","og_site_name":"Q-rious Music","article_publisher":"https:\/\/www.facebook.com\/QriousMusic\/","article_published_time":"2023-11-29T09:57:14+00:00","article_modified_time":"2023-11-29T11:21:33+00:00","og_image":[{"width":800,"height":800,"url":"https:\/\/www.qrious.de\/wp-content\/uploads\/2023\/11\/Pippo-Pollina_Nellattimo_Cover-web.jpg","type":"image\/jpeg"}],"author":"Qrious","twitter_card":"summary_large_image","twitter_misc":{"Written by":"Qrious","Est. reading time":"5 minutes"},"schema":{"@context":"https:\/\/schema.org","@graph":[{"@type":"WebPage","@id":"https:\/\/www.qrious.de\/en\/pippo-pollina-nellattimo-releasedate-12-01-2023\/","url":"https:\/\/www.qrious.de\/en\/pippo-pollina-nellattimo-releasedate-12-01-2023\/","name":"Pippo Pollina - Nell'attimo ( Releasedate: 12.01. 2024) - Q-rious Music","isPartOf":{"@id":"https:\/\/www.qrious.de\/en\/#website"},"primaryImageOfPage":{"@id":"https:\/\/www.qrious.de\/en\/pippo-pollina-nellattimo-releasedate-12-01-2023\/#primaryimage"},"image":{"@id":"https:\/\/www.qrious.de\/en\/pippo-pollina-nellattimo-releasedate-12-01-2023\/#primaryimage"},"thumbnailUrl":"https:\/\/www.qrious.de\/wp-content\/uploads\/2023\/11\/Pippo-Pollina_Nellattimo_Cover-web.jpg","datePublished":"2023-11-29T09:57:14+00:00","dateModified":"2023-11-29T11:21:33+00:00","author":{"@id":"https:\/\/www.qrious.de\/en\/#\/schema\/person\/c23ecd85bc1b3ab8b09bf6da9d86a700"},"breadcrumb":{"@id":"https:\/\/www.qrious.de\/en\/pippo-pollina-nellattimo-releasedate-12-01-2023\/#breadcrumb"},"inLanguage":"en-US","potentialAction":[{"@type":"ReadAction","target":["https:\/\/www.qrious.de\/en\/pippo-pollina-nellattimo-releasedate-12-01-2023\/"]}]},{"@type":"ImageObject","inLanguage":"en-US","@id":"https:\/\/www.qrious.de\/en\/pippo-pollina-nellattimo-releasedate-12-01-2023\/#primaryimage","url":"https:\/\/www.qrious.de\/wp-content\/uploads\/2023\/11\/Pippo-Pollina_Nellattimo_Cover-web.jpg","contentUrl":"https:\/\/www.qrious.de\/wp-content\/uploads\/2023\/11\/Pippo-Pollina_Nellattimo_Cover-web.jpg","width":800,"height":800},{"@type":"BreadcrumbList","@id":"https:\/\/www.qrious.de\/en\/pippo-pollina-nellattimo-releasedate-12-01-2023\/#breadcrumb","itemListElement":[{"@type":"ListItem","position":1,"name":"Home","item":"https:\/\/www.qrious.de\/en\/"},{"@type":"ListItem","position":2,"name":"Pippo Pollina &#8211; Nell&#8217;attimo ( Releasedate: 12.01. 2024)"}]},{"@type":"WebSite","@id":"https:\/\/www.qrious.de\/en\/#website","url":"https:\/\/www.qrious.de\/en\/","name":"Q-rious Music","description":"Q-rious Music: promotion, distribution, label, publishing","potentialAction":[{"@type":"SearchAction","target":{"@type":"EntryPoint","urlTemplate":"https:\/\/www.qrious.de\/en\/?s={search_term_string}"},"query-input":{"@type":"PropertyValueSpecification","valueRequired":true,"valueName":"search_term_string"}}],"inLanguage":"en-US"},{"@type":"Person","@id":"https:\/\/www.qrious.de\/en\/#\/schema\/person\/c23ecd85bc1b3ab8b09bf6da9d86a700","name":"Qrious","sameAs":["http:\/\/www.qrious.de"],"url":"https:\/\/www.qrious.de\/en\/author\/office\/"}]}},"_links":{"self":[{"href":"https:\/\/www.qrious.de\/en\/wp-json\/wp\/v2\/posts\/17238","targetHints":{"allow":["GET"]}}],"collection":[{"href":"https:\/\/www.qrious.de\/en\/wp-json\/wp\/v2\/posts"}],"about":[{"href":"https:\/\/www.qrious.de\/en\/wp-json\/wp\/v2\/types\/post"}],"author":[{"embeddable":true,"href":"https:\/\/www.qrious.de\/en\/wp-json\/wp\/v2\/users\/6"}],"replies":[{"embeddable":true,"href":"https:\/\/www.qrious.de\/en\/wp-json\/wp\/v2\/comments?post=17238"}],"version-history":[{"count":0,"href":"https:\/\/www.qrious.de\/en\/wp-json\/wp\/v2\/posts\/17238\/revisions"}],"wp:featuredmedia":[{"embeddable":true,"href":"https:\/\/www.qrious.de\/en\/wp-json\/wp\/v2\/media\/17234"}],"wp:attachment":[{"href":"https:\/\/www.qrious.de\/en\/wp-json\/wp\/v2\/media?parent=17238"}],"wp:term":[{"taxonomy":"category","embeddable":true,"href":"https:\/\/www.qrious.de\/en\/wp-json\/wp\/v2\/categories?post=17238"},{"taxonomy":"post_tag","embeddable":true,"href":"https:\/\/www.qrious.de\/en\/wp-json\/wp\/v2\/tags?post=17238"}],"curies":[{"name":"wp","href":"https:\/\/api.w.org\/{rel}","templated":true}]}}