{"id":17223,"date":"2023-11-27T15:12:49","date_gmt":"2023-11-27T13:12:49","guid":{"rendered":"https:\/\/www.qrious.de\/?p=17223"},"modified":"2023-11-27T15:12:49","modified_gmt":"2023-11-27T13:12:49","slug":"caspar-van-meel-satie-a-time-remembered-releasedate-08-12-2023","status":"publish","type":"post","link":"https:\/\/www.qrious.de\/en\/caspar-van-meel-satie-a-time-remembered-releasedate-08-12-2023\/","title":{"rendered":"Caspar van Meel &#8211; Satie a Time Remembered ( Releasedate: 08.12.2023)"},"content":{"rendered":"<p><img loading=\"lazy\" decoding=\"async\" class=\"alignnone size-medium wp-image-17217\" src=\"https:\/\/www.qrious.de\/wp-content\/uploads\/2023\/11\/Caspar-van-Meel-Cover-300x300.jpg\" alt=\"\" width=\"300\" height=\"300\" srcset=\"https:\/\/www.qrious.de\/wp-content\/uploads\/2023\/11\/Caspar-van-Meel-Cover-300x300.jpg 300w, https:\/\/www.qrious.de\/wp-content\/uploads\/2023\/11\/Caspar-van-Meel-Cover-150x150.jpg 150w, https:\/\/www.qrious.de\/wp-content\/uploads\/2023\/11\/Caspar-van-Meel-Cover-190x190.jpg 190w, https:\/\/www.qrious.de\/wp-content\/uploads\/2023\/11\/Caspar-van-Meel-Cover-645x645.jpg 645w, https:\/\/www.qrious.de\/wp-content\/uploads\/2023\/11\/Caspar-van-Meel-Cover-345x345.jpg 345w, https:\/\/www.qrious.de\/wp-content\/uploads\/2023\/11\/Caspar-van-Meel-Cover-180x180.jpg 180w, https:\/\/www.qrious.de\/wp-content\/uploads\/2023\/11\/Caspar-van-Meel-Cover-600x600.jpg 600w, https:\/\/www.qrious.de\/wp-content\/uploads\/2023\/11\/Caspar-van-Meel-Cover-100x100.jpg 100w, https:\/\/www.qrious.de\/wp-content\/uploads\/2023\/11\/Caspar-van-Meel-Cover.jpg 720w\" sizes=\"auto, (max-width: 300px) 100vw, 300px\" \/><\/p>\n<p>&nbsp;<\/p>\n<p>Auf seinem zweiten Album als Bandleader pr\u00e4sentiert uns der Bassist <strong>Caspar van Meel<\/strong> seine pers\u00f6nliche Interpretation der Musik des impressionistischen Komponisten Erik Satie. Das Album vereint ein internationales Sextett mit drei Bl\u00e4sern und einer Rhythmusgruppe, die van Meels raffinierte, originelle Arrangements mit Energie und intuitivem Zusammenspiel interpretieren.<\/p>\n<p>Van Meel konzentriert sich auf die Gnossiennes &#8211; eine Reihe von Werken f\u00fcr Klavier, vom Satie Ende des 19. Jahrhunderts geschrieben. Die Melodien und Harmonien in diesen Werken sind t\u00e4uschend einfach und fast romantisch. Sie klammern sich an die klassische Tradition, brechen aber bereits durch die Verwendung innovativer Skalen aus. &#8220;Obwohl viele Jazzmusiker von impressionistischen Komponisten wie Satie beeinflusst wurden, werden die Skalen, die Satie verwendet hat, immer noch nicht h\u00e4ufig eingesetzt&#8221;, sagt van Meel. Auf diesem Album macht van Meel Saties harmonische Innovationen deutlich und f\u00fchrt sie in einen improvisierten musikalischen Kontext ein. Das Ensemblespiel und die Arrangements erinnern an eine kleine Bigband, wobei die Flexibilit\u00e4t und die interpretatorische Kraft von Satie eine gro\u00dfe Rolle spielen&#8221;, sagt van Meel. Die Musik flie\u00dft organisch wobei sich voll klingende Bl\u00e4sers\u00e4tze, Backgrounds und Specials mit intimen Ausfl\u00fcgen im Trio und ausgedehnten Solo-Passagen abwechseln.<\/p>\n<p>Van Meels Arrangements wurden sowohl von alten Meistern wie Duke Ellington, Charles Mingus und Gil Evans als auch von Zeitgenossen wie Dave Holland und dem Trompeter Avishai Cohen beeinflusst. Der Titel dieses Projekts, &#8220;<strong>Time Remembered<\/strong>&#8220;, wurde von der ber\u00fchmten Komposition des Jazzpianisten Bill Evans abgeleitet. Sie ist ein gutes Beispiel daf\u00fcr, wie impressionistische Komponisten wie Satie die Jazzmusiker beeinflusst haben. Van Meel hat sich bewusst daf\u00fcr entschieden, seine Version dieses St\u00fccks der Musik von Satie gegen\u00fcberzustellen.<\/p>\n<p>In der Tat sind Evans&#8217; Verwendung von bestimmte harmonische Strukturen und die leicht d\u00fcstere Stimmung, die dies hervorruft, Saties harmonischen Fortschritten recht \u00e4hnlich. Es war vor allem diese Stimmung, die Van Meel zum ersten Mal ansprach, als er in seinen fr\u00fchen Zwanzigern mit Saties Musik in Ber\u00fchrung kam. Als Satie seine ber\u00fchmten Klavierwerke schrieb, befand sich Europa in einer turbulenten Zeit. Das Gef\u00fchl des gewaltigen politischen, technologischen und sozialen Wandels muss der Stimmung der Zeit, in der wir heute leben, ziemlich \u00e4hnlich gewesen sein. Die Gnossienne scheinen diesen Zeitgeist widerzuspiegeln &#8211; sie atmen eine schwere, melancholische Stimmung, als trauerten sie um den Verlust einer Zeit, an die man sich erinnern sollte: &#8220;Es gibt auffallende \u00c4hnlichkeiten zwischen unserer Zeit und der Zeit, in der Satie diese Werke schrieb, was diese Musik f\u00fcr mich so relevant wie eh und je macht.&#8221;<\/p>\n<p>&nbsp;<\/p>\n<p><strong><u>Tracklist:<\/u><\/strong><strong><u>\u00a0<\/u><\/strong><\/p>\n<ol>\n<li>Gnossienne No.1<\/li>\n<li>Gnossienne No. 4<\/li>\n<li>Time Remembered<\/li>\n<li>Gnossienne No. 2<\/li>\n<li>Gymnopedie No. 1<\/li>\n<li>Gnossienne No.3 (Intro)<\/li>\n<li>Gnossienne No. 3<\/li>\n<li>Premiere Ogive<\/li>\n<\/ol>\n<p>Alle Musik arrangiert von Caspar van Meel. Alle Titel wurden von Erik Satie komponiert, au\u00dfer Titel 3 Time Remembered von Bill Evans.<\/p>\n<p>&nbsp;<\/p>\n<p>&nbsp;<\/p>\n<p>&nbsp;<\/p>\n<p><strong><u>Besetzung:<\/u><\/strong><\/p>\n<p><strong><u><br \/>\n<\/u><\/strong>Ryan Carniaux &#8211; Trompete<\/p>\n<p>Denis G\u00e4bel &#8211; Tenor Saxophon<\/p>\n<p>Raphael Klemm &#8211; Posaune<\/p>\n<p>Franz von Chossy &#8211; Klavier<\/p>\n<p>Caspar van Meel &#8211; Bass<\/p>\n<p>Niklas Walter \u2013 Schlagzeug<\/p>\n<p>&nbsp;<\/p>\n<p>&nbsp;<\/p>\n<p>&nbsp;<\/p>\n<p><strong><u>Links:<\/u><\/strong><\/p>\n<p><a href=\"https:\/\/www.youtube.com\/@casparvanmeel6654\">https:\/\/www.youtube.com\/@casparvanmeel6654<\/a><\/p>\n<p><a href=\"https:\/\/www.casparvanmeel.com\/de\/\">https:\/\/www.casparvanmeel.com\/de\/<\/a><\/p>\n<p><strong>\u00a0<\/strong><a href=\"https:\/\/open.spotify.com\/intl-de\/artist\/6CCyTpsJerIEHFnofXFEOx?si=SffyY6E-T2qG9sSx_XSy7w&amp;nd=1\">https:\/\/open.spotify.com\/intl-de\/artist\/6CCyTpsJerIEHFnofXFEOx?si=SffyY6E-T2qG9sSx_XSy7w&amp;nd=1<\/a><\/p>\n","protected":false},"excerpt":{"rendered":"<p>&nbsp; Auf seinem zweiten Album als Bandleader pr\u00e4sentiert uns der Bassist Caspar van Meel seine pers\u00f6nliche Interpretation der Musik des impressionistischen Komponisten Erik Satie. Das Album vereint ein internationales Sextett mit drei Bl\u00e4sern und einer Rhythmusgruppe, die van Meels raffinierte, originelle Arrangements mit Energie und intuitivem Zusammenspiel interpretieren. Van Meel konzentriert sich auf die Gnossiennes [&hellip;]<\/p>\n","protected":false},"author":6,"featured_media":17217,"comment_status":"closed","ping_status":"closed","sticky":false,"template":"","format":"standard","meta":{"footnotes":""},"categories":[172],"tags":[],"class_list":["post-17223","post","type-post","status-publish","format-standard","has-post-thumbnail","hentry","category-unkategorisiert"],"yoast_head":"<!-- This site is optimized with the Yoast SEO plugin v26.3 - https:\/\/yoast.com\/wordpress\/plugins\/seo\/ -->\n<title>Caspar van Meel - Satie a Time Remembered ( Releasedate: 08.12.2023) - Q-rious Music<\/title>\n<meta name=\"robots\" content=\"index, follow, max-snippet:-1, max-image-preview:large, max-video-preview:-1\" \/>\n<link rel=\"canonical\" href=\"https:\/\/www.qrious.de\/en\/caspar-van-meel-satie-a-time-remembered-releasedate-08-12-2023\/\" \/>\n<meta property=\"og:locale\" content=\"en_US\" \/>\n<meta property=\"og:type\" content=\"article\" \/>\n<meta property=\"og:title\" content=\"Caspar van Meel - Satie a Time Remembered ( Releasedate: 08.12.2023) - Q-rious Music\" \/>\n<meta property=\"og:description\" content=\"&nbsp; Auf seinem zweiten Album als Bandleader pr\u00e4sentiert uns der Bassist Caspar van Meel seine pers\u00f6nliche Interpretation der Musik des impressionistischen Komponisten Erik Satie. Das Album vereint ein internationales Sextett mit drei Bl\u00e4sern und einer Rhythmusgruppe, die van Meels raffinierte, originelle Arrangements mit Energie und intuitivem Zusammenspiel interpretieren. Van Meel konzentriert sich auf die Gnossiennes [&hellip;]\" \/>\n<meta property=\"og:url\" content=\"https:\/\/www.qrious.de\/en\/caspar-van-meel-satie-a-time-remembered-releasedate-08-12-2023\/\" \/>\n<meta property=\"og:site_name\" content=\"Q-rious Music\" \/>\n<meta property=\"article:publisher\" content=\"https:\/\/www.facebook.com\/QriousMusic\/\" \/>\n<meta property=\"article:published_time\" content=\"2023-11-27T13:12:49+00:00\" \/>\n<meta property=\"og:image\" content=\"https:\/\/www.qrious.de\/wp-content\/uploads\/2023\/11\/Caspar-van-Meel-Cover.jpg\" \/>\n\t<meta property=\"og:image:width\" content=\"720\" \/>\n\t<meta property=\"og:image:height\" content=\"720\" \/>\n\t<meta property=\"og:image:type\" content=\"image\/jpeg\" \/>\n<meta name=\"author\" content=\"Qrious\" \/>\n<meta name=\"twitter:card\" content=\"summary_large_image\" \/>\n<meta name=\"twitter:label1\" content=\"Written by\" \/>\n\t<meta name=\"twitter:data1\" content=\"Qrious\" \/>\n\t<meta name=\"twitter:label2\" content=\"Est. reading time\" \/>\n\t<meta name=\"twitter:data2\" content=\"3 minutes\" \/>\n<script type=\"application\/ld+json\" class=\"yoast-schema-graph\">{\"@context\":\"https:\/\/schema.org\",\"@graph\":[{\"@type\":\"WebPage\",\"@id\":\"https:\/\/www.qrious.de\/en\/caspar-van-meel-satie-a-time-remembered-releasedate-08-12-2023\/\",\"url\":\"https:\/\/www.qrious.de\/en\/caspar-van-meel-satie-a-time-remembered-releasedate-08-12-2023\/\",\"name\":\"Caspar van Meel - Satie a Time Remembered ( Releasedate: 08.12.2023) - Q-rious Music\",\"isPartOf\":{\"@id\":\"https:\/\/www.qrious.de\/en\/#website\"},\"primaryImageOfPage\":{\"@id\":\"https:\/\/www.qrious.de\/en\/caspar-van-meel-satie-a-time-remembered-releasedate-08-12-2023\/#primaryimage\"},\"image\":{\"@id\":\"https:\/\/www.qrious.de\/en\/caspar-van-meel-satie-a-time-remembered-releasedate-08-12-2023\/#primaryimage\"},\"thumbnailUrl\":\"https:\/\/www.qrious.de\/wp-content\/uploads\/2023\/11\/Caspar-van-Meel-Cover.jpg\",\"datePublished\":\"2023-11-27T13:12:49+00:00\",\"author\":{\"@id\":\"https:\/\/www.qrious.de\/en\/#\/schema\/person\/c23ecd85bc1b3ab8b09bf6da9d86a700\"},\"breadcrumb\":{\"@id\":\"https:\/\/www.qrious.de\/en\/caspar-van-meel-satie-a-time-remembered-releasedate-08-12-2023\/#breadcrumb\"},\"inLanguage\":\"en-US\",\"potentialAction\":[{\"@type\":\"ReadAction\",\"target\":[\"https:\/\/www.qrious.de\/en\/caspar-van-meel-satie-a-time-remembered-releasedate-08-12-2023\/\"]}]},{\"@type\":\"ImageObject\",\"inLanguage\":\"en-US\",\"@id\":\"https:\/\/www.qrious.de\/en\/caspar-van-meel-satie-a-time-remembered-releasedate-08-12-2023\/#primaryimage\",\"url\":\"https:\/\/www.qrious.de\/wp-content\/uploads\/2023\/11\/Caspar-van-Meel-Cover.jpg\",\"contentUrl\":\"https:\/\/www.qrious.de\/wp-content\/uploads\/2023\/11\/Caspar-van-Meel-Cover.jpg\",\"width\":720,\"height\":720},{\"@type\":\"BreadcrumbList\",\"@id\":\"https:\/\/www.qrious.de\/en\/caspar-van-meel-satie-a-time-remembered-releasedate-08-12-2023\/#breadcrumb\",\"itemListElement\":[{\"@type\":\"ListItem\",\"position\":1,\"name\":\"Home\",\"item\":\"https:\/\/www.qrious.de\/en\/\"},{\"@type\":\"ListItem\",\"position\":2,\"name\":\"Caspar van Meel &#8211; Satie a Time Remembered ( Releasedate: 08.12.2023)\"}]},{\"@type\":\"WebSite\",\"@id\":\"https:\/\/www.qrious.de\/en\/#website\",\"url\":\"https:\/\/www.qrious.de\/en\/\",\"name\":\"Q-rious Music\",\"description\":\"Q-rious Music: promotion, distribution, label, publishing\",\"potentialAction\":[{\"@type\":\"SearchAction\",\"target\":{\"@type\":\"EntryPoint\",\"urlTemplate\":\"https:\/\/www.qrious.de\/en\/?s={search_term_string}\"},\"query-input\":{\"@type\":\"PropertyValueSpecification\",\"valueRequired\":true,\"valueName\":\"search_term_string\"}}],\"inLanguage\":\"en-US\"},{\"@type\":\"Person\",\"@id\":\"https:\/\/www.qrious.de\/en\/#\/schema\/person\/c23ecd85bc1b3ab8b09bf6da9d86a700\",\"name\":\"Qrious\",\"sameAs\":[\"http:\/\/www.qrious.de\"],\"url\":\"https:\/\/www.qrious.de\/en\/author\/office\/\"}]}<\/script>\n<!-- \/ Yoast SEO plugin. -->","yoast_head_json":{"title":"Caspar van Meel - Satie a Time Remembered ( Releasedate: 08.12.2023) - Q-rious Music","robots":{"index":"index","follow":"follow","max-snippet":"max-snippet:-1","max-image-preview":"max-image-preview:large","max-video-preview":"max-video-preview:-1"},"canonical":"https:\/\/www.qrious.de\/en\/caspar-van-meel-satie-a-time-remembered-releasedate-08-12-2023\/","og_locale":"en_US","og_type":"article","og_title":"Caspar van Meel - Satie a Time Remembered ( Releasedate: 08.12.2023) - Q-rious Music","og_description":"&nbsp; Auf seinem zweiten Album als Bandleader pr\u00e4sentiert uns der Bassist Caspar van Meel seine pers\u00f6nliche Interpretation der Musik des impressionistischen Komponisten Erik Satie. Das Album vereint ein internationales Sextett mit drei Bl\u00e4sern und einer Rhythmusgruppe, die van Meels raffinierte, originelle Arrangements mit Energie und intuitivem Zusammenspiel interpretieren. Van Meel konzentriert sich auf die Gnossiennes [&hellip;]","og_url":"https:\/\/www.qrious.de\/en\/caspar-van-meel-satie-a-time-remembered-releasedate-08-12-2023\/","og_site_name":"Q-rious Music","article_publisher":"https:\/\/www.facebook.com\/QriousMusic\/","article_published_time":"2023-11-27T13:12:49+00:00","og_image":[{"width":720,"height":720,"url":"https:\/\/www.qrious.de\/wp-content\/uploads\/2023\/11\/Caspar-van-Meel-Cover.jpg","type":"image\/jpeg"}],"author":"Qrious","twitter_card":"summary_large_image","twitter_misc":{"Written by":"Qrious","Est. reading time":"3 minutes"},"schema":{"@context":"https:\/\/schema.org","@graph":[{"@type":"WebPage","@id":"https:\/\/www.qrious.de\/en\/caspar-van-meel-satie-a-time-remembered-releasedate-08-12-2023\/","url":"https:\/\/www.qrious.de\/en\/caspar-van-meel-satie-a-time-remembered-releasedate-08-12-2023\/","name":"Caspar van Meel - Satie a Time Remembered ( Releasedate: 08.12.2023) - Q-rious Music","isPartOf":{"@id":"https:\/\/www.qrious.de\/en\/#website"},"primaryImageOfPage":{"@id":"https:\/\/www.qrious.de\/en\/caspar-van-meel-satie-a-time-remembered-releasedate-08-12-2023\/#primaryimage"},"image":{"@id":"https:\/\/www.qrious.de\/en\/caspar-van-meel-satie-a-time-remembered-releasedate-08-12-2023\/#primaryimage"},"thumbnailUrl":"https:\/\/www.qrious.de\/wp-content\/uploads\/2023\/11\/Caspar-van-Meel-Cover.jpg","datePublished":"2023-11-27T13:12:49+00:00","author":{"@id":"https:\/\/www.qrious.de\/en\/#\/schema\/person\/c23ecd85bc1b3ab8b09bf6da9d86a700"},"breadcrumb":{"@id":"https:\/\/www.qrious.de\/en\/caspar-van-meel-satie-a-time-remembered-releasedate-08-12-2023\/#breadcrumb"},"inLanguage":"en-US","potentialAction":[{"@type":"ReadAction","target":["https:\/\/www.qrious.de\/en\/caspar-van-meel-satie-a-time-remembered-releasedate-08-12-2023\/"]}]},{"@type":"ImageObject","inLanguage":"en-US","@id":"https:\/\/www.qrious.de\/en\/caspar-van-meel-satie-a-time-remembered-releasedate-08-12-2023\/#primaryimage","url":"https:\/\/www.qrious.de\/wp-content\/uploads\/2023\/11\/Caspar-van-Meel-Cover.jpg","contentUrl":"https:\/\/www.qrious.de\/wp-content\/uploads\/2023\/11\/Caspar-van-Meel-Cover.jpg","width":720,"height":720},{"@type":"BreadcrumbList","@id":"https:\/\/www.qrious.de\/en\/caspar-van-meel-satie-a-time-remembered-releasedate-08-12-2023\/#breadcrumb","itemListElement":[{"@type":"ListItem","position":1,"name":"Home","item":"https:\/\/www.qrious.de\/en\/"},{"@type":"ListItem","position":2,"name":"Caspar van Meel &#8211; Satie a Time Remembered ( Releasedate: 08.12.2023)"}]},{"@type":"WebSite","@id":"https:\/\/www.qrious.de\/en\/#website","url":"https:\/\/www.qrious.de\/en\/","name":"Q-rious Music","description":"Q-rious Music: promotion, distribution, label, publishing","potentialAction":[{"@type":"SearchAction","target":{"@type":"EntryPoint","urlTemplate":"https:\/\/www.qrious.de\/en\/?s={search_term_string}"},"query-input":{"@type":"PropertyValueSpecification","valueRequired":true,"valueName":"search_term_string"}}],"inLanguage":"en-US"},{"@type":"Person","@id":"https:\/\/www.qrious.de\/en\/#\/schema\/person\/c23ecd85bc1b3ab8b09bf6da9d86a700","name":"Qrious","sameAs":["http:\/\/www.qrious.de"],"url":"https:\/\/www.qrious.de\/en\/author\/office\/"}]}},"_links":{"self":[{"href":"https:\/\/www.qrious.de\/en\/wp-json\/wp\/v2\/posts\/17223","targetHints":{"allow":["GET"]}}],"collection":[{"href":"https:\/\/www.qrious.de\/en\/wp-json\/wp\/v2\/posts"}],"about":[{"href":"https:\/\/www.qrious.de\/en\/wp-json\/wp\/v2\/types\/post"}],"author":[{"embeddable":true,"href":"https:\/\/www.qrious.de\/en\/wp-json\/wp\/v2\/users\/6"}],"replies":[{"embeddable":true,"href":"https:\/\/www.qrious.de\/en\/wp-json\/wp\/v2\/comments?post=17223"}],"version-history":[{"count":0,"href":"https:\/\/www.qrious.de\/en\/wp-json\/wp\/v2\/posts\/17223\/revisions"}],"wp:featuredmedia":[{"embeddable":true,"href":"https:\/\/www.qrious.de\/en\/wp-json\/wp\/v2\/media\/17217"}],"wp:attachment":[{"href":"https:\/\/www.qrious.de\/en\/wp-json\/wp\/v2\/media?parent=17223"}],"wp:term":[{"taxonomy":"category","embeddable":true,"href":"https:\/\/www.qrious.de\/en\/wp-json\/wp\/v2\/categories?post=17223"},{"taxonomy":"post_tag","embeddable":true,"href":"https:\/\/www.qrious.de\/en\/wp-json\/wp\/v2\/tags?post=17223"}],"curies":[{"name":"wp","href":"https:\/\/api.w.org\/{rel}","templated":true}]}}