{"id":17121,"date":"2023-10-17T12:00:41","date_gmt":"2023-10-17T10:00:41","guid":{"rendered":"https:\/\/www.qrious.de\/?p=17121"},"modified":"2023-11-06T13:28:29","modified_gmt":"2023-11-06T11:28:29","slug":"ferdinando-romano-invisible-painters-tour-2023","status":"publish","type":"post","link":"https:\/\/www.qrious.de\/en\/ferdinando-romano-invisible-painters-tour-2023\/","title":{"rendered":"Ferdinando Romano &#8211; Invisible Painters Tour 2023"},"content":{"rendered":"<p><img loading=\"lazy\" decoding=\"async\" class=\"alignnone size-medium wp-image-17116\" src=\"https:\/\/www.qrious.de\/wp-content\/uploads\/2023\/10\/15_Ferdinando-Romano_Ph.Valentina-Cipriani-web-300x300.jpg\" alt=\"\" width=\"300\" height=\"300\" srcset=\"https:\/\/www.qrious.de\/wp-content\/uploads\/2023\/10\/15_Ferdinando-Romano_Ph.Valentina-Cipriani-web-300x300.jpg 300w, https:\/\/www.qrious.de\/wp-content\/uploads\/2023\/10\/15_Ferdinando-Romano_Ph.Valentina-Cipriani-web-150x150.jpg 150w, https:\/\/www.qrious.de\/wp-content\/uploads\/2023\/10\/15_Ferdinando-Romano_Ph.Valentina-Cipriani-web-768x768.jpg 768w, https:\/\/www.qrious.de\/wp-content\/uploads\/2023\/10\/15_Ferdinando-Romano_Ph.Valentina-Cipriani-web-190x190.jpg 190w, https:\/\/www.qrious.de\/wp-content\/uploads\/2023\/10\/15_Ferdinando-Romano_Ph.Valentina-Cipriani-web-645x645.jpg 645w, https:\/\/www.qrious.de\/wp-content\/uploads\/2023\/10\/15_Ferdinando-Romano_Ph.Valentina-Cipriani-web-345x345.jpg 345w, https:\/\/www.qrious.de\/wp-content\/uploads\/2023\/10\/15_Ferdinando-Romano_Ph.Valentina-Cipriani-web-180x180.jpg 180w, https:\/\/www.qrious.de\/wp-content\/uploads\/2023\/10\/15_Ferdinando-Romano_Ph.Valentina-Cipriani-web-600x600.jpg 600w, https:\/\/www.qrious.de\/wp-content\/uploads\/2023\/10\/15_Ferdinando-Romano_Ph.Valentina-Cipriani-web-100x100.jpg 100w, https:\/\/www.qrious.de\/wp-content\/uploads\/2023\/10\/15_Ferdinando-Romano_Ph.Valentina-Cipriani-web.jpg 1024w\" sizes=\"auto, (max-width: 300px) 100vw, 300px\" \/><\/p>\n<p>&nbsp;<\/p>\n<p>Der italienische Bassist <strong>Ferdinando Romano<\/strong> ver\u00c3\u00b6ffentlichte sein neues Album Invisible Painters am 02. Juni 2023 beim italienischen Label Jam\/UnJam und Universal Music. Nach seinem Deb\u00c3\u00bctalbum Totem feat. Ralph Alessi, das ihm zahlreiche Auszeichnungen wie den Musica Jazz Critics&#8217; Poll Award als bester italienischer Rising Star 2020 und viele internationale Pressestimmen einbrachte, versp\u00c3\u00bcrte Ferdinando das Bed\u00c3\u00bcrfnis, neue Klangterritorien zu erforschen. Die Einfl\u00c3\u00bcsse in dieser neuen Musik sind vielseitig und inspiriert von K\u00c3\u00bcnstlern wie Craig Taborn, John Hollenbeck, Aphex Twin und Olivier Messiaen.<\/p>\n<p>Das Motiv \u00e2\u20ac\u017eder unsichtbaren Maler&#8221; steht symbolisch f\u00c3\u00bcr die Geste des k\u00c3\u00bcnstlerischen Schaffens, f\u00c3\u00bcr den unbewussten und instinktiven Impuls, den es ausl\u00c3\u00b6st, f\u00c3\u00bcr die unsichtbare Hand und den unsichtbaren Pinsel, mit dem der Improvisator etwas aus dem Stegreif erschafft. Genau in diesem Gleichgewicht zwischen Bewusstsein und Instinkt, Komposition und Improvisation entsteht die Musik dieser neuen Band, die sich die Klangnuancen, der akustischen Instrumente, Synthesizer, Samples, Field Recordings zunutze macht, um die improvisatorische Palette zu bereichern.<br \/>\n\u00e2\u20ac\u017e<strong>Invisible Painters<\/strong>\u00e2\u20ac\u0153 wurde im Quartett aufgenommen, mit Elias Stemeseder (Pianist des Jim Black Trios &amp; Gewinner des Deutschen Jazzpreises 2023) am Klavier und an den Synthesizern; Federico Calcagno (Top Jazz 2020, einer der Protagonisten der italienischen und niederl\u00c3\u00a4ndischen Szene) an der Klarinette und Bassklarinette; Evita Polidoro (Sideman bei Dee Dee Bridgewater, Enrico Rava) am Schlagzeug und featuring der erstaunlichen Christine Ott auf dem seltenen Instrument \u00e2\u20ac\u017eOndes Martenot\u00e2\u20ac\u0153 (das sie live und auf Alben von Yann Tiersen und Radiohead spielte). Ferdinando Romano spielte Kontrabass, Synthesizer, Samples, modulare Synthesizer und setzte field recordings ein.<br \/>\nFerdinando Romano ist ein Kontrabassist, Komponist und Improvisationsk\u00c3\u00bcnstler. Seit er im Rahmen des Top Jazz 2020 als &#8220;Best Italian Rising Star&#8221; ausgezeichnet wurde, ist sein Ruf stetig gewachsen, und er gilt heute als einer der interessantesten neuen K\u00c3\u00bcnstler der italienischen und europ\u00c3\u00a4ischen Jazz-Szene. K\u00c3\u00bcrzlich erhielt er den SIAE (Italian Copyright Association) Award, der jedes Jahr an Musiker verliehen wird, die sich durch die Originalit\u00c3\u00a4t ihrer Kompositionen auszeichnen. &#8220;Totem&#8221;, sein erstes Album wurde beim norwegischen Label Losen Records ver\u00c3\u00b6ffentlicht und in die Top Jazz 2020 in der Kategorie &#8220;Best Italian Albums&#8221; gew\u00c3\u00a4hlt.<\/p>\n<p>Die Band besteht aus einigen der faszinierendsten Musiker und Improvisatoren der neuen italienischen Generation und dem gro\u00c3\u0178artigen ECM-K\u00c3\u00bcnstler Ralph Alessi an der Trompete. Das Album wurde von Magazinen auf der ganzen Welt gelobt und in vielen L\u00c3\u00a4ndern zu einem der besten Alben des Jahres gew\u00c3\u00a4hlt. Es wurde beschrieben als &#8220;die Deb\u00c3\u00bctaufnahme eines poetischen Bassisten, inspirierten Komponisten und faszinierenden Arrangeurs&#8221; (T. Conrad, Stereophile), \u00e2\u20ac\u0153A brilliant album, expression of a clear talent\u00e2\u20ac\u009d (Musica Jazz), \u00e2\u20ac\u0153a highly expressive jazz, always taking care of narrative in music\u00e2\u20ac\u009d (La Repubblica), \u00e2\u20ac\u017ean album that is high in quality and benefits from that musical sweet spot between challenging and accessible listening.\u00e2\u20ac\u009d (Uk Vibe)<br \/>\nFerdinando Romano schlo\u00c3\u0178 sein Bass-Diplom am Conservatorio L. Cherubini di Firenze ab, und studierte gleichzeitig bei Riccardo Donati und Alberto Bocini, zwei international anerkannten Solisten, die f\u00c3\u00bcr das Orchestra del Maggio Musicale Fiorentino t\u00c3\u00a4tig waren. Im selben Konservatorium belegte er den Kurs f\u00c3\u00bcr Komposition bei Paolo Furlani. Im Jahr 2015 begann er seine Masterstudien bei Enrico Fagone am Conservatorio della Svizzera Italiana in Lugano, wo er drei Jahre lang lebte und die M\u00c3\u00b6glichkeit hatte, seine Studien mit renommierten internationalen Solisten wie Klaus Stoll (Berliner Philarmoniker), Tim Cobb (Juiliard School, Manhattan School of Music), Michael Klinghoffer (Jerusalem Accademy), Christine Hoock (Mozarteum Salzburg), Diego Zecharies, Hans Roelofsen (Institute of the Arts, Niederlande) und vielen anderen zu vertiefen.<br \/>\nFerdinando hat eine intensive Pr\u00c3\u00a4senz live und im Studio, als Leader und als Sideman, in Zusammenarbeit mit vielen Musikern wie Ralph Alessi, Enrico Rava, Robin Eubanks, Benny Golson, Glenn Ferris, Logan Richardson, Elias Stemeseder, Tino Tracanna, Tom Ollendorff, Billy Pod, Brandon Allen, Jerome Sabbagh, Simona Premazzi, Jon Boutellier, Yuhan Su und vielen anderen. Er spielte international in wichtigen Clubs und Festivals wie dem London Jazz Festival, Edinburgh Jazz Festival, Jazzycolors (Paris), Auditorium Parco della Musica (Roma), Casa del Jazz, The Vortex (London), Sunset\/Sunside (Paris), Opus Jazz Club (Budapest), Loft (K\u00c3\u00b6ln), B-Flat (Berlin), ecc&#8230;<\/p>\n<p>&nbsp;<\/p>\n<p><strong>Tour 2023<\/strong><br \/>\n01. November: Loft K\u00c3\u00b6ln <a href=\"https:\/\/www.loftkoeln.de\/de\/programm\/\">https:\/\/www.loftkoeln.de\/de\/programm\/<\/a><\/p>\n<p>03. November: Linde Klavierwerksatt (Mannheim) &#8211; <a href=\"https:\/\/linde-klavier.de\/konzertvorschau-naechste-saison\/\">https:\/\/linde-klavier.de\/konzertvorschau-naechste-saison\/<\/a><\/p>\n<p>04. November: Donau 115 (Berlin) &#8211; <a href=\"https:\/\/www.facebook.com\/donau115\">https:\/\/www.facebook.com\/donau115<\/a><\/p>\n<p>Die Tournee wird mit Unterst\u00c3\u00bctzung von Italia Music Lab, Italia Music Export und dem Ministero degli Affari Esteri realisiert.<\/p>\n<p>&nbsp;<\/p>\n<p><strong>Links<\/strong><br \/>\n<a href=\"http:\/\/www.ferdinandoromano.com\">www.ferdinandoromano.com<\/a><br \/>\n<a href=\"https:\/\/www.youtube.com\/channel\/UCBve0P6nL0aWuv76RJicw3g\">https:\/\/www.youtube.com\/channel\/UCBve0P6nL0aWuv76RJicw3g<\/a><br \/>\n<a href=\"https:\/\/www.facebook.com\/FerdinandoRomanoMusic\/\">https:\/\/www.facebook.com\/FerdinandoRomanoMusic\/<\/a><br \/>\n<a href=\"https:\/\/www.instagram.com\/ferdinando.romano83\/?hl=de\">https:\/\/www.instagram.com\/ferdinando.romano83\/?hl=de<\/a><\/p>\n","protected":false},"excerpt":{"rendered":"<p>&nbsp; Der italienische Bassist Ferdinando Romano ver\u00c3\u00b6ffentlichte sein neues Album Invisible Painters am 02. Juni 2023 beim italienischen Label Jam\/UnJam und Universal Music. Nach seinem Deb\u00c3\u00bctalbum Totem feat. Ralph Alessi, das ihm zahlreiche Auszeichnungen wie den Musica Jazz Critics&#8217; Poll Award als bester italienischer Rising Star 2020 und viele internationale Pressestimmen einbrachte, versp\u00c3\u00bcrte Ferdinando das [&hellip;]<\/p>\n","protected":false},"author":6,"featured_media":17116,"comment_status":"closed","ping_status":"closed","sticky":false,"template":"","format":"standard","meta":{"footnotes":""},"categories":[172],"tags":[],"class_list":["post-17121","post","type-post","status-publish","format-standard","has-post-thumbnail","hentry","category-unkategorisiert"],"yoast_head":"<!-- This site is optimized with the Yoast SEO plugin v26.3 - https:\/\/yoast.com\/wordpress\/plugins\/seo\/ -->\n<title>Ferdinando Romano - Invisible Painters Tour 2023 - Q-rious Music<\/title>\n<meta name=\"robots\" content=\"index, follow, max-snippet:-1, max-image-preview:large, max-video-preview:-1\" \/>\n<link rel=\"canonical\" href=\"https:\/\/www.qrious.de\/en\/ferdinando-romano-invisible-painters-tour-2023\/\" \/>\n<meta property=\"og:locale\" content=\"en_US\" \/>\n<meta property=\"og:type\" content=\"article\" \/>\n<meta property=\"og:title\" content=\"Ferdinando Romano - Invisible Painters Tour 2023 - Q-rious Music\" \/>\n<meta property=\"og:description\" content=\"&nbsp; Der italienische Bassist Ferdinando Romano ver\u00c3\u00b6ffentlichte sein neues Album Invisible Painters am 02. Juni 2023 beim italienischen Label Jam\/UnJam und Universal Music. Nach seinem Deb\u00c3\u00bctalbum Totem feat. Ralph Alessi, das ihm zahlreiche Auszeichnungen wie den Musica Jazz Critics&#8217; Poll Award als bester italienischer Rising Star 2020 und viele internationale Pressestimmen einbrachte, versp\u00c3\u00bcrte Ferdinando das [&hellip;]\" \/>\n<meta property=\"og:url\" content=\"https:\/\/www.qrious.de\/en\/ferdinando-romano-invisible-painters-tour-2023\/\" \/>\n<meta property=\"og:site_name\" content=\"Q-rious Music\" \/>\n<meta property=\"article:publisher\" content=\"https:\/\/www.facebook.com\/QriousMusic\/\" \/>\n<meta property=\"article:published_time\" content=\"2023-10-17T10:00:41+00:00\" \/>\n<meta property=\"article:modified_time\" content=\"2023-11-06T11:28:29+00:00\" \/>\n<meta property=\"og:image\" content=\"https:\/\/www.qrious.de\/wp-content\/uploads\/2023\/10\/15_Ferdinando-Romano_Ph.Valentina-Cipriani-web.jpg\" \/>\n\t<meta property=\"og:image:width\" content=\"1024\" \/>\n\t<meta property=\"og:image:height\" content=\"1024\" \/>\n\t<meta property=\"og:image:type\" content=\"image\/jpeg\" \/>\n<meta name=\"author\" content=\"Qrious\" \/>\n<meta name=\"twitter:card\" content=\"summary_large_image\" \/>\n<meta name=\"twitter:label1\" content=\"Written by\" \/>\n\t<meta name=\"twitter:data1\" content=\"Qrious\" \/>\n\t<meta name=\"twitter:label2\" content=\"Est. reading time\" \/>\n\t<meta name=\"twitter:data2\" content=\"4 minutes\" \/>\n<script type=\"application\/ld+json\" class=\"yoast-schema-graph\">{\"@context\":\"https:\/\/schema.org\",\"@graph\":[{\"@type\":\"WebPage\",\"@id\":\"https:\/\/www.qrious.de\/en\/ferdinando-romano-invisible-painters-tour-2023\/\",\"url\":\"https:\/\/www.qrious.de\/en\/ferdinando-romano-invisible-painters-tour-2023\/\",\"name\":\"Ferdinando Romano - Invisible Painters Tour 2023 - Q-rious Music\",\"isPartOf\":{\"@id\":\"https:\/\/www.qrious.de\/en\/#website\"},\"primaryImageOfPage\":{\"@id\":\"https:\/\/www.qrious.de\/en\/ferdinando-romano-invisible-painters-tour-2023\/#primaryimage\"},\"image\":{\"@id\":\"https:\/\/www.qrious.de\/en\/ferdinando-romano-invisible-painters-tour-2023\/#primaryimage\"},\"thumbnailUrl\":\"https:\/\/www.qrious.de\/wp-content\/uploads\/2023\/10\/15_Ferdinando-Romano_Ph.Valentina-Cipriani-web.jpg\",\"datePublished\":\"2023-10-17T10:00:41+00:00\",\"dateModified\":\"2023-11-06T11:28:29+00:00\",\"author\":{\"@id\":\"https:\/\/www.qrious.de\/en\/#\/schema\/person\/c23ecd85bc1b3ab8b09bf6da9d86a700\"},\"breadcrumb\":{\"@id\":\"https:\/\/www.qrious.de\/en\/ferdinando-romano-invisible-painters-tour-2023\/#breadcrumb\"},\"inLanguage\":\"en-US\",\"potentialAction\":[{\"@type\":\"ReadAction\",\"target\":[\"https:\/\/www.qrious.de\/en\/ferdinando-romano-invisible-painters-tour-2023\/\"]}]},{\"@type\":\"ImageObject\",\"inLanguage\":\"en-US\",\"@id\":\"https:\/\/www.qrious.de\/en\/ferdinando-romano-invisible-painters-tour-2023\/#primaryimage\",\"url\":\"https:\/\/www.qrious.de\/wp-content\/uploads\/2023\/10\/15_Ferdinando-Romano_Ph.Valentina-Cipriani-web.jpg\",\"contentUrl\":\"https:\/\/www.qrious.de\/wp-content\/uploads\/2023\/10\/15_Ferdinando-Romano_Ph.Valentina-Cipriani-web.jpg\",\"width\":1024,\"height\":1024},{\"@type\":\"BreadcrumbList\",\"@id\":\"https:\/\/www.qrious.de\/en\/ferdinando-romano-invisible-painters-tour-2023\/#breadcrumb\",\"itemListElement\":[{\"@type\":\"ListItem\",\"position\":1,\"name\":\"Home\",\"item\":\"https:\/\/www.qrious.de\/en\/\"},{\"@type\":\"ListItem\",\"position\":2,\"name\":\"Ferdinando Romano &#8211; Invisible Painters Tour 2023\"}]},{\"@type\":\"WebSite\",\"@id\":\"https:\/\/www.qrious.de\/en\/#website\",\"url\":\"https:\/\/www.qrious.de\/en\/\",\"name\":\"Q-rious Music\",\"description\":\"Q-rious Music: promotion, distribution, label, publishing\",\"potentialAction\":[{\"@type\":\"SearchAction\",\"target\":{\"@type\":\"EntryPoint\",\"urlTemplate\":\"https:\/\/www.qrious.de\/en\/?s={search_term_string}\"},\"query-input\":{\"@type\":\"PropertyValueSpecification\",\"valueRequired\":true,\"valueName\":\"search_term_string\"}}],\"inLanguage\":\"en-US\"},{\"@type\":\"Person\",\"@id\":\"https:\/\/www.qrious.de\/en\/#\/schema\/person\/c23ecd85bc1b3ab8b09bf6da9d86a700\",\"name\":\"Qrious\",\"sameAs\":[\"http:\/\/www.qrious.de\"],\"url\":\"https:\/\/www.qrious.de\/en\/author\/office\/\"}]}<\/script>\n<!-- \/ Yoast SEO plugin. -->","yoast_head_json":{"title":"Ferdinando Romano - Invisible Painters Tour 2023 - Q-rious Music","robots":{"index":"index","follow":"follow","max-snippet":"max-snippet:-1","max-image-preview":"max-image-preview:large","max-video-preview":"max-video-preview:-1"},"canonical":"https:\/\/www.qrious.de\/en\/ferdinando-romano-invisible-painters-tour-2023\/","og_locale":"en_US","og_type":"article","og_title":"Ferdinando Romano - Invisible Painters Tour 2023 - Q-rious Music","og_description":"&nbsp; Der italienische Bassist Ferdinando Romano ver\u00c3\u00b6ffentlichte sein neues Album Invisible Painters am 02. Juni 2023 beim italienischen Label Jam\/UnJam und Universal Music. Nach seinem Deb\u00c3\u00bctalbum Totem feat. Ralph Alessi, das ihm zahlreiche Auszeichnungen wie den Musica Jazz Critics&#8217; Poll Award als bester italienischer Rising Star 2020 und viele internationale Pressestimmen einbrachte, versp\u00c3\u00bcrte Ferdinando das [&hellip;]","og_url":"https:\/\/www.qrious.de\/en\/ferdinando-romano-invisible-painters-tour-2023\/","og_site_name":"Q-rious Music","article_publisher":"https:\/\/www.facebook.com\/QriousMusic\/","article_published_time":"2023-10-17T10:00:41+00:00","article_modified_time":"2023-11-06T11:28:29+00:00","og_image":[{"width":1024,"height":1024,"url":"https:\/\/www.qrious.de\/wp-content\/uploads\/2023\/10\/15_Ferdinando-Romano_Ph.Valentina-Cipriani-web.jpg","type":"image\/jpeg"}],"author":"Qrious","twitter_card":"summary_large_image","twitter_misc":{"Written by":"Qrious","Est. reading time":"4 minutes"},"schema":{"@context":"https:\/\/schema.org","@graph":[{"@type":"WebPage","@id":"https:\/\/www.qrious.de\/en\/ferdinando-romano-invisible-painters-tour-2023\/","url":"https:\/\/www.qrious.de\/en\/ferdinando-romano-invisible-painters-tour-2023\/","name":"Ferdinando Romano - Invisible Painters Tour 2023 - Q-rious Music","isPartOf":{"@id":"https:\/\/www.qrious.de\/en\/#website"},"primaryImageOfPage":{"@id":"https:\/\/www.qrious.de\/en\/ferdinando-romano-invisible-painters-tour-2023\/#primaryimage"},"image":{"@id":"https:\/\/www.qrious.de\/en\/ferdinando-romano-invisible-painters-tour-2023\/#primaryimage"},"thumbnailUrl":"https:\/\/www.qrious.de\/wp-content\/uploads\/2023\/10\/15_Ferdinando-Romano_Ph.Valentina-Cipriani-web.jpg","datePublished":"2023-10-17T10:00:41+00:00","dateModified":"2023-11-06T11:28:29+00:00","author":{"@id":"https:\/\/www.qrious.de\/en\/#\/schema\/person\/c23ecd85bc1b3ab8b09bf6da9d86a700"},"breadcrumb":{"@id":"https:\/\/www.qrious.de\/en\/ferdinando-romano-invisible-painters-tour-2023\/#breadcrumb"},"inLanguage":"en-US","potentialAction":[{"@type":"ReadAction","target":["https:\/\/www.qrious.de\/en\/ferdinando-romano-invisible-painters-tour-2023\/"]}]},{"@type":"ImageObject","inLanguage":"en-US","@id":"https:\/\/www.qrious.de\/en\/ferdinando-romano-invisible-painters-tour-2023\/#primaryimage","url":"https:\/\/www.qrious.de\/wp-content\/uploads\/2023\/10\/15_Ferdinando-Romano_Ph.Valentina-Cipriani-web.jpg","contentUrl":"https:\/\/www.qrious.de\/wp-content\/uploads\/2023\/10\/15_Ferdinando-Romano_Ph.Valentina-Cipriani-web.jpg","width":1024,"height":1024},{"@type":"BreadcrumbList","@id":"https:\/\/www.qrious.de\/en\/ferdinando-romano-invisible-painters-tour-2023\/#breadcrumb","itemListElement":[{"@type":"ListItem","position":1,"name":"Home","item":"https:\/\/www.qrious.de\/en\/"},{"@type":"ListItem","position":2,"name":"Ferdinando Romano &#8211; Invisible Painters Tour 2023"}]},{"@type":"WebSite","@id":"https:\/\/www.qrious.de\/en\/#website","url":"https:\/\/www.qrious.de\/en\/","name":"Q-rious Music","description":"Q-rious Music: promotion, distribution, label, publishing","potentialAction":[{"@type":"SearchAction","target":{"@type":"EntryPoint","urlTemplate":"https:\/\/www.qrious.de\/en\/?s={search_term_string}"},"query-input":{"@type":"PropertyValueSpecification","valueRequired":true,"valueName":"search_term_string"}}],"inLanguage":"en-US"},{"@type":"Person","@id":"https:\/\/www.qrious.de\/en\/#\/schema\/person\/c23ecd85bc1b3ab8b09bf6da9d86a700","name":"Qrious","sameAs":["http:\/\/www.qrious.de"],"url":"https:\/\/www.qrious.de\/en\/author\/office\/"}]}},"_links":{"self":[{"href":"https:\/\/www.qrious.de\/en\/wp-json\/wp\/v2\/posts\/17121","targetHints":{"allow":["GET"]}}],"collection":[{"href":"https:\/\/www.qrious.de\/en\/wp-json\/wp\/v2\/posts"}],"about":[{"href":"https:\/\/www.qrious.de\/en\/wp-json\/wp\/v2\/types\/post"}],"author":[{"embeddable":true,"href":"https:\/\/www.qrious.de\/en\/wp-json\/wp\/v2\/users\/6"}],"replies":[{"embeddable":true,"href":"https:\/\/www.qrious.de\/en\/wp-json\/wp\/v2\/comments?post=17121"}],"version-history":[{"count":0,"href":"https:\/\/www.qrious.de\/en\/wp-json\/wp\/v2\/posts\/17121\/revisions"}],"wp:featuredmedia":[{"embeddable":true,"href":"https:\/\/www.qrious.de\/en\/wp-json\/wp\/v2\/media\/17116"}],"wp:attachment":[{"href":"https:\/\/www.qrious.de\/en\/wp-json\/wp\/v2\/media?parent=17121"}],"wp:term":[{"taxonomy":"category","embeddable":true,"href":"https:\/\/www.qrious.de\/en\/wp-json\/wp\/v2\/categories?post=17121"},{"taxonomy":"post_tag","embeddable":true,"href":"https:\/\/www.qrious.de\/en\/wp-json\/wp\/v2\/tags?post=17121"}],"curies":[{"name":"wp","href":"https:\/\/api.w.org\/{rel}","templated":true}]}}