{"id":16633,"date":"2022-10-05T14:39:28","date_gmt":"2022-10-05T12:39:28","guid":{"rendered":"https:\/\/www.qrious.de\/?p=16633"},"modified":"2022-10-05T14:39:28","modified_gmt":"2022-10-05T12:39:28","slug":"arifa-danubian-voyage-releasedate-28-10-2022","status":"publish","type":"post","link":"https:\/\/www.qrious.de\/en\/arifa-danubian-voyage-releasedate-28-10-2022\/","title":{"rendered":"ARIFA &#8211; Danubian Voyage (Releasedate: 28.10.2022)"},"content":{"rendered":"<p><img loading=\"lazy\" decoding=\"async\" class=\"alignnone size-medium wp-image-16629\" src=\"https:\/\/www.qrious.de\/wp-content\/uploads\/2022\/10\/Arifa_DanubianVoyage_Cover-web-300x300.jpg\" alt=\"\" width=\"300\" height=\"300\" srcset=\"https:\/\/www.qrious.de\/wp-content\/uploads\/2022\/10\/Arifa_DanubianVoyage_Cover-web-300x300.jpg 300w, https:\/\/www.qrious.de\/wp-content\/uploads\/2022\/10\/Arifa_DanubianVoyage_Cover-web-150x150.jpg 150w, https:\/\/www.qrious.de\/wp-content\/uploads\/2022\/10\/Arifa_DanubianVoyage_Cover-web-768x768.jpg 768w, https:\/\/www.qrious.de\/wp-content\/uploads\/2022\/10\/Arifa_DanubianVoyage_Cover-web-190x190.jpg 190w, https:\/\/www.qrious.de\/wp-content\/uploads\/2022\/10\/Arifa_DanubianVoyage_Cover-web-645x645.jpg 645w, https:\/\/www.qrious.de\/wp-content\/uploads\/2022\/10\/Arifa_DanubianVoyage_Cover-web-345x345.jpg 345w, https:\/\/www.qrious.de\/wp-content\/uploads\/2022\/10\/Arifa_DanubianVoyage_Cover-web-180x180.jpg 180w, https:\/\/www.qrious.de\/wp-content\/uploads\/2022\/10\/Arifa_DanubianVoyage_Cover-web-600x600.jpg 600w, https:\/\/www.qrious.de\/wp-content\/uploads\/2022\/10\/Arifa_DanubianVoyage_Cover-web-100x100.jpg 100w, https:\/\/www.qrious.de\/wp-content\/uploads\/2022\/10\/Arifa_DanubianVoyage_Cover-web.jpg 800w\" sizes=\"auto, (max-width: 300px) 100vw, 300px\" \/><\/p>\n<p>&nbsp;<\/p>\n<p>Die Donau, der zweitl\u00c3\u00a4ngste Fluss Europas, entspringt im S\u00c3\u00bcden Deutschlands und m\u00c3\u00bcndet nach fast dreitausend Kilometern im Osten in das Schwarze Meer. Seit Jahrtausenden wird sie von V\u00c3\u00b6lkern wie den alten Griechen, Ungarn, T\u00c3\u00bcrken, Daken, Deutschen, Slowaken, Serben und Bulgaren als Tor und Handelsweg genutzt. Das macht die Donau-Reise zu einer perfekten Metapher f\u00c3\u00bcr das neue Projekt von <strong>Arifa<\/strong>, das zu ihrem f\u00c3\u00bcnften Album f\u00c3\u00bchrt.<\/p>\n<p>In seiner neuesten Inkarnation reflektiert Arifa die nat\u00c3\u00bcrliche Verbindung zwischen Ost und West, die die Donau symbolisiert. Das in Amsterdam ans\u00c3\u00a4ssige Quartett ist sowohl vom Hintergrund als auch vom Umfang her wahrlich international. Der Kavalist <strong>Zhivko Vasilev<\/strong> aus Bulgarien und der Cellist <strong>Bence Husz<\/strong>ar aus Ungarn sind (relative) Neulinge bei Arifa, w\u00c3\u00a4hrend der aus Deutschland stammende Pianist <strong>Franz von Chossy<\/strong> schon seit vielen Jahren zur Gruppe geh\u00c3\u00b6rt. <strong>Sjahin During<\/strong>, der Leiter der Band, ist selbst ein kultureller Mischling mit einem niederl\u00c3\u00a4ndischen Vater und einer t\u00c3\u00bcrkischen Mutter.<\/p>\n<p>In der Musik von <strong>Arifa<\/strong> flie\u00c3\u0178en Ost und West nahtlos ineinander und werden zu einem schillernden Amalgam. Alte Musiktraditionen aus dem Nahen Osten und dem Balkan werden mit Jazz und zeitgen\u00c3\u00b6ssischer improvisierter Musik vermischt. Der Geist des Ensembles spiegelt sich auch in seiner Besetzung wider. Neu in der Klangpalette ist die Kaval, eine mundgeblasene Fl\u00c3\u00b6te aus Bulgarien, die traditionell von den Hirten verwendet wurde, um ihre Schafherde zusammenzutreiben. Ihr s\u00c3\u00bc\u00c3\u0178er und luftiger Klang, der unglaublich reich an Obert\u00c3\u00b6nen ist, lockte <strong>Zhivko<\/strong> von seinem Klavier und Akkordeon weg, um sich mehr auf traditionelle Musik zu konzentrieren. Danach studierte er Jazz in Codarts Rotterdam als erster Kavalist \u00c3\u00bcberhaupt. In Bence&#8217; Elternhaus in Ungarn war die klassische Musik allgegenw\u00c3\u00a4rtig. Nach seiner formalen Ausbildung studierte er unter Ernst Reijseger experimentelle Techniken auf dem Cello, die ihm halfen, neue Wege der pulsierenden rhythmischen Improvisation zu entwickeln.<\/p>\n<p><strong>Franz<\/strong> wuchs in Deutschland auf, aber seine ukrainische Gro\u00c3\u0178mutter \u00c3\u00b6ffnete ihm die Ohren f\u00c3\u00bcr den Osten. Sein luzider, lyrischer und impressionistischer Stil ist seit vielen Jahren ein Markenzeichen der Musik von Arifa. Bevor er die Gruppe 2010 gr\u00c3\u00bcndete, hatte sich <strong>Sjahin<\/strong> bereits einen Ruf als Perkussionist von Weltformat erarbeitet, indem er sein Handwerk auf traditionelle Weise verfeinerte: Er studierte bei Meistern aus Kuba, der T\u00c3\u00bcrkei, Spanien, Indien und Afrika. Sein Perkussionsset enth\u00c3\u00a4lt Instrumente aus praktisch allen Kontinenten.<\/p>\n<p>Von Anfang an hat <strong>Arifa<\/strong> mit renommierten K\u00c3\u00bcnstlern zusammengearbeitet, darunter Aynur Do\u00c4\u0178an, Arto Tun\u00c3\u00a7boyac\u00c4\u00b1yan, Theodosii Spassov, Lakha Khan, Osama Abdulrasol, Waed Bouhassoun, &#8220;Voices from the East&#8221; featuring Niusha Barimani, Vanya Valkova &amp; Meng Xiaoxu, Michalis Cholevas und nat\u00c3\u00bcrlich die ehemaligen Bandmitglieder Mehmet Polat und Alex Simu.<\/p>\n<p>Die vier vorherigen Alben von Arifa, <strong>Beyond Babylon<\/strong> (2010), <strong>Anatolian Alchemy<\/strong> (2012), <strong>Voices from the East<\/strong> (2014) und <strong>Secret Poetry<\/strong> (2019) wurden in den Niederlanden zum &#8220;Besten Weltmusik-Album des Jahres&#8221; gew\u00c3\u00a4hlt und erhielten im In- und Ausland f\u00c3\u00bcnf Sterne.<\/p>\n<p>&nbsp;<\/p>\n<p>Das Ensemble ist bereits in 28 L\u00c3\u00a4ndern auf f\u00c3\u00bcnf Kontinenten bei internationalen Festivals und Veranstaltungsorten aufgetreten, darunter Festivals &amp; Veranstaltungsorte wie:<\/p>\n<p>Jazzahead (DE), Concertgebouw (NL), London Jazz Festival Southbank Centre (UK), Kennedy Art Centre (USA), North Sea Jazz Festival (NL), Ethnoport Festival (PL), Womex (DK), Jarasum Jazz Festival (KR), Chicago World Music Festival (USA), Bimhuis (NL), Garana Jazz (RO), Havana Jazz (CU), Istanbul Akbank Festival (TR), Shanghai World Music Festival (CH), de Roma (BE), Barbican&#8217;s Transcender Festival (UK), Glatt &amp; Verkehrt Festival (AUS), Ollin Kan Mexico (MX) , BBC London (UK), Jodhpur Riff Festival (IN), Jazz au Chellah Festival, Rabat (MA), Handelsbeurs (BE), Moods Z\u00c3\u00bcrich (CH), Izmir European Jazz Festival (TR), Sunfest (CA), Jazz a Vienne Festival (FR).<\/p>\n<p><strong>\u00c2\u00a0<\/strong><\/p>\n<p><strong>Line-Up:<\/strong><\/p>\n<p><strong>Zhivko Vasilev (BG): <\/strong>Kaval<br \/>\n<strong>Bence Huszar (HU): <\/strong>Cello<br \/>\n<strong>Franz von Chossy (DE): <\/strong>Piano<br \/>\n<strong>Sjahin During (TR\/NL):<\/strong> Percussion set<\/p>\n<p>&nbsp;<\/p>\n<p>&nbsp;<\/p>\n<p><strong>Tracklist:<\/strong><\/p>\n<p><strong>\u00c2\u00a0<\/strong>1.Golondrina (05:37)<\/p>\n<p>2.Thracian Horses (06:38)<\/p>\n<p>3.Trouble Maker (07:22)<\/p>\n<p>4.Rhodopian Tales (05:08)<\/p>\n<p>5.Danubian Voyage (07:12)<\/p>\n<p>6.Black Jade (05:37)<\/p>\n<p>7.Mesembria (04:17)<\/p>\n<p>8.Princess of H (05:43)<\/p>\n<p>9.Odessa (03:08)<\/p>\n<p>10.Musafir (05:48)<\/p>\n<p>&nbsp;<\/p>\n<p>Music composed by:<\/p>\n<p>Franz von Chossy; tracks 1,2,3,5,6,8,9<\/p>\n<p>Zhivko Vasilev; tracks 4,7,10<\/p>\n<p>Sjahin During; arrangement track 7<\/p>\n<p>&nbsp;<\/p>\n<p>Recorded at the Bimhuis by Ruben Kieftenbelt<\/p>\n<p>Mixed by Bence Huszar<\/p>\n<p>Mastered by Sander van der Heide<\/p>\n<p>Photography by Sjahin During<\/p>\n<p>Graphic design by Igor Shumlyanskiy<\/p>\n<p>Liner notes by Ton Maas<\/p>\n<p>Produced by Sjahin During<\/p>\n<p><strong>\u00c2\u00a0<\/strong><\/p>\n<p><strong>Tourdaten:<\/strong><\/p>\n<p>&nbsp;<\/p>\n<p>15.09.22 \u00c2\u00a0\u00c2\u00a0\u00c2\u00a0\u00c2\u00a0\u00c2\u00a0 GER-Cologne\u00c2\u00a0 \u00c2\u00a0\u00c2\u00a0\u00c2\u00a0\u00c2\u00a0\u00c2\u00a0\u00c2\u00a0\u00c2\u00a0\u00c2\u00a0 <strong>Multiphonics Festival<\/strong><\/p>\n<p>16.09.22 \u00c2\u00a0\u00c2\u00a0\u00c2\u00a0\u00c2\u00a0\u00c2\u00a0 GER-Reutlingen\u00c2\u00a0\u00c2\u00a0\u00c2\u00a0\u00c2\u00a0\u00c2\u00a0\u00c2\u00a0\u00c2\u00a0 <strong>Jazz im Pappelgarten<\/strong><\/p>\n<p>29.09.22 \u00c2\u00a0\u00c2\u00a0\u00c2\u00a0\u00c2\u00a0\u00c2\u00a0 MAR-Rabat\u00c2\u00a0\u00c2\u00a0\u00c2\u00a0\u00c2\u00a0\u00c2\u00a0\u00c2\u00a0\u00c2\u00a0\u00c2\u00a0\u00c2\u00a0\u00c2\u00a0\u00c2\u00a0\u00c2\u00a0\u00c2\u00a0 <strong>Festival Jazz au Chellah<\/strong><\/p>\n<p>02.10.22 \u00c2\u00a0\u00c2\u00a0\u00c2\u00a0\u00c2\u00a0\u00c2\u00a0 MOL\u00c2\u00a0\u00c2\u00a0\u00c2\u00a0\u00c2\u00a0\u00c2\u00a0\u00c2\u00a0\u00c2\u00a0\u00c2\u00a0\u00c2\u00a0\u00c2\u00a0\u00c2\u00a0\u00c2\u00a0\u00c2\u00a0\u00c2\u00a0\u00c2\u00a0\u00c2\u00a0\u00c2\u00a0\u00c2\u00a0\u00c2\u00a0\u00c2\u00a0\u00c2\u00a0\u00c2\u00a0 <strong>Ethno Jazz Festival<\/strong><\/p>\n<p>08.10.22 \u00c2\u00a0\u00c2\u00a0\u00c2\u00a0\u00c2\u00a0\u00c2\u00a0 IND\u00c2\u00a0\u00c2\u00a0\u00c2\u00a0\u00c2\u00a0\u00c2\u00a0\u00c2\u00a0\u00c2\u00a0\u00c2\u00a0\u00c2\u00a0\u00c2\u00a0\u00c2\u00a0\u00c2\u00a0\u00c2\u00a0\u00c2\u00a0\u00c2\u00a0\u00c2\u00a0\u00c2\u00a0\u00c2\u00a0\u00c2\u00a0\u00c2\u00a0\u00c2\u00a0\u00c2\u00a0 <strong>Jodhpur RIFF festival at the Mehrangarh Fort<\/strong><\/p>\n<p>09.10.22 \u00c2\u00a0\u00c2\u00a0\u00c2\u00a0\u00c2\u00a0\u00c2\u00a0 IND\u00c2\u00a0\u00c2\u00a0\u00c2\u00a0\u00c2\u00a0\u00c2\u00a0\u00c2\u00a0\u00c2\u00a0\u00c2\u00a0\u00c2\u00a0\u00c2\u00a0\u00c2\u00a0\u00c2\u00a0\u00c2\u00a0\u00c2\u00a0\u00c2\u00a0\u00c2\u00a0\u00c2\u00a0\u00c2\u00a0\u00c2\u00a0\u00c2\u00a0\u00c2\u00a0\u00c2\u00a0 <strong>Jodhpur RIFF festival at the Mehrangarh Fort<\/strong><\/p>\n<p>10.10.22 \u00c2\u00a0\u00c2\u00a0\u00c2\u00a0\u00c2\u00a0\u00c2\u00a0 IND\u00c2\u00a0\u00c2\u00a0\u00c2\u00a0\u00c2\u00a0\u00c2\u00a0\u00c2\u00a0\u00c2\u00a0\u00c2\u00a0\u00c2\u00a0\u00c2\u00a0\u00c2\u00a0\u00c2\u00a0\u00c2\u00a0\u00c2\u00a0\u00c2\u00a0\u00c2\u00a0\u00c2\u00a0\u00c2\u00a0\u00c2\u00a0\u00c2\u00a0\u00c2\u00a0\u00c2\u00a0 <strong>Jodhpur RIFF festival at the Mehrangarh Fort<\/strong><\/p>\n<p>12.10.22 \u00c2\u00a0\u00c2\u00a0\u00c2\u00a0\u00c2\u00a0\u00c2\u00a0 IND-Safdarjung\u00c2\u00a0\u00c2\u00a0\u00c2\u00a0\u00c2\u00a0\u00c2\u00a0\u00c2\u00a0 <strong>The Piano Man Jazz Club<\/strong><\/p>\n<p>13.10.22 \u00c2\u00a0\u00c2\u00a0\u00c2\u00a0\u00c2\u00a0\u00c2\u00a0 IND-Gurugram\u00c2\u00a0\u00c2\u00a0\u00c2\u00a0\u00c2\u00a0\u00c2\u00a0\u00c2\u00a0\u00c2\u00a0\u00c2\u00a0 <strong>The Piano Man<\/strong> <strong>Jazz Club<\/strong><\/p>\n<p>15.10.22 \u00c2\u00a0\u00c2\u00a0\u00c2\u00a0\u00c2\u00a0\u00c2\u00a0 IND-New Delhi\u00c2\u00a0\u00c2\u00a0\u00c2\u00a0\u00c2\u00a0\u00c2\u00a0\u00c2\u00a0\u00c2\u00a0\u00c2\u00a0 <strong>Centre Stage Festival<\/strong><\/p>\n<p>13.11.22 \u00c2\u00a0\u00c2\u00a0\u00c2\u00a0\u00c2\u00a0\u00c2\u00a0 BE-Gent\u00c2\u00a0\u00c2\u00a0\u00c2\u00a0\u00c2\u00a0\u00c2\u00a0\u00c2\u00a0\u00c2\u00a0\u00c2\u00a0\u00c2\u00a0\u00c2\u00a0\u00c2\u00a0\u00c2\u00a0\u00c2\u00a0\u00c2\u00a0\u00c2\u00a0\u00c2\u00a0\u00c2\u00a0 <strong>de Centrale<\/strong><\/p>\n<p>08.12.22 \u00c2\u00a0\u00c2\u00a0\u00c2\u00a0\u00c2\u00a0\u00c2\u00a0 NL-Amsterdam\u00c2\u00a0\u00c2\u00a0\u00c2\u00a0\u00c2\u00a0\u00c2\u00a0\u00c2\u00a0\u00c2\u00a0 <strong>Mezrab<\/strong><\/p>\n<p>09.12.22 \u00c2\u00a0\u00c2\u00a0\u00c2\u00a0\u00c2\u00a0\u00c2\u00a0 NL-Den Bosch \u00c2\u00a0\u00c2\u00a0\u00c2\u00a0\u00c2\u00a0\u00c2\u00a0\u00c2\u00a0\u00c2\u00a0\u00c2\u00a0 <strong>Willem Twee<\/strong><\/p>\n<p>26.05.23 \u00c2\u00a0\u00c2\u00a0\u00c2\u00a0\u00c2\u00a0\u00c2\u00a0 NL-Oranjewoud\u00c2\u00a0\u00c2\u00a0\u00c2\u00a0\u00c2\u00a0\u00c2\u00a0\u00c2\u00a0\u00c2\u00a0 <strong>Oranjewoud Festival<\/strong><\/p>\n<p>27.05.23 \u00c2\u00a0\u00c2\u00a0\u00c2\u00a0\u00c2\u00a0\u00c2\u00a0 NL-Amsterdam\u00c2\u00a0\u00c2\u00a0\u00c2\u00a0\u00c2\u00a0\u00c2\u00a0\u00c2\u00a0\u00c2\u00a0 <strong>Bimhuis<\/strong><\/p>\n<p>&nbsp;<\/p>\n<p>&nbsp;<\/p>\n<p><strong>Links:<\/strong><\/p>\n<p>Offizielle Website:\u00c2\u00a0\u00c2\u00a0\u00c2\u00a0 <a href=\"http:\/\/www.arifamusic.com\">www.arifamusic.com<\/a><\/p>\n<p>Youtube Channel: <a href=\"https:\/\/www.youtube.com\/playlist?list=PLZ9uoaEBmsdFQTACfDRaMrHrZ1kD4aenm\">https:\/\/www.youtube.com\/playlist?list=PLZ9uoaEBmsdFQTACfDRaMrHrZ1kD4aenm<\/a><\/p>\n<p>Spotify: <a href=\"https:\/\/open.spotify.com\/artist\/19aQATZ9OvyNLFMcBzLkCc?si=NeI7oNADTDydiMxw7lBLIg\">https:\/\/open.spotify.com\/artist\/19aQATZ9OvyNLFMcBzLkCc?si=NeI7oNADTDydiMxw7lBLIg<\/a><\/p>\n<p>Facebook:\u00c2\u00a0\u00c2\u00a0\u00c2\u00a0\u00c2\u00a0\u00c2\u00a0\u00c2\u00a0\u00c2\u00a0\u00c2\u00a0\u00c2\u00a0\u00c2\u00a0\u00c2\u00a0\u00c2\u00a0\u00c2\u00a0\u00c2\u00a0 <a href=\"https:\/\/www.facebook.com\/Arifamusic\">https:\/\/www.facebook.com\/Arifamusic<\/a><\/p>\n<p>Instagram:\u00c2\u00a0\u00c2\u00a0\u00c2\u00a0\u00c2\u00a0\u00c2\u00a0\u00c2\u00a0\u00c2\u00a0\u00c2\u00a0\u00c2\u00a0\u00c2\u00a0\u00c2\u00a0\u00c2\u00a0\u00c2\u00a0 <a href=\"https:\/\/www.instagram.com\/arifamusic555\/\">https:\/\/www.instagram.com\/arifamusic555\/<\/a><\/p>\n<p>&nbsp;<\/p>\n","protected":false},"excerpt":{"rendered":"<p>&nbsp; Die Donau, der zweitl\u00c3\u00a4ngste Fluss Europas, entspringt im S\u00c3\u00bcden Deutschlands und m\u00c3\u00bcndet nach fast dreitausend Kilometern im Osten in das Schwarze Meer. Seit Jahrtausenden wird sie von V\u00c3\u00b6lkern wie den alten Griechen, Ungarn, T\u00c3\u00bcrken, Daken, Deutschen, Slowaken, Serben und Bulgaren als Tor und Handelsweg genutzt. Das macht die Donau-Reise zu einer perfekten Metapher f\u00c3\u00bcr [&hellip;]<\/p>\n","protected":false},"author":6,"featured_media":16629,"comment_status":"closed","ping_status":"closed","sticky":false,"template":"","format":"standard","meta":{"footnotes":""},"categories":[172],"tags":[],"class_list":["post-16633","post","type-post","status-publish","format-standard","has-post-thumbnail","hentry","category-unkategorisiert"],"yoast_head":"<!-- This site is optimized with the Yoast SEO plugin v26.3 - https:\/\/yoast.com\/wordpress\/plugins\/seo\/ -->\n<title>ARIFA - Danubian Voyage (Releasedate: 28.10.2022) - Q-rious Music<\/title>\n<meta name=\"robots\" content=\"index, follow, max-snippet:-1, max-image-preview:large, max-video-preview:-1\" \/>\n<link rel=\"canonical\" href=\"https:\/\/www.qrious.de\/en\/arifa-danubian-voyage-releasedate-28-10-2022\/\" \/>\n<meta property=\"og:locale\" content=\"en_US\" \/>\n<meta property=\"og:type\" content=\"article\" \/>\n<meta property=\"og:title\" content=\"ARIFA - Danubian Voyage (Releasedate: 28.10.2022) - Q-rious Music\" \/>\n<meta property=\"og:description\" content=\"&nbsp; Die Donau, der zweitl\u00c3\u00a4ngste Fluss Europas, entspringt im S\u00c3\u00bcden Deutschlands und m\u00c3\u00bcndet nach fast dreitausend Kilometern im Osten in das Schwarze Meer. Seit Jahrtausenden wird sie von V\u00c3\u00b6lkern wie den alten Griechen, Ungarn, T\u00c3\u00bcrken, Daken, Deutschen, Slowaken, Serben und Bulgaren als Tor und Handelsweg genutzt. Das macht die Donau-Reise zu einer perfekten Metapher f\u00c3\u00bcr [&hellip;]\" \/>\n<meta property=\"og:url\" content=\"https:\/\/www.qrious.de\/en\/arifa-danubian-voyage-releasedate-28-10-2022\/\" \/>\n<meta property=\"og:site_name\" content=\"Q-rious Music\" \/>\n<meta property=\"article:publisher\" content=\"https:\/\/www.facebook.com\/QriousMusic\/\" \/>\n<meta property=\"article:published_time\" content=\"2022-10-05T12:39:28+00:00\" \/>\n<meta property=\"og:image\" content=\"https:\/\/www.qrious.de\/wp-content\/uploads\/2022\/10\/Arifa_DanubianVoyage_Cover-web.jpg\" \/>\n\t<meta property=\"og:image:width\" content=\"800\" \/>\n\t<meta property=\"og:image:height\" content=\"800\" \/>\n\t<meta property=\"og:image:type\" content=\"image\/jpeg\" \/>\n<meta name=\"author\" content=\"Qrious\" \/>\n<meta name=\"twitter:card\" content=\"summary_large_image\" \/>\n<meta name=\"twitter:label1\" content=\"Written by\" \/>\n\t<meta name=\"twitter:data1\" content=\"Qrious\" \/>\n\t<meta name=\"twitter:label2\" content=\"Est. reading time\" \/>\n\t<meta name=\"twitter:data2\" content=\"5 minutes\" \/>\n<script type=\"application\/ld+json\" class=\"yoast-schema-graph\">{\"@context\":\"https:\/\/schema.org\",\"@graph\":[{\"@type\":\"WebPage\",\"@id\":\"https:\/\/www.qrious.de\/en\/arifa-danubian-voyage-releasedate-28-10-2022\/\",\"url\":\"https:\/\/www.qrious.de\/en\/arifa-danubian-voyage-releasedate-28-10-2022\/\",\"name\":\"ARIFA - Danubian Voyage (Releasedate: 28.10.2022) - Q-rious Music\",\"isPartOf\":{\"@id\":\"https:\/\/www.qrious.de\/en\/#website\"},\"primaryImageOfPage\":{\"@id\":\"https:\/\/www.qrious.de\/en\/arifa-danubian-voyage-releasedate-28-10-2022\/#primaryimage\"},\"image\":{\"@id\":\"https:\/\/www.qrious.de\/en\/arifa-danubian-voyage-releasedate-28-10-2022\/#primaryimage\"},\"thumbnailUrl\":\"https:\/\/www.qrious.de\/wp-content\/uploads\/2022\/10\/Arifa_DanubianVoyage_Cover-web.jpg\",\"datePublished\":\"2022-10-05T12:39:28+00:00\",\"author\":{\"@id\":\"https:\/\/www.qrious.de\/en\/#\/schema\/person\/c23ecd85bc1b3ab8b09bf6da9d86a700\"},\"breadcrumb\":{\"@id\":\"https:\/\/www.qrious.de\/en\/arifa-danubian-voyage-releasedate-28-10-2022\/#breadcrumb\"},\"inLanguage\":\"en-US\",\"potentialAction\":[{\"@type\":\"ReadAction\",\"target\":[\"https:\/\/www.qrious.de\/en\/arifa-danubian-voyage-releasedate-28-10-2022\/\"]}]},{\"@type\":\"ImageObject\",\"inLanguage\":\"en-US\",\"@id\":\"https:\/\/www.qrious.de\/en\/arifa-danubian-voyage-releasedate-28-10-2022\/#primaryimage\",\"url\":\"https:\/\/www.qrious.de\/wp-content\/uploads\/2022\/10\/Arifa_DanubianVoyage_Cover-web.jpg\",\"contentUrl\":\"https:\/\/www.qrious.de\/wp-content\/uploads\/2022\/10\/Arifa_DanubianVoyage_Cover-web.jpg\",\"width\":800,\"height\":800},{\"@type\":\"BreadcrumbList\",\"@id\":\"https:\/\/www.qrious.de\/en\/arifa-danubian-voyage-releasedate-28-10-2022\/#breadcrumb\",\"itemListElement\":[{\"@type\":\"ListItem\",\"position\":1,\"name\":\"Home\",\"item\":\"https:\/\/www.qrious.de\/en\/\"},{\"@type\":\"ListItem\",\"position\":2,\"name\":\"ARIFA &#8211; Danubian Voyage (Releasedate: 28.10.2022)\"}]},{\"@type\":\"WebSite\",\"@id\":\"https:\/\/www.qrious.de\/en\/#website\",\"url\":\"https:\/\/www.qrious.de\/en\/\",\"name\":\"Q-rious Music\",\"description\":\"Q-rious Music: promotion, distribution, label, publishing\",\"potentialAction\":[{\"@type\":\"SearchAction\",\"target\":{\"@type\":\"EntryPoint\",\"urlTemplate\":\"https:\/\/www.qrious.de\/en\/?s={search_term_string}\"},\"query-input\":{\"@type\":\"PropertyValueSpecification\",\"valueRequired\":true,\"valueName\":\"search_term_string\"}}],\"inLanguage\":\"en-US\"},{\"@type\":\"Person\",\"@id\":\"https:\/\/www.qrious.de\/en\/#\/schema\/person\/c23ecd85bc1b3ab8b09bf6da9d86a700\",\"name\":\"Qrious\",\"sameAs\":[\"http:\/\/www.qrious.de\"],\"url\":\"https:\/\/www.qrious.de\/en\/author\/office\/\"}]}<\/script>\n<!-- \/ Yoast SEO plugin. -->","yoast_head_json":{"title":"ARIFA - Danubian Voyage (Releasedate: 28.10.2022) - Q-rious Music","robots":{"index":"index","follow":"follow","max-snippet":"max-snippet:-1","max-image-preview":"max-image-preview:large","max-video-preview":"max-video-preview:-1"},"canonical":"https:\/\/www.qrious.de\/en\/arifa-danubian-voyage-releasedate-28-10-2022\/","og_locale":"en_US","og_type":"article","og_title":"ARIFA - Danubian Voyage (Releasedate: 28.10.2022) - Q-rious Music","og_description":"&nbsp; Die Donau, der zweitl\u00c3\u00a4ngste Fluss Europas, entspringt im S\u00c3\u00bcden Deutschlands und m\u00c3\u00bcndet nach fast dreitausend Kilometern im Osten in das Schwarze Meer. Seit Jahrtausenden wird sie von V\u00c3\u00b6lkern wie den alten Griechen, Ungarn, T\u00c3\u00bcrken, Daken, Deutschen, Slowaken, Serben und Bulgaren als Tor und Handelsweg genutzt. Das macht die Donau-Reise zu einer perfekten Metapher f\u00c3\u00bcr [&hellip;]","og_url":"https:\/\/www.qrious.de\/en\/arifa-danubian-voyage-releasedate-28-10-2022\/","og_site_name":"Q-rious Music","article_publisher":"https:\/\/www.facebook.com\/QriousMusic\/","article_published_time":"2022-10-05T12:39:28+00:00","og_image":[{"width":800,"height":800,"url":"https:\/\/www.qrious.de\/wp-content\/uploads\/2022\/10\/Arifa_DanubianVoyage_Cover-web.jpg","type":"image\/jpeg"}],"author":"Qrious","twitter_card":"summary_large_image","twitter_misc":{"Written by":"Qrious","Est. reading time":"5 minutes"},"schema":{"@context":"https:\/\/schema.org","@graph":[{"@type":"WebPage","@id":"https:\/\/www.qrious.de\/en\/arifa-danubian-voyage-releasedate-28-10-2022\/","url":"https:\/\/www.qrious.de\/en\/arifa-danubian-voyage-releasedate-28-10-2022\/","name":"ARIFA - Danubian Voyage (Releasedate: 28.10.2022) - Q-rious Music","isPartOf":{"@id":"https:\/\/www.qrious.de\/en\/#website"},"primaryImageOfPage":{"@id":"https:\/\/www.qrious.de\/en\/arifa-danubian-voyage-releasedate-28-10-2022\/#primaryimage"},"image":{"@id":"https:\/\/www.qrious.de\/en\/arifa-danubian-voyage-releasedate-28-10-2022\/#primaryimage"},"thumbnailUrl":"https:\/\/www.qrious.de\/wp-content\/uploads\/2022\/10\/Arifa_DanubianVoyage_Cover-web.jpg","datePublished":"2022-10-05T12:39:28+00:00","author":{"@id":"https:\/\/www.qrious.de\/en\/#\/schema\/person\/c23ecd85bc1b3ab8b09bf6da9d86a700"},"breadcrumb":{"@id":"https:\/\/www.qrious.de\/en\/arifa-danubian-voyage-releasedate-28-10-2022\/#breadcrumb"},"inLanguage":"en-US","potentialAction":[{"@type":"ReadAction","target":["https:\/\/www.qrious.de\/en\/arifa-danubian-voyage-releasedate-28-10-2022\/"]}]},{"@type":"ImageObject","inLanguage":"en-US","@id":"https:\/\/www.qrious.de\/en\/arifa-danubian-voyage-releasedate-28-10-2022\/#primaryimage","url":"https:\/\/www.qrious.de\/wp-content\/uploads\/2022\/10\/Arifa_DanubianVoyage_Cover-web.jpg","contentUrl":"https:\/\/www.qrious.de\/wp-content\/uploads\/2022\/10\/Arifa_DanubianVoyage_Cover-web.jpg","width":800,"height":800},{"@type":"BreadcrumbList","@id":"https:\/\/www.qrious.de\/en\/arifa-danubian-voyage-releasedate-28-10-2022\/#breadcrumb","itemListElement":[{"@type":"ListItem","position":1,"name":"Home","item":"https:\/\/www.qrious.de\/en\/"},{"@type":"ListItem","position":2,"name":"ARIFA &#8211; Danubian Voyage (Releasedate: 28.10.2022)"}]},{"@type":"WebSite","@id":"https:\/\/www.qrious.de\/en\/#website","url":"https:\/\/www.qrious.de\/en\/","name":"Q-rious Music","description":"Q-rious Music: promotion, distribution, label, publishing","potentialAction":[{"@type":"SearchAction","target":{"@type":"EntryPoint","urlTemplate":"https:\/\/www.qrious.de\/en\/?s={search_term_string}"},"query-input":{"@type":"PropertyValueSpecification","valueRequired":true,"valueName":"search_term_string"}}],"inLanguage":"en-US"},{"@type":"Person","@id":"https:\/\/www.qrious.de\/en\/#\/schema\/person\/c23ecd85bc1b3ab8b09bf6da9d86a700","name":"Qrious","sameAs":["http:\/\/www.qrious.de"],"url":"https:\/\/www.qrious.de\/en\/author\/office\/"}]}},"_links":{"self":[{"href":"https:\/\/www.qrious.de\/en\/wp-json\/wp\/v2\/posts\/16633","targetHints":{"allow":["GET"]}}],"collection":[{"href":"https:\/\/www.qrious.de\/en\/wp-json\/wp\/v2\/posts"}],"about":[{"href":"https:\/\/www.qrious.de\/en\/wp-json\/wp\/v2\/types\/post"}],"author":[{"embeddable":true,"href":"https:\/\/www.qrious.de\/en\/wp-json\/wp\/v2\/users\/6"}],"replies":[{"embeddable":true,"href":"https:\/\/www.qrious.de\/en\/wp-json\/wp\/v2\/comments?post=16633"}],"version-history":[{"count":0,"href":"https:\/\/www.qrious.de\/en\/wp-json\/wp\/v2\/posts\/16633\/revisions"}],"wp:featuredmedia":[{"embeddable":true,"href":"https:\/\/www.qrious.de\/en\/wp-json\/wp\/v2\/media\/16629"}],"wp:attachment":[{"href":"https:\/\/www.qrious.de\/en\/wp-json\/wp\/v2\/media?parent=16633"}],"wp:term":[{"taxonomy":"category","embeddable":true,"href":"https:\/\/www.qrious.de\/en\/wp-json\/wp\/v2\/categories?post=16633"},{"taxonomy":"post_tag","embeddable":true,"href":"https:\/\/www.qrious.de\/en\/wp-json\/wp\/v2\/tags?post=16633"}],"curies":[{"name":"wp","href":"https:\/\/api.w.org\/{rel}","templated":true}]}}