{"id":16575,"date":"2022-09-01T13:06:25","date_gmt":"2022-09-01T11:06:25","guid":{"rendered":"https:\/\/www.qrious.de\/?p=16575"},"modified":"2022-09-01T13:06:25","modified_gmt":"2022-09-01T11:06:25","slug":"chico-cesar-vestido-de-amor-releasedate-23-09-2022","status":"publish","type":"post","link":"https:\/\/www.qrious.de\/en\/chico-cesar-vestido-de-amor-releasedate-23-09-2022\/","title":{"rendered":"Chico C\u00c3\u00a9sar &#8211; Vestido de Amor (Releasedate: 23.09.2022)"},"content":{"rendered":"<p>[:de]<img loading=\"lazy\" decoding=\"async\" class=\"alignnone size-medium wp-image-16573\" src=\"https:\/\/www.qrious.de\/wp-content\/uploads\/2022\/09\/ChicoCesar_VdA_Cover-web-300x300.jpg\" alt=\"\" width=\"300\" height=\"300\" srcset=\"https:\/\/www.qrious.de\/wp-content\/uploads\/2022\/09\/ChicoCesar_VdA_Cover-web-300x300.jpg 300w, https:\/\/www.qrious.de\/wp-content\/uploads\/2022\/09\/ChicoCesar_VdA_Cover-web-150x150.jpg 150w, https:\/\/www.qrious.de\/wp-content\/uploads\/2022\/09\/ChicoCesar_VdA_Cover-web-768x768.jpg 768w, https:\/\/www.qrious.de\/wp-content\/uploads\/2022\/09\/ChicoCesar_VdA_Cover-web-190x190.jpg 190w, https:\/\/www.qrious.de\/wp-content\/uploads\/2022\/09\/ChicoCesar_VdA_Cover-web-645x645.jpg 645w, https:\/\/www.qrious.de\/wp-content\/uploads\/2022\/09\/ChicoCesar_VdA_Cover-web-345x345.jpg 345w, https:\/\/www.qrious.de\/wp-content\/uploads\/2022\/09\/ChicoCesar_VdA_Cover-web-180x180.jpg 180w, https:\/\/www.qrious.de\/wp-content\/uploads\/2022\/09\/ChicoCesar_VdA_Cover-web-600x600.jpg 600w, https:\/\/www.qrious.de\/wp-content\/uploads\/2022\/09\/ChicoCesar_VdA_Cover-web-100x100.jpg 100w, https:\/\/www.qrious.de\/wp-content\/uploads\/2022\/09\/ChicoCesar_VdA_Cover-web.jpg 800w\" sizes=\"auto, (max-width: 300px) 100vw, 300px\" \/><\/p>\n<p>&nbsp;<\/p>\n<p><strong>Vestido de Amor <\/strong>(in Liebe gekleidet), das zehnte Studioalbum des Brasilianers Chico Cesar, klingt lebhaft, einfalls-, als auch umfangreich. Es besch\u00c3\u00a4ftigt sich mit dem Thema des Panafrikanismus, diesmal aus der Sicht der Diaspora. Der S\u00c3\u00a4nger und Songwriter hat zwei gro\u00c3\u0178e Pers\u00c3\u00b6nlichkeiten der afrikanischen Musik eingeladen, um <strong>\u00e2\u20ac\u017eVestido de Amor\u00e2\u20ac\u0153<\/strong> zu bereichern: <strong>Salif Keita<\/strong> und <strong>Ray Lema<\/strong>. Diese Zusammenarbeit ist mehr als nur ein Featuring, sie besiegelt einen wichtigen Parameterwechsel. Lange Zeit versuchte das tropische Amerika an seine afrikanischen Wurzeln anzukn\u00c3\u00bcpfen, die allzu oft geschm\u00c3\u00a4lert, wenn nicht gar ignoriert wurden.<\/p>\n<p>1996 komponierte <strong>Chico Cesar <\/strong>Mama Africa, eine Ode an die afroamerikanische Frau, die alleinerziehende Mutter mit den starken H\u00c3\u00a4nden und dem gro\u00c3\u0178en Herzen. Im Jahr 2022, in dem sich die Frage der kulturellen Aneignung mit aller Sch\u00c3\u00a4rfe stellt, scheint es offensichtlich, dass Afrika bereits in der Vergangenheit kulturelle Str\u00c3\u00b6mungen beeinflusst hat und auch heutzutage noch von kulturellen Ereignissen selber Einfluss nimmt. &#8220;Der Panafrikanismus ist heute breiter geworden, und wo auch immer die Diaspora ist, sie muss stolz auf das sein, was sie ist, und sie muss sich das Recht nehmen, bei jeder Gelegenheit aufrecht zu stehen&#8221;.<\/p>\n<p>Chico Cesar liefert also ein vielfarbiges Album. Vom nordestinensischen Forro bis zum jamaikanischen Reggae, von der Rumba aus Zairo bis zum Calypso, von der Kokosnuss der K\u00c3\u00bcstenfischer bis zur Elektrizit\u00c3\u00a4t des urbanen Rocks. Dennoch bleibt \u00e2\u20ac\u017e<strong>Vestido de Amor\u00e2\u20ac\u0153<\/strong> vollkommen brasilianisch.<\/p>\n<p><strong>\u00e2\u20ac\u017eVestido de Amor\u00e2\u20ac\u0153<\/strong> ist das erste Album von <strong>Chico Cesar<\/strong>, das au\u00c3\u0178erhalb Brasiliens entstand und sich mit dieser zeitgen\u00c3\u00b6ssischen Kalibrierung auseinandersetzt. Das in den <strong>Ferber Studios<\/strong> in Paris aufgenommene Album ist eine ehrliche und spielerische Bestandsaufnahme einer vielf\u00c3\u00a4ltigen Welt, in der Tanzen immer noch m\u00c3\u00b6glich ist, vor allem, wenn durch die Freude auch Botschaften vermittelt werden, die von Frieden, Br\u00c3\u00bcderlichkeit, aber auch von Kampf handeln.<\/p>\n<p><strong>Chico C\u00c3\u00a9sar<\/strong> der Elfengeist der brasilianischen Musik, mit seinem unvergleichlichen Aussehen und seiner reichen Kreativit\u00c3\u00a4t. Dies best\u00c3\u00a4tigt auch die Vielfalt seines Werks. Es stellt einen Dialog zwischen Tradition und Moderne des brasilianischen, afrikanischen und karibischen Raums her. Es ist die beunruhigende Leichtigkeit, mit der er alle Rhythmen, die unter seine Gitarre fallen, flie\u00c3\u0178end beherrscht. Vor allem jene Rhythmen, die ihn n\u00c3\u00a4her an seine afrikanischen, indianischen und regionalen Wurzeln heranf\u00c3\u00bchren.<\/p>\n<p><strong>\u00c2\u00a0<\/strong><\/p>\n<p><strong>Chico C\u00c3\u00a9sar<\/strong> ist ein Mann des Widerstandes, der sich f\u00c3\u00bcr soziale Gerechtigkeit einsetzt. Sowohl in seiner Musik als auch in seinem Handeln vertritt er offensiv seine Werte gegen Rassismus.<\/p>\n<p>Der Titel und gleichnamige Song seines 5. Albums liest sich wie ein Manifest: <strong>Respeitem Meus Cabelos, Brancos<\/strong> (&#8220;Respektiert mein Haar, ihr Wei\u00c3\u0178en\u00e2\u20ac\u0153), in Anspielung auf das krause Haar, das der allgemeine brasilianische Rassismus gerne als &#8220;schlechtes Haar&#8221; bezeichnet. Er stellt sich offen gegen die Machenschaften von Diktatoren, verteidigt \u00c3\u00b6ffentlich unterdr\u00c3\u00bcckte Minderheiten (Indianer (Indigene), Homosexuelle, Afroamerikaner*innen, Frauen, Arme) und engagiert sich f\u00c3\u00bcr den Umweltschutz. Ein Kampf, der in seinen Texten sowohl auf politische als auch auf poetische Weise zum Ausdruck kommt.<\/p>\n<p>Der ehemalige Journalist, Autor von drei Gedichtb\u00c3\u00a4nden und Liebhaber der feinen Phrase verf\u00c3\u00bcgt \u00c3\u00bcber eine gro\u00c3\u0178artige Gabe, mit Worten zu jonglieren. Er beherrscht die Sprache des Protests mit Intelligenz und Lyrik. Chico C\u00c3\u00a9sar ist ein Barde seiner Zeit, und ein zeitloser K\u00c3\u00bcnstler, vor allem ist er ein gro\u00c3\u0178er Musiker. Seine Wurzeln liegen in Catol\u00c3\u00a9 da Rocha, in den Tiefen des Staates Para\u00c3\u00adba im Nordosten Brasiliens, wo Francisco C\u00c3\u00a9sar Gon\u00c3\u00a7alves im Januar 1964 geboren wurde. Seine Kindheit wurde von Musik gepr\u00c3\u00a4gt, wodurch er schon in jungen Jahren komponierte. Da sich der kulturelle Dreh- und Angelpunkt Brasiliens im S\u00c3\u00bcden des Landes befindet, verlie\u00c3\u0178 er Para\u00c3\u00adba, um in S\u00c3\u00a3o Paulo Musikkritiker und Lektor zu werden.<\/p>\n<p>Die n\u00c3\u00a4chsten Kapitel seiner Geschichte lassen sich anhand von Kollaborationen, Tourneen und Alben (dreizehn an der Zahl) erz\u00c3\u00a4hlen, auf deren Plakaten und Credits die gro\u00c3\u0178en Namen der brasilianischen Musik (<strong>Chico Buarque, Nana Vasconcelos, Zeca Baleiro, Daniela Mercury, Arrigo Barnab\u00c3\u00a9<\/strong>&#8230;) sowie einige internationale Namen zu finden sind: <strong>Sting<\/strong>, der 2001 mit seiner Version von Chico C\u00c3\u00a9sars und Ivan Lins&#8217; &#8216;Soberana Rosa&#8217; (&#8216;She Walks This Earth&#8217;) den Grammy f\u00c3\u00bcr das beste m\u00c3\u00a4nnliche Cover gewann; der Spanier <strong>Luis Pastor<\/strong> (dessen Album P\u00c3\u00a1salo von C\u00c3\u00a9sar produziert wurde); <strong>Lokua Kanza<\/strong> (auf dem Album Beleza Mano von 1997); Ray Lema (auf einer Europatournee 2006); <strong>Richard Galliano<\/strong> (auf dem Album Galliano au Br\u00c3\u00a9sil von 2014).<\/p>\n<p>&nbsp;<\/p>\n<p>Chico C\u00c3\u00a9sar \u00c2\u00a0 \u00c2\u00a0\u00c2\u00a0\u00c2\u00a0\u00c2\u00a0\u00c2\u00a0\u00c2\u00a0\u00c2\u00a0\u00c2\u00a0\u00c2\u00a0 \u00c2\u00a0\u00c2\u00a0\u00c2\u00a0\u00c2\u00a0\u00c2\u00a0\u00c2\u00a0\u00c2\u00a0\u00c2\u00a0 \u00c2\u00a0\u00c2\u00a0\u00c2\u00a0\u00c2\u00a0\u00c2\u00a0\u00c2\u00a0\u00c2\u00a0\u00c2\u00a0 Akustische und elektrische Gitarre und Gesang<\/p>\n<p>Jean Lamoot \u00c2\u00a0 \u00c2\u00a0\u00c2\u00a0\u00c2\u00a0\u00c2\u00a0\u00c2\u00a0\u00c2\u00a0\u00c2\u00a0\u00c2\u00a0\u00c2\u00a0 \u00c2\u00a0\u00c2\u00a0\u00c2\u00a0\u00c2\u00a0\u00c2\u00a0\u00c2\u00a0\u00c2\u00a0\u00c2\u00a0 \u00c2\u00a0\u00c2\u00a0\u00c2\u00a0\u00c2\u00a0\u00c2\u00a0\u00c2\u00a0\u00c2\u00a0\u00c2\u00a0 Produzent, Master Mix<\/p>\n<p>Salif Keita \u00c2\u00a0\u00c2\u00a0\u00c2\u00a0\u00c2\u00a0\u00c2\u00a0\u00c2\u00a0\u00c2\u00a0\u00c2\u00a0\u00c2\u00a0\u00c2\u00a0\u00c2\u00a0\u00c2\u00a0\u00c2\u00a0\u00c2\u00a0\u00c2\u00a0\u00c2\u00a0\u00c2\u00a0\u00c2\u00a0\u00c2\u00a0\u00c2\u00a0\u00c2\u00a0\u00c2\u00a0\u00c2\u00a0 \u00c2\u00a0\u00c2\u00a0\u00c2\u00a0\u00c2\u00a0\u00c2\u00a0\u00c2\u00a0\u00c2\u00a0\u00c2\u00a0 Gesang<\/p>\n<p>Ray Lema\u00c2\u00a0 \u00c2\u00a0\u00c2\u00a0\u00c2\u00a0\u00c2\u00a0\u00c2\u00a0\u00c2\u00a0\u00c2\u00a0\u00c2\u00a0\u00c2\u00a0\u00c2\u00a0\u00c2\u00a0\u00c2\u00a0\u00c2\u00a0\u00c2\u00a0\u00c2\u00a0\u00c2\u00a0\u00c2\u00a0\u00c2\u00a0\u00c2\u00a0\u00c2\u00a0\u00c2\u00a0\u00c2\u00a0 \u00c2\u00a0\u00c2\u00a0\u00c2\u00a0\u00c2\u00a0\u00c2\u00a0\u00c2\u00a0\u00c2\u00a0\u00c2\u00a0 Stimme, Klavier Fender Rhodes<\/p>\n<p>Albin de la Simone \u00c2\u00a0\u00c2\u00a0\u00c2\u00a0 \u00c2\u00a0\u00c2\u00a0\u00c2\u00a0\u00c2\u00a0\u00c2\u00a0\u00c2\u00a0\u00c2\u00a0\u00c2\u00a0 \u00c2\u00a0\u00c2\u00a0\u00c2\u00a0\u00c2\u00a0\u00c2\u00a0\u00c2\u00a0\u00c2\u00a0\u00c2\u00a0 Klavier<\/p>\n<p>Z\u00c3\u00a9 Luis Nascimento \u00c2\u00a0 \u00c2\u00a0\u00c2\u00a0\u00c2\u00a0\u00c2\u00a0\u00c2\u00a0\u00c2\u00a0\u00c2\u00a0\u00c2\u00a0 \u00c2\u00a0\u00c2\u00a0\u00c2\u00a0\u00c2\u00a0\u00c2\u00a0\u00c2\u00a0\u00c2\u00a0\u00c2\u00a0 Percussions, Schlagzeug<\/p>\n<p>Natalino Neto\u00c2\u00a0 \u00c2\u00a0\u00c2\u00a0\u00c2\u00a0\u00c2\u00a0\u00c2\u00a0\u00c2\u00a0\u00c2\u00a0\u00c2\u00a0 \u00c2\u00a0\u00c2\u00a0\u00c2\u00a0\u00c2\u00a0\u00c2\u00a0\u00c2\u00a0\u00c2\u00a0\u00c2\u00a0\u00c2\u00a0 \u00c2\u00a0\u00c2\u00a0\u00c2\u00a0\u00c2\u00a0\u00c2\u00a0\u00c2\u00a0\u00c2\u00a0\u00c2\u00a0 Bass<\/p>\n<p>Jean- Baptiste Soulard \u00c2\u00a0\u00c2\u00a0\u00c2\u00a0\u00c2\u00a0\u00c2\u00a0\u00c2\u00a0\u00c2\u00a0 \u00c2\u00a0\u00c2\u00a0\u00c2\u00a0\u00c2\u00a0\u00c2\u00a0\u00c2\u00a0\u00c2\u00a0\u00c2\u00a0 Gitarre<\/p>\n<p>Leonardo Montana\u00c2\u00a0 \u00c2\u00a0\u00c2\u00a0 \u00c2\u00a0\u00c2\u00a0\u00c2\u00a0\u00c2\u00a0\u00c2\u00a0\u00c2\u00a0\u00c2\u00a0\u00c2\u00a0 \u00c2\u00a0\u00c2\u00a0\u00c2\u00a0\u00c2\u00a0\u00c2\u00a0\u00c2\u00a0\u00c2\u00a0\u00c2\u00a0 Piano<\/p>\n<p>Isabel Gonzalez &amp; Val\u00c3\u00a9rie Belinga \u00c2\u00a0\u00c2\u00a0\u00c2\u00a0 Chor<\/p>\n<p>Sekou Kouyat\u00c3\u00a9 \u00c2\u00a0\u00c2\u00a0\u00c2\u00a0\u00c2\u00a0\u00c2\u00a0\u00c2\u00a0\u00c2\u00a0\u00c2\u00a0\u00c2\u00a0\u00c2\u00a0\u00c2\u00a0\u00c2\u00a0\u00c2\u00a0\u00c2\u00a0\u00c2\u00a0\u00c2\u00a0\u00c2\u00a0 \u00c2\u00a0\u00c2\u00a0\u00c2\u00a0\u00c2\u00a0\u00c2\u00a0\u00c2\u00a0\u00c2\u00a0\u00c2\u00a0 Kora<\/p>\n<p>Etienne Mbappe\u00c2\u00a0 \u00c2\u00a0\u00c2\u00a0\u00c2\u00a0\u00c2\u00a0\u00c2\u00a0\u00c2\u00a0\u00c2\u00a0\u00c2\u00a0\u00c2\u00a0\u00c2\u00a0\u00c2\u00a0\u00c2\u00a0\u00c2\u00a0\u00c2\u00a0\u00c2\u00a0 \u00c2\u00a0\u00c2\u00a0\u00c2\u00a0\u00c2\u00a0\u00c2\u00a0\u00c2\u00a0\u00c2\u00a0\u00c2\u00a0 Bass<\/p>\n<p>Bam\u00e2\u20ac\u2122s Baba : \u00c2\u00a0\u00c2\u00a0\u00c2\u00a0\u00c2\u00a0\u00c2\u00a0\u00c2\u00a0\u00c2\u00a0\u00c2\u00a0\u00c2\u00a0\u00c2\u00a0 \u00c2\u00a0\u00c2\u00a0\u00c2\u00a0\u00c2\u00a0\u00c2\u00a0\u00c2\u00a0\u00c2\u00a0\u00c2\u00a0 \u00c2\u00a0\u00c2\u00a0\u00c2\u00a0\u00c2\u00a0\u00c2\u00a0\u00c2\u00a0\u00c2\u00a0\u00c2\u00a0 Claps<\/p>\n<p>Rodriguez Vangama\u00c2\u00a0 \u00c2\u00a0\u00c2\u00a0\u00c2\u00a0\u00c2\u00a0\u00c2\u00a0\u00c2\u00a0\u00c2\u00a0\u00c2\u00a0\u00c2\u00a0\u00c2\u00a0\u00c2\u00a0\u00c2\u00a0\u00c2\u00a0\u00c2\u00a0\u00c2\u00a0\u00c2\u00a0\u00c2\u00a0\u00c2\u00a0 Gitarre<\/p>\n<p>Leonardo Montana\u00c2\u00a0 \u00c2\u00a0\u00c2\u00a0 \u00c2\u00a0\u00c2\u00a0\u00c2\u00a0\u00c2\u00a0\u00c2\u00a0\u00c2\u00a0\u00c2\u00a0\u00c2\u00a0 \u00c2\u00a0\u00c2\u00a0\u00c2\u00a0\u00c2\u00a0\u00c2\u00a0\u00c2\u00a0\u00c2\u00a0\u00c2\u00a0 Fender Rhodes<\/p>\n<p>Salif Keita \u00c2\u00a0\u00c2\u00a0\u00c2\u00a0\u00c2\u00a0\u00c2\u00a0\u00c2\u00a0\u00c2\u00a0\u00c2\u00a0\u00c2\u00a0\u00c2\u00a0\u00c2\u00a0\u00c2\u00a0\u00c2\u00a0\u00c2\u00a0\u00c2\u00a0\u00c2\u00a0\u00c2\u00a0\u00c2\u00a0\u00c2\u00a0\u00c2\u00a0\u00c2\u00a0\u00c2\u00a0\u00c2\u00a0 \u00c2\u00a0\u00c2\u00a0\u00c2\u00a0\u00c2\u00a0\u00c2\u00a0\u00c2\u00a0\u00c2\u00a0\u00c2\u00a0 Gesang<\/p>\n<p>Cl\u00c3\u00a9ment Petit \u00c2\u00a0\u00c2\u00a0\u00c2\u00a0\u00c2\u00a0\u00c2\u00a0\u00c2\u00a0\u00c2\u00a0\u00c2\u00a0\u00c2\u00a0 \u00c2\u00a0\u00c2\u00a0\u00c2\u00a0\u00c2\u00a0\u00c2\u00a0\u00c2\u00a0\u00c2\u00a0\u00c2\u00a0\u00c2\u00a0\u00c2\u00a0\u00c2\u00a0\u00c2\u00a0\u00c2\u00a0\u00c2\u00a0\u00c2\u00a0\u00c2\u00a0\u00c2\u00a0\u00c2\u00a0 Cello<\/p>\n<p>Aesthesis (chor, lyrique) \u00c2\u00a0\u00c2\u00a0\u00c2\u00a0\u00c2\u00a0\u00c2\u00a0 \u00c2\u00a0\u00c2\u00a0\u00c2\u00a0\u00c2\u00a0\u00c2\u00a0\u00c2\u00a0\u00c2\u00a0\u00c2\u00a0 Gesang<\/p>\n<p>Dharil Esso \u00c2\u00a0\u00c2\u00a0\u00c2\u00a0 \u00c2\u00a0\u00c2\u00a0\u00c2\u00a0\u00c2\u00a0\u00c2\u00a0\u00c2\u00a0\u00c2\u00a0\u00c2\u00a0\u00c2\u00a0 \u00c2\u00a0\u00c2\u00a0\u00c2\u00a0\u00c2\u00a0\u00c2\u00a0\u00c2\u00a0\u00c2\u00a0\u00c2\u00a0 \u00c2\u00a0\u00c2\u00a0\u00c2\u00a0\u00c2\u00a0\u00c2\u00a0\u00c2\u00a0\u00c2\u00a0\u00c2\u00a0 Schlagzeug<\/p>\n<p>&nbsp;<\/p>\n<p><b>Chico Cesar :<\/b><\/p>\n<p><span style=\"font-weight: 400;\">Facebook \/ <\/span><a href=\"https:\/\/www.facebook.com\/OficialChicoCesar\"><span style=\"font-weight: 400;\">https:\/\/www.facebook.com\/OficialChicoCesar<\/span><\/a><\/p>\n<p><span style=\"font-weight: 400;\">Instagram \/ <\/span><a href=\"https:\/\/www.instagram.com\/oficialchicocesar\/\"><span style=\"font-weight: 400;\">https:\/\/www.instagram.com\/oficialchicocesar\/<\/span><\/a><\/p>\n<p><span style=\"font-weight: 400;\">Youtube \/ <\/span><a href=\"https:\/\/www.youtube.com\/channel\/UCRPU9wz_VKkHle0e-cduyDA\"><span style=\"font-weight: 400;\">https:\/\/www.youtube.com\/channel\/UCRPU9wz_VKkHle0e-cduyDA<\/span><\/a><\/p>\n<p><span style=\"font-weight: 400;\">Twitter \/ <\/span><a href=\"https:\/\/twitter.com\/chicocesarof\"><span style=\"font-weight: 400;\">https:\/\/twitter.com\/chicocesarof<\/span><\/a><\/p>\n<p><b>Soundcloud Album: <\/b><a href=\"https:\/\/soundcloud.com\/zamoralabel\/sets\/chico-cesar-vestido-de-amor-mastered\/s-VyuNEslxGvG?utm_source=clipboard&amp;utm_medium=text&amp;utm_campaign=social_sharing\"><span style=\"font-weight: 400;\">https:\/\/soundcloud.com\/zamoralabel\/sets\/chico-cesar-vestido-de-amor-mastered\/s-VyuNEslxGvG?utm_source=clipboard&amp;utm_medium=text&amp;utm_campaign=social_sharing<\/span><\/a><\/p>\n<p>&nbsp;<\/p>\n<p><b>Single 1 \/ Vestido de amor<\/b><\/p>\n<p><span style=\"font-weight: 400;\">Smartlink: <\/span><a href=\"https:\/\/baco.lnk.to\/VestidoDeAmor\"><span style=\"font-weight: 400;\">https:\/\/baco.lnk.to\/VestidoDeAmor<\/span><\/a><\/p>\n<p><span style=\"font-weight: 400;\">Music Video : <\/span><a href=\"https:\/\/youtu.be\/x__Q39_TI3I\"><span style=\"font-weight: 400;\">https:\/\/youtu.be\/x__Q39_TI3I<\/span><\/a><span style=\"font-weight: 400;\">.<\/span>[:en]<img loading=\"lazy\" decoding=\"async\" class=\"alignnone size-medium wp-image-16573\" src=\"https:\/\/www.qrious.de\/wp-content\/uploads\/2022\/09\/ChicoCesar_VdA_Cover-web-300x300.jpg\" alt=\"\" width=\"300\" height=\"300\" srcset=\"https:\/\/www.qrious.de\/wp-content\/uploads\/2022\/09\/ChicoCesar_VdA_Cover-web-300x300.jpg 300w, https:\/\/www.qrious.de\/wp-content\/uploads\/2022\/09\/ChicoCesar_VdA_Cover-web-150x150.jpg 150w, https:\/\/www.qrious.de\/wp-content\/uploads\/2022\/09\/ChicoCesar_VdA_Cover-web-768x768.jpg 768w, https:\/\/www.qrious.de\/wp-content\/uploads\/2022\/09\/ChicoCesar_VdA_Cover-web-190x190.jpg 190w, https:\/\/www.qrious.de\/wp-content\/uploads\/2022\/09\/ChicoCesar_VdA_Cover-web-645x645.jpg 645w, https:\/\/www.qrious.de\/wp-content\/uploads\/2022\/09\/ChicoCesar_VdA_Cover-web-345x345.jpg 345w, https:\/\/www.qrious.de\/wp-content\/uploads\/2022\/09\/ChicoCesar_VdA_Cover-web-180x180.jpg 180w, https:\/\/www.qrious.de\/wp-content\/uploads\/2022\/09\/ChicoCesar_VdA_Cover-web-600x600.jpg 600w, https:\/\/www.qrious.de\/wp-content\/uploads\/2022\/09\/ChicoCesar_VdA_Cover-web-100x100.jpg 100w, https:\/\/www.qrious.de\/wp-content\/uploads\/2022\/09\/ChicoCesar_VdA_Cover-web.jpg 800w\" sizes=\"auto, (max-width: 300px) 100vw, 300px\" \/><\/p>\n<p>&nbsp;<\/p>\n<p><span style=\"font-size: 10pt;\"><span style=\"font-family: verdana, geneva, sans-serif;\"><strong>Vestido de Amor<\/strong>, the tenth studio album by Brazilian singer-songwriter <strong>Chico Cesar<\/strong>, digs deeper <\/span><span style=\"font-family: verdana, geneva, sans-serif;\">into the subject of Pan-Africanism, this time from the point of view of the diaspora. In 1996, the <\/span><span style=\"font-family: verdana, geneva, sans-serif;\">singer-songwriter born in Catol\u00c3\u00a9 do Rocha, in the desert area of Para\u00c3\u00adba State, composed Mama <\/span><span style=\"font-family: verdana, geneva, sans-serif;\">Africa, an ode to the black woman, a single mother with dirty hands and a big heart. In 2022, in <\/span><span style=\"font-family: verdana, geneva, sans-serif;\">this global society where the question of cultural appropriation is so acute, it seems obvious that<\/span><\/span><br \/>\n<span style=\"font-size: 10pt;\"><span style=\"font-family: verdana, geneva, sans-serif;\">Africa has fed all the cultural trends, but in turn has been nourished by them. Thus, Chico Cesar <\/span><span style=\"font-family: verdana, geneva, sans-serif;\">invited two great personalities of African music to contribute to Vestido de Amor: Salif Keita and <\/span><span style=\"font-family: verdana, geneva, sans-serif;\">Ray Lema.<\/span><\/span><\/p>\n<p><span style=\"font-size: 10pt;\"><span style=\"font-family: verdana, geneva, sans-serif;\">As a result, Chico Cesar delivers an album with multiple colors, from the northern forro to the <\/span><span style=\"font-family: verdana, geneva, sans-serif;\">Jamaican reggae, from the Zairean rumba to the calypso&#8217;s languor, from the coastal fishermen&#8217;s <\/span><span style=\"font-family: verdana, geneva, sans-serif;\">coco to the urban rock&#8217;s electrics. Vestido de amor is nonetheless totally Brazilian. <\/span><span style=\"font-family: verdana, geneva, sans-serif;\">First album of Chico Cesar conceived outside Brazil, Vestido de Amor draws up a frank and playful <\/span><span style=\"font-family: verdana, geneva, sans-serif;\">statement of a mixed-race world where dancing is always possible, especially when, through joy, <\/span><span style=\"font-family: verdana, geneva, sans-serif;\">messages of peace, fraternity, but also of struggle, put back in the center of the game the love <\/span><span style=\"font-family: verdana, geneva, sans-serif;\">and the joy of the Nordestins. <\/span><\/span><\/p>\n<p><span style=\"font-size: 10pt;\"><span style=\"font-family: verdana, geneva, sans-serif;\">Produced by Jean Lamoot (Bashung, Salif Keita, Mano Negra), Vestido de Amor (dressed in love) <\/span><span style=\"font-family: verdana, geneva, sans-serif;\">has integrated the Mandingo kora of Sekou Kouyat\u00c3\u00a9, or the percussive bass of Cameroonian <\/span><span style=\"font-family: verdana, geneva, sans-serif;\">Etienne M&#8217;Bapp\u00c3\u00a9. <\/span><\/span><\/p>\n<p><span style=\"font-family: verdana, geneva, sans-serif; font-size: 10pt;\">And if love is a revolutionary act, the fusion music of Chico &amp; Co is a stroke of grace.<\/span><br \/>\n<span style=\"font-family: verdana, geneva, sans-serif; font-size: 10pt;\">(Veronique Mortaigne)<\/span><\/p>\n<p>&nbsp;<\/p>\n<p><span style=\"font-size: 10pt;\"><strong><span style=\"font-family: verdana, geneva, sans-serif;\">Biography:<\/span><\/strong><\/span><\/p>\n<p><span style=\"font-family: verdana, geneva, sans-serif; font-size: 10pt;\">Man of the world, Man of struggle, Man of letters\u00e2\u20ac\u00a6that\u00e2\u20ac\u2122s Chico C\u00c3\u00a9sar, the elfin genie of Brazilian music, with his incomparable look and copious creativity.<\/span><br \/>\n<span style=\"font-family: verdana, geneva, sans-serif; font-size: 10pt;\">It was in Catol\u00c3\u00a9 da Rocha, in the depths of Para\u00c3\u00adba state in the northeast of Brazil that Francisco (in Brazil, Franciscos always end up as Chicos) C\u00c3\u00a9sar Gon\u00c3\u00a7alves was born in January 1964. His childhood was bathed in music and a regional culture that\u00e2\u20ac\u2122s as rich as it is compelling. From an early age, Chico composed. He left his home at 16 for the state capital Jo\u00c3\u00a3o Pessoa to pursue studies in journalism, which he financed by working in a bookshop. He sold books but he also read them, soaking up the great writers of his own country and elsewhere. Since, in Brazil, everything happens in the south, he left Para\u00c3\u00adba to live in S\u00c3\u00a3o Paolo, where he became a music critic and proof-reader for the Brazilian edition of Elle.<\/span><\/p>\n<p><span style=\"font-size: 10pt;\"><span style=\"font-family: verdana, geneva, sans-serif;\">But he kept on composing and playing in the little underground venues of the city, forging friendships with artists from the Paulist avant-garde. Thanks to the intervention of the German-Brazilian Cultural Centre, he toured in Germany. The success he enjoyed there convinced him to devote himself entirely to music. He formed the band Le Cuscuz Cl\u00c3\u00a3, which also became the title of his second album. His first, Aos Vivos (meaning \u00e2\u20ac\u02dcLive\u00e2\u20ac\u2122), which was released in 1995, was just that \u00e2\u20ac\u201c live \u00e2\u20ac\u201c because at the time nobody would invest a kopek in a new album by an unknown artist. So, he recorded one of his gigs, sharing the stage with other artists, including his contemporary Lenine, who guests on two of the tracks. Only the shrewdest listener would ever have recognised the album as the work of a beginner, such are its accomplishments. From the word go, C\u00c3\u00a9sar showed himself to be a brilliant tunesmith, lyricist, instrumentalist and singer. Applauded by the critics, adopted by the mainstream, he entered the realm of the greats at his first attempt. <\/span><span style=\"font-family: verdana, geneva, sans-serif;\">(Dominique Dreyfus, <\/span><span style=\"font-family: verdana, geneva, sans-serif;\">January 2021.)<\/span><\/span><\/p>\n<p><span style=\"font-family: verdana, geneva, sans-serif; font-size: 10pt;\">The next few chapters of his story can be told though collaborations, tours and albums (thirteen at the latest count) on whose posters and credits the great names of Brazilian music are writ large (Chico Buarque, Nana Vasconcelos, Zeca Baleiro, Daniela Mercury, Arrigo Barnab\u00c3\u00a9\u00e2\u20ac\u00a6) as are some international names: Sting, who won the Grammy for best male cover in 2001 with his version of Chico C\u00c3\u00a9sar and Ivan Lins\u00e2\u20ac\u2122s \u00e2\u20ac\u02dcSoberana Rosa\u00e2\u20ac\u2122 (\u00e2\u20ac\u02dcShe Walks This Earth\u00e2\u20ac\u2122); the Spaniard Luis Pastor (whose album P\u00c3\u00a1salo was produced by C\u00c3\u00a9sar); Lokua Kanza (on the album Beleza Mano in 1997); Ray Lema (on a European tour in 2006); Richard Galliano (on the album Galliano au Br\u00c3\u00a9sil in 2014)\u00e2\u20ac\u00a6<\/span><\/p>\n<p><span style=\"font-size: 10pt;\"><span style=\"font-family: verdana, geneva, sans-serif;\"><strong>Chico C\u00c3\u00a9sar<\/strong>, as they say, is a man of the world. <\/span><span style=\"font-family: verdana, geneva, sans-serif;\">Not in a globetrotting socialite sense, but a universal one. All you have to do is look at the diversity of his work. It establishes a dialogue between tradition and modernity and takes us to the four corners of time and of the Brazilian, African, Caribbean space. Not that he delves into the repertoire of other artists \u00e2\u20ac\u201c or at least, not that much. It\u00e2\u20ac\u2122s just the disconcerting ease with which he achieves fluency in all the rhythms that fall under his guitar (in 2018, his album Estado de Poesia won the Brazilian Music prize in the rock, pop, reggae, hip hop and funk categories!). Especially those rhythms that draw him closer to his African, Amerindian and regional roots. <\/span><span style=\"font-family: verdana, geneva, sans-serif;\">Maybe because Chico C\u00c3\u00a9sar is man of struggle, a man committed to social justice.<\/span><\/span><\/p>\n<p><span style=\"font-family: verdana, geneva, sans-serif; font-size: 10pt;\">In his music, as in his actions (he took several years off from his career to head up the Secretariat of Culture in Para\u00c3\u00adba state) he\u00e2\u20ac\u2122s in the thick of all the right struggles. Against racism for a start. The title and eponymous song of his 5th album reads like a manifesto: Respeitem Meus Cabelos, Brancos (a hard to translate pun that can either be read as \u00e2\u20ac\u02dcRespect my hair, whiteys\u00e2\u20ac\u2122 or, if you ignore the comma, \u00e2\u20ac\u02dcRespect my white hair\u00e2\u20ac\u2122) in reference to the frizzy hair that common Brazilian racism likes to call \u00e2\u20ac\u02dcbad hair\u00e2\u20ac\u2122, just as one might say \u00e2\u20ac\u02dcbad weed\u00e2\u20ac\u2122. Positioning himself openly against the errant machinations of those in power, he publicly defends oppressed minorities (Amerindians, gays, blacks, women, the poor), and is involved in environmental causes\u00e2\u20ac\u00a6a struggle that inhabits his lyrics, both in a political and poetic way.<\/span><br \/>\n<span style=\"font-family: verdana, geneva, sans-serif; font-size: 10pt;\">Because Chico C\u00c3\u00a9sar is also a man of letters.<\/span><\/p>\n<p><span style=\"font-size: 10pt;\"><span style=\"font-family: verdana, geneva, sans-serif;\">The former journalist, author of three collections of poetry, lover of the finely-tuned phrase, possesses a superb gift for juggling words. He wields the language of protest with intelligence and lyricism. If you wanted to name a creative precursor it might be Caetano Veloso. Like him, Chico C\u00c3\u00a9sar is a bard of his time, and like him, he\u00e2\u20ac\u2122s also a timeless artist. <\/span><span style=\"font-family: verdana, geneva, sans-serif;\">But above all, Chico C\u00c3\u00a9sar is a great musician.<\/span><\/span><\/p>\n<p>&nbsp;<\/p>\n<p>&nbsp;<\/p>\n<p><b>Chico Cesar :<\/b><\/p>\n<p><span style=\"font-weight: 400;\">Facebook \/ <\/span><a href=\"https:\/\/www.facebook.com\/OficialChicoCesar\"><span style=\"font-weight: 400;\">https:\/\/www.facebook.com\/OficialChicoCesar<\/span><\/a><\/p>\n<p><span style=\"font-weight: 400;\">Instagram \/ <\/span><a href=\"https:\/\/www.instagram.com\/oficialchicocesar\/\"><span style=\"font-weight: 400;\">https:\/\/www.instagram.com\/oficialchicocesar\/<\/span><\/a><\/p>\n<p><span style=\"font-weight: 400;\">Youtube \/ <\/span><a href=\"https:\/\/www.youtube.com\/channel\/UCRPU9wz_VKkHle0e-cduyDA\"><span style=\"font-weight: 400;\">https:\/\/www.youtube.com\/channel\/UCRPU9wz_VKkHle0e-cduyDA<\/span><\/a><\/p>\n<p><span style=\"font-weight: 400;\">Twitter \/ <\/span><a href=\"https:\/\/twitter.com\/chicocesarof\"><span style=\"font-weight: 400;\">https:\/\/twitter.com\/chicocesarof<\/span><\/a><\/p>\n<p><b>Soundcloud Album: <\/b><a href=\"https:\/\/soundcloud.com\/zamoralabel\/sets\/chico-cesar-vestido-de-amor-mastered\/s-VyuNEslxGvG?utm_source=clipboard&amp;utm_medium=text&amp;utm_campaign=social_sharing\"><span style=\"font-weight: 400;\">https:\/\/soundcloud.com\/zamoralabel\/sets\/chico-cesar-vestido-de-amor-mastered\/s-VyuNEslxGvG?utm_source=clipboard&amp;utm_medium=text&amp;utm_campaign=social_sharing<\/span><\/a><\/p>\n<p>&nbsp;<\/p>\n<p><b>Single 1 \/ Vestido de amor<\/b><\/p>\n<p>&nbsp;<\/p>\n<p><span style=\"font-weight: 400;\">Smartlink: <\/span><a href=\"https:\/\/baco.lnk.to\/VestidoDeAmor\"><span style=\"font-weight: 400;\">https:\/\/baco.lnk.to\/VestidoDeAmor<\/span><\/a><\/p>\n<p><span style=\"font-weight: 400;\">Music Video : <\/span><a href=\"https:\/\/youtu.be\/x__Q39_TI3I\"><span style=\"font-weight: 400;\">https:\/\/youtu.be\/x__Q39_TI3I<\/span><\/a><span style=\"font-weight: 400;\">.<\/span>[:]<\/p>\n","protected":false},"excerpt":{"rendered":"<p>[:de] &nbsp; Vestido de Amor (in Liebe gekleidet), das zehnte Studioalbum des Brasilianers Chico Cesar, klingt lebhaft, einfalls-, als auch umfangreich. Es besch\u00c3\u00a4ftigt sich mit dem Thema des Panafrikanismus, diesmal aus der Sicht der Diaspora. Der S\u00c3\u00a4nger und Songwriter hat zwei gro\u00c3\u0178e Pers\u00c3\u00b6nlichkeiten der afrikanischen Musik eingeladen, um \u00e2\u20ac\u017eVestido de Amor\u00e2\u20ac\u0153 zu bereichern: Salif Keita [&hellip;]<\/p>\n","protected":false},"author":6,"featured_media":16573,"comment_status":"closed","ping_status":"closed","sticky":false,"template":"","format":"standard","meta":{"footnotes":""},"categories":[172],"tags":[],"class_list":["post-16575","post","type-post","status-publish","format-standard","has-post-thumbnail","hentry","category-unkategorisiert"],"yoast_head":"<!-- This site is optimized with the Yoast SEO plugin v26.3 - https:\/\/yoast.com\/wordpress\/plugins\/seo\/ -->\n<title>Chico C\u00c3\u00a9sar - Vestido de Amor (Releasedate: 23.09.2022) - Q-rious Music<\/title>\n<meta name=\"robots\" content=\"index, follow, max-snippet:-1, max-image-preview:large, max-video-preview:-1\" \/>\n<link rel=\"canonical\" href=\"https:\/\/www.qrious.de\/en\/chico-cesar-vestido-de-amor-releasedate-23-09-2022\/\" \/>\n<meta property=\"og:locale\" content=\"en_US\" \/>\n<meta property=\"og:type\" content=\"article\" \/>\n<meta property=\"og:title\" content=\"Chico C\u00c3\u00a9sar - Vestido de Amor (Releasedate: 23.09.2022) - Q-rious Music\" \/>\n<meta property=\"og:description\" content=\"[:de] &nbsp; Vestido de Amor (in Liebe gekleidet), das zehnte Studioalbum des Brasilianers Chico Cesar, klingt lebhaft, einfalls-, als auch umfangreich. Es besch\u00c3\u00a4ftigt sich mit dem Thema des Panafrikanismus, diesmal aus der Sicht der Diaspora. Der S\u00c3\u00a4nger und Songwriter hat zwei gro\u00c3\u0178e Pers\u00c3\u00b6nlichkeiten der afrikanischen Musik eingeladen, um \u00e2\u20ac\u017eVestido de Amor\u00e2\u20ac\u0153 zu bereichern: Salif Keita [&hellip;]\" \/>\n<meta property=\"og:url\" content=\"https:\/\/www.qrious.de\/en\/chico-cesar-vestido-de-amor-releasedate-23-09-2022\/\" \/>\n<meta property=\"og:site_name\" content=\"Q-rious Music\" \/>\n<meta property=\"article:publisher\" content=\"https:\/\/www.facebook.com\/QriousMusic\/\" \/>\n<meta property=\"article:published_time\" content=\"2022-09-01T11:06:25+00:00\" \/>\n<meta property=\"og:image\" content=\"https:\/\/www.qrious.de\/wp-content\/uploads\/2022\/09\/ChicoCesar_VdA_Cover-web.jpg\" \/>\n\t<meta property=\"og:image:width\" content=\"800\" \/>\n\t<meta property=\"og:image:height\" content=\"800\" \/>\n\t<meta property=\"og:image:type\" content=\"image\/jpeg\" \/>\n<meta name=\"author\" content=\"Qrious\" \/>\n<meta name=\"twitter:card\" content=\"summary_large_image\" \/>\n<meta name=\"twitter:label1\" content=\"Written by\" \/>\n\t<meta name=\"twitter:data1\" content=\"Qrious\" \/>\n\t<meta name=\"twitter:label2\" content=\"Est. reading time\" \/>\n\t<meta name=\"twitter:data2\" content=\"7 minutes\" \/>\n<script type=\"application\/ld+json\" class=\"yoast-schema-graph\">{\"@context\":\"https:\/\/schema.org\",\"@graph\":[{\"@type\":\"WebPage\",\"@id\":\"https:\/\/www.qrious.de\/en\/chico-cesar-vestido-de-amor-releasedate-23-09-2022\/\",\"url\":\"https:\/\/www.qrious.de\/en\/chico-cesar-vestido-de-amor-releasedate-23-09-2022\/\",\"name\":\"Chico C\u00c3\u00a9sar - Vestido de Amor (Releasedate: 23.09.2022) - Q-rious Music\",\"isPartOf\":{\"@id\":\"https:\/\/www.qrious.de\/en\/#website\"},\"primaryImageOfPage\":{\"@id\":\"https:\/\/www.qrious.de\/en\/chico-cesar-vestido-de-amor-releasedate-23-09-2022\/#primaryimage\"},\"image\":{\"@id\":\"https:\/\/www.qrious.de\/en\/chico-cesar-vestido-de-amor-releasedate-23-09-2022\/#primaryimage\"},\"thumbnailUrl\":\"https:\/\/www.qrious.de\/wp-content\/uploads\/2022\/09\/ChicoCesar_VdA_Cover-web.jpg\",\"datePublished\":\"2022-09-01T11:06:25+00:00\",\"author\":{\"@id\":\"https:\/\/www.qrious.de\/en\/#\/schema\/person\/c23ecd85bc1b3ab8b09bf6da9d86a700\"},\"breadcrumb\":{\"@id\":\"https:\/\/www.qrious.de\/en\/chico-cesar-vestido-de-amor-releasedate-23-09-2022\/#breadcrumb\"},\"inLanguage\":\"en-US\",\"potentialAction\":[{\"@type\":\"ReadAction\",\"target\":[\"https:\/\/www.qrious.de\/en\/chico-cesar-vestido-de-amor-releasedate-23-09-2022\/\"]}]},{\"@type\":\"ImageObject\",\"inLanguage\":\"en-US\",\"@id\":\"https:\/\/www.qrious.de\/en\/chico-cesar-vestido-de-amor-releasedate-23-09-2022\/#primaryimage\",\"url\":\"https:\/\/www.qrious.de\/wp-content\/uploads\/2022\/09\/ChicoCesar_VdA_Cover-web.jpg\",\"contentUrl\":\"https:\/\/www.qrious.de\/wp-content\/uploads\/2022\/09\/ChicoCesar_VdA_Cover-web.jpg\",\"width\":800,\"height\":800},{\"@type\":\"BreadcrumbList\",\"@id\":\"https:\/\/www.qrious.de\/en\/chico-cesar-vestido-de-amor-releasedate-23-09-2022\/#breadcrumb\",\"itemListElement\":[{\"@type\":\"ListItem\",\"position\":1,\"name\":\"Home\",\"item\":\"https:\/\/www.qrious.de\/en\/\"},{\"@type\":\"ListItem\",\"position\":2,\"name\":\"Chico C\u00c3\u00a9sar &#8211; Vestido de Amor (Releasedate: 23.09.2022)\"}]},{\"@type\":\"WebSite\",\"@id\":\"https:\/\/www.qrious.de\/en\/#website\",\"url\":\"https:\/\/www.qrious.de\/en\/\",\"name\":\"Q-rious Music\",\"description\":\"Q-rious Music: promotion, distribution, label, publishing\",\"potentialAction\":[{\"@type\":\"SearchAction\",\"target\":{\"@type\":\"EntryPoint\",\"urlTemplate\":\"https:\/\/www.qrious.de\/en\/?s={search_term_string}\"},\"query-input\":{\"@type\":\"PropertyValueSpecification\",\"valueRequired\":true,\"valueName\":\"search_term_string\"}}],\"inLanguage\":\"en-US\"},{\"@type\":\"Person\",\"@id\":\"https:\/\/www.qrious.de\/en\/#\/schema\/person\/c23ecd85bc1b3ab8b09bf6da9d86a700\",\"name\":\"Qrious\",\"sameAs\":[\"http:\/\/www.qrious.de\"],\"url\":\"https:\/\/www.qrious.de\/en\/author\/office\/\"}]}<\/script>\n<!-- \/ Yoast SEO plugin. -->","yoast_head_json":{"title":"Chico C\u00c3\u00a9sar - Vestido de Amor (Releasedate: 23.09.2022) - Q-rious Music","robots":{"index":"index","follow":"follow","max-snippet":"max-snippet:-1","max-image-preview":"max-image-preview:large","max-video-preview":"max-video-preview:-1"},"canonical":"https:\/\/www.qrious.de\/en\/chico-cesar-vestido-de-amor-releasedate-23-09-2022\/","og_locale":"en_US","og_type":"article","og_title":"Chico C\u00c3\u00a9sar - Vestido de Amor (Releasedate: 23.09.2022) - Q-rious Music","og_description":"[:de] &nbsp; Vestido de Amor (in Liebe gekleidet), das zehnte Studioalbum des Brasilianers Chico Cesar, klingt lebhaft, einfalls-, als auch umfangreich. Es besch\u00c3\u00a4ftigt sich mit dem Thema des Panafrikanismus, diesmal aus der Sicht der Diaspora. Der S\u00c3\u00a4nger und Songwriter hat zwei gro\u00c3\u0178e Pers\u00c3\u00b6nlichkeiten der afrikanischen Musik eingeladen, um \u00e2\u20ac\u017eVestido de Amor\u00e2\u20ac\u0153 zu bereichern: Salif Keita [&hellip;]","og_url":"https:\/\/www.qrious.de\/en\/chico-cesar-vestido-de-amor-releasedate-23-09-2022\/","og_site_name":"Q-rious Music","article_publisher":"https:\/\/www.facebook.com\/QriousMusic\/","article_published_time":"2022-09-01T11:06:25+00:00","og_image":[{"width":800,"height":800,"url":"https:\/\/www.qrious.de\/wp-content\/uploads\/2022\/09\/ChicoCesar_VdA_Cover-web.jpg","type":"image\/jpeg"}],"author":"Qrious","twitter_card":"summary_large_image","twitter_misc":{"Written by":"Qrious","Est. reading time":"7 minutes"},"schema":{"@context":"https:\/\/schema.org","@graph":[{"@type":"WebPage","@id":"https:\/\/www.qrious.de\/en\/chico-cesar-vestido-de-amor-releasedate-23-09-2022\/","url":"https:\/\/www.qrious.de\/en\/chico-cesar-vestido-de-amor-releasedate-23-09-2022\/","name":"Chico C\u00c3\u00a9sar - Vestido de Amor (Releasedate: 23.09.2022) - Q-rious Music","isPartOf":{"@id":"https:\/\/www.qrious.de\/en\/#website"},"primaryImageOfPage":{"@id":"https:\/\/www.qrious.de\/en\/chico-cesar-vestido-de-amor-releasedate-23-09-2022\/#primaryimage"},"image":{"@id":"https:\/\/www.qrious.de\/en\/chico-cesar-vestido-de-amor-releasedate-23-09-2022\/#primaryimage"},"thumbnailUrl":"https:\/\/www.qrious.de\/wp-content\/uploads\/2022\/09\/ChicoCesar_VdA_Cover-web.jpg","datePublished":"2022-09-01T11:06:25+00:00","author":{"@id":"https:\/\/www.qrious.de\/en\/#\/schema\/person\/c23ecd85bc1b3ab8b09bf6da9d86a700"},"breadcrumb":{"@id":"https:\/\/www.qrious.de\/en\/chico-cesar-vestido-de-amor-releasedate-23-09-2022\/#breadcrumb"},"inLanguage":"en-US","potentialAction":[{"@type":"ReadAction","target":["https:\/\/www.qrious.de\/en\/chico-cesar-vestido-de-amor-releasedate-23-09-2022\/"]}]},{"@type":"ImageObject","inLanguage":"en-US","@id":"https:\/\/www.qrious.de\/en\/chico-cesar-vestido-de-amor-releasedate-23-09-2022\/#primaryimage","url":"https:\/\/www.qrious.de\/wp-content\/uploads\/2022\/09\/ChicoCesar_VdA_Cover-web.jpg","contentUrl":"https:\/\/www.qrious.de\/wp-content\/uploads\/2022\/09\/ChicoCesar_VdA_Cover-web.jpg","width":800,"height":800},{"@type":"BreadcrumbList","@id":"https:\/\/www.qrious.de\/en\/chico-cesar-vestido-de-amor-releasedate-23-09-2022\/#breadcrumb","itemListElement":[{"@type":"ListItem","position":1,"name":"Home","item":"https:\/\/www.qrious.de\/en\/"},{"@type":"ListItem","position":2,"name":"Chico C\u00c3\u00a9sar &#8211; Vestido de Amor (Releasedate: 23.09.2022)"}]},{"@type":"WebSite","@id":"https:\/\/www.qrious.de\/en\/#website","url":"https:\/\/www.qrious.de\/en\/","name":"Q-rious Music","description":"Q-rious Music: promotion, distribution, label, publishing","potentialAction":[{"@type":"SearchAction","target":{"@type":"EntryPoint","urlTemplate":"https:\/\/www.qrious.de\/en\/?s={search_term_string}"},"query-input":{"@type":"PropertyValueSpecification","valueRequired":true,"valueName":"search_term_string"}}],"inLanguage":"en-US"},{"@type":"Person","@id":"https:\/\/www.qrious.de\/en\/#\/schema\/person\/c23ecd85bc1b3ab8b09bf6da9d86a700","name":"Qrious","sameAs":["http:\/\/www.qrious.de"],"url":"https:\/\/www.qrious.de\/en\/author\/office\/"}]}},"_links":{"self":[{"href":"https:\/\/www.qrious.de\/en\/wp-json\/wp\/v2\/posts\/16575","targetHints":{"allow":["GET"]}}],"collection":[{"href":"https:\/\/www.qrious.de\/en\/wp-json\/wp\/v2\/posts"}],"about":[{"href":"https:\/\/www.qrious.de\/en\/wp-json\/wp\/v2\/types\/post"}],"author":[{"embeddable":true,"href":"https:\/\/www.qrious.de\/en\/wp-json\/wp\/v2\/users\/6"}],"replies":[{"embeddable":true,"href":"https:\/\/www.qrious.de\/en\/wp-json\/wp\/v2\/comments?post=16575"}],"version-history":[{"count":0,"href":"https:\/\/www.qrious.de\/en\/wp-json\/wp\/v2\/posts\/16575\/revisions"}],"wp:featuredmedia":[{"embeddable":true,"href":"https:\/\/www.qrious.de\/en\/wp-json\/wp\/v2\/media\/16573"}],"wp:attachment":[{"href":"https:\/\/www.qrious.de\/en\/wp-json\/wp\/v2\/media?parent=16575"}],"wp:term":[{"taxonomy":"category","embeddable":true,"href":"https:\/\/www.qrious.de\/en\/wp-json\/wp\/v2\/categories?post=16575"},{"taxonomy":"post_tag","embeddable":true,"href":"https:\/\/www.qrious.de\/en\/wp-json\/wp\/v2\/tags?post=16575"}],"curies":[{"name":"wp","href":"https:\/\/api.w.org\/{rel}","templated":true}]}}