{"id":16395,"date":"2022-04-06T11:59:34","date_gmt":"2022-04-06T09:59:34","guid":{"rendered":"https:\/\/www.qrious.de\/?p=16395"},"modified":"2022-04-06T11:59:34","modified_gmt":"2022-04-06T09:59:34","slug":"emmanuelle-haim-20-ans-une-nouvelle-fete-baroque-releasedate-22-04-2022","status":"publish","type":"post","link":"https:\/\/www.qrious.de\/en\/emmanuelle-haim-20-ans-une-nouvelle-fete-baroque-releasedate-22-04-2022\/","title":{"rendered":"Emmanuelle Ha\u00c3\u00afm &#8211; 20 ans \u00e2\u20ac\u201c Une nouvelle f\u00c3\u00aate Baroque! (Releasedate: 22.04.2022)"},"content":{"rendered":"<p><img loading=\"lazy\" decoding=\"async\" class=\"alignnone size-medium wp-image-16396\" src=\"https:\/\/www.qrious.de\/wp-content\/uploads\/2022\/04\/EmmanuelleHaim_CdA_Cover-web-300x300.jpg\" alt=\"\" width=\"300\" height=\"300\" srcset=\"https:\/\/www.qrious.de\/wp-content\/uploads\/2022\/04\/EmmanuelleHaim_CdA_Cover-web-300x300.jpg 300w, https:\/\/www.qrious.de\/wp-content\/uploads\/2022\/04\/EmmanuelleHaim_CdA_Cover-web-150x150.jpg 150w, https:\/\/www.qrious.de\/wp-content\/uploads\/2022\/04\/EmmanuelleHaim_CdA_Cover-web-768x768.jpg 768w, https:\/\/www.qrious.de\/wp-content\/uploads\/2022\/04\/EmmanuelleHaim_CdA_Cover-web-190x190.jpg 190w, https:\/\/www.qrious.de\/wp-content\/uploads\/2022\/04\/EmmanuelleHaim_CdA_Cover-web-645x645.jpg 645w, https:\/\/www.qrious.de\/wp-content\/uploads\/2022\/04\/EmmanuelleHaim_CdA_Cover-web-345x345.jpg 345w, https:\/\/www.qrious.de\/wp-content\/uploads\/2022\/04\/EmmanuelleHaim_CdA_Cover-web-100x100.jpg 100w, https:\/\/www.qrious.de\/wp-content\/uploads\/2022\/04\/EmmanuelleHaim_CdA_Cover-web-600x600.jpg 600w, https:\/\/www.qrious.de\/wp-content\/uploads\/2022\/04\/EmmanuelleHaim_CdA_Cover-web-50x50.jpg 50w, https:\/\/www.qrious.de\/wp-content\/uploads\/2022\/04\/EmmanuelleHaim_CdA_Cover-web.jpg 800w\" sizes=\"auto, (max-width: 300px) 100vw, 300px\" \/><\/p>\n<p>&nbsp;<\/p>\n<p><strong>Emmanuelle Ha\u00c3\u00afm und Le Concert d\u00ca\u00bcAstr\u00c3\u00a9e<\/strong><\/p>\n<p><strong>\u00e2\u20ac\u017e20 ans \u00e2\u20ac\u201c Une nouvelle f\u00c3\u00aate Baroque!\u00e2\u20ac\u0153<\/strong><\/p>\n<p>&nbsp;<\/p>\n<p>Jubil\u00c3\u00a4umsalbum von Emmanuelle Ha\u00c3\u00afm und Le Concert d\u00ca\u00bcAstr\u00c3\u00a9e<\/p>\n<p>\u00e2\u20ac\u017eEine gro\u00c3\u0178artige Dirigentin\u00e2\u20ac\u0153, bejubelte das Gramophone Magazine bereits 2002 das erste Album von Emmanuelle Ha\u00c3\u00afm und Le Concert d\u00ca\u00bcAstr\u00c3\u00a9e. Im November 2021 feierte die Dirigentin nun das 20-j\u00c3\u00a4hrige Bestehen ihres Ensembles mit zwei Charitykonzerten in Berlin und Paris. Die beiden Jubil\u00c3\u00a4umskonzerte mit Ausz\u00c3\u00bcgen aus Barockopern von H\u00c3\u00a4ndel, Rameau, Purcell, Vivaldi und Campra erscheinen jetzt als Live-Einspielung auf dem Album \u00e2\u20ac\u017e20 ans \u00e2\u20ac\u201c Une nouvelle f\u00c3\u00aate Baroque!\u00e2\u20ac\u0153.<\/p>\n<p>Mit den Worten \u00e2\u20ac\u017eEin 20-j\u00c3\u00a4hriges Bestehen und 20-j\u00c3\u00a4hriger Erfolg verdienen eine ordentliche Feier\u00e2\u20ac\u0153, versammelte Emmanuelle Ha\u00c3\u00afm auf der B\u00c3\u00bchne ein Who-is-who der Klassikszene: Mehr als zwanzig namhafte Solisten traten auf, darunter die Sopranistinnen Natalie Dessay, Sandrine Piau und Sabine Devieilhe, die Te-n\u00c3\u00b6re Michael Spyres und Rolando Villaz\u00c3\u00b3n sowie der Bass Andrea Mastroni. Auch Ha\u00c3\u00afms fr\u00c3\u00bcherer Mentor, Sir Simon Rattle, lie\u00c3\u0178 es sich nicht nehmen, als Gast zum Taktstock zu greifen.<\/p>\n<p>&nbsp;<\/p>\n<p>Werke von Antonio Vivaldi, Georg Friedrich H\u00c3\u00a4ndel, Jean-Philippe Rameau und anderen<\/p>\n<p>Em\u00c5\u2018ke Bar\u00c3\u00a1th, Natalie Dessay, Sabine Devieilhe (Sopran); Carlo Vistoli (Countertenor); Rolando Villaz\u00c3\u00b3n, Mi-chael Spyres (Tenor); Laurent Naouri (Bassbariton); Andrea Mastroni (Bass) und andere Solisten<br \/>\nLe Concert d\u00e2\u20ac\u2122Astr\u00c3\u00a9e; Emmanuelle Ha\u00c3\u00afm (Dirigentin); Sir Simon Rattle (Gastdirigent)<\/p>\n","protected":false},"excerpt":{"rendered":"<p>&nbsp; Emmanuelle Ha\u00c3\u00afm und Le Concert d\u00ca\u00bcAstr\u00c3\u00a9e \u00e2\u20ac\u017e20 ans \u00e2\u20ac\u201c Une nouvelle f\u00c3\u00aate Baroque!\u00e2\u20ac\u0153 &nbsp; Jubil\u00c3\u00a4umsalbum von Emmanuelle Ha\u00c3\u00afm und Le Concert d\u00ca\u00bcAstr\u00c3\u00a9e \u00e2\u20ac\u017eEine gro\u00c3\u0178artige Dirigentin\u00e2\u20ac\u0153, bejubelte das Gramophone Magazine bereits 2002 das erste Album von Emmanuelle Ha\u00c3\u00afm und Le Concert d\u00ca\u00bcAstr\u00c3\u00a9e. Im November 2021 feierte die Dirigentin nun das 20-j\u00c3\u00a4hrige Bestehen ihres Ensembles mit [&hellip;]<\/p>\n","protected":false},"author":6,"featured_media":16396,"comment_status":"closed","ping_status":"closed","sticky":false,"template":"","format":"standard","meta":{"footnotes":""},"categories":[172],"tags":[],"class_list":["post-16395","post","type-post","status-publish","format-standard","has-post-thumbnail","hentry","category-unkategorisiert"],"yoast_head":"<!-- This site is optimized with the Yoast SEO plugin v26.3 - https:\/\/yoast.com\/wordpress\/plugins\/seo\/ -->\n<title>Emmanuelle Ha\u00c3\u00afm - 20 ans \u00e2\u20ac\u201c Une nouvelle f\u00c3\u00aate Baroque! (Releasedate: 22.04.2022) - Q-rious Music<\/title>\n<meta name=\"robots\" content=\"index, follow, max-snippet:-1, max-image-preview:large, max-video-preview:-1\" \/>\n<link rel=\"canonical\" href=\"https:\/\/www.qrious.de\/en\/emmanuelle-haim-20-ans-une-nouvelle-fete-baroque-releasedate-22-04-2022\/\" \/>\n<meta property=\"og:locale\" content=\"en_US\" \/>\n<meta property=\"og:type\" content=\"article\" \/>\n<meta property=\"og:title\" content=\"Emmanuelle Ha\u00c3\u00afm - 20 ans \u00e2\u20ac\u201c Une nouvelle f\u00c3\u00aate Baroque! (Releasedate: 22.04.2022) - Q-rious Music\" \/>\n<meta property=\"og:description\" content=\"&nbsp; Emmanuelle Ha\u00c3\u00afm und Le Concert d\u00ca\u00bcAstr\u00c3\u00a9e \u00e2\u20ac\u017e20 ans \u00e2\u20ac\u201c Une nouvelle f\u00c3\u00aate Baroque!\u00e2\u20ac\u0153 &nbsp; Jubil\u00c3\u00a4umsalbum von Emmanuelle Ha\u00c3\u00afm und Le Concert d\u00ca\u00bcAstr\u00c3\u00a9e \u00e2\u20ac\u017eEine gro\u00c3\u0178artige Dirigentin\u00e2\u20ac\u0153, bejubelte das Gramophone Magazine bereits 2002 das erste Album von Emmanuelle Ha\u00c3\u00afm und Le Concert d\u00ca\u00bcAstr\u00c3\u00a9e. Im November 2021 feierte die Dirigentin nun das 20-j\u00c3\u00a4hrige Bestehen ihres Ensembles mit [&hellip;]\" \/>\n<meta property=\"og:url\" content=\"https:\/\/www.qrious.de\/en\/emmanuelle-haim-20-ans-une-nouvelle-fete-baroque-releasedate-22-04-2022\/\" \/>\n<meta property=\"og:site_name\" content=\"Q-rious Music\" \/>\n<meta property=\"article:publisher\" content=\"https:\/\/www.facebook.com\/QriousMusic\/\" \/>\n<meta property=\"article:published_time\" content=\"2022-04-06T09:59:34+00:00\" \/>\n<meta property=\"og:image\" content=\"https:\/\/www.qrious.de\/wp-content\/uploads\/2022\/04\/EmmanuelleHaim_CdA_Cover-web.jpg\" \/>\n\t<meta property=\"og:image:width\" content=\"800\" \/>\n\t<meta property=\"og:image:height\" content=\"800\" \/>\n\t<meta property=\"og:image:type\" content=\"image\/jpeg\" \/>\n<meta name=\"author\" content=\"Qrious\" \/>\n<meta name=\"twitter:card\" content=\"summary_large_image\" \/>\n<meta name=\"twitter:label1\" content=\"Written by\" \/>\n\t<meta name=\"twitter:data1\" content=\"Qrious\" \/>\n\t<meta name=\"twitter:label2\" content=\"Est. reading time\" \/>\n\t<meta name=\"twitter:data2\" content=\"2 minutes\" \/>\n<script type=\"application\/ld+json\" class=\"yoast-schema-graph\">{\"@context\":\"https:\/\/schema.org\",\"@graph\":[{\"@type\":\"WebPage\",\"@id\":\"https:\/\/www.qrious.de\/en\/emmanuelle-haim-20-ans-une-nouvelle-fete-baroque-releasedate-22-04-2022\/\",\"url\":\"https:\/\/www.qrious.de\/en\/emmanuelle-haim-20-ans-une-nouvelle-fete-baroque-releasedate-22-04-2022\/\",\"name\":\"Emmanuelle Ha\u00c3\u00afm - 20 ans \u00e2\u20ac\u201c Une nouvelle f\u00c3\u00aate Baroque! (Releasedate: 22.04.2022) - Q-rious Music\",\"isPartOf\":{\"@id\":\"https:\/\/www.qrious.de\/en\/#website\"},\"primaryImageOfPage\":{\"@id\":\"https:\/\/www.qrious.de\/en\/emmanuelle-haim-20-ans-une-nouvelle-fete-baroque-releasedate-22-04-2022\/#primaryimage\"},\"image\":{\"@id\":\"https:\/\/www.qrious.de\/en\/emmanuelle-haim-20-ans-une-nouvelle-fete-baroque-releasedate-22-04-2022\/#primaryimage\"},\"thumbnailUrl\":\"https:\/\/www.qrious.de\/wp-content\/uploads\/2022\/04\/EmmanuelleHaim_CdA_Cover-web.jpg\",\"datePublished\":\"2022-04-06T09:59:34+00:00\",\"author\":{\"@id\":\"https:\/\/www.qrious.de\/en\/#\/schema\/person\/c23ecd85bc1b3ab8b09bf6da9d86a700\"},\"breadcrumb\":{\"@id\":\"https:\/\/www.qrious.de\/en\/emmanuelle-haim-20-ans-une-nouvelle-fete-baroque-releasedate-22-04-2022\/#breadcrumb\"},\"inLanguage\":\"en-US\",\"potentialAction\":[{\"@type\":\"ReadAction\",\"target\":[\"https:\/\/www.qrious.de\/en\/emmanuelle-haim-20-ans-une-nouvelle-fete-baroque-releasedate-22-04-2022\/\"]}]},{\"@type\":\"ImageObject\",\"inLanguage\":\"en-US\",\"@id\":\"https:\/\/www.qrious.de\/en\/emmanuelle-haim-20-ans-une-nouvelle-fete-baroque-releasedate-22-04-2022\/#primaryimage\",\"url\":\"https:\/\/www.qrious.de\/wp-content\/uploads\/2022\/04\/EmmanuelleHaim_CdA_Cover-web.jpg\",\"contentUrl\":\"https:\/\/www.qrious.de\/wp-content\/uploads\/2022\/04\/EmmanuelleHaim_CdA_Cover-web.jpg\",\"width\":800,\"height\":800},{\"@type\":\"BreadcrumbList\",\"@id\":\"https:\/\/www.qrious.de\/en\/emmanuelle-haim-20-ans-une-nouvelle-fete-baroque-releasedate-22-04-2022\/#breadcrumb\",\"itemListElement\":[{\"@type\":\"ListItem\",\"position\":1,\"name\":\"Home\",\"item\":\"https:\/\/www.qrious.de\/en\/\"},{\"@type\":\"ListItem\",\"position\":2,\"name\":\"Emmanuelle Ha\u00c3\u00afm &#8211; 20 ans \u00e2\u20ac\u201c Une nouvelle f\u00c3\u00aate Baroque! (Releasedate: 22.04.2022)\"}]},{\"@type\":\"WebSite\",\"@id\":\"https:\/\/www.qrious.de\/en\/#website\",\"url\":\"https:\/\/www.qrious.de\/en\/\",\"name\":\"Q-rious Music\",\"description\":\"Q-rious Music: promotion, distribution, label, publishing\",\"potentialAction\":[{\"@type\":\"SearchAction\",\"target\":{\"@type\":\"EntryPoint\",\"urlTemplate\":\"https:\/\/www.qrious.de\/en\/?s={search_term_string}\"},\"query-input\":{\"@type\":\"PropertyValueSpecification\",\"valueRequired\":true,\"valueName\":\"search_term_string\"}}],\"inLanguage\":\"en-US\"},{\"@type\":\"Person\",\"@id\":\"https:\/\/www.qrious.de\/en\/#\/schema\/person\/c23ecd85bc1b3ab8b09bf6da9d86a700\",\"name\":\"Qrious\",\"sameAs\":[\"http:\/\/www.qrious.de\"],\"url\":\"https:\/\/www.qrious.de\/en\/author\/office\/\"}]}<\/script>\n<!-- \/ Yoast SEO plugin. -->","yoast_head_json":{"title":"Emmanuelle Ha\u00c3\u00afm - 20 ans \u00e2\u20ac\u201c Une nouvelle f\u00c3\u00aate Baroque! (Releasedate: 22.04.2022) - Q-rious Music","robots":{"index":"index","follow":"follow","max-snippet":"max-snippet:-1","max-image-preview":"max-image-preview:large","max-video-preview":"max-video-preview:-1"},"canonical":"https:\/\/www.qrious.de\/en\/emmanuelle-haim-20-ans-une-nouvelle-fete-baroque-releasedate-22-04-2022\/","og_locale":"en_US","og_type":"article","og_title":"Emmanuelle Ha\u00c3\u00afm - 20 ans \u00e2\u20ac\u201c Une nouvelle f\u00c3\u00aate Baroque! (Releasedate: 22.04.2022) - Q-rious Music","og_description":"&nbsp; Emmanuelle Ha\u00c3\u00afm und Le Concert d\u00ca\u00bcAstr\u00c3\u00a9e \u00e2\u20ac\u017e20 ans \u00e2\u20ac\u201c Une nouvelle f\u00c3\u00aate Baroque!\u00e2\u20ac\u0153 &nbsp; Jubil\u00c3\u00a4umsalbum von Emmanuelle Ha\u00c3\u00afm und Le Concert d\u00ca\u00bcAstr\u00c3\u00a9e \u00e2\u20ac\u017eEine gro\u00c3\u0178artige Dirigentin\u00e2\u20ac\u0153, bejubelte das Gramophone Magazine bereits 2002 das erste Album von Emmanuelle Ha\u00c3\u00afm und Le Concert d\u00ca\u00bcAstr\u00c3\u00a9e. Im November 2021 feierte die Dirigentin nun das 20-j\u00c3\u00a4hrige Bestehen ihres Ensembles mit [&hellip;]","og_url":"https:\/\/www.qrious.de\/en\/emmanuelle-haim-20-ans-une-nouvelle-fete-baroque-releasedate-22-04-2022\/","og_site_name":"Q-rious Music","article_publisher":"https:\/\/www.facebook.com\/QriousMusic\/","article_published_time":"2022-04-06T09:59:34+00:00","og_image":[{"width":800,"height":800,"url":"https:\/\/www.qrious.de\/wp-content\/uploads\/2022\/04\/EmmanuelleHaim_CdA_Cover-web.jpg","type":"image\/jpeg"}],"author":"Qrious","twitter_card":"summary_large_image","twitter_misc":{"Written by":"Qrious","Est. reading time":"2 minutes"},"schema":{"@context":"https:\/\/schema.org","@graph":[{"@type":"WebPage","@id":"https:\/\/www.qrious.de\/en\/emmanuelle-haim-20-ans-une-nouvelle-fete-baroque-releasedate-22-04-2022\/","url":"https:\/\/www.qrious.de\/en\/emmanuelle-haim-20-ans-une-nouvelle-fete-baroque-releasedate-22-04-2022\/","name":"Emmanuelle Ha\u00c3\u00afm - 20 ans \u00e2\u20ac\u201c Une nouvelle f\u00c3\u00aate Baroque! (Releasedate: 22.04.2022) - Q-rious Music","isPartOf":{"@id":"https:\/\/www.qrious.de\/en\/#website"},"primaryImageOfPage":{"@id":"https:\/\/www.qrious.de\/en\/emmanuelle-haim-20-ans-une-nouvelle-fete-baroque-releasedate-22-04-2022\/#primaryimage"},"image":{"@id":"https:\/\/www.qrious.de\/en\/emmanuelle-haim-20-ans-une-nouvelle-fete-baroque-releasedate-22-04-2022\/#primaryimage"},"thumbnailUrl":"https:\/\/www.qrious.de\/wp-content\/uploads\/2022\/04\/EmmanuelleHaim_CdA_Cover-web.jpg","datePublished":"2022-04-06T09:59:34+00:00","author":{"@id":"https:\/\/www.qrious.de\/en\/#\/schema\/person\/c23ecd85bc1b3ab8b09bf6da9d86a700"},"breadcrumb":{"@id":"https:\/\/www.qrious.de\/en\/emmanuelle-haim-20-ans-une-nouvelle-fete-baroque-releasedate-22-04-2022\/#breadcrumb"},"inLanguage":"en-US","potentialAction":[{"@type":"ReadAction","target":["https:\/\/www.qrious.de\/en\/emmanuelle-haim-20-ans-une-nouvelle-fete-baroque-releasedate-22-04-2022\/"]}]},{"@type":"ImageObject","inLanguage":"en-US","@id":"https:\/\/www.qrious.de\/en\/emmanuelle-haim-20-ans-une-nouvelle-fete-baroque-releasedate-22-04-2022\/#primaryimage","url":"https:\/\/www.qrious.de\/wp-content\/uploads\/2022\/04\/EmmanuelleHaim_CdA_Cover-web.jpg","contentUrl":"https:\/\/www.qrious.de\/wp-content\/uploads\/2022\/04\/EmmanuelleHaim_CdA_Cover-web.jpg","width":800,"height":800},{"@type":"BreadcrumbList","@id":"https:\/\/www.qrious.de\/en\/emmanuelle-haim-20-ans-une-nouvelle-fete-baroque-releasedate-22-04-2022\/#breadcrumb","itemListElement":[{"@type":"ListItem","position":1,"name":"Home","item":"https:\/\/www.qrious.de\/en\/"},{"@type":"ListItem","position":2,"name":"Emmanuelle Ha\u00c3\u00afm &#8211; 20 ans \u00e2\u20ac\u201c Une nouvelle f\u00c3\u00aate Baroque! (Releasedate: 22.04.2022)"}]},{"@type":"WebSite","@id":"https:\/\/www.qrious.de\/en\/#website","url":"https:\/\/www.qrious.de\/en\/","name":"Q-rious Music","description":"Q-rious Music: promotion, distribution, label, publishing","potentialAction":[{"@type":"SearchAction","target":{"@type":"EntryPoint","urlTemplate":"https:\/\/www.qrious.de\/en\/?s={search_term_string}"},"query-input":{"@type":"PropertyValueSpecification","valueRequired":true,"valueName":"search_term_string"}}],"inLanguage":"en-US"},{"@type":"Person","@id":"https:\/\/www.qrious.de\/en\/#\/schema\/person\/c23ecd85bc1b3ab8b09bf6da9d86a700","name":"Qrious","sameAs":["http:\/\/www.qrious.de"],"url":"https:\/\/www.qrious.de\/en\/author\/office\/"}]}},"_links":{"self":[{"href":"https:\/\/www.qrious.de\/en\/wp-json\/wp\/v2\/posts\/16395","targetHints":{"allow":["GET"]}}],"collection":[{"href":"https:\/\/www.qrious.de\/en\/wp-json\/wp\/v2\/posts"}],"about":[{"href":"https:\/\/www.qrious.de\/en\/wp-json\/wp\/v2\/types\/post"}],"author":[{"embeddable":true,"href":"https:\/\/www.qrious.de\/en\/wp-json\/wp\/v2\/users\/6"}],"replies":[{"embeddable":true,"href":"https:\/\/www.qrious.de\/en\/wp-json\/wp\/v2\/comments?post=16395"}],"version-history":[{"count":0,"href":"https:\/\/www.qrious.de\/en\/wp-json\/wp\/v2\/posts\/16395\/revisions"}],"wp:featuredmedia":[{"embeddable":true,"href":"https:\/\/www.qrious.de\/en\/wp-json\/wp\/v2\/media\/16396"}],"wp:attachment":[{"href":"https:\/\/www.qrious.de\/en\/wp-json\/wp\/v2\/media?parent=16395"}],"wp:term":[{"taxonomy":"category","embeddable":true,"href":"https:\/\/www.qrious.de\/en\/wp-json\/wp\/v2\/categories?post=16395"},{"taxonomy":"post_tag","embeddable":true,"href":"https:\/\/www.qrious.de\/en\/wp-json\/wp\/v2\/tags?post=16395"}],"curies":[{"name":"wp","href":"https:\/\/api.w.org\/{rel}","templated":true}]}}