{"id":16366,"date":"2022-03-09T17:26:25","date_gmt":"2022-03-09T15:26:25","guid":{"rendered":"https:\/\/www.qrious.de\/?p=16366"},"modified":"2022-03-09T17:26:25","modified_gmt":"2022-03-09T15:26:25","slug":"jakub-jozef-orlinski-stabat-mater-releasedate-06-05-2022","status":"publish","type":"post","link":"https:\/\/www.qrious.de\/en\/jakub-jozef-orlinski-stabat-mater-releasedate-06-05-2022\/","title":{"rendered":"Jakub J\u00c3\u00b3zef Orli\u00c5\u201eski &#8211; Stabat Mater (Releasedate: 06.05.2022)"},"content":{"rendered":"<p><img loading=\"lazy\" decoding=\"async\" class=\"alignnone size-medium wp-image-16364\" src=\"https:\/\/www.qrious.de\/wp-content\/uploads\/2022\/03\/JJOrlinski_VSM_Covermotiv-web-300x268.jpg\" alt=\"\" width=\"300\" height=\"268\" srcset=\"https:\/\/www.qrious.de\/wp-content\/uploads\/2022\/03\/JJOrlinski_VSM_Covermotiv-web-300x268.jpg 300w, https:\/\/www.qrious.de\/wp-content\/uploads\/2022\/03\/JJOrlinski_VSM_Covermotiv-web-150x134.jpg 150w, https:\/\/www.qrious.de\/wp-content\/uploads\/2022\/03\/JJOrlinski_VSM_Covermotiv-web-768x687.jpg 768w, https:\/\/www.qrious.de\/wp-content\/uploads\/2022\/03\/JJOrlinski_VSM_Covermotiv-web-212x190.jpg 212w, https:\/\/www.qrious.de\/wp-content\/uploads\/2022\/03\/JJOrlinski_VSM_Covermotiv-web-645x577.jpg 645w, https:\/\/www.qrious.de\/wp-content\/uploads\/2022\/03\/JJOrlinski_VSM_Covermotiv-web-345x309.jpg 345w, https:\/\/www.qrious.de\/wp-content\/uploads\/2022\/03\/JJOrlinski_VSM_Covermotiv-web-600x537.jpg 600w, https:\/\/www.qrious.de\/wp-content\/uploads\/2022\/03\/JJOrlinski_VSM_Covermotiv-web.jpg 1024w\" sizes=\"auto, (max-width: 300px) 100vw, 300px\" \/><\/p>\n<p>&nbsp;<\/p>\n<p><strong>Vivaldi: Stabat Mater<\/strong><br \/>\n<strong>Jakub J\u00c3\u00b3zef Orli\u00c5\u201eski<\/strong><\/p>\n<p>Capella Cracoviensis<br \/>\nJan Tomasz Adamus<\/p>\n<p>&nbsp;<\/p>\n<p>Vivaldis ikonisches Meisterwerk<br \/>\nStabat Mater-Einspielung von Countertenor Jakub J\u00c3\u00b3zef Orli\u00c5\u201eski<\/p>\n<p>\u00e2\u20ac\u017eVivaldis Stabat Mater ist ein absolut ikonisches Meisterwerk, von dem ich bereits als Studienanf\u00c3\u00a4nger tr\u00c3\u00a4umte, es irgendwann gemeinsam mit Orchester aufzuf\u00c3\u00bchren\u00e2\u20ac\u0153, verr\u00c3\u00a4t Jakub J\u00c3\u00b3zef Orli\u00c5\u201eski. Diesen Wunsch hat der weltber\u00c3\u00bchmte polnische Countertenor mit seinem neuen Album nun in die Tat umgesetzt. Und er ging noch einen Schritt weiter: Die Audioaufnahme des Werks wird erg\u00c3\u00a4nzt durch ein bildgewaltiges, knapp zwanzigmin\u00c3\u00bctiges Musikvideo als unkonventionelle visuelle Ann\u00c3\u00a4herung an Antonio Vivaldis ber\u00c3\u00bchmte geistliche Komposition.<br \/>\nVirtuose Arien verleihen Vivaldis Stabat Mater opernhafte Z\u00c3\u00bcge. Der zugrunde liegende Text vergegenw\u00c3\u00a4rtigt die Trauer Marias am Kreuz Jesu und stellt sie in Beziehung zum (Mit-)Leiden des Einzelnen. Die vielfach vertonten Verse k\u00c3\u00bcrzte der venezianische Komponist rigoros und wechselt in seiner musikalischen Darstellung zwischen meditativ beobachtender Beschreibung und mitrei\u00c3\u0178end direkter Anteilnahme. Und so geh\u00c3\u00b6rt das ergreifende Werk zu Vivaldis am h\u00c3\u00a4ufigsten aufgef\u00c3\u00bchrten geistlichen Arbeiten, insbesondere nat\u00c3\u00bcrlich zur Passionszeit.<br \/>\nIm Lockdown in Polen war f\u00c3\u00bcr Jakub J\u00c3\u00b3zef Orli\u00c5\u201eski der Moment gekommen, dieses Paradest\u00c3\u00bcck f\u00c3\u00bcr Counterten\u00c3\u00b6re, in \u00e2\u20ac\u201c wie er betont \u00e2\u20ac\u201c \u00e2\u20ac\u017emeiner Interpretation abzubilden und zu teilen, was ich in Vivaldis Musik und dem vorgegebenen Text sehe und f\u00c3\u00bchle\u00e2\u20ac\u0153. F\u00c3\u00bcr den instrumentalen Part gewann er die Capella Cracoviensis unter Jan Tomasz Adamus, w\u00c3\u00a4hrend die preisgekr\u00c3\u00b6nte Produktionsfirma Dobro Films gemeinsam mit dem S\u00c3\u00a4nger eine traumwandlerische Visualisierung des Werks umsetzte.<\/p>\n<p>Antonio Vivaldi : Stabat Mater RV 621<\/p>\n<p>Jakub J\u00c3\u00b3zef Orli\u00c5\u201eski, Countertenor<br \/>\nCapella Cracoviensis; Jan Tomasz Adamus, Leitung und Orgel<\/p>\n","protected":false},"excerpt":{"rendered":"<p>&nbsp; Vivaldi: Stabat Mater Jakub J\u00c3\u00b3zef Orli\u00c5\u201eski Capella Cracoviensis Jan Tomasz Adamus &nbsp; Vivaldis ikonisches Meisterwerk Stabat Mater-Einspielung von Countertenor Jakub J\u00c3\u00b3zef Orli\u00c5\u201eski \u00e2\u20ac\u017eVivaldis Stabat Mater ist ein absolut ikonisches Meisterwerk, von dem ich bereits als Studienanf\u00c3\u00a4nger tr\u00c3\u00a4umte, es irgendwann gemeinsam mit Orchester aufzuf\u00c3\u00bchren\u00e2\u20ac\u0153, verr\u00c3\u00a4t Jakub J\u00c3\u00b3zef Orli\u00c5\u201eski. Diesen Wunsch hat der weltber\u00c3\u00bchmte polnische Countertenor [&hellip;]<\/p>\n","protected":false},"author":6,"featured_media":16364,"comment_status":"closed","ping_status":"closed","sticky":false,"template":"","format":"standard","meta":{"footnotes":""},"categories":[172],"tags":[],"class_list":["post-16366","post","type-post","status-publish","format-standard","has-post-thumbnail","hentry","category-unkategorisiert"],"yoast_head":"<!-- This site is optimized with the Yoast SEO plugin v26.3 - https:\/\/yoast.com\/wordpress\/plugins\/seo\/ -->\n<title>Jakub J\u00c3\u00b3zef Orli\u00c5\u201eski - Stabat Mater (Releasedate: 06.05.2022) - Q-rious Music<\/title>\n<meta name=\"robots\" content=\"index, follow, max-snippet:-1, max-image-preview:large, max-video-preview:-1\" \/>\n<link rel=\"canonical\" href=\"https:\/\/www.qrious.de\/en\/jakub-jozef-orlinski-stabat-mater-releasedate-06-05-2022\/\" \/>\n<meta property=\"og:locale\" content=\"en_US\" \/>\n<meta property=\"og:type\" content=\"article\" \/>\n<meta property=\"og:title\" content=\"Jakub J\u00c3\u00b3zef Orli\u00c5\u201eski - Stabat Mater (Releasedate: 06.05.2022) - Q-rious Music\" \/>\n<meta property=\"og:description\" content=\"&nbsp; Vivaldi: Stabat Mater Jakub J\u00c3\u00b3zef Orli\u00c5\u201eski Capella Cracoviensis Jan Tomasz Adamus &nbsp; Vivaldis ikonisches Meisterwerk Stabat Mater-Einspielung von Countertenor Jakub J\u00c3\u00b3zef Orli\u00c5\u201eski \u00e2\u20ac\u017eVivaldis Stabat Mater ist ein absolut ikonisches Meisterwerk, von dem ich bereits als Studienanf\u00c3\u00a4nger tr\u00c3\u00a4umte, es irgendwann gemeinsam mit Orchester aufzuf\u00c3\u00bchren\u00e2\u20ac\u0153, verr\u00c3\u00a4t Jakub J\u00c3\u00b3zef Orli\u00c5\u201eski. Diesen Wunsch hat der weltber\u00c3\u00bchmte polnische Countertenor [&hellip;]\" \/>\n<meta property=\"og:url\" content=\"https:\/\/www.qrious.de\/en\/jakub-jozef-orlinski-stabat-mater-releasedate-06-05-2022\/\" \/>\n<meta property=\"og:site_name\" content=\"Q-rious Music\" \/>\n<meta property=\"article:publisher\" content=\"https:\/\/www.facebook.com\/QriousMusic\/\" \/>\n<meta property=\"article:published_time\" content=\"2022-03-09T15:26:25+00:00\" \/>\n<meta property=\"og:image\" content=\"https:\/\/www.qrious.de\/wp-content\/uploads\/2022\/03\/JJOrlinski_VSM_Covermotiv-web.jpg\" \/>\n\t<meta property=\"og:image:width\" content=\"1024\" \/>\n\t<meta property=\"og:image:height\" content=\"916\" \/>\n\t<meta property=\"og:image:type\" content=\"image\/jpeg\" \/>\n<meta name=\"author\" content=\"Qrious\" \/>\n<meta name=\"twitter:card\" content=\"summary_large_image\" \/>\n<meta name=\"twitter:label1\" content=\"Written by\" \/>\n\t<meta name=\"twitter:data1\" content=\"Qrious\" \/>\n\t<meta name=\"twitter:label2\" content=\"Est. reading time\" \/>\n\t<meta name=\"twitter:data2\" content=\"2 minutes\" \/>\n<script type=\"application\/ld+json\" class=\"yoast-schema-graph\">{\"@context\":\"https:\/\/schema.org\",\"@graph\":[{\"@type\":\"WebPage\",\"@id\":\"https:\/\/www.qrious.de\/en\/jakub-jozef-orlinski-stabat-mater-releasedate-06-05-2022\/\",\"url\":\"https:\/\/www.qrious.de\/en\/jakub-jozef-orlinski-stabat-mater-releasedate-06-05-2022\/\",\"name\":\"Jakub J\u00c3\u00b3zef Orli\u00c5\u201eski - Stabat Mater (Releasedate: 06.05.2022) - Q-rious Music\",\"isPartOf\":{\"@id\":\"https:\/\/www.qrious.de\/en\/#website\"},\"primaryImageOfPage\":{\"@id\":\"https:\/\/www.qrious.de\/en\/jakub-jozef-orlinski-stabat-mater-releasedate-06-05-2022\/#primaryimage\"},\"image\":{\"@id\":\"https:\/\/www.qrious.de\/en\/jakub-jozef-orlinski-stabat-mater-releasedate-06-05-2022\/#primaryimage\"},\"thumbnailUrl\":\"https:\/\/www.qrious.de\/wp-content\/uploads\/2022\/03\/JJOrlinski_VSM_Covermotiv-web.jpg\",\"datePublished\":\"2022-03-09T15:26:25+00:00\",\"author\":{\"@id\":\"https:\/\/www.qrious.de\/en\/#\/schema\/person\/c23ecd85bc1b3ab8b09bf6da9d86a700\"},\"breadcrumb\":{\"@id\":\"https:\/\/www.qrious.de\/en\/jakub-jozef-orlinski-stabat-mater-releasedate-06-05-2022\/#breadcrumb\"},\"inLanguage\":\"en-US\",\"potentialAction\":[{\"@type\":\"ReadAction\",\"target\":[\"https:\/\/www.qrious.de\/en\/jakub-jozef-orlinski-stabat-mater-releasedate-06-05-2022\/\"]}]},{\"@type\":\"ImageObject\",\"inLanguage\":\"en-US\",\"@id\":\"https:\/\/www.qrious.de\/en\/jakub-jozef-orlinski-stabat-mater-releasedate-06-05-2022\/#primaryimage\",\"url\":\"https:\/\/www.qrious.de\/wp-content\/uploads\/2022\/03\/JJOrlinski_VSM_Covermotiv-web.jpg\",\"contentUrl\":\"https:\/\/www.qrious.de\/wp-content\/uploads\/2022\/03\/JJOrlinski_VSM_Covermotiv-web.jpg\",\"width\":1024,\"height\":916},{\"@type\":\"BreadcrumbList\",\"@id\":\"https:\/\/www.qrious.de\/en\/jakub-jozef-orlinski-stabat-mater-releasedate-06-05-2022\/#breadcrumb\",\"itemListElement\":[{\"@type\":\"ListItem\",\"position\":1,\"name\":\"Home\",\"item\":\"https:\/\/www.qrious.de\/en\/\"},{\"@type\":\"ListItem\",\"position\":2,\"name\":\"Jakub J\u00c3\u00b3zef Orli\u00c5\u201eski &#8211; Stabat Mater (Releasedate: 06.05.2022)\"}]},{\"@type\":\"WebSite\",\"@id\":\"https:\/\/www.qrious.de\/en\/#website\",\"url\":\"https:\/\/www.qrious.de\/en\/\",\"name\":\"Q-rious Music\",\"description\":\"Q-rious Music: promotion, distribution, label, publishing\",\"potentialAction\":[{\"@type\":\"SearchAction\",\"target\":{\"@type\":\"EntryPoint\",\"urlTemplate\":\"https:\/\/www.qrious.de\/en\/?s={search_term_string}\"},\"query-input\":{\"@type\":\"PropertyValueSpecification\",\"valueRequired\":true,\"valueName\":\"search_term_string\"}}],\"inLanguage\":\"en-US\"},{\"@type\":\"Person\",\"@id\":\"https:\/\/www.qrious.de\/en\/#\/schema\/person\/c23ecd85bc1b3ab8b09bf6da9d86a700\",\"name\":\"Qrious\",\"sameAs\":[\"http:\/\/www.qrious.de\"],\"url\":\"https:\/\/www.qrious.de\/en\/author\/office\/\"}]}<\/script>\n<!-- \/ Yoast SEO plugin. -->","yoast_head_json":{"title":"Jakub J\u00c3\u00b3zef Orli\u00c5\u201eski - Stabat Mater (Releasedate: 06.05.2022) - Q-rious Music","robots":{"index":"index","follow":"follow","max-snippet":"max-snippet:-1","max-image-preview":"max-image-preview:large","max-video-preview":"max-video-preview:-1"},"canonical":"https:\/\/www.qrious.de\/en\/jakub-jozef-orlinski-stabat-mater-releasedate-06-05-2022\/","og_locale":"en_US","og_type":"article","og_title":"Jakub J\u00c3\u00b3zef Orli\u00c5\u201eski - Stabat Mater (Releasedate: 06.05.2022) - Q-rious Music","og_description":"&nbsp; Vivaldi: Stabat Mater Jakub J\u00c3\u00b3zef Orli\u00c5\u201eski Capella Cracoviensis Jan Tomasz Adamus &nbsp; Vivaldis ikonisches Meisterwerk Stabat Mater-Einspielung von Countertenor Jakub J\u00c3\u00b3zef Orli\u00c5\u201eski \u00e2\u20ac\u017eVivaldis Stabat Mater ist ein absolut ikonisches Meisterwerk, von dem ich bereits als Studienanf\u00c3\u00a4nger tr\u00c3\u00a4umte, es irgendwann gemeinsam mit Orchester aufzuf\u00c3\u00bchren\u00e2\u20ac\u0153, verr\u00c3\u00a4t Jakub J\u00c3\u00b3zef Orli\u00c5\u201eski. Diesen Wunsch hat der weltber\u00c3\u00bchmte polnische Countertenor [&hellip;]","og_url":"https:\/\/www.qrious.de\/en\/jakub-jozef-orlinski-stabat-mater-releasedate-06-05-2022\/","og_site_name":"Q-rious Music","article_publisher":"https:\/\/www.facebook.com\/QriousMusic\/","article_published_time":"2022-03-09T15:26:25+00:00","og_image":[{"width":1024,"height":916,"url":"https:\/\/www.qrious.de\/wp-content\/uploads\/2022\/03\/JJOrlinski_VSM_Covermotiv-web.jpg","type":"image\/jpeg"}],"author":"Qrious","twitter_card":"summary_large_image","twitter_misc":{"Written by":"Qrious","Est. reading time":"2 minutes"},"schema":{"@context":"https:\/\/schema.org","@graph":[{"@type":"WebPage","@id":"https:\/\/www.qrious.de\/en\/jakub-jozef-orlinski-stabat-mater-releasedate-06-05-2022\/","url":"https:\/\/www.qrious.de\/en\/jakub-jozef-orlinski-stabat-mater-releasedate-06-05-2022\/","name":"Jakub J\u00c3\u00b3zef Orli\u00c5\u201eski - Stabat Mater (Releasedate: 06.05.2022) - Q-rious Music","isPartOf":{"@id":"https:\/\/www.qrious.de\/en\/#website"},"primaryImageOfPage":{"@id":"https:\/\/www.qrious.de\/en\/jakub-jozef-orlinski-stabat-mater-releasedate-06-05-2022\/#primaryimage"},"image":{"@id":"https:\/\/www.qrious.de\/en\/jakub-jozef-orlinski-stabat-mater-releasedate-06-05-2022\/#primaryimage"},"thumbnailUrl":"https:\/\/www.qrious.de\/wp-content\/uploads\/2022\/03\/JJOrlinski_VSM_Covermotiv-web.jpg","datePublished":"2022-03-09T15:26:25+00:00","author":{"@id":"https:\/\/www.qrious.de\/en\/#\/schema\/person\/c23ecd85bc1b3ab8b09bf6da9d86a700"},"breadcrumb":{"@id":"https:\/\/www.qrious.de\/en\/jakub-jozef-orlinski-stabat-mater-releasedate-06-05-2022\/#breadcrumb"},"inLanguage":"en-US","potentialAction":[{"@type":"ReadAction","target":["https:\/\/www.qrious.de\/en\/jakub-jozef-orlinski-stabat-mater-releasedate-06-05-2022\/"]}]},{"@type":"ImageObject","inLanguage":"en-US","@id":"https:\/\/www.qrious.de\/en\/jakub-jozef-orlinski-stabat-mater-releasedate-06-05-2022\/#primaryimage","url":"https:\/\/www.qrious.de\/wp-content\/uploads\/2022\/03\/JJOrlinski_VSM_Covermotiv-web.jpg","contentUrl":"https:\/\/www.qrious.de\/wp-content\/uploads\/2022\/03\/JJOrlinski_VSM_Covermotiv-web.jpg","width":1024,"height":916},{"@type":"BreadcrumbList","@id":"https:\/\/www.qrious.de\/en\/jakub-jozef-orlinski-stabat-mater-releasedate-06-05-2022\/#breadcrumb","itemListElement":[{"@type":"ListItem","position":1,"name":"Home","item":"https:\/\/www.qrious.de\/en\/"},{"@type":"ListItem","position":2,"name":"Jakub J\u00c3\u00b3zef Orli\u00c5\u201eski &#8211; Stabat Mater (Releasedate: 06.05.2022)"}]},{"@type":"WebSite","@id":"https:\/\/www.qrious.de\/en\/#website","url":"https:\/\/www.qrious.de\/en\/","name":"Q-rious Music","description":"Q-rious Music: promotion, distribution, label, publishing","potentialAction":[{"@type":"SearchAction","target":{"@type":"EntryPoint","urlTemplate":"https:\/\/www.qrious.de\/en\/?s={search_term_string}"},"query-input":{"@type":"PropertyValueSpecification","valueRequired":true,"valueName":"search_term_string"}}],"inLanguage":"en-US"},{"@type":"Person","@id":"https:\/\/www.qrious.de\/en\/#\/schema\/person\/c23ecd85bc1b3ab8b09bf6da9d86a700","name":"Qrious","sameAs":["http:\/\/www.qrious.de"],"url":"https:\/\/www.qrious.de\/en\/author\/office\/"}]}},"_links":{"self":[{"href":"https:\/\/www.qrious.de\/en\/wp-json\/wp\/v2\/posts\/16366","targetHints":{"allow":["GET"]}}],"collection":[{"href":"https:\/\/www.qrious.de\/en\/wp-json\/wp\/v2\/posts"}],"about":[{"href":"https:\/\/www.qrious.de\/en\/wp-json\/wp\/v2\/types\/post"}],"author":[{"embeddable":true,"href":"https:\/\/www.qrious.de\/en\/wp-json\/wp\/v2\/users\/6"}],"replies":[{"embeddable":true,"href":"https:\/\/www.qrious.de\/en\/wp-json\/wp\/v2\/comments?post=16366"}],"version-history":[{"count":0,"href":"https:\/\/www.qrious.de\/en\/wp-json\/wp\/v2\/posts\/16366\/revisions"}],"wp:featuredmedia":[{"embeddable":true,"href":"https:\/\/www.qrious.de\/en\/wp-json\/wp\/v2\/media\/16364"}],"wp:attachment":[{"href":"https:\/\/www.qrious.de\/en\/wp-json\/wp\/v2\/media?parent=16366"}],"wp:term":[{"taxonomy":"category","embeddable":true,"href":"https:\/\/www.qrious.de\/en\/wp-json\/wp\/v2\/categories?post=16366"},{"taxonomy":"post_tag","embeddable":true,"href":"https:\/\/www.qrious.de\/en\/wp-json\/wp\/v2\/tags?post=16366"}],"curies":[{"name":"wp","href":"https:\/\/api.w.org\/{rel}","templated":true}]}}