{"id":16208,"date":"2021-11-16T12:57:17","date_gmt":"2021-11-16T10:57:17","guid":{"rendered":"https:\/\/www.qrious.de\/?p=16208"},"modified":"2021-11-16T12:57:17","modified_gmt":"2021-11-16T10:57:17","slug":"paolo-fresu-popoff-releasedate-03-12-2021","status":"publish","type":"post","link":"https:\/\/www.qrious.de\/en\/paolo-fresu-popoff-releasedate-03-12-2021\/","title":{"rendered":"Paolo Fresu &#8211; popOff! (Releasedate: 03.12.2021)"},"content":{"rendered":"<p>[:de]<span style=\"text-decoration: underline;\"><img loading=\"lazy\" decoding=\"async\" class=\"alignnone size-medium wp-image-16209\" src=\"https:\/\/www.qrious.de\/wp-content\/uploads\/2021\/11\/Fresu_PopOff_Covermotiv-300x300.jpeg\" alt=\"\" width=\"300\" height=\"300\" srcset=\"https:\/\/www.qrious.de\/wp-content\/uploads\/2021\/11\/Fresu_PopOff_Covermotiv-300x300.jpeg 300w, https:\/\/www.qrious.de\/wp-content\/uploads\/2021\/11\/Fresu_PopOff_Covermotiv-1024x1024.jpeg 1024w, https:\/\/www.qrious.de\/wp-content\/uploads\/2021\/11\/Fresu_PopOff_Covermotiv-150x150.jpeg 150w, https:\/\/www.qrious.de\/wp-content\/uploads\/2021\/11\/Fresu_PopOff_Covermotiv-768x768.jpeg 768w, https:\/\/www.qrious.de\/wp-content\/uploads\/2021\/11\/Fresu_PopOff_Covermotiv-1536x1536.jpeg 1536w, https:\/\/www.qrious.de\/wp-content\/uploads\/2021\/11\/Fresu_PopOff_Covermotiv-190x190.jpeg 190w, https:\/\/www.qrious.de\/wp-content\/uploads\/2021\/11\/Fresu_PopOff_Covermotiv-645x645.jpeg 645w, https:\/\/www.qrious.de\/wp-content\/uploads\/2021\/11\/Fresu_PopOff_Covermotiv-345x345.jpeg 345w, https:\/\/www.qrious.de\/wp-content\/uploads\/2021\/11\/Fresu_PopOff_Covermotiv-100x100.jpeg 100w, https:\/\/www.qrious.de\/wp-content\/uploads\/2021\/11\/Fresu_PopOff_Covermotiv-600x600.jpeg 600w, https:\/\/www.qrious.de\/wp-content\/uploads\/2021\/11\/Fresu_PopOff_Covermotiv-50x50.jpeg 50w, https:\/\/www.qrious.de\/wp-content\/uploads\/2021\/11\/Fresu_PopOff_Covermotiv.jpeg 1600w\" sizes=\"auto, (max-width: 300px) 100vw, 300px\" \/><\/span><\/p>\n<p>&nbsp;<\/p>\n<p><span style=\"font-family: verdana, geneva, sans-serif; font-size: 10pt;\"><strong>popOFF!<\/strong> ist ein Wortspiel zwischen dem ber\u00c3\u00bchmten Lied des tollpatschigen Kosaken des Zaren und der Idee, Genre- und Altersgrenzen zu \u00c3\u00bcberschreiten. <\/span><\/p>\n<p><span style=\"font-family: verdana, geneva, sans-serif; font-size: 10pt;\">Paolo Fresu stellt sich hier mal wieder einer neuen Herausforderung, und das mit einer Prise Verr\u00c3\u00bccktheit: Es ist die Jazz-Neuinterpretation einiger Lieder des Zecchino D&#8217;Oro, des weltber\u00c3\u00bchmten Gesangswettbewerbs, der der Kindheit gewidmet ist. Die Idee zu diesem Projekt entspringt dem Wunsch des Trompeters, die Stadt zu ehren, die ihn seit den 80er Jahren beherbergt und ihn 2017 mit dem Nettuno D&#8217;Oro ausgezeichnet hat: Bologna<\/span><br \/>\n<span style=\"font-family: verdana, geneva, sans-serif; font-size: 10pt;\">Der Gedanke ging sofort zum Zecchino D&#8217;Oro: das Antoniano, der historische Ort der Veranstaltung, befindet sich n\u00c3\u00a4mlich in Bologna. Das Interesse von Fresu f\u00c3\u00bcr Projekte, die der Kindheit gewidmet sind, besteht schon seit geraumer Zeit: Zusammen mit seiner Frau Sonia Peana (Geigerin und Gr\u00c3\u00bcnderin des Streichquartetts, das auf dem Album zu h\u00c3\u00b6ren ist) hat er 2010 in Bologna Nidi di Note ins Leben gerufen, ein Projekt, das darauf abzielt, die Musik von klein auf zum Leuchten zu bringen.<\/span><br \/>\n<span style=\"font-family: verdana, geneva, sans-serif; font-size: 10pt;\">Wo sonst k\u00c3\u00b6nnte man die Musik aufnehmen als in den mythischen Fonoprint Studios in Bologna, der Heimat von Lucio Dalla, Vasco, Gaetano Curreri, Luca Carboni und Samuele Bersani, um nur einige der vielen K\u00c3\u00bcnstler zu nennen, die dort ihre Musik aufgenommen haben. Dank eines Zuschusses der<strong> UNESCO-Musikstadt Bologna<\/strong> wurde aus der Hommage ein Album, das am 1. Oktober bei Tuk Kids, dem der Kindheit gewidmeten Zweig von T\u00c7\u201dk Music, erscheinen wird. <strong>PopOFF!<\/strong> ist die erste Ver\u00c3\u00b6ffentlichung.<\/span><br \/>\n<span style=\"font-family: verdana, geneva, sans-serif; font-size: 10pt;\">Die Herausforderung war nicht einfach: die musikalische Strenge und die zeitgen\u00c3\u00b6ssische Atmosph\u00c3\u00a4re mit der Leichtigkeit, der Naivit\u00c3\u00a4t und der Verspieltheit von Liedern wie &#8220;Quarantaquattro Gatti&#8221;, &#8220;Il Valzer del Moscerino&#8221;, &#8220;Caff\u00c3\u00a8 della Peppina&#8221; und &#8220;Volevo un Gatto Nero&#8221; in Einklang zu bringen, Lieder, die sowohl als Kinder als auch als Erwachsene zum Soundtrack vieler Generationen geh\u00c3\u00b6rten und einen festen Platz in der kollektiven Vorstellungswelt haben.<\/span><\/p>\n<p><span style=\"font-family: verdana, geneva, sans-serif; font-size: 10pt;\">Ebenso schnell kam Fresu auf die Idee, <strong>Cristina Zavalloni<\/strong> als S\u00c3\u00a4ngerin f\u00c3\u00bcr diese St\u00c3\u00bccke zu engagieren: Zavalloni ist eine S\u00c3\u00a4ngerin aus Bologna, die sowohl im Jazz als auch in der zeitgen\u00c3\u00b6ssischen klassischen Musik zu Hause ist und die Familientradition fortsetzen kann, denn ihr Vater Paolo Zavalloni &#8211; alias Zavallone &#8211; war von 1989 bis 2003 musikalischer Leiter des Antoniano. Mit dem Album ist es Zavalloni auch gelungen, sich ihren Kindertraum zu erf\u00c3\u00bcllen: beim Zecchino D&#8217;Oro zu singen!<\/span><br \/>\n<span style=\"font-family: verdana, geneva, sans-serif; font-size: 10pt;\">Die Besetzung besteht aus dem Streichquartett Alborada (Anton Berovski &#8211; Violine, Sonia Peana &#8211; Violine, Nico Ciricugno \u00e2\u20ac\u201c Viola, Piero Salvatori &#8211; Cello), mit Arrangements von Cristiano Arcelli, der auch Sopransaxophon, Bassklarinette, Fl\u00c3\u00b6te und Melodica spielt, und wird von Dino Rubino am Piano und Philicorda und Marco Bardoscia am Kontrabass begleitet. Zudem markiert das Album das musikalische Deb\u00c3\u00bct von Luca Devito, einem Faktotum des Labels Tuk Music, der auf &#8220;Il Valzer del Moscerino&#8221; als Gastfl\u00c3\u00b6tist zu h\u00c3\u00b6ren ist.<\/span><\/p>\n<p><span style=\"font-family: verdana, geneva, sans-serif; font-size: 10pt;\">Nun, ist die Herausforderung gewonnen? <\/span><br \/>\n<span style=\"font-family: verdana, geneva, sans-serif; font-size: 10pt;\">Es ist Fresu selbst, der diese Frage in den Anmerkungen des reichhaltigen Booklets behandelt: &#8220;Es liegt nicht wirklich an uns, es zu wissen, und wir halten es auch nicht f\u00c3\u00bcr so wichtig. Was wirklich z\u00c3\u00a4hlt, ist, dass wir uns wieder als Kinder f\u00c3\u00bchlen und Geschichten erleben konnten, die zu uns geh\u00c3\u00b6ren.&#8221;<\/span><br \/>\n<span style=\"font-family: verdana, geneva, sans-serif; font-size: 10pt;\">Das wunderbare Artwork des Albums und die Bilder des Booklets wurden von Lorenzo Mattotti gezeichnet, der in Brescia geboren wurde und heute in Paris lebt. Seine au\u00c3\u0178ergew\u00c3\u00b6hnliche Karriere hat ein Kapitel in Bologna, wo er zusammen mit Igort und Daniele Brolli das Cartoonisten- und Illustratorenkollektiv Valvoline gr\u00c3\u00bcndete.<\/span><br \/>\n<span style=\"font-family: verdana, geneva, sans-serif; font-size: 10pt;\">Mit dem Projekt der von Claudio Stanghellini gedrehten Videoclips, das mit La Giostra del Carillon beginnt, das an einigen historischen Orten Bolognas gefilmt wurde und auch auf unserem offiziellen YouTube-Kanal zu sehen sein wird, schlie\u00c3\u0178t sich der Kreis.<\/span><br \/>\n<span style=\"font-family: verdana, geneva, sans-serif; font-size: 10pt;\"><strong>popOFF!<\/strong> wurde dank des Beitrags der <strong>UNESCO-Musikstadt Bologna<\/strong> m\u00c3\u00b6glich gemacht.<\/span><\/p>\n<p><a href=\"http:\/\/www.facebook.com\/BolognaCittaDellaMusicaUnesco\"><span style=\"font-family: verdana, geneva, sans-serif; font-size: 10pt;\">www.facebook.com\/BolognaCittaDellaMusicaUnesco<\/span> <\/a>[:en]<img loading=\"lazy\" decoding=\"async\" class=\"alignnone size-medium wp-image-16209\" src=\"https:\/\/www.qrious.de\/wp-content\/uploads\/2021\/11\/Fresu_PopOff_Covermotiv-300x300.jpeg\" alt=\"\" width=\"300\" height=\"300\" srcset=\"https:\/\/www.qrious.de\/wp-content\/uploads\/2021\/11\/Fresu_PopOff_Covermotiv-300x300.jpeg 300w, https:\/\/www.qrious.de\/wp-content\/uploads\/2021\/11\/Fresu_PopOff_Covermotiv-1024x1024.jpeg 1024w, https:\/\/www.qrious.de\/wp-content\/uploads\/2021\/11\/Fresu_PopOff_Covermotiv-150x150.jpeg 150w, https:\/\/www.qrious.de\/wp-content\/uploads\/2021\/11\/Fresu_PopOff_Covermotiv-768x768.jpeg 768w, https:\/\/www.qrious.de\/wp-content\/uploads\/2021\/11\/Fresu_PopOff_Covermotiv-1536x1536.jpeg 1536w, https:\/\/www.qrious.de\/wp-content\/uploads\/2021\/11\/Fresu_PopOff_Covermotiv-190x190.jpeg 190w, https:\/\/www.qrious.de\/wp-content\/uploads\/2021\/11\/Fresu_PopOff_Covermotiv-645x645.jpeg 645w, https:\/\/www.qrious.de\/wp-content\/uploads\/2021\/11\/Fresu_PopOff_Covermotiv-345x345.jpeg 345w, https:\/\/www.qrious.de\/wp-content\/uploads\/2021\/11\/Fresu_PopOff_Covermotiv-100x100.jpeg 100w, https:\/\/www.qrious.de\/wp-content\/uploads\/2021\/11\/Fresu_PopOff_Covermotiv-600x600.jpeg 600w, https:\/\/www.qrious.de\/wp-content\/uploads\/2021\/11\/Fresu_PopOff_Covermotiv-50x50.jpeg 50w, https:\/\/www.qrious.de\/wp-content\/uploads\/2021\/11\/Fresu_PopOff_Covermotiv.jpeg 1600w\" sizes=\"auto, (max-width: 300px) 100vw, 300px\" \/><\/p>\n<p><span style=\"font-family: verdana, geneva, sans-serif; font-size: 10pt;\"><strong>popOFF!<\/strong> is a pun between the famous song of the clumsy cossack of the Czar and the idea of crossing genre and age barriers.<\/span><br \/>\n<span style=\"font-family: verdana, geneva, sans-serif; font-size: 10pt;\">Here\u00e2\u20ac\u2122s Paolo Fresu\u00e2\u20ac\u2122s new challenge with a pinch craziness: it\u00e2\u20ac\u2122s the jazz reintepretation of some of the songs of the Zecchino D\u00e2\u20ac\u2122Oro, the world famous song contest dedicated to childhood.<\/span><\/p>\n<p><span style=\"font-family: verdana, geneva, sans-serif; font-size: 10pt;\">The idea of the project comes from the trumpeter\u00e2\u20ac\u2122s wish to pay tribute to the town that welcomed him since the \u00e2\u20ac\u212280ies, and that in 2017 awarded him with the Nettuno D\u00e2\u20ac\u2122Oro: Bologna<\/span><\/p>\n<p><span style=\"font-family: verdana, geneva, sans-serif; font-size: 10pt;\">The thought immediately went to the Zecchino D\u00e2\u20ac\u2122Oro: the Antoniano, the historical location of the event, is in fact based in Bologna. <\/span><br \/>\n<span style=\"font-family: verdana, geneva, sans-serif; font-size: 10pt;\">tTe interest of Fresu for projects dedicated to childhood has been going for quite some time: with his wife Sonia Peana (violinist and founder of the string quartet featured in the album) he started Nidi di Note 2010 in Bologna, a project aimed to light the music sparkle from a very early age.<\/span><\/p>\n<p><span style=\"font-family: verdana, geneva, sans-serif; font-size: 10pt;\">Where else could they record the music but at the mythic Fonoprint Studios in Bologna, home of Lucio Dalla, Vasco, Gaetano Curreri, Luca Carboni and Samuele Bersani, to name just a few of the many artists that have recorded their music there.<\/span><\/p>\n<p><span style=\"font-family: verdana, geneva, sans-serif; font-size: 10pt;\">Thanks to a grant by <strong>Bologna UNESCO City of Music<\/strong> the tribute has become an album to be released on october 1st on T\u00c7\u201dk\u00c2\u00a0Kids, T\u00c7\u201dk\u00c2\u00a0Music branch dedicated to childhood of which <strong>popOFF! <\/strong>is the debut release.<\/span><\/p>\n<p><span style=\"font-family: verdana, geneva, sans-serif; font-size: 10pt;\">The challenge wasn\u00e2\u20ac\u2122t an easy one: to match the musical rigour and the contemporary atmospheres with the lightness, naivety and playfulness which permeate songs such as \u00c2\u00a0\u00e2\u20ac\u0153Quarantaquattro Gatti\u00e2\u20ac\u009d, \u00c2\u00a0\u00e2\u20ac\u0153Il Valzer del Moscerino\u00e2\u20ac\u009d, \u00e2\u20ac\u0153Caff\u00c3\u00a8 della Peppina\u00e2\u20ac\u009d and \u00e2\u20ac\u0153Volevo un Gatto Nero\u00e2\u20ac\u009d, songs that have been the soundtrack of many generations both as children and as grown ups, and that have a definite place in the collective imagination.<\/span><\/p>\n<p><span style=\"font-family: verdana, geneva, sans-serif; font-size: 10pt;\">Quite as instantly Fresu thought to involve Cristina Zavalloni to sing these tracks: Zavalloni is a singer from Bologna completely at ease with both jazz and contemporary classical music, and able to continue the family tradition as her father Paolo Zavalloni &#8211; alias Zavallone \u00e2\u20ac\u201c was the musical director of the Antoniano from 1989 to 2003.\u00c2\u00a0 With the album Zavalloni also managed to fulfil her child dream: to sing at the Zecchino D\u00e2\u20ac\u2122Oro!<\/span><\/p>\n<p><span style=\"font-family: verdana, geneva, sans-serif; font-size: 10pt;\">The line up is composed by the string Quartet Alborada (Anton Berovski on violino,\u00c2\u00a0 Sonia Peana on violin, Nico Ciricugno on viola and\u00c2\u00a0 Piero Salvatori on cello), with arrangements by Cristiano Arcelli, who also plays soprano saxophone, bass clarinet, flute and melodica, and are accompanied on piano e philicorda by Dino Rubino, Marco Bardoscia on double bass; the album marks the musical debut of Luca Devito, Tuk Music label factotum with solid musical formation, who guests on flute on \u00e2\u20ac\u02dcIl Valzer del Moscerino\u00e2\u20ac\u2122.<\/span><\/p>\n<p><span style=\"font-family: verdana, geneva, sans-serif; font-size: 10pt;\">Has the challenge been won? <\/span><br \/>\n<span style=\"font-family: verdana, geneva, sans-serif; font-size: 10pt;\">it is Fresu himself who deals with the question in the notes of the lavish booklet: \u00e2\u20ac\u0153it\u00e2\u20ac\u2122s not really for us to know, and neither we think it\u00e2\u20ac\u2122s that important. What really matters is that we got to feel children again, and to relive stories that belong to us.\u00e2\u20ac\u009d<\/span><\/p>\n<p>&nbsp;<\/p>\n<p><span style=\"font-family: verdana, geneva, sans-serif; font-size: 10pt;\">The magnificent album artwork and the booklet images have been drawn by Lorenzo Mattotti, born in Brescia and now living in Paris; his extraordinary career has a chapter in Bologna where he founded the cartoonist and illustrator collective Valvoline, together with Igort and Daniele Brolli.<\/span><\/p>\n<p><span style=\"font-family: verdana, geneva, sans-serif; font-size: 10pt;\">Everything comes to a full circle with the project of videoclips shot by Claudio Stanghellini, that begins with <em>La giostra del carillon<\/em>, filmed in some of Bologna historical spots and which will be revealed on our official YouTube profile.<\/span><\/p>\n<p><span style=\"font-family: verdana, geneva, sans-serif; font-size: 10pt;\"><strong><em>\u00c2\u00a0<\/em><\/strong><\/span><\/p>\n<p><span style=\"font-family: verdana, geneva, sans-serif; font-size: 10pt;\"><strong><em>popOFF!<\/em><\/strong> has been made possible thanks to the contribution of <strong>Bologna UNESCO City of Music<\/strong><\/span><\/p>\n<p><a href=\"http:\/\/www.facebook.com\/BolognaCittaDellaMusicaUnesco\"><span style=\"font-family: verdana, geneva, sans-serif; font-size: 10pt;\">www.facebook.com\/BolognaCittaDellaMusicaUnesco<\/span><\/a><\/p>\n<p>&nbsp;[:]<\/p>\n","protected":false},"excerpt":{"rendered":"<p>[:de] &nbsp; popOFF! ist ein Wortspiel zwischen dem ber\u00c3\u00bchmten Lied des tollpatschigen Kosaken des Zaren und der Idee, Genre- und Altersgrenzen zu \u00c3\u00bcberschreiten. Paolo Fresu stellt sich hier mal wieder einer neuen Herausforderung, und das mit einer Prise Verr\u00c3\u00bccktheit: Es ist die Jazz-Neuinterpretation einiger Lieder des Zecchino D&#8217;Oro, des weltber\u00c3\u00bchmten Gesangswettbewerbs, der der Kindheit gewidmet [&hellip;]<\/p>\n","protected":false},"author":6,"featured_media":16209,"comment_status":"closed","ping_status":"closed","sticky":false,"template":"","format":"standard","meta":{"footnotes":""},"categories":[172],"tags":[],"class_list":["post-16208","post","type-post","status-publish","format-standard","has-post-thumbnail","hentry","category-unkategorisiert"],"yoast_head":"<!-- This site is optimized with the Yoast SEO plugin v26.3 - https:\/\/yoast.com\/wordpress\/plugins\/seo\/ -->\n<title>Paolo Fresu - popOff! (Releasedate: 03.12.2021) - Q-rious Music<\/title>\n<meta name=\"robots\" content=\"index, follow, max-snippet:-1, max-image-preview:large, max-video-preview:-1\" \/>\n<link rel=\"canonical\" href=\"https:\/\/www.qrious.de\/en\/paolo-fresu-popoff-releasedate-03-12-2021\/\" \/>\n<meta property=\"og:locale\" content=\"en_US\" \/>\n<meta property=\"og:type\" content=\"article\" \/>\n<meta property=\"og:title\" content=\"Paolo Fresu - popOff! (Releasedate: 03.12.2021) - Q-rious Music\" \/>\n<meta property=\"og:description\" content=\"[:de] &nbsp; popOFF! ist ein Wortspiel zwischen dem ber\u00c3\u00bchmten Lied des tollpatschigen Kosaken des Zaren und der Idee, Genre- und Altersgrenzen zu \u00c3\u00bcberschreiten. Paolo Fresu stellt sich hier mal wieder einer neuen Herausforderung, und das mit einer Prise Verr\u00c3\u00bccktheit: Es ist die Jazz-Neuinterpretation einiger Lieder des Zecchino D&#8217;Oro, des weltber\u00c3\u00bchmten Gesangswettbewerbs, der der Kindheit gewidmet [&hellip;]\" \/>\n<meta property=\"og:url\" content=\"https:\/\/www.qrious.de\/en\/paolo-fresu-popoff-releasedate-03-12-2021\/\" \/>\n<meta property=\"og:site_name\" content=\"Q-rious Music\" \/>\n<meta property=\"article:publisher\" content=\"https:\/\/www.facebook.com\/QriousMusic\/\" \/>\n<meta property=\"article:published_time\" content=\"2021-11-16T10:57:17+00:00\" \/>\n<meta property=\"og:image\" content=\"https:\/\/www.qrious.de\/wp-content\/uploads\/2021\/11\/Fresu_PopOff_Covermotiv.jpeg\" \/>\n\t<meta property=\"og:image:width\" content=\"1600\" \/>\n\t<meta property=\"og:image:height\" content=\"1600\" \/>\n\t<meta property=\"og:image:type\" content=\"image\/jpeg\" \/>\n<meta name=\"author\" content=\"Qrious\" \/>\n<meta name=\"twitter:card\" content=\"summary_large_image\" \/>\n<meta name=\"twitter:label1\" content=\"Written by\" \/>\n\t<meta name=\"twitter:data1\" content=\"Qrious\" \/>\n\t<meta name=\"twitter:label2\" content=\"Est. reading time\" \/>\n\t<meta name=\"twitter:data2\" content=\"3 minutes\" \/>\n<script type=\"application\/ld+json\" class=\"yoast-schema-graph\">{\"@context\":\"https:\/\/schema.org\",\"@graph\":[{\"@type\":\"WebPage\",\"@id\":\"https:\/\/www.qrious.de\/en\/paolo-fresu-popoff-releasedate-03-12-2021\/\",\"url\":\"https:\/\/www.qrious.de\/en\/paolo-fresu-popoff-releasedate-03-12-2021\/\",\"name\":\"Paolo Fresu - popOff! (Releasedate: 03.12.2021) - Q-rious Music\",\"isPartOf\":{\"@id\":\"https:\/\/www.qrious.de\/en\/#website\"},\"primaryImageOfPage\":{\"@id\":\"https:\/\/www.qrious.de\/en\/paolo-fresu-popoff-releasedate-03-12-2021\/#primaryimage\"},\"image\":{\"@id\":\"https:\/\/www.qrious.de\/en\/paolo-fresu-popoff-releasedate-03-12-2021\/#primaryimage\"},\"thumbnailUrl\":\"https:\/\/www.qrious.de\/wp-content\/uploads\/2021\/11\/Fresu_PopOff_Covermotiv.jpeg\",\"datePublished\":\"2021-11-16T10:57:17+00:00\",\"author\":{\"@id\":\"https:\/\/www.qrious.de\/en\/#\/schema\/person\/c23ecd85bc1b3ab8b09bf6da9d86a700\"},\"breadcrumb\":{\"@id\":\"https:\/\/www.qrious.de\/en\/paolo-fresu-popoff-releasedate-03-12-2021\/#breadcrumb\"},\"inLanguage\":\"en-US\",\"potentialAction\":[{\"@type\":\"ReadAction\",\"target\":[\"https:\/\/www.qrious.de\/en\/paolo-fresu-popoff-releasedate-03-12-2021\/\"]}]},{\"@type\":\"ImageObject\",\"inLanguage\":\"en-US\",\"@id\":\"https:\/\/www.qrious.de\/en\/paolo-fresu-popoff-releasedate-03-12-2021\/#primaryimage\",\"url\":\"https:\/\/www.qrious.de\/wp-content\/uploads\/2021\/11\/Fresu_PopOff_Covermotiv.jpeg\",\"contentUrl\":\"https:\/\/www.qrious.de\/wp-content\/uploads\/2021\/11\/Fresu_PopOff_Covermotiv.jpeg\",\"width\":1600,\"height\":1600},{\"@type\":\"BreadcrumbList\",\"@id\":\"https:\/\/www.qrious.de\/en\/paolo-fresu-popoff-releasedate-03-12-2021\/#breadcrumb\",\"itemListElement\":[{\"@type\":\"ListItem\",\"position\":1,\"name\":\"Home\",\"item\":\"https:\/\/www.qrious.de\/en\/\"},{\"@type\":\"ListItem\",\"position\":2,\"name\":\"Paolo Fresu &#8211; popOff! (Releasedate: 03.12.2021)\"}]},{\"@type\":\"WebSite\",\"@id\":\"https:\/\/www.qrious.de\/en\/#website\",\"url\":\"https:\/\/www.qrious.de\/en\/\",\"name\":\"Q-rious Music\",\"description\":\"Q-rious Music: promotion, distribution, label, publishing\",\"potentialAction\":[{\"@type\":\"SearchAction\",\"target\":{\"@type\":\"EntryPoint\",\"urlTemplate\":\"https:\/\/www.qrious.de\/en\/?s={search_term_string}\"},\"query-input\":{\"@type\":\"PropertyValueSpecification\",\"valueRequired\":true,\"valueName\":\"search_term_string\"}}],\"inLanguage\":\"en-US\"},{\"@type\":\"Person\",\"@id\":\"https:\/\/www.qrious.de\/en\/#\/schema\/person\/c23ecd85bc1b3ab8b09bf6da9d86a700\",\"name\":\"Qrious\",\"sameAs\":[\"http:\/\/www.qrious.de\"],\"url\":\"https:\/\/www.qrious.de\/en\/author\/office\/\"}]}<\/script>\n<!-- \/ Yoast SEO plugin. -->","yoast_head_json":{"title":"Paolo Fresu - popOff! (Releasedate: 03.12.2021) - Q-rious Music","robots":{"index":"index","follow":"follow","max-snippet":"max-snippet:-1","max-image-preview":"max-image-preview:large","max-video-preview":"max-video-preview:-1"},"canonical":"https:\/\/www.qrious.de\/en\/paolo-fresu-popoff-releasedate-03-12-2021\/","og_locale":"en_US","og_type":"article","og_title":"Paolo Fresu - popOff! (Releasedate: 03.12.2021) - Q-rious Music","og_description":"[:de] &nbsp; popOFF! ist ein Wortspiel zwischen dem ber\u00c3\u00bchmten Lied des tollpatschigen Kosaken des Zaren und der Idee, Genre- und Altersgrenzen zu \u00c3\u00bcberschreiten. Paolo Fresu stellt sich hier mal wieder einer neuen Herausforderung, und das mit einer Prise Verr\u00c3\u00bccktheit: Es ist die Jazz-Neuinterpretation einiger Lieder des Zecchino D&#8217;Oro, des weltber\u00c3\u00bchmten Gesangswettbewerbs, der der Kindheit gewidmet [&hellip;]","og_url":"https:\/\/www.qrious.de\/en\/paolo-fresu-popoff-releasedate-03-12-2021\/","og_site_name":"Q-rious Music","article_publisher":"https:\/\/www.facebook.com\/QriousMusic\/","article_published_time":"2021-11-16T10:57:17+00:00","og_image":[{"width":1600,"height":1600,"url":"https:\/\/www.qrious.de\/wp-content\/uploads\/2021\/11\/Fresu_PopOff_Covermotiv.jpeg","type":"image\/jpeg"}],"author":"Qrious","twitter_card":"summary_large_image","twitter_misc":{"Written by":"Qrious","Est. reading time":"3 minutes"},"schema":{"@context":"https:\/\/schema.org","@graph":[{"@type":"WebPage","@id":"https:\/\/www.qrious.de\/en\/paolo-fresu-popoff-releasedate-03-12-2021\/","url":"https:\/\/www.qrious.de\/en\/paolo-fresu-popoff-releasedate-03-12-2021\/","name":"Paolo Fresu - popOff! (Releasedate: 03.12.2021) - Q-rious Music","isPartOf":{"@id":"https:\/\/www.qrious.de\/en\/#website"},"primaryImageOfPage":{"@id":"https:\/\/www.qrious.de\/en\/paolo-fresu-popoff-releasedate-03-12-2021\/#primaryimage"},"image":{"@id":"https:\/\/www.qrious.de\/en\/paolo-fresu-popoff-releasedate-03-12-2021\/#primaryimage"},"thumbnailUrl":"https:\/\/www.qrious.de\/wp-content\/uploads\/2021\/11\/Fresu_PopOff_Covermotiv.jpeg","datePublished":"2021-11-16T10:57:17+00:00","author":{"@id":"https:\/\/www.qrious.de\/en\/#\/schema\/person\/c23ecd85bc1b3ab8b09bf6da9d86a700"},"breadcrumb":{"@id":"https:\/\/www.qrious.de\/en\/paolo-fresu-popoff-releasedate-03-12-2021\/#breadcrumb"},"inLanguage":"en-US","potentialAction":[{"@type":"ReadAction","target":["https:\/\/www.qrious.de\/en\/paolo-fresu-popoff-releasedate-03-12-2021\/"]}]},{"@type":"ImageObject","inLanguage":"en-US","@id":"https:\/\/www.qrious.de\/en\/paolo-fresu-popoff-releasedate-03-12-2021\/#primaryimage","url":"https:\/\/www.qrious.de\/wp-content\/uploads\/2021\/11\/Fresu_PopOff_Covermotiv.jpeg","contentUrl":"https:\/\/www.qrious.de\/wp-content\/uploads\/2021\/11\/Fresu_PopOff_Covermotiv.jpeg","width":1600,"height":1600},{"@type":"BreadcrumbList","@id":"https:\/\/www.qrious.de\/en\/paolo-fresu-popoff-releasedate-03-12-2021\/#breadcrumb","itemListElement":[{"@type":"ListItem","position":1,"name":"Home","item":"https:\/\/www.qrious.de\/en\/"},{"@type":"ListItem","position":2,"name":"Paolo Fresu &#8211; popOff! (Releasedate: 03.12.2021)"}]},{"@type":"WebSite","@id":"https:\/\/www.qrious.de\/en\/#website","url":"https:\/\/www.qrious.de\/en\/","name":"Q-rious Music","description":"Q-rious Music: promotion, distribution, label, publishing","potentialAction":[{"@type":"SearchAction","target":{"@type":"EntryPoint","urlTemplate":"https:\/\/www.qrious.de\/en\/?s={search_term_string}"},"query-input":{"@type":"PropertyValueSpecification","valueRequired":true,"valueName":"search_term_string"}}],"inLanguage":"en-US"},{"@type":"Person","@id":"https:\/\/www.qrious.de\/en\/#\/schema\/person\/c23ecd85bc1b3ab8b09bf6da9d86a700","name":"Qrious","sameAs":["http:\/\/www.qrious.de"],"url":"https:\/\/www.qrious.de\/en\/author\/office\/"}]}},"_links":{"self":[{"href":"https:\/\/www.qrious.de\/en\/wp-json\/wp\/v2\/posts\/16208","targetHints":{"allow":["GET"]}}],"collection":[{"href":"https:\/\/www.qrious.de\/en\/wp-json\/wp\/v2\/posts"}],"about":[{"href":"https:\/\/www.qrious.de\/en\/wp-json\/wp\/v2\/types\/post"}],"author":[{"embeddable":true,"href":"https:\/\/www.qrious.de\/en\/wp-json\/wp\/v2\/users\/6"}],"replies":[{"embeddable":true,"href":"https:\/\/www.qrious.de\/en\/wp-json\/wp\/v2\/comments?post=16208"}],"version-history":[{"count":0,"href":"https:\/\/www.qrious.de\/en\/wp-json\/wp\/v2\/posts\/16208\/revisions"}],"wp:featuredmedia":[{"embeddable":true,"href":"https:\/\/www.qrious.de\/en\/wp-json\/wp\/v2\/media\/16209"}],"wp:attachment":[{"href":"https:\/\/www.qrious.de\/en\/wp-json\/wp\/v2\/media?parent=16208"}],"wp:term":[{"taxonomy":"category","embeddable":true,"href":"https:\/\/www.qrious.de\/en\/wp-json\/wp\/v2\/categories?post=16208"},{"taxonomy":"post_tag","embeddable":true,"href":"https:\/\/www.qrious.de\/en\/wp-json\/wp\/v2\/tags?post=16208"}],"curies":[{"name":"wp","href":"https:\/\/api.w.org\/{rel}","templated":true}]}}