{"id":16109,"date":"2021-09-22T13:35:19","date_gmt":"2021-09-22T11:35:19","guid":{"rendered":"https:\/\/www.qrious.de\/?p=16109"},"modified":"2021-09-22T13:39:20","modified_gmt":"2021-09-22T11:39:20","slug":"wolfgang-haffners-dreamband-jazz-nights-2021","status":"publish","type":"post","link":"https:\/\/www.qrious.de\/en\/wolfgang-haffners-dreamband-jazz-nights-2021\/","title":{"rendered":"Wolfgang Haffner&#8217;s Dreamband &#8211; Jazz Nights 2021"},"content":{"rendered":"<p>[:de]&nbsp;<\/p>\n<p><img loading=\"lazy\" decoding=\"async\" class=\"alignnone size-medium wp-image-16115\" src=\"https:\/\/www.qrious.de\/wp-content\/uploads\/2021\/09\/Wolfgang-Haffner-2019_2-\u00c2\u00a9-ACT_Antje-Wiech-300x300.jpg\" alt=\"\" width=\"300\" height=\"300\" \/><\/p>\n<p>&nbsp;<\/p>\n<p><strong>WOLFGANG HAFFNER\u00e2\u20ac\u2122S DREAMBAND<\/strong><\/p>\n<p><strong>JAZZNIGHTS 2021<\/strong><\/p>\n<p>&nbsp;<\/p>\n<p>\u00c2\u00bbIch habe einen Traum\u00c2\u00ab hei\u00c3\u0178t eine Serie in der Wochenzeitung Die Zeit. Es ist ein ber\u00c3\u00bchmtes Zitat des afrikanisch-amerikanischen B\u00c3\u00bcrgerrechtlers Dr. Martin Luther King, Jr., das in diesen Artikeln Politiker*innen, K\u00c3\u00bcnstler*innen, Sportler*innen und andere Tr\u00c3\u00a4umer*innen anregt davon zu erz\u00c3\u00a4hlen, was sie denken und wovon sie tr\u00c3\u00a4umen. W\u00c3\u00bcrde man Wolfgang Haffner nach seinen Tr\u00c3\u00a4umen befragen, k\u00c3\u00a4men als Antwort f\u00c3\u00bcnf Namen \u00e2\u20ac\u201c aus all den tausenden, oft weltber\u00c3\u00bchmten und sagenumwobenen, mit denen Deutschlands \u00c2\u00bbbester\u00c2\u00ab (Die Welt), \u00c2\u00bbcoolster\u00c2\u00ab (ARD ttt) und \u00c2\u00bbwichtigster Drummer seiner Generation\u00c2\u00ab (S\u00c3\u00bcddeutsche Zeitung) schon gespielt hat. Ja, man kann ziemlich sicher sein: Der 55-J\u00c3\u00a4hrige w\u00c3\u00bcrde die Musiker nennen, die jetzt seine Dreamband ausmachen mit der er im November 2021 auf JazzNights-Tour geht.<\/p>\n<p>&nbsp;<\/p>\n<p>Eigentlich ist Wolfgang Haffner kein Frontmann. Er findet es \u00c2\u00bbherrlich\u00c2\u00ab, wie er erst k\u00c3\u00bcrzlich in einem Interview sagte, im Hintergrund die Strippen zu ziehen. Denn: \u00c2\u00bbEine Band, die gut klingt, hat immer einen guten Schlagzeuger\u00c2\u00ab. Die \u00c3\u00bcber 400 Alben, auf denen er in dieser Funktion zu h\u00c3\u00b6ren ist, geben ihm Recht. Dass seine Karriere mit 18 begann, als ihn Albert Mangelsdorff in seine Band holte, dass ihn einige Jahre sp\u00c3\u00a4ter Klaus Doldinger zu Passport holte, wo er elf Jahre lang mehr als nur den Takt angab, spricht B\u00c3\u00a4nde. Mit so unterschiedlichen Stars wie Chaka Khan oder Nightmares On Wax, Al Jarreau oder Die Fantastischen Vier, Michael Wollny oder Pat Metheny, Jan Garbarek, Hildegard Knef und vielen, vielen mehr war Wolfgang Haffner im Studio oder live unterwegs. Letzteres quer durch Europa, von S\u00c3\u00bcdafrika \u00c3\u00bcber die USA bis Brasilien, insgesamt in einhundert L\u00c3\u00a4ndern. Sechzehn Soloalben hat der ECHO-Preistr\u00c3\u00a4ger w\u00c3\u00a4hrend seiner bald vierzig Jahre andauernden Karriere ver\u00c3\u00b6ffentlicht. Sie landeten immer weit oben in den Jazzcharts und oft sogar in den Popcharts.<\/p>\n<p>&nbsp;<\/p>\n<p>Mit Wolfgang Haffner\u00e2\u20ac\u02dcs Dreamband schl\u00c3\u00a4gt der Musiker jetzt ein neues Kapitel auf. Aus den USA, aus Schweden und Deutschland kommen im November 2021 die Musiker f\u00c3\u00bcr diese JazzNights zusammen. Sie alle sind Virtuosen ihres instrumentalen Fachs, Leader eigener Bands, erfahrene Jazz-Koriph\u00c3\u00a4en, so unterschiedlich wie perfekt passend, auch wenn der Altersunterschied auch mal \u00c3\u00bcber f\u00c3\u00bcnfzig Jahre reicht. Und sie sind gute Bekannte, ja, Freunde von Wolfgang Haffner.<\/p>\n<p>Ganz oben auf der Liste steht der Trompeter <strong>Randy Brecker<\/strong>, mit dessen super-tighther Fusion-Formation mit Bruder Michael namens Brecker Brothers der Drummer auch schon live gespielt hat. Der inzwischen 75-J\u00c3\u00a4hrige ist mehrfacher Grammy-Gewinner und ein lebendiges Beispiel f\u00c3\u00bcr die integrative Energie des Jazz \u00e2\u20ac\u201c er war Gr\u00c3\u00bcndungsmitglied von Blood, Sweat &amp; Tears und spielte in den Gruppen von Jazz-Helden wie Art Blakey, Horace Silver oder Charlie Mingus, aber auch mit Stevie Wonder, Bruce Springsteen, Frank Zappa oder Jaco Pastorius. All das und mehr lebt und atmet Randy Brecker in jeder gestochen scharfen Note seines Trompeten-Spiels.<\/p>\n<p>Der zweite Brass-Bolide in dieser Traumband ist kein geringerer als \u00c2\u00bbThe Man With The Red Horn\u00c2\u00ab, sprich: der schwedische Posaunist und S\u00c3\u00a4nger Nils Landgren. Der vielfach preisgekr\u00c3\u00b6nte Leiter der <strong>Nils Landgren<\/strong> Funk Unit ist einer der erfolgreichsten europ\u00c3\u00a4ischen Jazzmusiker, von Stationen bei ABBA \u00c3\u00bcber Auftritte mit Herbie Hancock oder The Crusaders bis zu umjubelten eigenen Projekten, auch mit Kollegen wie Joe Sample oder Till Br\u00c3\u00b6nner. Dass Landgren erste musikalische Gehversuche am Schlagzeug machte und f\u00c3\u00bcr Haffners Album \u00e2\u20ac\u00baShapes\u00e2\u20ac\u00b9 vor gut 15 Jahren sogar als Co-Produzent verantwortlich zeichnete, d\u00c3\u00bcrfte der gemeinsamen Sache auch f\u00c3\u00b6rderlich sein. Diese Musiker verstehen sich, auch abseits der B\u00c3\u00bchne, was ihrem innigen, intuitiven Zusammenspiel zudem Intimit\u00c3\u00a4t verleiht.<\/p>\n<p>Der dritte Mann in der Horn-Section ist ebenfalls ein guter und langj\u00c3\u00a4hriger Kollege: der amerikanische Saxofonist <strong>Bill Evans<\/strong>, nicht zu verwechseln mit dem gleichnamigen Pianisten. Fr\u00c3\u00bch gef\u00c3\u00b6rdert von Miles Davis \u00e2\u20ac\u201c der Ritterschlag schlechthin im Jazz \u00e2\u20ac\u201c hat sich Evans einen hervorragenden Ruf als kraftvoller Melodiker im modernen Fusion-Olymp erspielt. Auf seinen mehr als zwanzig Alben als Leader ist \u00c3\u00bcbrigens immer wieder auch Randy Brecker zu h\u00c3\u00b6ren. Und zu Bill Evans seit 2018 bestehender Band Spykillers geh\u00c3\u00b6ren auch Wolfgang Haffner und der Junior dieser Traumband, der Keyboarder <strong>Simon Oslender<\/strong>. Der 22-j\u00c3\u00a4hrige Aachener, der ebenfalls urspr\u00c3\u00bcnglich Schlagzeugunterricht bekam, spielt seit seinem f\u00c3\u00bcnften Lebensjahr Hammond Orgel, inzwischen auch alle erdenklichen Keyboards und Piano, und hat 2020 nicht nur sein Deb\u00c3\u00bctalbum als Leader ver\u00c3\u00b6ffentlicht, sondern ist auch auf dem im selben Jahr erschienenen Album \u00e2\u20ac\u00baKind of Tango\u00e2\u20ac\u00b9 von Wolfgang Haffner zu h\u00c3\u00b6ren. In dessen Band er seit mindestens zwei Jahren fest engagiert ist.<\/p>\n<p>Ein weiteres Ausnahmetalent der Dreamband-Besatzung bildet der Bassist <strong>Thomas Stieger<\/strong>. Geboren und aufgewachsen in Breisach a. Rh., zog es Thomas Stieger 2006 nach Berlin zum Musikstudium an der Universit\u00c3\u00a4t der K\u00c3\u00bcnste \/ Hochschule f\u00c3\u00bcr Musik Hanns Eisler und arbeitet seitdem haupts\u00c3\u00a4chlich als Bassist, Sideman und Sessionmusiker mit national und international renommierten Acts. Dazuz\u00c3\u00a4hlen kann man Legenden wie Gregory Porter, Martin Gubinger, Nils Landgren, James Bay, Nils W\u00c3\u00bclker und China Moses.<\/p>\n<p>Last but not least komplettiert der \u00c2\u00bbf\u00c3\u00bchrende Vibrafonist seiner Generation\u00c2\u00ab, so das Reclam Jazz Lexikon, diese Traumbesetzung. Dass <strong>Christopher Dell<\/strong> neben seinen Erfahrungen mit der NDR Bigband, mit internationalen Ikonen wie Benny Golson, Kenny Wheeler oder Lee Konitz auch als \u00c2\u00bbProfessor f\u00c3\u00bcr Urbane Wissensformen und Organisationstheorie\u00c2\u00ab lehrt, k\u00c3\u00b6nnte daf\u00c3\u00bcr sorgen, dass der 55-j\u00c3\u00a4hrige an seinem Schlaginstrument ebenfalls die eine oder andere Strippe zieht.<\/p>\n<p>Man kommt ins Tr\u00c3\u00a4umen, wenn man sich nur vorstellt, was diese Musiker in den zwei Wochen ihrer republikumspannenden <strong>JazzNights Tour<\/strong> auf die B\u00c3\u00bchne bringen werden. Die Fans eines jeden einzelnen Bandmitglieds werden neue Seiten an ihren Stars entdecken und gemeinsam mit ihnen eine Art Jam-Session 2.0 feiern, bei der das Ganze, diese Bandbreite von Cool-Jazz \u00c3\u00bcber Soul-Grooves und Funk bis zu Haffners \u00e2\u20ac\u00baKind of Tango\u00e2\u20ac\u00b9, mehr ergibt als die Summe seiner Teile. Keine Frage: Es wird ein Ereignis, nicht nur f\u00c3\u00bcr Wolfgang Haffner, den Leader dieser hochkar\u00c3\u00a4tigen Dreamband, sondern vor allem f\u00c3\u00bcr das Publikum, dem der Superdrummer und seine Mitmusiker im Verlauf dieser JazzNights reichlich Stoff zum faszinierten Fantasieren liefern werden. Wach ich oder tr\u00c3\u00a4um ich? Beides, v\u00c3\u00b6llig klar.<\/p>\n<p>&nbsp;<\/p>\n<p>Randy Brecker\u00c2\u00a0\u00c2\u00a0\u00c2\u00a0\u00c2\u00a0\u00c2\u00a0\u00c2\u00a0\u00c2\u00a0\u00c2\u00a0 \u00c2\u00a0 (trumpet)<\/p>\n<p>Nils Landgren\u00c2\u00a0\u00c2\u00a0\u00c2\u00a0\u00c2\u00a0\u00c2\u00a0\u00c2\u00a0\u00c2\u00a0\u00c2\u00a0\u00c2\u00a0\u00c2\u00a0 \u00c2\u00a0 (posaune\/vocals)<\/p>\n<p>Bill Evans\u00c2\u00a0\u00c2\u00a0\u00c2\u00a0\u00c2\u00a0\u00c2\u00a0\u00c2\u00a0\u00c2\u00a0\u00c2\u00a0\u00c2\u00a0\u00c2\u00a0\u00c2\u00a0\u00c2\u00a0\u00c2\u00a0\u00c2\u00a0\u00c2\u00a0\u00c2\u00a0\u00c2\u00a0 \u00c2\u00a0 (saxophones\/vocals)<\/p>\n<p>Simon Oslender\u00c2\u00a0\u00c2\u00a0\u00c2\u00a0\u00c2\u00a0\u00c2\u00a0\u00c2\u00a0\u00c2\u00a0 (hammond B3)<\/p>\n<p>Christopher Dell\u00c2\u00a0\u00c2\u00a0\u00c2\u00a0\u00c2\u00a0\u00c2\u00a0\u00c2\u00a0 (vibes)<\/p>\n<p>Wolfgang Haffner\u00c2\u00a0\u00c2\u00a0\u00c2\u00a0\u00c2\u00a0 (drums)<\/p>\n<p>Thomas Stieger\u00c2\u00a0 \u00c2\u00a0 \u00c2\u00a0 \u00c2\u00a0 \u00c2\u00a0 (bass)<\/p>\n<p>&nbsp;<\/p>\n<p>Tickets: 040 413 22 60 \/\/ kj.de \/\/ <a href=\"mailto:tickets@kj.de\">tickets@kj.de<\/a><\/p>\n<p>&nbsp;<\/p>\n<p><strong>WEBSITE<\/strong><strong>\u00c2\u00a0\u00c2\u00a0\u00c2\u00a0\u00c2\u00a0\u00c2\u00a0\u00c2\u00a0\u00c2\u00a0\u00c2\u00a0\u00c2\u00a0\u00c2\u00a0\u00c2\u00a0\u00c2\u00a0\u00c2\u00a0\u00c2\u00a0\u00c2\u00a0\u00c2\u00a0\u00c2\u00a0\u00c2\u00a0\u00c2\u00a0\u00c2\u00a0\u00c2\u00a0\u00c2\u00a0\u00c2\u00a0\u00c2\u00a0\u00c2\u00a0\u00c2\u00a0\u00c2\u00a0\u00c2\u00a0 <\/strong><a href=\"http:\/\/www.wolfganghaffner.com\">www.wolfganghaffner.com<\/a><\/p>\n<p><strong>FACEBOOK<\/strong><strong>\u00c2\u00a0\u00c2\u00a0\u00c2\u00a0\u00c2\u00a0\u00c2\u00a0\u00c2\u00a0\u00c2\u00a0\u00c2\u00a0\u00c2\u00a0\u00c2\u00a0\u00c2\u00a0\u00c2\u00a0\u00c2\u00a0\u00c2\u00a0\u00c2\u00a0\u00c2\u00a0\u00c2\u00a0\u00c2\u00a0\u00c2\u00a0\u00c2\u00a0\u00c2\u00a0\u00c2\u00a0\u00c2\u00a0\u00c2\u00a0 <\/strong><a href=\"http:\/\/www.facebook.com\/wolfganghaffnerdrums\">www.facebook.com\/wolfganghaffnerdrums<\/a><\/p>\n<p><strong>INSTAGRAM<\/strong><strong>\u00c2\u00a0 \u00c2\u00a0 \u00c2\u00a0 \u00c2\u00a0 \u00c2\u00a0 \u00c2\u00a0 \u00c2\u00a0 \u00c2\u00a0 \u00c2\u00a0 \u00c2\u00a0 \u00c2\u00a0 <\/strong><a href=\"http:\/\/www.instagram.com\/wolfgang_haffner_official\">www.instagram.com\/wolfgang_haffner_official<\/a><\/p>\n<p><strong>YOUTUBE<\/strong><strong>\u00c2\u00a0\u00c2\u00a0\u00c2\u00a0\u00c2\u00a0\u00c2\u00a0\u00c2\u00a0\u00c2\u00a0\u00c2\u00a0\u00c2\u00a0\u00c2\u00a0\u00c2\u00a0\u00c2\u00a0\u00c2\u00a0\u00c2\u00a0\u00c2\u00a0\u00c2\u00a0\u00c2\u00a0\u00c2\u00a0\u00c2\u00a0\u00c2\u00a0\u00c2\u00a0\u00c2\u00a0\u00c2\u00a0\u00c2\u00a0\u00c2\u00a0\u00c2\u00a0 <\/strong><a href=\"http:\/\/www.youtube.com\/user\/ACTMusicOfficial\">www.youtube.com\/user\/ACTMusicOfficial<\/a><\/p>\n<p>&nbsp;<\/p>\n<p>&nbsp;<\/p>\n<p>&nbsp;<\/p>\n<table width=\"661\">\n<tbody>\n<tr>\n<td width=\"109\"><strong>\u00c2\u00a0<\/strong><\/p>\n<p><strong>WOCHENTAG<\/strong><\/p>\n<p><strong>\u00c2\u00a0<\/strong><\/td>\n<td width=\"91\"><strong>\u00c2\u00a0<\/strong><\/p>\n<p><strong>DATUM<\/strong><\/p>\n<p><strong>\u00c2\u00a0<\/strong><\/td>\n<td width=\"136\"><strong>\u00c2\u00a0<\/strong><\/p>\n<p><strong>STADT<\/strong><\/p>\n<p><strong>\u00c2\u00a0<\/strong><\/td>\n<td width=\"180\"><strong>\u00c2\u00a0<\/strong><\/p>\n<p><strong>VERANSTALTUNGSORT<\/strong><\/p>\n<p><strong>\u00c2\u00a0<\/strong><\/td>\n<td width=\"146\"><strong>\u00c2\u00a0<\/strong><\/td>\n<\/tr>\n<tr>\n<td width=\"109\">FREITAG<\/td>\n<td width=\"91\"><strong>05.11.2021<\/strong><\/td>\n<td width=\"136\"><strong>INGOLSTADT<\/strong><\/td>\n<td width=\"180\"><em>Ingolst\u00c3\u00a4dter Jazztage <\/em><\/p>\n<p><em>(Termin ohne Nils Landgren)<\/em><\/td>\n<td width=\"146\"><strong><em>\u00c2\u00a0<\/em><\/strong><\/td>\n<\/tr>\n<tr>\n<td width=\"109\">SONNTAG<\/td>\n<td width=\"91\"><strong>07.11.2021<\/strong><\/td>\n<td width=\"136\"><strong>N\u00c3\u0153RNBERG<\/strong><\/td>\n<td width=\"180\"><em>Meistersingerhalle <\/em><\/td>\n<td width=\"146\"><strong><em>\u00c2\u00a0<\/em><\/strong><\/td>\n<\/tr>\n<tr>\n<td width=\"109\">MONTAG<\/td>\n<td width=\"91\"><strong>08.11.2021<\/strong><\/td>\n<td width=\"136\"><strong>FRANKFURT<\/strong><\/td>\n<td width=\"180\"><em>Alte Oper<\/em><\/td>\n<td width=\"146\"><strong><em>\u00c2\u00a0<\/em><\/strong><\/td>\n<\/tr>\n<tr>\n<td width=\"109\">DIENSTAG<\/td>\n<td width=\"91\"><strong>09.11.2021<\/strong><\/td>\n<td width=\"136\"><strong>BERLIN<\/strong><\/td>\n<td width=\"180\"><em>Admiralspalast<\/em><\/td>\n<td width=\"146\"><strong><em>\u00c2\u00a0<\/em><\/strong><\/td>\n<\/tr>\n<tr>\n<td width=\"109\">MITTWOCH<\/td>\n<td width=\"91\"><strong>10.11.2021<\/strong><\/td>\n<td width=\"136\"><strong>M\u00c3\u0153NCHEN<\/strong><\/td>\n<td width=\"180\"><em>Prinzregententheater<\/em><\/td>\n<td width=\"146\"><strong><em>\u00c2\u00a0<\/em><\/strong><\/td>\n<\/tr>\n<tr>\n<td width=\"109\">FREITAG<\/td>\n<td width=\"91\"><strong>12.11.2021<\/strong><\/td>\n<td width=\"136\"><strong>ERFURT<\/strong><\/td>\n<td width=\"180\"><em>Zughafen<\/em><\/td>\n<td width=\"146\"><strong><em>\u00c2\u00a0<\/em><\/strong><\/td>\n<\/tr>\n<tr>\n<td width=\"109\">SAMSTAG<\/td>\n<td width=\"91\"><strong>13.11.2021<\/strong><\/td>\n<td width=\"136\"><strong>HAMBURG<\/strong><\/td>\n<td width=\"180\"><em>Laeiszhalle<\/em><\/td>\n<td width=\"146\"><strong><em>\u00c2\u00a0<\/em><\/strong><\/td>\n<\/tr>\n<tr>\n<td width=\"109\">SONNTAG<\/td>\n<td width=\"91\"><strong>14.11.2021<\/strong><\/td>\n<td width=\"136\"><strong>LEVERKUSEN<\/strong><\/td>\n<td width=\"180\"><em>Leverkusener Jazztage<\/em><\/td>\n<td width=\"146\"><strong><em>\u00c2\u00a0<\/em><\/strong><\/td>\n<\/tr>\n<tr>\n<td width=\"109\">MONTAG<\/td>\n<td width=\"91\"><strong>15.11.2021<\/strong><\/td>\n<td width=\"136\"><strong>NEUNKIRCHEN<\/strong><\/td>\n<td width=\"180\"><em>Neue Gebl\u00c3\u00a4ssehalle<\/em><\/td>\n<td width=\"146\"><strong><em>\u00c2\u00a0<\/em><\/strong><\/td>\n<\/tr>\n<tr>\n<td width=\"109\">DIENSTAG<\/td>\n<td width=\"91\"><strong>16.11.2021<\/strong><\/td>\n<td width=\"136\"><strong>BIELEFELD<\/strong><\/td>\n<td width=\"180\"><em>Rudolf-Oetker-Halle<\/em><\/td>\n<td width=\"146\"><strong><em>\u00c2\u00a0<\/em><\/strong><\/td>\n<\/tr>\n<tr>\n<td width=\"109\">MITTWOCH<\/td>\n<td width=\"91\"><strong>17.11.2021<\/strong><\/td>\n<td width=\"136\"><strong>DORTMUND<\/strong><\/td>\n<td width=\"180\"><em>Konzerthaus<\/em><\/td>\n<td width=\"146\"><strong><em>\u00c2\u00a0<\/em><\/strong><\/td>\n<\/tr>\n<tr>\n<td width=\"109\">DONNERSTAG<\/td>\n<td width=\"91\"><strong>18.11.2021<\/strong><\/td>\n<td width=\"136\"><strong>BADEN-BADEN<\/strong><\/td>\n<td width=\"180\"><em>Festspielhaus<\/em><\/td>\n<td width=\"146\"><strong><em>\u00c2\u00a0<\/em><\/strong><\/td>\n<\/tr>\n<tr>\n<td width=\"109\">FREITAG<\/td>\n<td width=\"91\"><strong>19.11.2021<\/strong><\/td>\n<td width=\"136\"><strong>BREMEN<\/strong><\/td>\n<td width=\"180\"><em>Die Glocke<\/em><\/td>\n<td width=\"146\"><strong><em>\u00c2\u00a0<\/em><\/strong><\/td>\n<\/tr>\n<\/tbody>\n<\/table>\n<p>&nbsp;<\/p>\n<p>&nbsp;<\/p>\n<p>&nbsp;<\/p>\n<p><img loading=\"lazy\" decoding=\"async\" class=\"alignnone size-medium wp-image-16114\" src=\"https:\/\/www.qrious.de\/wp-content\/uploads\/2021\/09\/JN_logo-ohne-Jahreszahl-300x157.jpg\" alt=\"\" width=\"300\" height=\"157\" srcset=\"https:\/\/www.qrious.de\/wp-content\/uploads\/2021\/09\/JN_logo-ohne-Jahreszahl-300x157.jpg 300w, https:\/\/www.qrious.de\/wp-content\/uploads\/2021\/09\/JN_logo-ohne-Jahreszahl-1024x536.jpg 1024w, https:\/\/www.qrious.de\/wp-content\/uploads\/2021\/09\/JN_logo-ohne-Jahreszahl-150x79.jpg 150w, https:\/\/www.qrious.de\/wp-content\/uploads\/2021\/09\/JN_logo-ohne-Jahreszahl-768x402.jpg 768w, https:\/\/www.qrious.de\/wp-content\/uploads\/2021\/09\/JN_logo-ohne-Jahreszahl-1536x804.jpg 1536w, https:\/\/www.qrious.de\/wp-content\/uploads\/2021\/09\/JN_logo-ohne-Jahreszahl-270x141.jpg 270w, https:\/\/www.qrious.de\/wp-content\/uploads\/2021\/09\/JN_logo-ohne-Jahreszahl-645x338.jpg 645w, https:\/\/www.qrious.de\/wp-content\/uploads\/2021\/09\/JN_logo-ohne-Jahreszahl-345x181.jpg 345w, https:\/\/www.qrious.de\/wp-content\/uploads\/2021\/09\/JN_logo-ohne-Jahreszahl-600x314.jpg 600w, https:\/\/www.qrious.de\/wp-content\/uploads\/2021\/09\/JN_logo-ohne-Jahreszahl.jpg 1694w\" sizes=\"auto, (max-width: 300px) 100vw, 300px\" \/><\/p>\n<p><strong>Die gr\u00c3\u00b6\u00c3\u0178ten Namen des Jazz in den sch\u00c3\u00b6nsten Hallen Deutschlands <\/strong>\u00e2\u20ac\u201c\u00e2\u20ac\u201c das ist seit nunmehr 22 Jahren Credo und <em>mission statement <\/em>der JazzNights, einer der erfolgreichsten Konzertserien im Bereich dieses Genres in Deutschland.<\/p>\n<p>Initiator und Mastermind hinter dieser \u00c3\u00bcberaus erfolgreichen Konzertserie ist <strong>Karsten Jahnke<\/strong>, den man innerhalb der Branche vor allem als seit langen Jahren hochprofilierten <strong>Veranstalter von Live-Auftritten hochkar\u00c3\u00a4tiger Pop- und Rock-Acts <\/strong>internationaler oder auch heimischer Herkunft kennt \u00e2\u20ac\u201c\u00e2\u20ac\u201c darunter Publikumsmagnete wie z.B. Luka Bloom, Peter Gabriel, Erasure, Konstantin Wecker &amp; Hannes Wader, Air, Franz Ferdinand, Danko Jones, The Cure, Ute Lemper, The White Stripes, Foo Fighters, The Strokes und \u00c3\u00a4hnliche Kaliber (um wirklich nur eine aktuelle Auswahl anzuf\u00c3\u00bchren).<\/p>\n<p>&#8220;Eigentlich&#8221;, muss man an dieser Stelle fast sagen; denn neben dem F\u00c3\u00bcllen von Arenen und Sportpal\u00c3\u00a4sten durch bzw. f\u00c3\u00bcr K\u00c3\u00bcnstler wie den vorgenannten geh\u00c3\u00b6rt die Leidenschaft des umtriebigen Organisators seit jeher einer Art Musik, die gemeinhin als nicht in solchem Ma\u00c3\u0178e breitenf\u00c3\u00a4hig gilt, dem <strong>Jazz<\/strong>. Mehr noch \u00e2\u20ac\u201c\u00e2\u20ac\u201c dem Wunsch, seine &#8220;Leib- und Magenmusik&#8221;, wie Jahnke selbst den Jazz auch gerne nennt, einem m\u00c3\u00b6glichst gro\u00c3\u0178en Publikum nahezubringen.<\/p>\n<p>&#8220;Ich habe noch nie eingesehen, dass Jazz nur in kleinen verr\u00c3\u00a4ucherten Schuppen zu Hause sein k\u00c3\u00b6nnen soll&#8221;, \u00c3\u00a4u\u00c3\u0178ert Jahnke hierzu, &#8220;und habe lange nach einem Weg gesucht, diese exquisite Musik auch in dem exquisiten Rahmen zu pr\u00c3\u00a4sentieren, den sie meiner Meinung nach verdient.&#8221; Mit dieser Ansicht war Jahnke zwar nicht alleine, doch dauerte es bis Ende der 90er Jahre, bis er Sponsoring-Partner fand, die den Mut und die Mittel mitbrachten ein Experiment mitzutragen, das es in einer vergleichbaren Gr\u00c3\u00b6\u00c3\u0178enordnung zuvor noch nicht gegeben hatte.<\/p>\n<p>1998 war es endlich so weit, dass ein ernsthafter Versuch in Angriff genommen werden konnte, die Vision in die Wirklichkeit zu holen. &#8220;Urspr\u00c3\u00bcnglich war geplant, dass <strong>Michel Petrucciani <\/strong>die JazzNights-Reihe er\u00c3\u00b6ffnen sollte&#8221;, erinnert sich Jahnke. Petrucciani \u00e2\u20ac\u201c\u00e2\u20ac\u201c jener grandiose Pianist franz\u00c3\u00b6sisch-sizilianischer Abstammung, der trotz krankheitsbedingter K\u00c3\u00b6rpergr\u00c3\u00b6\u00c3\u0178e von kaum einem Meter mit entsprechend geringer Armspanne die Klaviatur ebenso souver\u00c3\u00a4n wie inspiriert beherrschte \u00e2\u20ac\u201c\u00e2\u20ac\u201c teilte den Wunsch, &#8220;den Jazz aus den Clubs in die Konzerts\u00c3\u00a4le zu bringen; dorthin, wo die klassische Musik gespielt wird&#8221;, wie schon in den ersten Programmheften der JazzNights zitiert. Leider verhinderte Petruccianis viel zu fr\u00c3\u00bcher Tod, dass er selbst an einem wichtigen Schritt zur Umsetzung dieses Wunsches teilhaben konnte; eine geringe Manifestation der tragischen L\u00c3\u00bccke, die der kleine gro\u00c3\u0178e Klaviervirtuose im Gesamtbild der musikalischen Welt hinterlassen hat.<\/p>\n<p>&#8220;Dass Michel an Programm und Entwicklung der JazzNights seine Freude gehabt h\u00c3\u00a4tte, daran haben wir bis heute keinen Zweifel&#8221;, so Jahnke; und die <strong>ebenso lange wie eindrucksvolle Liste hervorragender K\u00c3\u00bcnstler<\/strong>, welche die JazzNights in den vierzehn Jahren ihrer Existenz nach Deutschland zu einem durchweg begeistertem Publikum gebracht haben, l\u00c3\u00a4sst diese Aussage mehr als plausibel erscheinen: Ob gestandene Veteranen oder <em>young lions<\/em>; stets betraten nur die Besten der Besten die B\u00c3\u00bchne, wenn sich der Vorhang zu einer weiteren JazzNight hob: <strong>Joshua Redman, Branford Marsalis, Herbie Hancock, Sonny Rollins, Wayne Shorter<\/strong> Diven wie <strong>Diana Krall, Dianne Reeves <\/strong>und <strong>Dee Dee Bridgewater<\/strong>, weiterhin <strong>Jacky Terrasson, Gonzalo Rubalcaba, Chick Corea, Wynton Marsalis, Roy Hargrove, Bill Frisell, Brad Mehldau, Terry Callier, Dave Brubeck, Gary Burton, Terence Blanchard, Bir\u00c3\u00a9li Lagr\u00c3\u00a8ne<\/strong>, <strong>Nils Landgren, Pat Metheny, Charlie Haden<\/strong>, <strong>Rigmor Gustafsson, John McLaughlin&#8217;s<\/strong> <strong>Shakti, Till Br\u00c3\u00b6nner <\/strong>und <strong>Joy Denalane<\/strong>,<strong> Cassandra Wilson<\/strong>, die <em>Wave Music AllStars<\/em> (featuring <strong>Oleta Adams<\/strong>),<strong> Branford Marsalis, Abdullah Ibrahim,<\/strong> <strong>David Sanborn + Lizz Wright,<\/strong> <strong>Silje Nergaard, Viktoria Tolstoy <\/strong>die <strong>NDR Big Band <\/strong>und das <strong>Geir Lysne Listening Ensemble, Klaus Doldinger <\/strong>mit seiner Jubil\u00c3\u00a4umstour zum 70sten Geburtstag, <strong>Randy Crawford &amp; Joe Sample, e.s.t., McCoy Tyner, Roy Haynes, Al Jarreau, Gregory Porter<\/strong>&#8230; Sie alle waren dabei, jede\/r Einzelne ein Garant f\u00c3\u00bcr Petruccianis gefl\u00c3\u00bcgeltes Wort vom Jazz als der &#8216;klassischen Musik des 21. Jahrhunderts&#8217;. Unbestritten. <strong>JazzNights sind N\u00c3\u00a4chte voller Sterne<\/strong>.<\/p>\n<p>Einmal mehr sind also h\u00c3\u00b6chste Erwartungen hinsichtlich unvergesslicher Konzertabende gerechtfertigt. Freuen Sie sich mit uns auf nicht weniger als Live-<strong>Jazz vom Feinsten, was das Genre zu bieten hat.<\/strong><\/p>\n<p><strong>\u00c2\u00a0<\/strong><\/p>\n<p>&nbsp;<\/p>\n<p>&nbsp;[:en]<img loading=\"lazy\" decoding=\"async\" class=\"alignnone size-medium wp-image-16114\" src=\"https:\/\/www.qrious.de\/wp-content\/uploads\/2021\/09\/JN_logo-ohne-Jahreszahl-300x157.jpg\" alt=\"\" width=\"300\" height=\"157\" srcset=\"https:\/\/www.qrious.de\/wp-content\/uploads\/2021\/09\/JN_logo-ohne-Jahreszahl-300x157.jpg 300w, https:\/\/www.qrious.de\/wp-content\/uploads\/2021\/09\/JN_logo-ohne-Jahreszahl-1024x536.jpg 1024w, https:\/\/www.qrious.de\/wp-content\/uploads\/2021\/09\/JN_logo-ohne-Jahreszahl-150x79.jpg 150w, https:\/\/www.qrious.de\/wp-content\/uploads\/2021\/09\/JN_logo-ohne-Jahreszahl-768x402.jpg 768w, https:\/\/www.qrious.de\/wp-content\/uploads\/2021\/09\/JN_logo-ohne-Jahreszahl-1536x804.jpg 1536w, https:\/\/www.qrious.de\/wp-content\/uploads\/2021\/09\/JN_logo-ohne-Jahreszahl-270x141.jpg 270w, https:\/\/www.qrious.de\/wp-content\/uploads\/2021\/09\/JN_logo-ohne-Jahreszahl-645x338.jpg 645w, https:\/\/www.qrious.de\/wp-content\/uploads\/2021\/09\/JN_logo-ohne-Jahreszahl-345x181.jpg 345w, https:\/\/www.qrious.de\/wp-content\/uploads\/2021\/09\/JN_logo-ohne-Jahreszahl-600x314.jpg 600w, https:\/\/www.qrious.de\/wp-content\/uploads\/2021\/09\/JN_logo-ohne-Jahreszahl.jpg 1694w\" sizes=\"auto, (max-width: 300px) 100vw, 300px\" \/><\/p>\n<p><img loading=\"lazy\" decoding=\"async\" class=\"alignnone size-medium wp-image-16115\" src=\"https:\/\/www.qrious.de\/wp-content\/uploads\/2021\/09\/Wolfgang-Haffner-2019_2-\u00c2\u00a9-ACT_Antje-Wiech-300x300.jpg\" alt=\"\" width=\"300\" height=\"300\" \/><\/p>\n<p>&nbsp;<\/p>\n<p><strong>WOLFGANG HAFFNER\u00e2\u20ac\u2122S DREAMBAND<\/strong><\/p>\n<p>JAZZNIGHTS 2021<\/p>\n<p>\u00c2\u00bbIch habe einen Traum\u00c2\u00ab hei\u00c3\u0178t eine Serie in der Wochenzeitung Die Zeit. Es ist ein ber\u00c3\u00bchmtes Zitat des afrikanisch-amerikanischen B\u00c3\u00bcrgerrechtlers Dr. Martin Luther King, Jr., das in diesen Artikeln Politiker*innen, K\u00c3\u00bcnstler*innen, Sportler*innen und andere Tr\u00c3\u00a4umer*innen anregt davon zu erz\u00c3\u00a4hlen, was sie denken und wovon sie tr\u00c3\u00a4umen. W\u00c3\u00bcrde man Wolfgang Haffner nach seinen Tr\u00c3\u00a4umen befragen, k\u00c3\u00a4men als Antwort f\u00c3\u00bcnf Namen \u00e2\u20ac\u201c aus all den tausenden, oft weltber\u00c3\u00bchmten und sagenumwobenen, mit denen Deutschlands \u00c2\u00bbbester\u00c2\u00ab (Die Welt), \u00c2\u00bbcoolster\u00c2\u00ab (ARD ttt) und \u00c2\u00bbwichtigster Drummer seiner Generation\u00c2\u00ab (S\u00c3\u00bcddeutsche Zeitung) schon gespielt hat. Ja, man kann ziemlich sicher sein: Der 55-J\u00c3\u00a4hrige w\u00c3\u00bcrde die Musiker nennen, die jetzt seine Dreamband ausmachen mit der er im November 2021 auf JazzNights-Tour geht.<\/p>\n<p>&nbsp;<\/p>\n<p>Eigentlich ist Wolfgang Haffner kein Frontmann. Er findet es \u00c2\u00bbherrlich\u00c2\u00ab, wie er erst k\u00c3\u00bcrzlich in einem Interview sagte, im Hintergrund die Strippen zu ziehen. Denn: \u00c2\u00bbEine Band, die gut klingt, hat immer einen guten Schlagzeuger\u00c2\u00ab. Die \u00c3\u00bcber 400 Alben, auf denen er in dieser Funktion zu h\u00c3\u00b6ren ist, geben ihm Recht. Dass seine Karriere mit 18 begann, als ihn Albert Mangelsdorff in seine Band holte, dass ihn einige Jahre sp\u00c3\u00a4ter Klaus Doldinger zu Passport holte, wo er elf Jahre lang mehr als nur den Takt angab, spricht B\u00c3\u00a4nde. Mit so unterschiedlichen Stars wie Chaka Khan oder Nightmares On Wax, Al Jarreau oder Die Fantastischen Vier, Michael Wollny oder Pat Metheny, Jan Garbarek, Hildegard Knef und vielen, vielen mehr war Wolfgang Haffner im Studio oder live unterwegs. Letzteres quer durch Europa, von S\u00c3\u00bcdafrika \u00c3\u00bcber die USA bis Brasilien, insgesamt in einhundert L\u00c3\u00a4ndern. Sechzehn Soloalben hat der ECHO-Preistr\u00c3\u00a4ger w\u00c3\u00a4hrend seiner bald vierzig Jahre andauernden Karriere ver\u00c3\u00b6ffentlicht. Sie landeten immer weit oben in den Jazzcharts und oft sogar in den Popcharts.<\/p>\n<p>&nbsp;<\/p>\n<p>Mit Wolfgang Haffner\u00e2\u20ac\u02dcs Dreamband schl\u00c3\u00a4gt der Musiker jetzt ein neues Kapitel auf. Aus den USA, aus Schweden und Deutschland kommen im November 2021 die Musiker f\u00c3\u00bcr diese JazzNights zusammen. Sie alle sind Virtuosen ihres instrumentalen Fachs, Leader eigener Bands, erfahrene Jazz-Koriph\u00c3\u00a4en, so unterschiedlich wie perfekt passend, auch wenn der Altersunterschied auch mal \u00c3\u00bcber f\u00c3\u00bcnfzig Jahre reicht. Und sie sind gute Bekannte, ja, Freunde von Wolfgang Haffner.<\/p>\n<p>Ganz oben auf der Liste steht der Trompeter <strong>Randy Brecker<\/strong>, mit dessen super-tighther Fusion-Formation mit Bruder Michael namens Brecker Brothers der Drummer auch schon live gespielt hat. Der inzwischen 75-J\u00c3\u00a4hrige ist mehrfacher Grammy-Gewinner und ein lebendiges Beispiel f\u00c3\u00bcr die integrative Energie des Jazz \u00e2\u20ac\u201c er war Gr\u00c3\u00bcndungsmitglied von Blood, Sweat &amp; Tears und spielte in den Gruppen von Jazz-Helden wie Art Blakey, Horace Silver oder Charlie Mingus, aber auch mit Stevie Wonder, Bruce Springsteen, Frank Zappa oder Jaco Pastorius. All das und mehr lebt und atmet Randy Brecker in jeder gestochen scharfen Note seines Trompeten-Spiels.<\/p>\n<p>Der zweite Brass-Bolide in dieser Traumband ist kein geringerer als \u00c2\u00bbThe Man With The Red Horn\u00c2\u00ab, sprich: der schwedische Posaunist und S\u00c3\u00a4nger Nils Landgren. Der vielfach preisgekr\u00c3\u00b6nte Leiter der <strong>Nils Landgren<\/strong> Funk Unit ist einer der erfolgreichsten europ\u00c3\u00a4ischen Jazzmusiker, von Stationen bei ABBA \u00c3\u00bcber Auftritte mit Herbie Hancock oder The Crusaders bis zu umjubelten eigenen Projekten, auch mit Kollegen wie Joe Sample oder Till Br\u00c3\u00b6nner. Dass Landgren erste musikalische Gehversuche am Schlagzeug machte und f\u00c3\u00bcr Haffners Album \u00e2\u20ac\u00baShapes\u00e2\u20ac\u00b9 vor gut 15 Jahren sogar als Co-Produzent verantwortlich zeichnete, d\u00c3\u00bcrfte der gemeinsamen Sache auch f\u00c3\u00b6rderlich sein. Diese Musiker verstehen sich, auch abseits der B\u00c3\u00bchne, was ihrem innigen, intuitiven Zusammenspiel zudem Intimit\u00c3\u00a4t verleiht.<\/p>\n<p>Der dritte Mann in der Horn-Section ist ebenfalls ein guter und langj\u00c3\u00a4hriger Kollege: der amerikanische Saxofonist <strong>Bill Evans<\/strong>, nicht zu verwechseln mit dem gleichnamigen Pianisten. Fr\u00c3\u00bch gef\u00c3\u00b6rdert von Miles Davis \u00e2\u20ac\u201c der Ritterschlag schlechthin im Jazz \u00e2\u20ac\u201c hat sich Evans einen hervorragenden Ruf als kraftvoller Melodiker im modernen Fusion-Olymp erspielt. Auf seinen mehr als zwanzig Alben als Leader ist \u00c3\u00bcbrigens immer wieder auch Randy Brecker zu h\u00c3\u00b6ren. Und zu Bill Evans seit 2018 bestehender Band Spykillers geh\u00c3\u00b6ren auch Wolfgang Haffner und der Junior dieser Traumband, der Keyboarder <strong>Simon Oslender<\/strong>. Der 22-j\u00c3\u00a4hrige Aachener, der ebenfalls urspr\u00c3\u00bcnglich Schlagzeugunterricht bekam, spielt seit seinem f\u00c3\u00bcnften Lebensjahr Hammond Orgel, inzwischen auch alle erdenklichen Keyboards und Piano, und hat 2020 nicht nur sein Deb\u00c3\u00bctalbum als Leader ver\u00c3\u00b6ffentlicht, sondern ist auch auf dem im selben Jahr erschienenen Album \u00e2\u20ac\u00baKind of Tango\u00e2\u20ac\u00b9 von Wolfgang Haffner zu h\u00c3\u00b6ren. In dessen Band er seit mindestens zwei Jahren fest engagiert ist.<\/p>\n<p>Ein weiteres Ausnahmetalent der Dreamband-Besatzung bildet der Bassist <strong>Thomas Stieger<\/strong>. Geboren und aufgewachsen in Breisach a. Rh., zog es Thomas Stieger 2006 nach Berlin zum Musikstudium an der Universit\u00c3\u00a4t der K\u00c3\u00bcnste \/ Hochschule f\u00c3\u00bcr Musik Hanns Eisler und arbeitet seitdem haupts\u00c3\u00a4chlich als Bassist, Sideman und Sessionmusiker mit national und international renommierten Acts. Dazuz\u00c3\u00a4hlen kann man Legenden wie Gregory Porter, Martin Gubinger, Nils Landgren, James Bay, Nils W\u00c3\u00bclker und China Moses.<\/p>\n<p>Last but not least komplettiert der \u00c2\u00bbf\u00c3\u00bchrende Vibrafonist seiner Generation\u00c2\u00ab, so das Reclam Jazz Lexikon, diese Traumbesetzung. Dass <strong>Christopher Dell<\/strong> neben seinen Erfahrungen mit der NDR Bigband, mit internationalen Ikonen wie Benny Golson, Kenny Wheeler oder Lee Konitz auch als \u00c2\u00bbProfessor f\u00c3\u00bcr Urbane Wissensformen und Organisationstheorie\u00c2\u00ab lehrt, k\u00c3\u00b6nnte daf\u00c3\u00bcr sorgen, dass der 55-j\u00c3\u00a4hrige an seinem Schlaginstrument ebenfalls die eine oder andere Strippe zieht.<\/p>\n<p>Man kommt ins Tr\u00c3\u00a4umen, wenn man sich nur vorstellt, was diese Musiker in den zwei Wochen ihrer republikumspannenden <strong>JazzNights Tour<\/strong> auf die B\u00c3\u00bchne bringen werden. Die Fans eines jeden einzelnen Bandmitglieds werden neue Seiten an ihren Stars entdecken und gemeinsam mit ihnen eine Art Jam-Session 2.0 feiern, bei der das Ganze, diese Bandbreite von Cool-Jazz \u00c3\u00bcber Soul-Grooves und Funk bis zu Haffners \u00e2\u20ac\u00baKind of Tango\u00e2\u20ac\u00b9, mehr ergibt als die Summe seiner Teile. Keine Frage: Es wird ein Ereignis, nicht nur f\u00c3\u00bcr Wolfgang Haffner, den Leader dieser hochkar\u00c3\u00a4tigen Dreamband, sondern vor allem f\u00c3\u00bcr das Publikum, dem der Superdrummer und seine Mitmusiker im Verlauf dieser JazzNights reichlich Stoff zum faszinierten Fantasieren liefern werden. Wach ich oder tr\u00c3\u00a4um ich? Beides, v\u00c3\u00b6llig klar.<\/p>\n<p>&nbsp;<\/p>\n<p>Randy Brecker\u00c2\u00a0\u00c2\u00a0\u00c2\u00a0\u00c2\u00a0\u00c2\u00a0\u00c2\u00a0\u00c2\u00a0\u00c2\u00a0 \u00c2\u00a0 (trumpet)<\/p>\n<p>Nils Landgren\u00c2\u00a0\u00c2\u00a0\u00c2\u00a0\u00c2\u00a0\u00c2\u00a0\u00c2\u00a0\u00c2\u00a0\u00c2\u00a0\u00c2\u00a0\u00c2\u00a0 \u00c2\u00a0 (posaune\/vocals)<\/p>\n<p>Bill Evans\u00c2\u00a0\u00c2\u00a0\u00c2\u00a0\u00c2\u00a0\u00c2\u00a0\u00c2\u00a0\u00c2\u00a0\u00c2\u00a0\u00c2\u00a0\u00c2\u00a0\u00c2\u00a0\u00c2\u00a0\u00c2\u00a0\u00c2\u00a0\u00c2\u00a0\u00c2\u00a0\u00c2\u00a0 \u00c2\u00a0 (saxophones\/vocals)<\/p>\n<p>Simon Oslender\u00c2\u00a0\u00c2\u00a0\u00c2\u00a0\u00c2\u00a0\u00c2\u00a0\u00c2\u00a0\u00c2\u00a0 (hammond B3)<\/p>\n<p>Christopher Dell\u00c2\u00a0\u00c2\u00a0\u00c2\u00a0\u00c2\u00a0\u00c2\u00a0\u00c2\u00a0 (vibes)<\/p>\n<p>Wolfgang Haffner\u00c2\u00a0\u00c2\u00a0\u00c2\u00a0\u00c2\u00a0 (drums)<\/p>\n<p>Thomas Stieger\u00c2\u00a0 \u00c2\u00a0 \u00c2\u00a0 \u00c2\u00a0 \u00c2\u00a0 (bass)<\/p>\n<p>&nbsp;<\/p>\n<p>Tickets: 040 413 22 60 \/\/ kj.de \/\/ <a href=\"mailto:tickets@kj.de\">tickets@kj.de<\/a><\/p>\n<p>&nbsp;<\/p>\n<p><strong>WEBSITE<\/strong><strong>\u00c2\u00a0\u00c2\u00a0\u00c2\u00a0\u00c2\u00a0\u00c2\u00a0\u00c2\u00a0\u00c2\u00a0\u00c2\u00a0\u00c2\u00a0\u00c2\u00a0\u00c2\u00a0\u00c2\u00a0\u00c2\u00a0\u00c2\u00a0\u00c2\u00a0\u00c2\u00a0\u00c2\u00a0\u00c2\u00a0\u00c2\u00a0\u00c2\u00a0\u00c2\u00a0\u00c2\u00a0\u00c2\u00a0\u00c2\u00a0\u00c2\u00a0\u00c2\u00a0\u00c2\u00a0\u00c2\u00a0 <\/strong><a href=\"http:\/\/www.wolfganghaffner.com\">www.wolfganghaffner.com<\/a><\/p>\n<p><strong>FACEBOOK<\/strong><strong>\u00c2\u00a0\u00c2\u00a0\u00c2\u00a0\u00c2\u00a0\u00c2\u00a0\u00c2\u00a0\u00c2\u00a0\u00c2\u00a0\u00c2\u00a0\u00c2\u00a0\u00c2\u00a0\u00c2\u00a0\u00c2\u00a0\u00c2\u00a0\u00c2\u00a0\u00c2\u00a0\u00c2\u00a0\u00c2\u00a0\u00c2\u00a0\u00c2\u00a0\u00c2\u00a0\u00c2\u00a0\u00c2\u00a0\u00c2\u00a0 <\/strong><a href=\"http:\/\/www.facebook.com\/wolfganghaffnerdrums\">www.facebook.com\/wolfganghaffnerdrums<\/a><\/p>\n<p><strong>INSTAGRAM<\/strong><strong>\u00c2\u00a0 \u00c2\u00a0 \u00c2\u00a0 \u00c2\u00a0 \u00c2\u00a0 \u00c2\u00a0 \u00c2\u00a0 \u00c2\u00a0 \u00c2\u00a0 \u00c2\u00a0 \u00c2\u00a0 <\/strong><a href=\"http:\/\/www.instagram.com\/wolfgang_haffner_official\">www.instagram.com\/wolfgang_haffner_official<\/a><\/p>\n<p><strong>YOUTUBE<\/strong><strong>\u00c2\u00a0\u00c2\u00a0\u00c2\u00a0\u00c2\u00a0\u00c2\u00a0\u00c2\u00a0\u00c2\u00a0\u00c2\u00a0\u00c2\u00a0\u00c2\u00a0\u00c2\u00a0\u00c2\u00a0\u00c2\u00a0\u00c2\u00a0\u00c2\u00a0\u00c2\u00a0\u00c2\u00a0\u00c2\u00a0\u00c2\u00a0\u00c2\u00a0\u00c2\u00a0\u00c2\u00a0\u00c2\u00a0\u00c2\u00a0\u00c2\u00a0\u00c2\u00a0 <\/strong><a href=\"http:\/\/www.youtube.com\/user\/ACTMusicOfficial\">www.youtube.com\/user\/ACTMusicOfficial<\/a><\/p>\n<p>&nbsp;<\/p>\n<p>&nbsp;<\/p>\n<p>&nbsp;<\/p>\n<table width=\"661\">\n<tbody>\n<tr>\n<td width=\"109\"><strong>\u00c2\u00a0<\/strong><\/p>\n<p><strong>WOCHENTAG<\/strong><\/p>\n<p><strong>\u00c2\u00a0<\/strong><\/td>\n<td width=\"91\"><strong>\u00c2\u00a0<\/strong><\/p>\n<p><strong>DATUM<\/strong><\/p>\n<p><strong>\u00c2\u00a0<\/strong><\/td>\n<td width=\"136\"><strong>\u00c2\u00a0<\/strong><\/p>\n<p><strong>STADT<\/strong><\/p>\n<p><strong>\u00c2\u00a0<\/strong><\/td>\n<td width=\"180\"><strong>\u00c2\u00a0<\/strong><\/p>\n<p><strong>VERANSTALTUNGSORT<\/strong><\/p>\n<p><strong>\u00c2\u00a0<\/strong><\/td>\n<td width=\"146\"><strong>\u00c2\u00a0<\/strong><\/td>\n<\/tr>\n<tr>\n<td width=\"109\">FREITAG<\/td>\n<td width=\"91\"><strong>05.11.2021<\/strong><\/td>\n<td width=\"136\"><strong>INGOLSTADT<\/strong><\/td>\n<td width=\"180\"><em>Ingolst\u00c3\u00a4dter Jazztage <\/em><\/p>\n<p><em>(Termin ohne Nils Landgren)<\/em><\/td>\n<td width=\"146\"><strong><em>\u00c2\u00a0<\/em><\/strong><\/td>\n<\/tr>\n<tr>\n<td width=\"109\">SONNTAG<\/td>\n<td width=\"91\"><strong>07.11.2021<\/strong><\/td>\n<td width=\"136\"><strong>N\u00c3\u0153RNBERG<\/strong><\/td>\n<td width=\"180\"><em>Meistersingerhalle <\/em><\/td>\n<td width=\"146\"><strong><em>\u00c2\u00a0<\/em><\/strong><\/td>\n<\/tr>\n<tr>\n<td width=\"109\">MONTAG<\/td>\n<td width=\"91\"><strong>08.11.2021<\/strong><\/td>\n<td width=\"136\"><strong>FRANKFURT<\/strong><\/td>\n<td width=\"180\"><em>Alte Oper<\/em><\/td>\n<td width=\"146\"><strong><em>\u00c2\u00a0<\/em><\/strong><\/td>\n<\/tr>\n<tr>\n<td width=\"109\">DIENSTAG<\/td>\n<td width=\"91\"><strong>09.11.2021<\/strong><\/td>\n<td width=\"136\"><strong>BERLIN<\/strong><\/td>\n<td width=\"180\"><em>Admiralspalast<\/em><\/td>\n<td width=\"146\"><strong><em>\u00c2\u00a0<\/em><\/strong><\/td>\n<\/tr>\n<tr>\n<td width=\"109\">MITTWOCH<\/td>\n<td width=\"91\"><strong>10.11.2021<\/strong><\/td>\n<td width=\"136\"><strong>M\u00c3\u0153NCHEN<\/strong><\/td>\n<td width=\"180\"><em>Prinzregententheater<\/em><\/td>\n<td width=\"146\"><strong><em>\u00c2\u00a0<\/em><\/strong><\/td>\n<\/tr>\n<tr>\n<td width=\"109\">FREITAG<\/td>\n<td width=\"91\"><strong>12.11.2021<\/strong><\/td>\n<td width=\"136\"><strong>ERFURT<\/strong><\/td>\n<td width=\"180\"><em>Zughafen<\/em><\/td>\n<td width=\"146\"><strong><em>\u00c2\u00a0<\/em><\/strong><\/td>\n<\/tr>\n<tr>\n<td width=\"109\">SAMSTAG<\/td>\n<td width=\"91\"><strong>13.11.2021<\/strong><\/td>\n<td width=\"136\"><strong>HAMBURG<\/strong><\/td>\n<td width=\"180\"><em>Laeiszhalle<\/em><\/td>\n<td width=\"146\"><strong><em>\u00c2\u00a0<\/em><\/strong><\/td>\n<\/tr>\n<tr>\n<td width=\"109\">SONNTAG<\/td>\n<td width=\"91\"><strong>14.11.2021<\/strong><\/td>\n<td width=\"136\"><strong>LEVERKUSEN<\/strong><\/td>\n<td width=\"180\"><em>Leverkusener Jazztage<\/em><\/td>\n<td width=\"146\"><strong><em>\u00c2\u00a0<\/em><\/strong><\/td>\n<\/tr>\n<tr>\n<td width=\"109\">MONTAG<\/td>\n<td width=\"91\"><strong>15.11.2021<\/strong><\/td>\n<td width=\"136\"><strong>NEUNKIRCHEN<\/strong><\/td>\n<td width=\"180\"><em>Neue Gebl\u00c3\u00a4ssehalle<\/em><\/td>\n<td width=\"146\"><strong><em>\u00c2\u00a0<\/em><\/strong><\/td>\n<\/tr>\n<tr>\n<td width=\"109\">DIENSTAG<\/td>\n<td width=\"91\"><strong>16.11.2021<\/strong><\/td>\n<td width=\"136\"><strong>BIELEFELD<\/strong><\/td>\n<td width=\"180\"><em>Rudolf-Oetker-Halle<\/em><\/td>\n<td width=\"146\"><strong><em>\u00c2\u00a0<\/em><\/strong><\/td>\n<\/tr>\n<tr>\n<td width=\"109\">MITTWOCH<\/td>\n<td width=\"91\"><strong>17.11.2021<\/strong><\/td>\n<td width=\"136\"><strong>DORTMUND<\/strong><\/td>\n<td width=\"180\"><em>Konzerthaus<\/em><\/td>\n<td width=\"146\"><strong><em>\u00c2\u00a0<\/em><\/strong><\/td>\n<\/tr>\n<tr>\n<td width=\"109\">DONNERSTAG<\/td>\n<td width=\"91\"><strong>18.11.2021<\/strong><\/td>\n<td width=\"136\"><strong>BADEN-BADEN<\/strong><\/td>\n<td width=\"180\"><em>Festspielhaus<\/em><\/td>\n<td width=\"146\"><strong><em>\u00c2\u00a0<\/em><\/strong><\/td>\n<\/tr>\n<tr>\n<td width=\"109\">FREITAG<\/td>\n<td width=\"91\"><strong>19.11.2021<\/strong><\/td>\n<td width=\"136\"><strong>BREMEN<\/strong><\/td>\n<td width=\"180\"><em>Die Glocke<\/em><\/td>\n<td width=\"146\"><strong><em>\u00c2\u00a0<\/em><\/strong><\/td>\n<\/tr>\n<\/tbody>\n<\/table>\n<p>&nbsp;[:]<\/p>\n","protected":false},"excerpt":{"rendered":"<p>[:de]&nbsp; &nbsp; WOLFGANG HAFFNER\u00e2\u20ac\u2122S DREAMBAND JAZZNIGHTS 2021 &nbsp; \u00c2\u00bbIch habe einen Traum\u00c2\u00ab hei\u00c3\u0178t eine Serie in der Wochenzeitung Die Zeit. Es ist ein ber\u00c3\u00bchmtes Zitat des afrikanisch-amerikanischen B\u00c3\u00bcrgerrechtlers Dr. Martin Luther King, Jr., das in diesen Artikeln Politiker*innen, K\u00c3\u00bcnstler*innen, Sportler*innen und andere Tr\u00c3\u00a4umer*innen anregt davon zu erz\u00c3\u00a4hlen, was sie denken und wovon sie tr\u00c3\u00a4umen. W\u00c3\u00bcrde [&hellip;]<\/p>\n","protected":false},"author":6,"featured_media":16115,"comment_status":"closed","ping_status":"closed","sticky":false,"template":"","format":"standard","meta":{"footnotes":""},"categories":[172],"tags":[],"class_list":["post-16109","post","type-post","status-publish","format-standard","has-post-thumbnail","hentry","category-unkategorisiert"],"yoast_head":"<!-- This site is optimized with the Yoast SEO plugin v26.3 - https:\/\/yoast.com\/wordpress\/plugins\/seo\/ -->\n<title>Wolfgang Haffner&#039;s Dreamband - Jazz Nights 2021 - Q-rious Music<\/title>\n<meta name=\"robots\" content=\"index, follow, max-snippet:-1, max-image-preview:large, max-video-preview:-1\" \/>\n<link rel=\"canonical\" href=\"https:\/\/www.qrious.de\/en\/wolfgang-haffners-dreamband-jazz-nights-2021\/\" \/>\n<meta property=\"og:locale\" content=\"en_US\" \/>\n<meta property=\"og:type\" content=\"article\" \/>\n<meta property=\"og:title\" content=\"Wolfgang Haffner&#039;s Dreamband - Jazz Nights 2021 - Q-rious Music\" \/>\n<meta property=\"og:description\" content=\"[:de]&nbsp; &nbsp; WOLFGANG HAFFNER\u00e2\u20ac\u2122S DREAMBAND JAZZNIGHTS 2021 &nbsp; \u00c2\u00bbIch habe einen Traum\u00c2\u00ab hei\u00c3\u0178t eine Serie in der Wochenzeitung Die Zeit. Es ist ein ber\u00c3\u00bchmtes Zitat des afrikanisch-amerikanischen B\u00c3\u00bcrgerrechtlers Dr. Martin Luther King, Jr., das in diesen Artikeln Politiker*innen, K\u00c3\u00bcnstler*innen, Sportler*innen und andere Tr\u00c3\u00a4umer*innen anregt davon zu erz\u00c3\u00a4hlen, was sie denken und wovon sie tr\u00c3\u00a4umen. W\u00c3\u00bcrde [&hellip;]\" \/>\n<meta property=\"og:url\" content=\"https:\/\/www.qrious.de\/en\/wolfgang-haffners-dreamband-jazz-nights-2021\/\" \/>\n<meta property=\"og:site_name\" content=\"Q-rious Music\" \/>\n<meta property=\"article:publisher\" content=\"https:\/\/www.facebook.com\/QriousMusic\/\" \/>\n<meta property=\"article:published_time\" content=\"2021-09-22T11:35:19+00:00\" \/>\n<meta property=\"article:modified_time\" content=\"2021-09-22T11:39:20+00:00\" \/>\n<meta property=\"og:image\" content=\"https:\/\/www.qrious.de\/wp-content\/uploads\/2021\/09\/Wolfgang-Haffner-2019_2-\u00c2\u00a9-ACT_Antje-Wiech.jpg\" \/>\n\t<meta property=\"og:image:width\" content=\"2218\" \/>\n\t<meta property=\"og:image:height\" content=\"2218\" \/>\n\t<meta property=\"og:image:type\" content=\"image\/jpeg\" \/>\n<meta name=\"author\" content=\"Qrious\" \/>\n<meta name=\"twitter:card\" content=\"summary_large_image\" \/>\n<meta name=\"twitter:label1\" content=\"Written by\" \/>\n\t<meta name=\"twitter:data1\" content=\"Qrious\" \/>\n\t<meta name=\"twitter:label2\" content=\"Est. reading time\" \/>\n\t<meta name=\"twitter:data2\" content=\"8 minutes\" \/>\n<script type=\"application\/ld+json\" class=\"yoast-schema-graph\">{\"@context\":\"https:\/\/schema.org\",\"@graph\":[{\"@type\":\"WebPage\",\"@id\":\"https:\/\/www.qrious.de\/en\/wolfgang-haffners-dreamband-jazz-nights-2021\/\",\"url\":\"https:\/\/www.qrious.de\/en\/wolfgang-haffners-dreamband-jazz-nights-2021\/\",\"name\":\"Wolfgang Haffner's Dreamband - Jazz Nights 2021 - Q-rious Music\",\"isPartOf\":{\"@id\":\"https:\/\/www.qrious.de\/en\/#website\"},\"primaryImageOfPage\":{\"@id\":\"https:\/\/www.qrious.de\/en\/wolfgang-haffners-dreamband-jazz-nights-2021\/#primaryimage\"},\"image\":{\"@id\":\"https:\/\/www.qrious.de\/en\/wolfgang-haffners-dreamband-jazz-nights-2021\/#primaryimage\"},\"thumbnailUrl\":\"https:\/\/www.qrious.de\/wp-content\/uploads\/2021\/09\/Wolfgang-Haffner-2019_2-\u00c2\u00a9-ACT_Antje-Wiech.jpg\",\"datePublished\":\"2021-09-22T11:35:19+00:00\",\"dateModified\":\"2021-09-22T11:39:20+00:00\",\"author\":{\"@id\":\"https:\/\/www.qrious.de\/en\/#\/schema\/person\/c23ecd85bc1b3ab8b09bf6da9d86a700\"},\"breadcrumb\":{\"@id\":\"https:\/\/www.qrious.de\/en\/wolfgang-haffners-dreamband-jazz-nights-2021\/#breadcrumb\"},\"inLanguage\":\"en-US\",\"potentialAction\":[{\"@type\":\"ReadAction\",\"target\":[\"https:\/\/www.qrious.de\/en\/wolfgang-haffners-dreamband-jazz-nights-2021\/\"]}]},{\"@type\":\"ImageObject\",\"inLanguage\":\"en-US\",\"@id\":\"https:\/\/www.qrious.de\/en\/wolfgang-haffners-dreamband-jazz-nights-2021\/#primaryimage\",\"url\":\"https:\/\/www.qrious.de\/wp-content\/uploads\/2021\/09\/Wolfgang-Haffner-2019_2-\u00c2\u00a9-ACT_Antje-Wiech.jpg\",\"contentUrl\":\"https:\/\/www.qrious.de\/wp-content\/uploads\/2021\/09\/Wolfgang-Haffner-2019_2-\u00c2\u00a9-ACT_Antje-Wiech.jpg\"},{\"@type\":\"BreadcrumbList\",\"@id\":\"https:\/\/www.qrious.de\/en\/wolfgang-haffners-dreamband-jazz-nights-2021\/#breadcrumb\",\"itemListElement\":[{\"@type\":\"ListItem\",\"position\":1,\"name\":\"Home\",\"item\":\"https:\/\/www.qrious.de\/en\/\"},{\"@type\":\"ListItem\",\"position\":2,\"name\":\"Wolfgang Haffner&#8217;s Dreamband &#8211; Jazz Nights 2021\"}]},{\"@type\":\"WebSite\",\"@id\":\"https:\/\/www.qrious.de\/en\/#website\",\"url\":\"https:\/\/www.qrious.de\/en\/\",\"name\":\"Q-rious Music\",\"description\":\"Q-rious Music: promotion, distribution, label, publishing\",\"potentialAction\":[{\"@type\":\"SearchAction\",\"target\":{\"@type\":\"EntryPoint\",\"urlTemplate\":\"https:\/\/www.qrious.de\/en\/?s={search_term_string}\"},\"query-input\":{\"@type\":\"PropertyValueSpecification\",\"valueRequired\":true,\"valueName\":\"search_term_string\"}}],\"inLanguage\":\"en-US\"},{\"@type\":\"Person\",\"@id\":\"https:\/\/www.qrious.de\/en\/#\/schema\/person\/c23ecd85bc1b3ab8b09bf6da9d86a700\",\"name\":\"Qrious\",\"sameAs\":[\"http:\/\/www.qrious.de\"],\"url\":\"https:\/\/www.qrious.de\/en\/author\/office\/\"}]}<\/script>\n<!-- \/ Yoast SEO plugin. -->","yoast_head_json":{"title":"Wolfgang Haffner's Dreamband - Jazz Nights 2021 - Q-rious Music","robots":{"index":"index","follow":"follow","max-snippet":"max-snippet:-1","max-image-preview":"max-image-preview:large","max-video-preview":"max-video-preview:-1"},"canonical":"https:\/\/www.qrious.de\/en\/wolfgang-haffners-dreamband-jazz-nights-2021\/","og_locale":"en_US","og_type":"article","og_title":"Wolfgang Haffner's Dreamband - Jazz Nights 2021 - Q-rious Music","og_description":"[:de]&nbsp; &nbsp; WOLFGANG HAFFNER\u00e2\u20ac\u2122S DREAMBAND JAZZNIGHTS 2021 &nbsp; \u00c2\u00bbIch habe einen Traum\u00c2\u00ab hei\u00c3\u0178t eine Serie in der Wochenzeitung Die Zeit. Es ist ein ber\u00c3\u00bchmtes Zitat des afrikanisch-amerikanischen B\u00c3\u00bcrgerrechtlers Dr. Martin Luther King, Jr., das in diesen Artikeln Politiker*innen, K\u00c3\u00bcnstler*innen, Sportler*innen und andere Tr\u00c3\u00a4umer*innen anregt davon zu erz\u00c3\u00a4hlen, was sie denken und wovon sie tr\u00c3\u00a4umen. W\u00c3\u00bcrde [&hellip;]","og_url":"https:\/\/www.qrious.de\/en\/wolfgang-haffners-dreamband-jazz-nights-2021\/","og_site_name":"Q-rious Music","article_publisher":"https:\/\/www.facebook.com\/QriousMusic\/","article_published_time":"2021-09-22T11:35:19+00:00","article_modified_time":"2021-09-22T11:39:20+00:00","og_image":[{"width":2218,"height":2218,"url":"https:\/\/www.qrious.de\/wp-content\/uploads\/2021\/09\/Wolfgang-Haffner-2019_2-\u00c2\u00a9-ACT_Antje-Wiech.jpg","type":"image\/jpeg"}],"author":"Qrious","twitter_card":"summary_large_image","twitter_misc":{"Written by":"Qrious","Est. reading time":"8 minutes"},"schema":{"@context":"https:\/\/schema.org","@graph":[{"@type":"WebPage","@id":"https:\/\/www.qrious.de\/en\/wolfgang-haffners-dreamband-jazz-nights-2021\/","url":"https:\/\/www.qrious.de\/en\/wolfgang-haffners-dreamband-jazz-nights-2021\/","name":"Wolfgang Haffner's Dreamband - Jazz Nights 2021 - Q-rious Music","isPartOf":{"@id":"https:\/\/www.qrious.de\/en\/#website"},"primaryImageOfPage":{"@id":"https:\/\/www.qrious.de\/en\/wolfgang-haffners-dreamband-jazz-nights-2021\/#primaryimage"},"image":{"@id":"https:\/\/www.qrious.de\/en\/wolfgang-haffners-dreamband-jazz-nights-2021\/#primaryimage"},"thumbnailUrl":"https:\/\/www.qrious.de\/wp-content\/uploads\/2021\/09\/Wolfgang-Haffner-2019_2-\u00c2\u00a9-ACT_Antje-Wiech.jpg","datePublished":"2021-09-22T11:35:19+00:00","dateModified":"2021-09-22T11:39:20+00:00","author":{"@id":"https:\/\/www.qrious.de\/en\/#\/schema\/person\/c23ecd85bc1b3ab8b09bf6da9d86a700"},"breadcrumb":{"@id":"https:\/\/www.qrious.de\/en\/wolfgang-haffners-dreamband-jazz-nights-2021\/#breadcrumb"},"inLanguage":"en-US","potentialAction":[{"@type":"ReadAction","target":["https:\/\/www.qrious.de\/en\/wolfgang-haffners-dreamband-jazz-nights-2021\/"]}]},{"@type":"ImageObject","inLanguage":"en-US","@id":"https:\/\/www.qrious.de\/en\/wolfgang-haffners-dreamband-jazz-nights-2021\/#primaryimage","url":"https:\/\/www.qrious.de\/wp-content\/uploads\/2021\/09\/Wolfgang-Haffner-2019_2-\u00c2\u00a9-ACT_Antje-Wiech.jpg","contentUrl":"https:\/\/www.qrious.de\/wp-content\/uploads\/2021\/09\/Wolfgang-Haffner-2019_2-\u00c2\u00a9-ACT_Antje-Wiech.jpg"},{"@type":"BreadcrumbList","@id":"https:\/\/www.qrious.de\/en\/wolfgang-haffners-dreamband-jazz-nights-2021\/#breadcrumb","itemListElement":[{"@type":"ListItem","position":1,"name":"Home","item":"https:\/\/www.qrious.de\/en\/"},{"@type":"ListItem","position":2,"name":"Wolfgang Haffner&#8217;s Dreamband &#8211; Jazz Nights 2021"}]},{"@type":"WebSite","@id":"https:\/\/www.qrious.de\/en\/#website","url":"https:\/\/www.qrious.de\/en\/","name":"Q-rious Music","description":"Q-rious Music: promotion, distribution, label, publishing","potentialAction":[{"@type":"SearchAction","target":{"@type":"EntryPoint","urlTemplate":"https:\/\/www.qrious.de\/en\/?s={search_term_string}"},"query-input":{"@type":"PropertyValueSpecification","valueRequired":true,"valueName":"search_term_string"}}],"inLanguage":"en-US"},{"@type":"Person","@id":"https:\/\/www.qrious.de\/en\/#\/schema\/person\/c23ecd85bc1b3ab8b09bf6da9d86a700","name":"Qrious","sameAs":["http:\/\/www.qrious.de"],"url":"https:\/\/www.qrious.de\/en\/author\/office\/"}]}},"_links":{"self":[{"href":"https:\/\/www.qrious.de\/en\/wp-json\/wp\/v2\/posts\/16109","targetHints":{"allow":["GET"]}}],"collection":[{"href":"https:\/\/www.qrious.de\/en\/wp-json\/wp\/v2\/posts"}],"about":[{"href":"https:\/\/www.qrious.de\/en\/wp-json\/wp\/v2\/types\/post"}],"author":[{"embeddable":true,"href":"https:\/\/www.qrious.de\/en\/wp-json\/wp\/v2\/users\/6"}],"replies":[{"embeddable":true,"href":"https:\/\/www.qrious.de\/en\/wp-json\/wp\/v2\/comments?post=16109"}],"version-history":[{"count":0,"href":"https:\/\/www.qrious.de\/en\/wp-json\/wp\/v2\/posts\/16109\/revisions"}],"wp:featuredmedia":[{"embeddable":true,"href":"https:\/\/www.qrious.de\/en\/wp-json\/wp\/v2\/media\/16115"}],"wp:attachment":[{"href":"https:\/\/www.qrious.de\/en\/wp-json\/wp\/v2\/media?parent=16109"}],"wp:term":[{"taxonomy":"category","embeddable":true,"href":"https:\/\/www.qrious.de\/en\/wp-json\/wp\/v2\/categories?post=16109"},{"taxonomy":"post_tag","embeddable":true,"href":"https:\/\/www.qrious.de\/en\/wp-json\/wp\/v2\/tags?post=16109"}],"curies":[{"name":"wp","href":"https:\/\/api.w.org\/{rel}","templated":true}]}}