{"id":16091,"date":"2021-07-29T13:23:22","date_gmt":"2021-07-29T11:23:22","guid":{"rendered":"https:\/\/www.qrious.de\/?p=16091"},"modified":"2021-07-29T14:03:02","modified_gmt":"2021-07-29T12:03:02","slug":"pat-metheny-side-eye-nyc-v1-iv-releasedate-10-09-2021","status":"publish","type":"post","link":"https:\/\/www.qrious.de\/en\/pat-metheny-side-eye-nyc-v1-iv-releasedate-10-09-2021\/","title":{"rendered":"[:de]Pat Metheny &#8211; Side-Eye NYC (V1.IV) (Releasedate: 10.09.2021) [:en]Pat Metheny &#8211; Side-Eye NYC (V1.IV) (Releasedate: 10.09.2021)[:]"},"content":{"rendered":"<p>[:de]<img loading=\"lazy\" decoding=\"async\" class=\"alignnone size-medium wp-image-16092\" src=\"https:\/\/www.qrious.de\/wp-content\/uploads\/2021\/07\/Metheny_SideEyeCover_4K-1-300x300.jpg\" alt=\"\" width=\"300\" height=\"300\" srcset=\"https:\/\/www.qrious.de\/wp-content\/uploads\/2021\/07\/Metheny_SideEyeCover_4K-1-300x300.jpg 300w, https:\/\/www.qrious.de\/wp-content\/uploads\/2021\/07\/Metheny_SideEyeCover_4K-1-1024x1024.jpg 1024w, https:\/\/www.qrious.de\/wp-content\/uploads\/2021\/07\/Metheny_SideEyeCover_4K-1-150x150.jpg 150w, https:\/\/www.qrious.de\/wp-content\/uploads\/2021\/07\/Metheny_SideEyeCover_4K-1-768x768.jpg 768w, https:\/\/www.qrious.de\/wp-content\/uploads\/2021\/07\/Metheny_SideEyeCover_4K-1-1536x1536.jpg 1536w, https:\/\/www.qrious.de\/wp-content\/uploads\/2021\/07\/Metheny_SideEyeCover_4K-1-2048x2048.jpg 2048w, https:\/\/www.qrious.de\/wp-content\/uploads\/2021\/07\/Metheny_SideEyeCover_4K-1-190x190.jpg 190w, https:\/\/www.qrious.de\/wp-content\/uploads\/2021\/07\/Metheny_SideEyeCover_4K-1-645x645.jpg 645w, https:\/\/www.qrious.de\/wp-content\/uploads\/2021\/07\/Metheny_SideEyeCover_4K-1-345x345.jpg 345w, https:\/\/www.qrious.de\/wp-content\/uploads\/2021\/07\/Metheny_SideEyeCover_4K-1-100x100.jpg 100w, https:\/\/www.qrious.de\/wp-content\/uploads\/2021\/07\/Metheny_SideEyeCover_4K-1-600x600.jpg 600w, https:\/\/www.qrious.de\/wp-content\/uploads\/2021\/07\/Metheny_SideEyeCover_4K-1-50x50.jpg 50w\" sizes=\"auto, (max-width: 300px) 100vw, 300px\" \/><\/p>\n<p>&nbsp;<\/p>\n<p><span style=\"font-family: verdana, geneva, sans-serif; font-size: 10pt;\">Im Gegensatz zu den meisten seiner Kolleginnen und Kollegen, hat sich Gitarrenvirtuose<strong> Pat Metheny<\/strong> auch nach all den Jahren eine Sache bewahrt: seine Unberechenbarkeit. Ein neues Metheny-Album \u00e2\u20ac\u201c das kann im Grunde genommen alles M\u00c3\u00b6gliche bedeuten; man wei\u00c3\u0178 im Vorfeld nie, wie es klingt. Als einziger Musiker, der ein ganzes Dutzend seiner insgesamt 20 GRAMMY-Auszeichnungen in 12 verschiedenen Kategorien (!) gewinnen konnte, ist seine Unberechenbar- und Vielseitigkeit sogar offiziell belegt. Methenys zuletzt ver\u00c3\u00b6ffentlichtes Album <strong><em>Road To The Sun<\/em><\/strong> sorgte etwa in Klassikkreisen f\u00c3\u00bcr Furore, weil Fans von bewegender, aufregender Kammermusik hier voll und ganz auf ihre Kosten kamen. Das kurz davor ver\u00c3\u00b6ffentlichte <strong><em>From This Place<\/em><\/strong>-Album stammte hingegen von einem ganz anderen Ort: F\u00c3\u00bcr <strong><em>Downbeat<\/em><\/strong> das \u00e2\u20ac\u017eJazzalbum des Jahres\u00e2\u20ac\u0153, klangen seine Kompositionen im Jahr 2020 absolut ausladend, gewaltig und zeitlos\u00e2\u20ac\u00a6<\/span><\/p>\n<p><span style=\"font-family: verdana, geneva, sans-serif; font-size: 10pt;\">Spannend wird es daher immer, wenn <strong>Pat Metheny<\/strong> einen neuen Longplayer ank\u00c3\u00bcndigt. Bald ist es wieder soweit: Am 10. September 2021 wird das neue Album <em>Side-Eye &#8211; NYC (V1-IV)<\/em> bei Modern Recordings erscheinen. Ein explosives, vielschichtiges Werk, das einerseits 30 Minuten brandneues, aufregendes Material des US-Gitarristen vereint, w\u00c3\u00a4hrend er sich andererseits ein paar Klassiker aus dem eigenen Backkatalog ausw\u00c3\u00a4hlt und sie vollkommen neu interpretiert.<\/span><\/p>\n<p>&nbsp;<\/p>\n<p><strong><span style=\"font-family: verdana, geneva, sans-serif; font-size: 10pt;\">Wof\u00c3\u00bcr also steht der Titel <em>Side-Eye<\/em>?<\/span><\/strong><\/p>\n<p><span style=\"font-family: verdana, geneva, sans-serif; font-size: 10pt;\">\u00e2\u20ac\u017eIch wollte damit eine Plattform erschaffen: Ein Format, in dessen Rahmen ich ab sofort mit all den spannenden jungen Leuten zusammenarbeiten kann, die ich nach und nach f\u00c3\u00bcr mich entdeckt habe. <\/span><\/p>\n<p><span style=\"font-family: verdana, geneva, sans-serif; font-size: 10pt;\">Seit meinen Anf\u00c3\u00a4ngen in Kansas City habe ich selbst immer wieder davon profitiert, dass mich \u00c3\u00a4ltere Musiker*innen an ihre Seite geholt haben, was mir die Chance gab, mich im Spektrum ihres jeweiligen Erfahrungsschatzes weiterzuentwickeln, weil ich mich nat\u00c3\u00bcrlich den Herausforderungen stellen musste, die ihre Musik jeweils mit sich brachte\u00e2\u20ac\u0153, berichtet Pat \u00c3\u00bcber diese neue Projektreihe. <\/span><\/p>\n<p><span style=\"font-family: verdana, geneva, sans-serif; font-size: 10pt;\">\u00e2\u20ac\u017eMein Gef\u00c3\u00bchl sagte mir, dass ich mich jetzt gerade auf einen spezifischen Ort konzentrieren sollte \u00e2\u20ac\u201c daher der Fokus auf j\u00c3\u00bcngere Talente aus New York City, die mich zuletzt fasziniert haben, und wo scheinbar momentan eine neue Community entsteht. Mir scheint es, als w\u00c3\u00bcrde so alle 10, 12 Jahre eine neue Generation von Musiker*innen auf den Plan treten, die exakt auf derselben Wellenl\u00c3\u00a4nge sind wie mein Sound bzw. wie das, was sie nun mal gerade darin erkennen. Zuletzt ist das mit der Generation um <strong>Josh Redman, Christian McBride, Brad Mehldau <\/strong>und<strong> Antonio Sanchez<\/strong> geschehen, und wie\u00e2\u20ac\u2122s aussieht, passiert es jetzt gerade wieder.\u00e2\u20ac\u0153<\/span><\/p>\n<p><span style=\"font-family: verdana, geneva, sans-serif; font-size: 10pt;\">\u00e2\u20ac\u017eDenn genau wie damals, h\u00c3\u00b6rte ich pl\u00c3\u00b6tzlich von all diesen jungen Leuten in der Szene der Stadt, die sich bei mir meldeten und davon sprachen, was f\u00c3\u00bcr ein wichtiger Einfluss doch meine Alben und Songs f\u00c3\u00bcr sie seien. Wenn mein Terminkalender es zul\u00c3\u00a4sst, versuche ich sie dann immer zu mir nach Hause einzuladen, um ein wenig zusammen zu spielen. Meistens passiert das alles dann ganz organisch, ganz ungezwungen. Sie sind buchst\u00c3\u00a4blich mit den Aufnahmen gro\u00c3\u0178 geworden, spielen sie schon seit ihren Anfangstagen, so wie\u00e2\u20ac\u2122s bei mir auch war mit den Vorbildern, mit denen ich dann sp\u00c3\u00a4ter auch zusammenspielen sollte.\u00e2\u20ac\u0153<\/span><\/p>\n<p>&nbsp;<\/p>\n<p><span style=\"font-family: verdana, geneva, sans-serif; font-size: 10pt;\">\u00e2\u20ac\u017e<strong>Eric Harland<\/strong>, der grandiose Schlagzeuger und \u00c3\u00bcbrigens ein sehr guter Freund von mir, rief mich eines Tages an, weil er mir von <strong>James Francies<\/strong> erz\u00c3\u00a4hlen wollte. Er sagte, Francies wolle mich unbedingt treffen. Ich schlug daher gleich eine richtige Session vor, zusammen mit einem Bassisten. \u00e2\u20ac\u02dcBei James brauchst du keinen Bassisten!\u00e2\u20ac\u2122, rief Eric daraufhin. Ja, es war ein unglaublicher Tag, und so entstand dann auch die Idee der Edition dieser neuen Reihe, als ich James und sein einzigartiges Talent entdeckt hatte.\u00e2\u20ac\u0153<\/span><\/p>\n<p><span style=\"font-family: verdana, geneva, sans-serif; font-size: 10pt;\">Dem losen Bandkonzept gab Metheny schlie\u00c3\u0178lich den Projektnamen <strong><em>Side-Eye<\/em><\/strong>, verbunden mit der Hoffnung, dass in Zukunft ganz unterschiedliche Musikerinnen und Musiker in immer neuen Konstellationen unter diesem Banner zusammenfinden. Bislang gab es vier Besetzungen \u00e2\u20ac\u201c daher auch der Zusatz<strong> \u00e2\u20ac\u017eV1-IV\u00e2\u20ac\u0153<\/strong> im Titel des neuen Albums.<\/span><\/p>\n<p><span style=\"font-family: verdana, geneva, sans-serif; font-size: 10pt;\">\u00e2\u20ac\u017eAls <strong>James<\/strong> dann zugesagt hatte, wollte ich diese ganzen unfassbar talentierten Drummer anhauen, die sich da momentan in der Szene tummeln. Eric selbst ist ja, wie gesagt, ein unglaublicher Schlagzeuger, und bei einigen der ersten Performances habe ich auch mit <strong>Anwar Marshall<\/strong> gearbeitet, einem der besten Jungs aus Philly, die man momentan finden kann. Danach hat <strong>Nate Smith<\/strong> mit James und mir eine Tour durch Japan absolviert, was auch fantastisch war, und dann ist auf dem Album auch noch <strong>Marcus Gilmore<\/strong> zu h\u00c3\u00b6ren, den ich kenne, seit er so um die 12 war\u00e2\u20ac\u00a6 er ist n\u00c3\u00a4mlich der Enkel meines allergr\u00c3\u00b6\u00c3\u0178ten Helden: <strong>Roy Haynes<\/strong>. F\u00c3\u00bcr die kommenden Performances habe ich au\u00c3\u0178erdem <strong>Joe Dyson<\/strong> eingeladen. Joe ist noch so ein Ausnahmeschlagzeuger, urspr\u00c3\u00bcnglich aus New Orleans, weshalb er f\u00c3\u00bcr die n\u00c3\u00a4chsten Sachen ganz neue M\u00c3\u00b6glichkeiten ins Spiel bringt.\u00e2\u20ac\u0153<\/span><\/p>\n<p><span style=\"font-family: verdana, geneva, sans-serif; font-size: 10pt;\">Wenn man bedenkt, in wie vielen grundverschiedenen Konstellationen Metheny in den zur\u00c3\u00bcckliegenden Jahrzehnten aufgetreten ist, stellt sich unweigerlich die Frage, in welchen Kategorien er sein eigenes Output einteilt \u00e2\u20ac\u201c und wo er \u00c3\u00bcberhaupt Grenzen zieht. \u00e2\u20ac\u017eIch hatte ja schon in meinen Anfangstagen in der Regel mehrere Bands gleichzeitig\u00e2\u20ac\u0153, holt er aus, \u00e2\u20ac\u017eund das war in den Siebzigern und Achtzigern alles andere als \u00c3\u00bcblich: Die Leute hatten halt ihre eine Band, das war\u00e2\u20ac\u2122s. Kann sogar sein, dass ich irgendwann einfach zu gut darin geworden bin, diese unterschiedlichen Dinge mit immer neuen Namen und kulturellen Rahmungen zu versehen. Dabei ist im Grunde genommen alles, was ich mache, \u00e2\u20ac\u02dc<strong>The Pat Metheny Group<\/strong>\u00e2\u20ac\u2122 \u00e2\u20ac\u201c ganz egal, wer nun gerade zu dieser Band z\u00c3\u00a4hlt oder wie ich die Sache sonst wom\u00c3\u00b6glich gerade getauft habe. F\u00c3\u00bcr mich ist das alles ein Ding, und jede Zusammenkunft, bei der ich Bandleader bin, funktioniert auf dieselbe Art und Weise: Ich gebe einfach alles daf\u00c3\u00bcr, die bestm\u00c3\u00b6glichen Kompositionen f\u00c3\u00bcr die bestm\u00c3\u00b6gliche Kombination von Leuten zu finden, um so genau das zu definieren und zu pr\u00c3\u00a4sentieren, was mich in der jeweiligen Schaffensphase gerade bewegt und interessiert.\u00e2\u20ac\u0153<\/span><\/p>\n<p>&nbsp;<\/p>\n<p><span style=\"font-family: verdana, geneva, sans-serif; font-size: 10pt;\">Gerade in den letzten paar Jahren seien \u00e2\u20ac\u017eimmer mehr j\u00c3\u00bcngere Musiker*innen auf den Plan getreten, mit denen Gruppierungen m\u00c3\u00b6glich sind, wo wirklich nichts einander ausschlie\u00c3\u0178t; das sind auch genau die Leute, die f\u00c3\u00bcr <strong><em>Side-Eye<\/em><\/strong> interessant sind, weil sie diese gewaltige Bandbreite abdecken. Wichtigste Konstante f\u00c3\u00bcr mich als Leader ist dabei von Anfang an, ganz unabh\u00c3\u00a4ngig davon, wen ich alles hinterher noch dazu hole: Wirklich s\u00c3\u00a4mtliche St\u00c3\u00a4rken aus den Beteiligten herauszuholen und sie dazu zu bewegen, in den Sessions ihr absolut Bestes zu geben.\u00e2\u20ac\u0153<\/span><\/p>\n<p><span style=\"font-family: verdana, geneva, sans-serif; font-size: 10pt;\">\u00c3\u0153ber die H\u00c3\u00a4lfte des neuen Albums besteht aus brandneuen Kompositionen: \u00e2\u20ac\u017eIn gewisser Hinsicht ist dieses Album mit meinem fr\u00c3\u00bcheren Longplayer <strong><em>Travels<\/em> <\/strong>vergleichbar, weil es ebenfalls live aufgenommen wurde, es aber zugleich auch vollkommen neue Musik, ganz neue Konzepte beinhaltet.\u00e2\u20ac\u0153 <\/span><span style=\"font-family: verdana, geneva, sans-serif; font-size: 10pt;\">Den Auftakt der LP markiert das knapp 14-min\u00c3\u00bctige St\u00c3\u00bcck \u00e2\u20ac\u017e<strong>It Starts When We Disappear<\/strong>\u00e2\u20ac\u0153, das wie so viele von Methenys Kompositionen den klassischen Aufbau (Head\/Solo\/Head) hinter sich l\u00c3\u00a4sst und stattdessen sehr viel komplexere Formen annimmt \u00e2\u20ac\u201c um schlie\u00c3\u0178lich auch noch umwerfende Soloparts von Metheny und Francies bereitzuhalten. <\/span><span style=\"font-family: verdana, geneva, sans-serif; font-size: 10pt;\">\u00e2\u20ac\u017eIm Grunde genommen haben wir es hier mit einem \u00e2\u20ac\u02dcOrgeltrio\u00e2\u20ac\u2122 zu tun \u00e2\u20ac\u201c allerdings ganz klar einem f\u00c3\u00bcrs 21. Jahrhundert. James kann mit seiner linken Hand Basslines spielen, die echt an die von Jack McDuff heranreichen, und der ist gewisserma\u00c3\u0178en mein \u00e2\u20ac\u02dcLieblingsbassist\u00e2\u20ac\u2122 unter den Organisten. Und dazu kommt, dass ich auf der Gitarre auch Bassparts einstreuen kann. Ich wollte die Idee eines Keyboard\/Gitarre\/Schlagzeug-Trios einfach noch ein bisschen weiter treiben, weil ich sehen wollte, was passiert, wenn ich noch ein paar von meinen \u00e2\u20ac\u02dcorchestrionischen Instrumenten\u00e2\u20ac\u2122 ins Spiel bringe, einen ganz neuen Faktor also, der wieder ganz andere Herausforderungen mit sich bringt. Diese Instrumente sind jetzt ganz zu Beginn und ganz am Schluss des Albums zu h\u00c3\u00b6ren.\u00e2\u20ac\u0153<\/span><\/p>\n<p><span style=\"font-family: verdana, geneva, sans-serif; font-size: 10pt;\">Auch dazwischen passiert extrem viel auf diesem <strong><em>Side-Eye<\/em><\/strong>-Album, wobei sich Metheny &amp; Co. zwischenzeitlich sogar auf das eher traditionelle \u00e2\u20ac\u017eOrgeltrio\u00e2\u20ac\u0153 zur\u00c3\u00bcckbesinnen \u00e2\u20ac\u201c siehe etwa \u00e2\u20ac\u017e<strong>Timeline<\/strong>\u00e2\u20ac\u0153, ein St\u00c3\u00bcck, das der Gitarrist urspr\u00c3\u00bcnglich f\u00c3\u00bcr ein Album von Michael Brecker komponierte, bei dessen Originalaufnahme er selbst und die Schlagzeug-Legende Elvin Jones mitwirkten. \u00e2\u20ac\u017eVon dem Song hatte ich selbst noch nie eine Version eingespielt, und mit dieser Konstellation schien es einfach der perfekte Zeitpunkt daf\u00c3\u00bcr zu sein.\u00e2\u20ac\u0153\u00c2\u00a0<\/span><\/p>\n<p><span style=\"font-family: verdana, geneva, sans-serif; font-size: 10pt;\">Auf \u00e2\u20ac\u017e<strong>Lodger<\/strong>\u00e2\u20ac\u0153 hingegen begegnet man einem Metheny, wie man ihn seit seiner Interpretation von John Zorns <em>TAP<\/em>, ja wom\u00c3\u00b6glich schon seit \u00e2\u20ac\u017e<strong>The Roots Of Coincidence<\/strong>\u00e2\u20ac\u0153 nicht mehr geh\u00c3\u00b6rt hat: Als echten Rocker n\u00c3\u00a4mlich. \u00e2\u20ac\u017eIch lasse stets das St\u00c3\u00bcck selbst entscheiden, wie es gespielt werden will. Geschrieben habe ich diesen Song genau genommen sogar auf einer Akustikgitarre, irgendwann sp\u00c3\u00a4t nachts war das. Aber bei der Probe verlangte es dann, dass ich es eher auf diese Art angehen sollte. Inspiriert und gewidmet ist dieses St\u00c3\u00bcck einem gro\u00c3\u0178artigen Freund, der zugleich einer meiner Lieblingsgitarristen ist: Adam Rogers.\u00e2\u20ac\u0153<\/span><\/p>\n<p><span style=\"font-family: verdana, geneva, sans-serif; font-size: 10pt;\">Wie gesagt, wei\u00c3\u0178 man bei Pat Metheny so gut wie nie, was einen als n\u00c3\u00a4chstes erwartet. Trotz der vielen Exkurse und Verwandlungen ist jedes Mal klar, dass er sich zu 100% dem aktuellen Album widmet \u00e2\u20ac\u201c und wirklich alles aus sich und seinen Mitstreitern herausholt, um diese Vision Realit\u00c3\u00a4t werden zu lassen.<\/span><\/p>\n<p><span style=\"font-family: verdana, geneva, sans-serif; font-size: 10pt;\">Mal richtig laut und voller Energie, dann wieder ganz kontemplativ und feinf\u00c3\u00bchlig, mal absolut gefasst, dann wieder komplett frei improvisiert oder gar erweitert um eine selbst entwickelte Ger\u00c3\u00a4tschaft, h\u00c3\u00b6rt man doch immer ganz klar seine Handschrift heraus \u00e2\u20ac\u201c und das seit bald f\u00c3\u00bcnf Jahrzehnten, die Pat Metheny nun schon ganz oben im Jazz mitspielt. Mit der <em>Side-Eye<\/em>-Serie schl\u00c3\u00a4gt er jetzt das n\u00c3\u00a4chste Kapitel dieser Karriere auf\u00e2\u20ac\u00a6<\/span><\/p>\n<p>&nbsp;<\/p>\n<p><strong><span style=\"font-family: verdana, geneva, sans-serif; font-size: 10pt;\">JazzNights<\/span><\/strong><\/p>\n<p><strong><span style=\"font-family: verdana, geneva, sans-serif; font-size: 10pt;\">PAT METHENY SIDE-EYE<\/span><\/strong><\/p>\n<p><span style=\"font-family: verdana, geneva, sans-serif; font-size: 10pt;\">w\/ James Francies &amp; Joe Dyson<\/span><\/p>\n<p>&nbsp;<\/p>\n<ol>\n<li><span style=\"font-family: verdana, geneva, sans-serif; font-size: 10pt;\">Mai 2022\u00c2\u00a0\u00c2\u00a0\u00c2\u00a0\u00c2\u00a0\u00c2\u00a0 Erfurt\u00c2\u00a0\u00c2\u00a0\u00c2\u00a0\u00c2\u00a0\u00c2\u00a0\u00c2\u00a0\u00c2\u00a0\u00c2\u00a0\u00c2\u00a0\u00c2\u00a0\u00c2\u00a0\u00c2\u00a0\u00c2\u00a0\u00c2\u00a0\u00c2\u00a0\u00c2\u00a0\u00c2\u00a0\u00c2\u00a0\u00c2\u00a0\u00c2\u00a0\u00c2\u00a0\u00c2\u00a0\u00c2\u00a0\u00c2\u00a0\u00c2\u00a0 Alte Oper\u00c2\u00a0\u00c2\u00a0\u00c2\u00a0\u00c2\u00a0\u00c2\u00a0\u00c2\u00a0\u00c2\u00a0\u00c2\u00a0\u00c2\u00a0\u00c2\u00a0\u00c2\u00a0\u00c2\u00a0\u00c2\u00a0\u00c2\u00a0\u00c2\u00a0\u00c2\u00a0\u00c2\u00a0\u00c2\u00a0\u00c2\u00a0\u00c2\u00a0\u00c2\u00a0\u00c2\u00a0(Mediengruppe Th\u00c3\u00bcringen)\u00c2\u00a0\u00c2\u00a0\u00c2\u00a0\u00c2\u00a0\u00c2\u00a0\u00c2\u00a0\u00c2\u00a0\u00c2\u00a0\u00c2\u00a0\u00c2\u00a0\u00c2\u00a0\u00c2\u00a0\u00c2\u00a0\u00c2\u00a0\u00c2\u00a0\u00c2\u00a0\u00c2\u00a0\u00c2\u00a0\u00c2\u00a0\u00c2\u00a0\u00c2\u00a0\u00c2\u00a0\u00c2\u00a0\u00c2\u00a0\u00c2\u00a0\u00c2\u00a0\u00c2\u00a0\u00c2\u00a0\u00c2\u00a0<\/span><\/li>\n<li><span style=\"font-family: verdana, geneva, sans-serif; font-size: 10pt;\">Mai 2022\u00c2\u00a0\u00c2\u00a0\u00c2\u00a0\u00c2\u00a0\u00c2\u00a0 Frankfurt\u00c2\u00a0 \u00c2\u00a0 \u00c2\u00a0 \u00c2\u00a0 \u00c2\u00a0 \u00c2\u00a0 \u00c2\u00a0 \u00c2\u00a0 \u00c2\u00a0 \u00c2\u00a0 \u00c2\u00a0Alte Oper\u00c2\u00a0\u00c2\u00a0\u00c2\u00a0\u00c2\u00a0\u00c2\u00a0\u00c2\u00a0\u00c2\u00a0\u00c2\u00a0\u00c2\u00a0\u00c2\u00a0\u00c2\u00a0\u00c2\u00a0\u00c2\u00a0\u00c2\u00a0\u00c2\u00a0\u00c2\u00a0\u00c2\u00a0\u00c2\u00a0\u00c2\u00a0\u00c2\u00a0\u00c2\u00a0\u00c2\u00a0\u00c2\u00a0(Alte Oper)<\/span><\/li>\n<li><span style=\"font-family: verdana, geneva, sans-serif; font-size: 10pt;\">Mai 2022\u00c2\u00a0 \u00c2\u00a0 \u00c2\u00a0 Karlsruhe\u00c2\u00a0 \u00c2\u00a0 \u00c2\u00a0 \u00c2\u00a0 \u00c2\u00a0 \u00c2\u00a0 \u00c2\u00a0 \u00c2\u00a0 \u00c2\u00a0 \u00c2\u00a0 Tollhaus\u00c2\u00a0\u00c2\u00a0\u00c2\u00a0\u00c2\u00a0\u00c2\u00a0\u00c2\u00a0\u00c2\u00a0\u00c2\u00a0\u00c2\u00a0\u00c2\u00a0\u00c2\u00a0\u00c2\u00a0\u00c2\u00a0\u00c2\u00a0\u00c2\u00a0\u00c2\u00a0\u00c2\u00a0\u00c2\u00a0<\/span><\/li>\n<li><span style=\"font-family: verdana, geneva, sans-serif; font-size: 10pt;\">Mai 2022\u00c2\u00a0\u00c2\u00a0\u00c2\u00a0\u00c2\u00a0\u00c2\u00a0 D\u00c3\u00bcsseldorf\u00c2\u00a0\u00c2\u00a0\u00c2\u00a0\u00c2\u00a0\u00c2\u00a0\u00c2\u00a0\u00c2\u00a0\u00c2\u00a0\u00c2\u00a0\u00c2\u00a0\u00c2\u00a0\u00c2\u00a0\u00c2\u00a0\u00c2\u00a0\u00c2\u00a0\u00c2\u00a0\u00c2\u00a0 Tonhalle\u00c2\u00a0\u00c2\u00a0\u00c2\u00a0\u00c2\u00a0\u00c2\u00a0\u00c2\u00a0\u00c2\u00a0\u00c2\u00a0\u00c2\u00a0\u00c2\u00a0\u00c2\u00a0\u00c2\u00a0\u00c2\u00a0\u00c2\u00a0\u00c2\u00a0\u00c2\u00a0\u00c2\u00a0\u00c2\u00a0\u00c2\u00a0\u00c2\u00a0\u00c2\u00a0\u00c2\u00a0\u00c2\u00a0\u00c2\u00a0(Savoy Theater)<\/span><\/li>\n<li><span style=\"font-family: verdana, geneva, sans-serif; font-size: 10pt;\">Mai 2022\u00c2\u00a0\u00c2\u00a0\u00c2\u00a0\u00c2\u00a0\u00c2\u00a0 M\u00c3\u00bcnchen\u00c2\u00a0 \u00c2\u00a0 \u00c2\u00a0 \u00c2\u00a0 \u00c2\u00a0 \u00c2\u00a0 \u00c2\u00a0 \u00c2\u00a0 \u00c2\u00a0 \u00c2\u00a0 Philharmonie\u00c2\u00a0\u00c2\u00a0\u00c2\u00a0\u00c2\u00a0\u00c2\u00a0\u00c2\u00a0\u00c2\u00a0\u00c2\u00a0\u00c2\u00a0\u00c2\u00a0\u00c2\u00a0\u00c2\u00a0\u00c2\u00a0\u00c2\u00a0\u00c2\u00a0\u00c2\u00a0\u00c2\u00a0 (Bell&#8217;Arte)<\/span><\/li>\n<li><span style=\"font-family: verdana, geneva, sans-serif; font-size: 10pt;\">Mai 2022\u00c2\u00a0\u00c2\u00a0\u00c2\u00a0\u00c2\u00a0\u00c2\u00a0 Berlin\u00c2\u00a0 \u00c2\u00a0 \u00c2\u00a0 \u00c2\u00a0 \u00c2\u00a0 \u00c2\u00a0 \u00c2\u00a0 \u00c2\u00a0 \u00c2\u00a0 \u00c2\u00a0 \u00c2\u00a0 \u00c2\u00a0 \u00c2\u00a0Admiralspalast \u00c2\u00a0\u00c2\u00a0\u00c2\u00a0\u00c2\u00a0\u00c2\u00a0\u00c2\u00a0\u00c2\u00a0\u00c2\u00a0\u00c2\u00a0\u00c2\u00a0\u00c2\u00a0\u00c2\u00a0(New Berlin Konzerte)<\/span><\/li>\n<li><span style=\"font-family: verdana, geneva, sans-serif; font-size: 10pt;\">Mai 2022\u00c2\u00a0\u00c2\u00a0\u00c2\u00a0\u00c2\u00a0\u00c2\u00a0 Bielefeld\u00c2\u00a0 \u00c2\u00a0 \u00c2\u00a0 \u00c2\u00a0 \u00c2\u00a0 \u00c2\u00a0 \u00c2\u00a0 \u00c2\u00a0 \u00c2\u00a0 \u00c2\u00a0 \u00c2\u00a0Rudolf-Oetker-Halle\u00c2\u00a0\u00c2\u00a0\u00c2\u00a0\u00c2\u00a0\u00c2\u00a0\u00c2\u00a0 (Musik Kontor Herford)\u00c2\u00a0\u00c2\u00a0\u00c2\u00a0\u00c2\u00a0\u00c2\u00a0\u00c2\u00a0\u00c2\u00a0\u00c2\u00a0\u00c2\u00a0\u00c2\u00a0\u00c2\u00a0\u00c2\u00a0\u00c2\u00a0\u00c2\u00a0\u00c2\u00a0<\/span><\/li>\n<li><span style=\"font-family: verdana, geneva, sans-serif; font-size: 10pt;\">Mai 2022\u00c2\u00a0\u00c2\u00a0\u00c2\u00a0\u00c2\u00a0\u00c2\u00a0 Neunkirchen\u00c2\u00a0\u00c2\u00a0\u00c2\u00a0\u00c2\u00a0\u00c2\u00a0\u00c2\u00a0\u00c2\u00a0\u00c2\u00a0\u00c2\u00a0\u00c2\u00a0\u00c2\u00a0\u00c2\u00a0\u00c2\u00a0\u00c2\u00a0 Neue Gebl\u00c3\u00a4sehalle\u00c2\u00a0\u00c2\u00a0\u00c2\u00a0\u00c2\u00a0\u00c2\u00a0\u00c2\u00a0\u00c2\u00a0\u00c2\u00a0 (Neunkirchen Kultur)\u00c2\u00a0\u00c2\u00a0\u00c2\u00a0\u00c2\u00a0\u00c2\u00a0\u00c2\u00a0\u00c2\u00a0\u00c2\u00a0\u00c2\u00a0\u00c2\u00a0\u00c2\u00a0\u00c2\u00a0\u00c2\u00a0\u00c2\u00a0<\/span><\/li>\n<li><span style=\"font-family: verdana, geneva, sans-serif; font-size: 10pt;\">Mai 2022\u00c2\u00a0\u00c2\u00a0\u00c2\u00a0\u00c2\u00a0\u00c2\u00a0 Stuttgart\u00c2\u00a0 \u00c2\u00a0 \u00c2\u00a0 \u00c2\u00a0 \u00c2\u00a0 \u00c2\u00a0 \u00c2\u00a0 \u00c2\u00a0 \u00c2\u00a0 \u00c2\u00a0 Liederhalle\u00c2\u00a0\u00c2\u00a0\u00c2\u00a0\u00c2\u00a0\u00c2\u00a0\u00c2\u00a0\u00c2\u00a0\u00c2\u00a0\u00c2\u00a0\u00c2\u00a0\u00c2\u00a0\u00c2\u00a0\u00c2\u00a0\u00c2\u00a0\u00c2\u00a0\u00c2\u00a0\u00c2\u00a0\u00c2\u00a0\u00c2\u00a0\u00c2\u00a0(SKS Russ)<\/span><\/li>\n<li><span style=\"font-family: verdana, geneva, sans-serif; font-size: 10pt;\">Mai 2022\u00c2\u00a0\u00c2\u00a0\u00c2\u00a0\u00c2\u00a0\u00c2\u00a0 Dortmund\u00c2\u00a0 \u00c2\u00a0 \u00c2\u00a0 \u00c2\u00a0 \u00c2\u00a0 \u00c2\u00a0 \u00c2\u00a0 \u00c2\u00a0 \u00c2\u00a0 \u00c2\u00a0Konzerthaus\u00c2\u00a0\u00c2\u00a0\u00c2\u00a0\u00c2\u00a0\u00c2\u00a0\u00c2\u00a0\u00c2\u00a0\u00c2\u00a0\u00c2\u00a0\u00c2\u00a0\u00c2\u00a0\u00c2\u00a0\u00c2\u00a0\u00c2\u00a0\u00c2\u00a0\u00c2\u00a0\u00c2\u00a0(Konzerthaus Dortmund)<\/span><\/li>\n<li><span style=\"font-family: verdana, geneva, sans-serif; font-size: 10pt;\">Mai 2022\u00c2\u00a0\u00c2\u00a0\u00c2\u00a0\u00c2\u00a0\u00c2\u00a0 Leipzig\u00c2\u00a0 \u00c2\u00a0 \u00c2\u00a0 \u00c2\u00a0 \u00c2\u00a0 \u00c2\u00a0 \u00c2\u00a0 \u00c2\u00a0 \u00c2\u00a0 \u00c2\u00a0 \u00c2\u00a0 \u00c2\u00a0 Haus Auensee\u00c2\u00a0\u00c2\u00a0\u00c2\u00a0\u00c2\u00a0\u00c2\u00a0\u00c2\u00a0\u00c2\u00a0\u00c2\u00a0\u00c2\u00a0\u00c2\u00a0\u00c2\u00a0\u00c2\u00a0\u00c2\u00a0(Aust Konzerte)<\/span><\/li>\n<li><span style=\"font-family: verdana, geneva, sans-serif; font-size: 10pt;\">Mai 2022\u00c2\u00a0\u00c2\u00a0\u00c2\u00a0\u00c2\u00a0\u00c2\u00a0 Hamburg\u00c2\u00a0 \u00c2\u00a0 \u00c2\u00a0 \u00c2\u00a0 \u00c2\u00a0 \u00c2\u00a0 \u00c2\u00a0 \u00c2\u00a0 \u00c2\u00a0 \u00c2\u00a0 \u00c2\u00a0Laeiszhalle\u00c2\u00a0\u00c2\u00a0\u00c2\u00a0\u00c2\u00a0\u00c2\u00a0\u00c2\u00a0\u00c2\u00a0\u00c2\u00a0\u00c2\u00a0\u00c2\u00a0\u00c2\u00a0\u00c2\u00a0\u00c2\u00a0\u00c2\u00a0\u00c2\u00a0\u00c2\u00a0\u00c2\u00a0\u00c2\u00a0\u00c2\u00a0(Karsten Jahnke)<\/span><\/li>\n<li><span style=\"font-family: verdana, geneva, sans-serif; font-size: 10pt;\">Mai 2022\u00c2\u00a0\u00c2\u00a0\u00c2\u00a0\u00c2\u00a0\u00c2\u00a0 Bremen\u00c2\u00a0 \u00c2\u00a0 \u00c2\u00a0 \u00c2\u00a0 \u00c2\u00a0 \u00c2\u00a0 \u00c2\u00a0 \u00c2\u00a0 \u00c2\u00a0 \u00c2\u00a0 \u00c2\u00a0 \u00c2\u00a0Die Glocke\u00c2\u00a0\u00c2\u00a0\u00c2\u00a0\u00c2\u00a0\u00c2\u00a0\u00c2\u00a0\u00c2\u00a0\u00c2\u00a0\u00c2\u00a0\u00c2\u00a0\u00c2\u00a0\u00c2\u00a0\u00c2\u00a0\u00c2\u00a0\u00c2\u00a0\u00c2\u00a0\u00c2\u00a0\u00c2\u00a0\u00c2\u00a0\u00c2\u00a0(Die Glocke)<\/span><\/li>\n<\/ol>\n<p>&nbsp;<\/p>\n<p><span style=\"font-family: verdana, geneva, sans-serif; font-size: 10pt;\">Ticketservice: 040 413 22 60 \/\/ 01806\u00c2\u00a0 62 62 80 (Festnetz: 0,20\u00e2\u201a\u00ac\/Anruf, Mobilfunk: max. 0,60\u00e2\u201a\u00ac\/Anruf)<\/span><\/p>\n<p><span style=\"font-family: verdana, geneva, sans-serif; font-size: 10pt;\">Online:kj.de \/\/ <a href=\"mailto:tickets@kj.de\">tickets@kj.de<\/a><\/span><\/p>\n<p>&nbsp;<\/p>\n<p>&nbsp;[:en]<img loading=\"lazy\" decoding=\"async\" class=\"alignnone size-medium wp-image-16092\" src=\"https:\/\/www.qrious.de\/wp-content\/uploads\/2021\/07\/Metheny_SideEyeCover_4K-1-300x300.jpg\" alt=\"\" width=\"300\" height=\"300\" srcset=\"https:\/\/www.qrious.de\/wp-content\/uploads\/2021\/07\/Metheny_SideEyeCover_4K-1-300x300.jpg 300w, https:\/\/www.qrious.de\/wp-content\/uploads\/2021\/07\/Metheny_SideEyeCover_4K-1-1024x1024.jpg 1024w, https:\/\/www.qrious.de\/wp-content\/uploads\/2021\/07\/Metheny_SideEyeCover_4K-1-150x150.jpg 150w, https:\/\/www.qrious.de\/wp-content\/uploads\/2021\/07\/Metheny_SideEyeCover_4K-1-768x768.jpg 768w, https:\/\/www.qrious.de\/wp-content\/uploads\/2021\/07\/Metheny_SideEyeCover_4K-1-1536x1536.jpg 1536w, https:\/\/www.qrious.de\/wp-content\/uploads\/2021\/07\/Metheny_SideEyeCover_4K-1-2048x2048.jpg 2048w, https:\/\/www.qrious.de\/wp-content\/uploads\/2021\/07\/Metheny_SideEyeCover_4K-1-190x190.jpg 190w, https:\/\/www.qrious.de\/wp-content\/uploads\/2021\/07\/Metheny_SideEyeCover_4K-1-645x645.jpg 645w, https:\/\/www.qrious.de\/wp-content\/uploads\/2021\/07\/Metheny_SideEyeCover_4K-1-345x345.jpg 345w, https:\/\/www.qrious.de\/wp-content\/uploads\/2021\/07\/Metheny_SideEyeCover_4K-1-100x100.jpg 100w, https:\/\/www.qrious.de\/wp-content\/uploads\/2021\/07\/Metheny_SideEyeCover_4K-1-600x600.jpg 600w, https:\/\/www.qrious.de\/wp-content\/uploads\/2021\/07\/Metheny_SideEyeCover_4K-1-50x50.jpg 50w\" sizes=\"auto, (max-width: 300px) 100vw, 300px\" \/><\/p>\n<p>&nbsp;<\/p>\n<p><span style=\"font-family: verdana, geneva, sans-serif; font-size: 10pt;\">Im Gegensatz zu den meisten seiner Kolleginnen und Kollegen, hat sich Gitarrenvirtuose<strong> Pat Metheny<\/strong> auch nach all den Jahren eine Sache bewahrt: seine Unberechenbarkeit. Ein neues Metheny-Album \u00e2\u20ac\u201c das kann im Grunde genommen alles M\u00c3\u00b6gliche bedeuten; man wei\u00c3\u0178 im Vorfeld nie, wie es klingt. Als einziger Musiker, der ein ganzes Dutzend seiner insgesamt 20 GRAMMY-Auszeichnungen in 12 verschiedenen Kategorien (!) gewinnen konnte, ist seine Unberechenbar- und Vielseitigkeit sogar offiziell belegt. Methenys zuletzt ver\u00c3\u00b6ffentlichtes Album <strong><em>Road To The Sun<\/em><\/strong> sorgte etwa in Klassikkreisen f\u00c3\u00bcr Furore, weil Fans von bewegender, aufregender Kammermusik hier voll und ganz auf ihre Kosten kamen. Das kurz davor ver\u00c3\u00b6ffentlichte <strong><em>From This Place<\/em><\/strong>-Album stammte hingegen von einem ganz anderen Ort: F\u00c3\u00bcr <strong><em>Downbeat<\/em><\/strong> das \u00e2\u20ac\u017eJazzalbum des Jahres\u00e2\u20ac\u0153, klangen seine Kompositionen im Jahr 2020 absolut ausladend, gewaltig und zeitlos\u00e2\u20ac\u00a6<\/span><\/p>\n<p><span style=\"font-family: verdana, geneva, sans-serif; font-size: 10pt;\">Spannend wird es daher immer, wenn <strong>Pat Metheny<\/strong> einen neuen Longplayer ank\u00c3\u00bcndigt. Bald ist es wieder soweit: Am 10. September 2021 wird das neue Album <em>Side-Eye &#8211; NYC (V1-IV)<\/em> bei Modern Recordings erscheinen. Ein explosives, vielschichtiges Werk, das einerseits 30 Minuten brandneues, aufregendes Material des US-Gitarristen vereint, w\u00c3\u00a4hrend er sich andererseits ein paar Klassiker aus dem eigenen Backkatalog ausw\u00c3\u00a4hlt und sie vollkommen neu interpretiert.<\/span><\/p>\n<p>&nbsp;<\/p>\n<p><strong><span style=\"font-family: verdana, geneva, sans-serif; font-size: 10pt;\">Wof\u00c3\u00bcr also steht der Titel <em>Side-Eye<\/em>?<\/span><\/strong><\/p>\n<p><span style=\"font-family: verdana, geneva, sans-serif; font-size: 10pt;\">\u00e2\u20ac\u017eIch wollte damit eine Plattform erschaffen: Ein Format, in dessen Rahmen ich ab sofort mit all den spannenden jungen Leuten zusammenarbeiten kann, die ich nach und nach f\u00c3\u00bcr mich entdeckt habe. <\/span><\/p>\n<p><span style=\"font-family: verdana, geneva, sans-serif; font-size: 10pt;\">Seit meinen Anf\u00c3\u00a4ngen in Kansas City habe ich selbst immer wieder davon profitiert, dass mich \u00c3\u00a4ltere Musiker*innen an ihre Seite geholt haben, was mir die Chance gab, mich im Spektrum ihres jeweiligen Erfahrungsschatzes weiterzuentwickeln, weil ich mich nat\u00c3\u00bcrlich den Herausforderungen stellen musste, die ihre Musik jeweils mit sich brachte\u00e2\u20ac\u0153, berichtet Pat \u00c3\u00bcber diese neue Projektreihe. <\/span><\/p>\n<p><span style=\"font-family: verdana, geneva, sans-serif; font-size: 10pt;\">\u00e2\u20ac\u017eMein Gef\u00c3\u00bchl sagte mir, dass ich mich jetzt gerade auf einen spezifischen Ort konzentrieren sollte \u00e2\u20ac\u201c daher der Fokus auf j\u00c3\u00bcngere Talente aus New York City, die mich zuletzt fasziniert haben, und wo scheinbar momentan eine neue Community entsteht. Mir scheint es, als w\u00c3\u00bcrde so alle 10, 12 Jahre eine neue Generation von Musiker*innen auf den Plan treten, die exakt auf derselben Wellenl\u00c3\u00a4nge sind wie mein Sound bzw. wie das, was sie nun mal gerade darin erkennen. Zuletzt ist das mit der Generation um <strong>Josh Redman, Christian McBride, Brad Mehldau <\/strong>und<strong> Antonio Sanchez<\/strong> geschehen, und wie\u00e2\u20ac\u2122s aussieht, passiert es jetzt gerade wieder.\u00e2\u20ac\u0153<\/span><\/p>\n<p><span style=\"font-family: verdana, geneva, sans-serif; font-size: 10pt;\">\u00e2\u20ac\u017eDenn genau wie damals, h\u00c3\u00b6rte ich pl\u00c3\u00b6tzlich von all diesen jungen Leuten in der Szene der Stadt, die sich bei mir meldeten und davon sprachen, was f\u00c3\u00bcr ein wichtiger Einfluss doch meine Alben und Songs f\u00c3\u00bcr sie seien. Wenn mein Terminkalender es zul\u00c3\u00a4sst, versuche ich sie dann immer zu mir nach Hause einzuladen, um ein wenig zusammen zu spielen. Meistens passiert das alles dann ganz organisch, ganz ungezwungen. Sie sind buchst\u00c3\u00a4blich mit den Aufnahmen gro\u00c3\u0178 geworden, spielen sie schon seit ihren Anfangstagen, so wie\u00e2\u20ac\u2122s bei mir auch war mit den Vorbildern, mit denen ich dann sp\u00c3\u00a4ter auch zusammenspielen sollte.\u00e2\u20ac\u0153<\/span><\/p>\n<p>&nbsp;<\/p>\n<p><span style=\"font-family: verdana, geneva, sans-serif; font-size: 10pt;\">\u00e2\u20ac\u017e<strong>Eric Harland<\/strong>, der grandiose Schlagzeuger und \u00c3\u00bcbrigens ein sehr guter Freund von mir, rief mich eines Tages an, weil er mir von <strong>James Francies<\/strong> erz\u00c3\u00a4hlen wollte. Er sagte, Francies wolle mich unbedingt treffen. Ich schlug daher gleich eine richtige Session vor, zusammen mit einem Bassisten. \u00e2\u20ac\u02dcBei James brauchst du keinen Bassisten!\u00e2\u20ac\u2122, rief Eric daraufhin. Ja, es war ein unglaublicher Tag, und so entstand dann auch die Idee der Edition dieser neuen Reihe, als ich James und sein einzigartiges Talent entdeckt hatte.\u00e2\u20ac\u0153<\/span><\/p>\n<p><span style=\"font-family: verdana, geneva, sans-serif; font-size: 10pt;\">Dem losen Bandkonzept gab Metheny schlie\u00c3\u0178lich den Projektnamen <strong><em>Side-Eye<\/em><\/strong>, verbunden mit der Hoffnung, dass in Zukunft ganz unterschiedliche Musikerinnen und Musiker in immer neuen Konstellationen unter diesem Banner zusammenfinden. Bislang gab es vier Besetzungen \u00e2\u20ac\u201c daher auch der Zusatz<strong> \u00e2\u20ac\u017eV1-IV\u00e2\u20ac\u0153<\/strong> im Titel des neuen Albums.<\/span><\/p>\n<p><span style=\"font-family: verdana, geneva, sans-serif; font-size: 10pt;\">\u00e2\u20ac\u017eAls <strong>James<\/strong> dann zugesagt hatte, wollte ich diese ganzen unfassbar talentierten Drummer anhauen, die sich da momentan in der Szene tummeln. Eric selbst ist ja, wie gesagt, ein unglaublicher Schlagzeuger, und bei einigen der ersten Performances habe ich auch mit <strong>Anwar Marshall<\/strong> gearbeitet, einem der besten Jungs aus Philly, die man momentan finden kann. Danach hat <strong>Nate Smith<\/strong> mit James und mir eine Tour durch Japan absolviert, was auch fantastisch war, und dann ist auf dem Album auch noch <strong>Marcus Gilmore<\/strong> zu h\u00c3\u00b6ren, den ich kenne, seit er so um die 12 war\u00e2\u20ac\u00a6 er ist n\u00c3\u00a4mlich der Enkel meines allergr\u00c3\u00b6\u00c3\u0178ten Helden: <strong>Roy Haynes<\/strong>. F\u00c3\u00bcr die kommenden Performances habe ich au\u00c3\u0178erdem <strong>Joe Dyson<\/strong> eingeladen. Joe ist noch so ein Ausnahmeschlagzeuger, urspr\u00c3\u00bcnglich aus New Orleans, weshalb er f\u00c3\u00bcr die n\u00c3\u00a4chsten Sachen ganz neue M\u00c3\u00b6glichkeiten ins Spiel bringt.\u00e2\u20ac\u0153<\/span><\/p>\n<p><span style=\"font-family: verdana, geneva, sans-serif; font-size: 10pt;\">Wenn man bedenkt, in wie vielen grundverschiedenen Konstellationen Metheny in den zur\u00c3\u00bcckliegenden Jahrzehnten aufgetreten ist, stellt sich unweigerlich die Frage, in welchen Kategorien er sein eigenes Output einteilt \u00e2\u20ac\u201c und wo er \u00c3\u00bcberhaupt Grenzen zieht. \u00e2\u20ac\u017eIch hatte ja schon in meinen Anfangstagen in der Regel mehrere Bands gleichzeitig\u00e2\u20ac\u0153, holt er aus, \u00e2\u20ac\u017eund das war in den Siebzigern und Achtzigern alles andere als \u00c3\u00bcblich: Die Leute hatten halt ihre eine Band, das war\u00e2\u20ac\u2122s. Kann sogar sein, dass ich irgendwann einfach zu gut darin geworden bin, diese unterschiedlichen Dinge mit immer neuen Namen und kulturellen Rahmungen zu versehen. Dabei ist im Grunde genommen alles, was ich mache, \u00e2\u20ac\u02dc<strong>The Pat Metheny Group<\/strong>\u00e2\u20ac\u2122 \u00e2\u20ac\u201c ganz egal, wer nun gerade zu dieser Band z\u00c3\u00a4hlt oder wie ich die Sache sonst wom\u00c3\u00b6glich gerade getauft habe. F\u00c3\u00bcr mich ist das alles ein Ding, und jede Zusammenkunft, bei der ich Bandleader bin, funktioniert auf dieselbe Art und Weise: Ich gebe einfach alles daf\u00c3\u00bcr, die bestm\u00c3\u00b6glichen Kompositionen f\u00c3\u00bcr die bestm\u00c3\u00b6gliche Kombination von Leuten zu finden, um so genau das zu definieren und zu pr\u00c3\u00a4sentieren, was mich in der jeweiligen Schaffensphase gerade bewegt und interessiert.\u00e2\u20ac\u0153<\/span><\/p>\n<p>&nbsp;<\/p>\n<p><span style=\"font-family: verdana, geneva, sans-serif; font-size: 10pt;\">Gerade in den letzten paar Jahren seien \u00e2\u20ac\u017eimmer mehr j\u00c3\u00bcngere Musiker*innen auf den Plan getreten, mit denen Gruppierungen m\u00c3\u00b6glich sind, wo wirklich nichts einander ausschlie\u00c3\u0178t; das sind auch genau die Leute, die f\u00c3\u00bcr <strong><em>Side-Eye<\/em><\/strong> interessant sind, weil sie diese gewaltige Bandbreite abdecken. Wichtigste Konstante f\u00c3\u00bcr mich als Leader ist dabei von Anfang an, ganz unabh\u00c3\u00a4ngig davon, wen ich alles hinterher noch dazu hole: Wirklich s\u00c3\u00a4mtliche St\u00c3\u00a4rken aus den Beteiligten herauszuholen und sie dazu zu bewegen, in den Sessions ihr absolut Bestes zu geben.\u00e2\u20ac\u0153<\/span><\/p>\n<p><span style=\"font-family: verdana, geneva, sans-serif; font-size: 10pt;\">\u00c3\u0153ber die H\u00c3\u00a4lfte des neuen Albums besteht aus brandneuen Kompositionen: \u00e2\u20ac\u017eIn gewisser Hinsicht ist dieses Album mit meinem fr\u00c3\u00bcheren Longplayer <strong><em>Travels<\/em> <\/strong>vergleichbar, weil es ebenfalls live aufgenommen wurde, es aber zugleich auch vollkommen neue Musik, ganz neue Konzepte beinhaltet.\u00e2\u20ac\u0153 <\/span><span style=\"font-family: verdana, geneva, sans-serif; font-size: 10pt;\">Den Auftakt der LP markiert das knapp 14-min\u00c3\u00bctige St\u00c3\u00bcck \u00e2\u20ac\u017e<strong>It Starts When We Disappear<\/strong>\u00e2\u20ac\u0153, das wie so viele von Methenys Kompositionen den klassischen Aufbau (Head\/Solo\/Head) hinter sich l\u00c3\u00a4sst und stattdessen sehr viel komplexere Formen annimmt \u00e2\u20ac\u201c um schlie\u00c3\u0178lich auch noch umwerfende Soloparts von Metheny und Francies bereitzuhalten. <\/span><span style=\"font-family: verdana, geneva, sans-serif; font-size: 10pt;\">\u00e2\u20ac\u017eIm Grunde genommen haben wir es hier mit einem \u00e2\u20ac\u02dcOrgeltrio\u00e2\u20ac\u2122 zu tun \u00e2\u20ac\u201c allerdings ganz klar einem f\u00c3\u00bcrs 21. Jahrhundert. James kann mit seiner linken Hand Basslines spielen, die echt an die von Jack McDuff heranreichen, und der ist gewisserma\u00c3\u0178en mein \u00e2\u20ac\u02dcLieblingsbassist\u00e2\u20ac\u2122 unter den Organisten. Und dazu kommt, dass ich auf der Gitarre auch Bassparts einstreuen kann. Ich wollte die Idee eines Keyboard\/Gitarre\/Schlagzeug-Trios einfach noch ein bisschen weiter treiben, weil ich sehen wollte, was passiert, wenn ich noch ein paar von meinen \u00e2\u20ac\u02dcorchestrionischen Instrumenten\u00e2\u20ac\u2122 ins Spiel bringe, einen ganz neuen Faktor also, der wieder ganz andere Herausforderungen mit sich bringt. Diese Instrumente sind jetzt ganz zu Beginn und ganz am Schluss des Albums zu h\u00c3\u00b6ren.\u00e2\u20ac\u0153<\/span><\/p>\n<p><span style=\"font-family: verdana, geneva, sans-serif; font-size: 10pt;\">Auch dazwischen passiert extrem viel auf diesem <strong><em>Side-Eye<\/em><\/strong>-Album, wobei sich Metheny &amp; Co. zwischenzeitlich sogar auf das eher traditionelle \u00e2\u20ac\u017eOrgeltrio\u00e2\u20ac\u0153 zur\u00c3\u00bcckbesinnen \u00e2\u20ac\u201c siehe etwa \u00e2\u20ac\u017e<strong>Timeline<\/strong>\u00e2\u20ac\u0153, ein St\u00c3\u00bcck, das der Gitarrist urspr\u00c3\u00bcnglich f\u00c3\u00bcr ein Album von Michael Brecker komponierte, bei dessen Originalaufnahme er selbst und die Schlagzeug-Legende Elvin Jones mitwirkten. \u00e2\u20ac\u017eVon dem Song hatte ich selbst noch nie eine Version eingespielt, und mit dieser Konstellation schien es einfach der perfekte Zeitpunkt daf\u00c3\u00bcr zu sein.\u00e2\u20ac\u0153\u00c2\u00a0<\/span><\/p>\n<p><span style=\"font-family: verdana, geneva, sans-serif; font-size: 10pt;\">Auf \u00e2\u20ac\u017e<strong>Lodger<\/strong>\u00e2\u20ac\u0153 hingegen begegnet man einem Metheny, wie man ihn seit seiner Interpretation von John Zorns <em>TAP<\/em>, ja wom\u00c3\u00b6glich schon seit \u00e2\u20ac\u017e<strong>The Roots Of Coincidence<\/strong>\u00e2\u20ac\u0153 nicht mehr geh\u00c3\u00b6rt hat: Als echten Rocker n\u00c3\u00a4mlich. \u00e2\u20ac\u017eIch lasse stets das St\u00c3\u00bcck selbst entscheiden, wie es gespielt werden will. Geschrieben habe ich diesen Song genau genommen sogar auf einer Akustikgitarre, irgendwann sp\u00c3\u00a4t nachts war das. Aber bei der Probe verlangte es dann, dass ich es eher auf diese Art angehen sollte. Inspiriert und gewidmet ist dieses St\u00c3\u00bcck einem gro\u00c3\u0178artigen Freund, der zugleich einer meiner Lieblingsgitarristen ist: Adam Rogers.\u00e2\u20ac\u0153<\/span><\/p>\n<p><span style=\"font-family: verdana, geneva, sans-serif; font-size: 10pt;\">Wie gesagt, wei\u00c3\u0178 man bei Pat Metheny so gut wie nie, was einen als n\u00c3\u00a4chstes erwartet. Trotz der vielen Exkurse und Verwandlungen ist jedes Mal klar, dass er sich zu 100% dem aktuellen Album widmet \u00e2\u20ac\u201c und wirklich alles aus sich und seinen Mitstreitern herausholt, um diese Vision Realit\u00c3\u00a4t werden zu lassen.<\/span><\/p>\n<p><span style=\"font-family: verdana, geneva, sans-serif; font-size: 10pt;\">Mal richtig laut und voller Energie, dann wieder ganz kontemplativ und feinf\u00c3\u00bchlig, mal absolut gefasst, dann wieder komplett frei improvisiert oder gar erweitert um eine selbst entwickelte Ger\u00c3\u00a4tschaft, h\u00c3\u00b6rt man doch immer ganz klar seine Handschrift heraus \u00e2\u20ac\u201c und das seit bald f\u00c3\u00bcnf Jahrzehnten, die Pat Metheny nun schon ganz oben im Jazz mitspielt. Mit der <em>Side-Eye<\/em>-Serie schl\u00c3\u00a4gt er jetzt das n\u00c3\u00a4chste Kapitel dieser Karriere auf\u00e2\u20ac\u00a6<\/span><\/p>\n<p>&nbsp;<\/p>\n<p><strong><span style=\"font-family: verdana, geneva, sans-serif; font-size: 10pt;\">JazzNights<\/span><\/strong><\/p>\n<p><strong><span style=\"font-family: verdana, geneva, sans-serif; font-size: 10pt;\">PAT METHENY SIDE-EYE<\/span><\/strong><\/p>\n<p><span style=\"font-family: verdana, geneva, sans-serif; font-size: 10pt;\">w\/ James Francies &amp; Joe Dyson<\/span><\/p>\n<p>&nbsp;<\/p>\n<ol>\n<li><span style=\"font-family: verdana, geneva, sans-serif; font-size: 10pt;\">Mai 2022\u00c2\u00a0\u00c2\u00a0\u00c2\u00a0\u00c2\u00a0\u00c2\u00a0 Erfurt\u00c2\u00a0 \u00c2\u00a0 \u00c2\u00a0 \u00c2\u00a0 \u00c2\u00a0 \u00c2\u00a0 \u00c2\u00a0 \u00c2\u00a0 \u00c2\u00a0 \u00c2\u00a0 \u00c2\u00a0 \u00c2\u00a0 \u00c2\u00a0Alte Oper\u00c2\u00a0\u00c2\u00a0\u00c2\u00a0\u00c2\u00a0\u00c2\u00a0\u00c2\u00a0\u00c2\u00a0\u00c2\u00a0\u00c2\u00a0\u00c2\u00a0\u00c2\u00a0\u00c2\u00a0\u00c2\u00a0\u00c2\u00a0\u00c2\u00a0\u00c2\u00a0\u00c2\u00a0\u00c2\u00a0\u00c2\u00a0\u00c2\u00a0\u00c2\u00a0\u00c2\u00a0(Mediengruppe Th\u00c3\u00bcringen)\u00c2\u00a0\u00c2\u00a0\u00c2\u00a0\u00c2\u00a0\u00c2\u00a0\u00c2\u00a0\u00c2\u00a0\u00c2\u00a0\u00c2\u00a0\u00c2\u00a0\u00c2\u00a0\u00c2\u00a0\u00c2\u00a0\u00c2\u00a0\u00c2\u00a0\u00c2\u00a0\u00c2\u00a0\u00c2\u00a0\u00c2\u00a0\u00c2\u00a0\u00c2\u00a0\u00c2\u00a0\u00c2\u00a0\u00c2\u00a0\u00c2\u00a0\u00c2\u00a0\u00c2\u00a0\u00c2\u00a0\u00c2\u00a0<\/span><\/li>\n<li><span style=\"font-family: verdana, geneva, sans-serif; font-size: 10pt;\">Mai 2022\u00c2\u00a0\u00c2\u00a0\u00c2\u00a0\u00c2\u00a0\u00c2\u00a0 Frankfurt\u00c2\u00a0 \u00c2\u00a0 \u00c2\u00a0 \u00c2\u00a0 \u00c2\u00a0 \u00c2\u00a0 \u00c2\u00a0 \u00c2\u00a0 \u00c2\u00a0 \u00c2\u00a0 Alte Oper\u00c2\u00a0\u00c2\u00a0\u00c2\u00a0\u00c2\u00a0\u00c2\u00a0\u00c2\u00a0\u00c2\u00a0\u00c2\u00a0\u00c2\u00a0\u00c2\u00a0\u00c2\u00a0\u00c2\u00a0\u00c2\u00a0\u00c2\u00a0\u00c2\u00a0\u00c2\u00a0\u00c2\u00a0\u00c2\u00a0\u00c2\u00a0\u00c2\u00a0\u00c2\u00a0\u00c2\u00a0\u00c2\u00a0(Alte Oper)<\/span><\/li>\n<li><span style=\"font-family: verdana, geneva, sans-serif; font-size: 10pt;\">Mai 2022\u00c2\u00a0 \u00c2\u00a0 \u00c2\u00a0 Karlsruhe\u00c2\u00a0 \u00c2\u00a0 \u00c2\u00a0 \u00c2\u00a0 \u00c2\u00a0 \u00c2\u00a0 \u00c2\u00a0 \u00c2\u00a0 \u00c2\u00a0 \u00c2\u00a0Tollhaus\u00c2\u00a0\u00c2\u00a0\u00c2\u00a0\u00c2\u00a0\u00c2\u00a0\u00c2\u00a0\u00c2\u00a0\u00c2\u00a0\u00c2\u00a0\u00c2\u00a0\u00c2\u00a0\u00c2\u00a0\u00c2\u00a0\u00c2\u00a0\u00c2\u00a0\u00c2\u00a0\u00c2\u00a0\u00c2\u00a0<\/span><\/li>\n<li><span style=\"font-family: verdana, geneva, sans-serif; font-size: 10pt;\">Mai 2022\u00c2\u00a0\u00c2\u00a0\u00c2\u00a0\u00c2\u00a0\u00c2\u00a0 D\u00c3\u00bcsseldorf\u00c2\u00a0 \u00c2\u00a0 \u00c2\u00a0 \u00c2\u00a0 \u00c2\u00a0 \u00c2\u00a0 \u00c2\u00a0 \u00c2\u00a0 \u00c2\u00a0 Tonhalle\u00c2\u00a0\u00c2\u00a0\u00c2\u00a0\u00c2\u00a0\u00c2\u00a0\u00c2\u00a0\u00c2\u00a0\u00c2\u00a0\u00c2\u00a0\u00c2\u00a0\u00c2\u00a0\u00c2\u00a0\u00c2\u00a0\u00c2\u00a0\u00c2\u00a0\u00c2\u00a0\u00c2\u00a0\u00c2\u00a0\u00c2\u00a0\u00c2\u00a0\u00c2\u00a0\u00c2\u00a0\u00c2\u00a0\u00c2\u00a0(Savoy Theater)<\/span><\/li>\n<li><span style=\"font-family: verdana, geneva, sans-serif; font-size: 10pt;\">Mai 2022\u00c2\u00a0\u00c2\u00a0\u00c2\u00a0\u00c2\u00a0\u00c2\u00a0 M\u00c3\u00bcnchen\u00c2\u00a0 \u00c2\u00a0 \u00c2\u00a0 \u00c2\u00a0 \u00c2\u00a0 \u00c2\u00a0 \u00c2\u00a0 \u00c2\u00a0 \u00c2\u00a0 \u00c2\u00a0 Philharmonie\u00c2\u00a0\u00c2\u00a0\u00c2\u00a0\u00c2\u00a0\u00c2\u00a0\u00c2\u00a0\u00c2\u00a0\u00c2\u00a0\u00c2\u00a0\u00c2\u00a0\u00c2\u00a0\u00c2\u00a0\u00c2\u00a0\u00c2\u00a0\u00c2\u00a0\u00c2\u00a0\u00c2\u00a0 (Bell&#8217;Arte)<\/span><\/li>\n<li><span style=\"font-family: verdana, geneva, sans-serif; font-size: 10pt;\">Mai 2022\u00c2\u00a0\u00c2\u00a0\u00c2\u00a0\u00c2\u00a0\u00c2\u00a0 Berlin\u00c2\u00a0 \u00c2\u00a0 \u00c2\u00a0 \u00c2\u00a0 \u00c2\u00a0 \u00c2\u00a0 \u00c2\u00a0 \u00c2\u00a0 \u00c2\u00a0 \u00c2\u00a0 \u00c2\u00a0 \u00c2\u00a0 \u00c2\u00a0Admiralspalast \u00c2\u00a0\u00c2\u00a0\u00c2\u00a0\u00c2\u00a0\u00c2\u00a0\u00c2\u00a0\u00c2\u00a0\u00c2\u00a0\u00c2\u00a0\u00c2\u00a0\u00c2\u00a0\u00c2\u00a0(New Berlin Konzerte)<\/span><\/li>\n<li><span style=\"font-family: verdana, geneva, sans-serif; font-size: 10pt;\">Mai 2022\u00c2\u00a0\u00c2\u00a0\u00c2\u00a0\u00c2\u00a0\u00c2\u00a0 Bielefeld\u00c2\u00a0 \u00c2\u00a0 \u00c2\u00a0 \u00c2\u00a0 \u00c2\u00a0 \u00c2\u00a0 \u00c2\u00a0 \u00c2\u00a0 \u00c2\u00a0 \u00c2\u00a0 \u00c2\u00a0Rudolf-Oetker-Halle\u00c2\u00a0\u00c2\u00a0\u00c2\u00a0\u00c2\u00a0\u00c2\u00a0\u00c2\u00a0 (Musik Kontor Herford)\u00c2\u00a0\u00c2\u00a0\u00c2\u00a0\u00c2\u00a0\u00c2\u00a0\u00c2\u00a0\u00c2\u00a0\u00c2\u00a0\u00c2\u00a0\u00c2\u00a0\u00c2\u00a0\u00c2\u00a0\u00c2\u00a0\u00c2\u00a0\u00c2\u00a0<\/span><\/li>\n<li><span style=\"font-family: verdana, geneva, sans-serif; font-size: 10pt;\">Mai 2022\u00c2\u00a0\u00c2\u00a0\u00c2\u00a0\u00c2\u00a0\u00c2\u00a0 Neunkirchen\u00c2\u00a0\u00c2\u00a0\u00c2\u00a0\u00c2\u00a0\u00c2\u00a0\u00c2\u00a0\u00c2\u00a0\u00c2\u00a0\u00c2\u00a0\u00c2\u00a0\u00c2\u00a0\u00c2\u00a0\u00c2\u00a0\u00c2\u00a0 Neue Gebl\u00c3\u00a4sehalle\u00c2\u00a0\u00c2\u00a0\u00c2\u00a0\u00c2\u00a0\u00c2\u00a0\u00c2\u00a0\u00c2\u00a0\u00c2\u00a0 (Neunkirchen Kultur)\u00c2\u00a0\u00c2\u00a0\u00c2\u00a0\u00c2\u00a0\u00c2\u00a0\u00c2\u00a0\u00c2\u00a0\u00c2\u00a0\u00c2\u00a0\u00c2\u00a0\u00c2\u00a0\u00c2\u00a0\u00c2\u00a0\u00c2\u00a0<\/span><\/li>\n<li><span style=\"font-family: verdana, geneva, sans-serif; font-size: 10pt;\">Mai 2022\u00c2\u00a0\u00c2\u00a0\u00c2\u00a0\u00c2\u00a0\u00c2\u00a0 Stuttgart\u00c2\u00a0 \u00c2\u00a0 \u00c2\u00a0 \u00c2\u00a0 \u00c2\u00a0 \u00c2\u00a0 \u00c2\u00a0 \u00c2\u00a0 \u00c2\u00a0 \u00c2\u00a0 Liederhalle\u00c2\u00a0\u00c2\u00a0\u00c2\u00a0\u00c2\u00a0\u00c2\u00a0\u00c2\u00a0\u00c2\u00a0\u00c2\u00a0\u00c2\u00a0\u00c2\u00a0\u00c2\u00a0\u00c2\u00a0\u00c2\u00a0\u00c2\u00a0\u00c2\u00a0\u00c2\u00a0\u00c2\u00a0\u00c2\u00a0\u00c2\u00a0\u00c2\u00a0(SKS Russ)<\/span><\/li>\n<li><span style=\"font-family: verdana, geneva, sans-serif; font-size: 10pt;\">Mai 2022\u00c2\u00a0\u00c2\u00a0\u00c2\u00a0\u00c2\u00a0\u00c2\u00a0 Dortmund\u00c2\u00a0 \u00c2\u00a0 \u00c2\u00a0 \u00c2\u00a0 \u00c2\u00a0 \u00c2\u00a0 \u00c2\u00a0 \u00c2\u00a0 \u00c2\u00a0 \u00c2\u00a0Konzerthaus\u00c2\u00a0\u00c2\u00a0\u00c2\u00a0\u00c2\u00a0\u00c2\u00a0\u00c2\u00a0\u00c2\u00a0\u00c2\u00a0\u00c2\u00a0\u00c2\u00a0\u00c2\u00a0\u00c2\u00a0\u00c2\u00a0\u00c2\u00a0\u00c2\u00a0\u00c2\u00a0\u00c2\u00a0(Konzerthaus Dortmund)<\/span><\/li>\n<li><span style=\"font-family: verdana, geneva, sans-serif; font-size: 10pt;\">Mai 2022\u00c2\u00a0\u00c2\u00a0\u00c2\u00a0\u00c2\u00a0\u00c2\u00a0 Leipzig\u00c2\u00a0 \u00c2\u00a0 \u00c2\u00a0 \u00c2\u00a0 \u00c2\u00a0 \u00c2\u00a0 \u00c2\u00a0 \u00c2\u00a0 \u00c2\u00a0 \u00c2\u00a0 \u00c2\u00a0 \u00c2\u00a0 Haus Auensee\u00c2\u00a0\u00c2\u00a0\u00c2\u00a0\u00c2\u00a0\u00c2\u00a0\u00c2\u00a0\u00c2\u00a0\u00c2\u00a0\u00c2\u00a0\u00c2\u00a0\u00c2\u00a0\u00c2\u00a0\u00c2\u00a0(Aust Konzerte)<\/span><\/li>\n<li><span style=\"font-family: verdana, geneva, sans-serif; font-size: 10pt;\">Mai 2022\u00c2\u00a0\u00c2\u00a0\u00c2\u00a0\u00c2\u00a0\u00c2\u00a0 Hamburg\u00c2\u00a0 \u00c2\u00a0 \u00c2\u00a0 \u00c2\u00a0 \u00c2\u00a0 \u00c2\u00a0 \u00c2\u00a0 \u00c2\u00a0 \u00c2\u00a0 \u00c2\u00a0 \u00c2\u00a0Laeiszhalle\u00c2\u00a0\u00c2\u00a0\u00c2\u00a0\u00c2\u00a0\u00c2\u00a0\u00c2\u00a0\u00c2\u00a0\u00c2\u00a0\u00c2\u00a0\u00c2\u00a0\u00c2\u00a0\u00c2\u00a0\u00c2\u00a0\u00c2\u00a0\u00c2\u00a0\u00c2\u00a0\u00c2\u00a0\u00c2\u00a0\u00c2\u00a0(Karsten Jahnke)<\/span><\/li>\n<li><span style=\"font-family: verdana, geneva, sans-serif; font-size: 10pt;\">Mai 2022\u00c2\u00a0\u00c2\u00a0\u00c2\u00a0\u00c2\u00a0\u00c2\u00a0 Bremen\u00c2\u00a0 \u00c2\u00a0 \u00c2\u00a0 \u00c2\u00a0 \u00c2\u00a0 \u00c2\u00a0 \u00c2\u00a0 \u00c2\u00a0 \u00c2\u00a0 \u00c2\u00a0 \u00c2\u00a0 \u00c2\u00a0Die Glocke\u00c2\u00a0\u00c2\u00a0\u00c2\u00a0\u00c2\u00a0\u00c2\u00a0\u00c2\u00a0\u00c2\u00a0\u00c2\u00a0\u00c2\u00a0\u00c2\u00a0\u00c2\u00a0\u00c2\u00a0\u00c2\u00a0\u00c2\u00a0\u00c2\u00a0\u00c2\u00a0\u00c2\u00a0\u00c2\u00a0\u00c2\u00a0\u00c2\u00a0(Die Glocke)<\/span><\/li>\n<\/ol>\n<p>&nbsp;<\/p>\n<p><span style=\"font-family: verdana, geneva, sans-serif; font-size: 10pt;\">Ticketservice: 040 413 22 60 \/\/ 01806\u00c2\u00a0 62 62 80 (Festnetz: 0,20\u00e2\u201a\u00ac\/Anruf, Mobilfunk: max. 0,60\u00e2\u201a\u00ac\/Anruf)<\/span><\/p>\n<p><span style=\"font-family: verdana, geneva, sans-serif; font-size: 10pt;\">Online:kj.de \/\/ <a href=\"mailto:tickets@kj.de\">tickets@kj.de<\/a><\/span><\/p>\n<p>&nbsp;[:]<\/p>\n","protected":false},"excerpt":{"rendered":"<p>[:de] &nbsp; Im Gegensatz zu den meisten seiner Kolleginnen und Kollegen, hat sich Gitarrenvirtuose Pat Metheny auch nach all den Jahren eine Sache bewahrt: seine Unberechenbarkeit. Ein neues Metheny-Album \u00e2\u20ac\u201c das kann im Grunde genommen alles M\u00c3\u00b6gliche bedeuten; man wei\u00c3\u0178 im Vorfeld nie, wie es klingt. Als einziger Musiker, der ein ganzes Dutzend seiner insgesamt [&hellip;]<\/p>\n","protected":false},"author":6,"featured_media":16092,"comment_status":"closed","ping_status":"closed","sticky":false,"template":"","format":"standard","meta":{"footnotes":""},"categories":[172],"tags":[],"class_list":["post-16091","post","type-post","status-publish","format-standard","has-post-thumbnail","hentry","category-unkategorisiert"],"yoast_head":"<!-- This site is optimized with the Yoast SEO plugin v26.3 - https:\/\/yoast.com\/wordpress\/plugins\/seo\/ -->\n<title>[:de]Pat Metheny - Side-Eye NYC (V1.IV) (Releasedate: 10.09.2021) [:en]Pat Metheny - Side-Eye NYC (V1.IV) (Releasedate: 10.09.2021)[:] - Q-rious Music<\/title>\n<meta name=\"robots\" content=\"index, follow, max-snippet:-1, max-image-preview:large, max-video-preview:-1\" \/>\n<link rel=\"canonical\" href=\"https:\/\/www.qrious.de\/en\/pat-metheny-side-eye-nyc-v1-iv-releasedate-10-09-2021\/\" \/>\n<meta property=\"og:locale\" content=\"en_US\" \/>\n<meta property=\"og:type\" content=\"article\" \/>\n<meta property=\"og:title\" content=\"[:de]Pat Metheny - Side-Eye NYC (V1.IV) (Releasedate: 10.09.2021) [:en]Pat Metheny - Side-Eye NYC (V1.IV) (Releasedate: 10.09.2021)[:] - Q-rious Music\" \/>\n<meta property=\"og:description\" content=\"[:de] &nbsp; Im Gegensatz zu den meisten seiner Kolleginnen und Kollegen, hat sich Gitarrenvirtuose Pat Metheny auch nach all den Jahren eine Sache bewahrt: seine Unberechenbarkeit. Ein neues Metheny-Album \u00e2\u20ac\u201c das kann im Grunde genommen alles M\u00c3\u00b6gliche bedeuten; man wei\u00c3\u0178 im Vorfeld nie, wie es klingt. Als einziger Musiker, der ein ganzes Dutzend seiner insgesamt [&hellip;]\" \/>\n<meta property=\"og:url\" content=\"https:\/\/www.qrious.de\/en\/pat-metheny-side-eye-nyc-v1-iv-releasedate-10-09-2021\/\" \/>\n<meta property=\"og:site_name\" content=\"Q-rious Music\" \/>\n<meta property=\"article:publisher\" content=\"https:\/\/www.facebook.com\/QriousMusic\/\" \/>\n<meta property=\"article:published_time\" content=\"2021-07-29T11:23:22+00:00\" \/>\n<meta property=\"article:modified_time\" content=\"2021-07-29T12:03:02+00:00\" \/>\n<meta property=\"og:image\" content=\"https:\/\/www.qrious.de\/wp-content\/uploads\/2021\/07\/Metheny_SideEyeCover_4K-1-scaled.jpg\" \/>\n\t<meta property=\"og:image:width\" content=\"2560\" \/>\n\t<meta property=\"og:image:height\" content=\"2560\" \/>\n\t<meta property=\"og:image:type\" content=\"image\/jpeg\" \/>\n<meta name=\"author\" content=\"Qrious\" \/>\n<meta name=\"twitter:card\" content=\"summary_large_image\" \/>\n<meta name=\"twitter:label1\" content=\"Written by\" \/>\n\t<meta name=\"twitter:data1\" content=\"Qrious\" \/>\n\t<meta name=\"twitter:label2\" content=\"Est. reading time\" \/>\n\t<meta name=\"twitter:data2\" content=\"8 minutes\" \/>\n<script type=\"application\/ld+json\" class=\"yoast-schema-graph\">{\"@context\":\"https:\/\/schema.org\",\"@graph\":[{\"@type\":\"WebPage\",\"@id\":\"https:\/\/www.qrious.de\/en\/pat-metheny-side-eye-nyc-v1-iv-releasedate-10-09-2021\/\",\"url\":\"https:\/\/www.qrious.de\/en\/pat-metheny-side-eye-nyc-v1-iv-releasedate-10-09-2021\/\",\"name\":\"[:de]Pat Metheny - Side-Eye NYC (V1.IV) (Releasedate: 10.09.2021) [:en]Pat Metheny - Side-Eye NYC (V1.IV) (Releasedate: 10.09.2021)[:] - Q-rious Music\",\"isPartOf\":{\"@id\":\"https:\/\/www.qrious.de\/en\/#website\"},\"primaryImageOfPage\":{\"@id\":\"https:\/\/www.qrious.de\/en\/pat-metheny-side-eye-nyc-v1-iv-releasedate-10-09-2021\/#primaryimage\"},\"image\":{\"@id\":\"https:\/\/www.qrious.de\/en\/pat-metheny-side-eye-nyc-v1-iv-releasedate-10-09-2021\/#primaryimage\"},\"thumbnailUrl\":\"https:\/\/www.qrious.de\/wp-content\/uploads\/2021\/07\/Metheny_SideEyeCover_4K-1-scaled.jpg\",\"datePublished\":\"2021-07-29T11:23:22+00:00\",\"dateModified\":\"2021-07-29T12:03:02+00:00\",\"author\":{\"@id\":\"https:\/\/www.qrious.de\/en\/#\/schema\/person\/c23ecd85bc1b3ab8b09bf6da9d86a700\"},\"breadcrumb\":{\"@id\":\"https:\/\/www.qrious.de\/en\/pat-metheny-side-eye-nyc-v1-iv-releasedate-10-09-2021\/#breadcrumb\"},\"inLanguage\":\"en-US\",\"potentialAction\":[{\"@type\":\"ReadAction\",\"target\":[\"https:\/\/www.qrious.de\/en\/pat-metheny-side-eye-nyc-v1-iv-releasedate-10-09-2021\/\"]}]},{\"@type\":\"ImageObject\",\"inLanguage\":\"en-US\",\"@id\":\"https:\/\/www.qrious.de\/en\/pat-metheny-side-eye-nyc-v1-iv-releasedate-10-09-2021\/#primaryimage\",\"url\":\"https:\/\/www.qrious.de\/wp-content\/uploads\/2021\/07\/Metheny_SideEyeCover_4K-1-scaled.jpg\",\"contentUrl\":\"https:\/\/www.qrious.de\/wp-content\/uploads\/2021\/07\/Metheny_SideEyeCover_4K-1-scaled.jpg\",\"width\":2560,\"height\":2560},{\"@type\":\"BreadcrumbList\",\"@id\":\"https:\/\/www.qrious.de\/en\/pat-metheny-side-eye-nyc-v1-iv-releasedate-10-09-2021\/#breadcrumb\",\"itemListElement\":[{\"@type\":\"ListItem\",\"position\":1,\"name\":\"Home\",\"item\":\"https:\/\/www.qrious.de\/en\/\"},{\"@type\":\"ListItem\",\"position\":2,\"name\":\"[:de]Pat Metheny &#8211; Side-Eye NYC (V1.IV) (Releasedate: 10.09.2021) [:en]Pat Metheny &#8211; Side-Eye NYC (V1.IV) (Releasedate: 10.09.2021)[:]\"}]},{\"@type\":\"WebSite\",\"@id\":\"https:\/\/www.qrious.de\/en\/#website\",\"url\":\"https:\/\/www.qrious.de\/en\/\",\"name\":\"Q-rious Music\",\"description\":\"Q-rious Music: promotion, distribution, label, publishing\",\"potentialAction\":[{\"@type\":\"SearchAction\",\"target\":{\"@type\":\"EntryPoint\",\"urlTemplate\":\"https:\/\/www.qrious.de\/en\/?s={search_term_string}\"},\"query-input\":{\"@type\":\"PropertyValueSpecification\",\"valueRequired\":true,\"valueName\":\"search_term_string\"}}],\"inLanguage\":\"en-US\"},{\"@type\":\"Person\",\"@id\":\"https:\/\/www.qrious.de\/en\/#\/schema\/person\/c23ecd85bc1b3ab8b09bf6da9d86a700\",\"name\":\"Qrious\",\"sameAs\":[\"http:\/\/www.qrious.de\"],\"url\":\"https:\/\/www.qrious.de\/en\/author\/office\/\"}]}<\/script>\n<!-- \/ Yoast SEO plugin. -->","yoast_head_json":{"title":"[:de]Pat Metheny - Side-Eye NYC (V1.IV) (Releasedate: 10.09.2021) [:en]Pat Metheny - Side-Eye NYC (V1.IV) (Releasedate: 10.09.2021)[:] - Q-rious Music","robots":{"index":"index","follow":"follow","max-snippet":"max-snippet:-1","max-image-preview":"max-image-preview:large","max-video-preview":"max-video-preview:-1"},"canonical":"https:\/\/www.qrious.de\/en\/pat-metheny-side-eye-nyc-v1-iv-releasedate-10-09-2021\/","og_locale":"en_US","og_type":"article","og_title":"[:de]Pat Metheny - Side-Eye NYC (V1.IV) (Releasedate: 10.09.2021) [:en]Pat Metheny - Side-Eye NYC (V1.IV) (Releasedate: 10.09.2021)[:] - Q-rious Music","og_description":"[:de] &nbsp; Im Gegensatz zu den meisten seiner Kolleginnen und Kollegen, hat sich Gitarrenvirtuose Pat Metheny auch nach all den Jahren eine Sache bewahrt: seine Unberechenbarkeit. Ein neues Metheny-Album \u00e2\u20ac\u201c das kann im Grunde genommen alles M\u00c3\u00b6gliche bedeuten; man wei\u00c3\u0178 im Vorfeld nie, wie es klingt. Als einziger Musiker, der ein ganzes Dutzend seiner insgesamt [&hellip;]","og_url":"https:\/\/www.qrious.de\/en\/pat-metheny-side-eye-nyc-v1-iv-releasedate-10-09-2021\/","og_site_name":"Q-rious Music","article_publisher":"https:\/\/www.facebook.com\/QriousMusic\/","article_published_time":"2021-07-29T11:23:22+00:00","article_modified_time":"2021-07-29T12:03:02+00:00","og_image":[{"width":2560,"height":2560,"url":"https:\/\/www.qrious.de\/wp-content\/uploads\/2021\/07\/Metheny_SideEyeCover_4K-1-scaled.jpg","type":"image\/jpeg"}],"author":"Qrious","twitter_card":"summary_large_image","twitter_misc":{"Written by":"Qrious","Est. reading time":"8 minutes"},"schema":{"@context":"https:\/\/schema.org","@graph":[{"@type":"WebPage","@id":"https:\/\/www.qrious.de\/en\/pat-metheny-side-eye-nyc-v1-iv-releasedate-10-09-2021\/","url":"https:\/\/www.qrious.de\/en\/pat-metheny-side-eye-nyc-v1-iv-releasedate-10-09-2021\/","name":"[:de]Pat Metheny - Side-Eye NYC (V1.IV) (Releasedate: 10.09.2021) [:en]Pat Metheny - Side-Eye NYC (V1.IV) (Releasedate: 10.09.2021)[:] - Q-rious Music","isPartOf":{"@id":"https:\/\/www.qrious.de\/en\/#website"},"primaryImageOfPage":{"@id":"https:\/\/www.qrious.de\/en\/pat-metheny-side-eye-nyc-v1-iv-releasedate-10-09-2021\/#primaryimage"},"image":{"@id":"https:\/\/www.qrious.de\/en\/pat-metheny-side-eye-nyc-v1-iv-releasedate-10-09-2021\/#primaryimage"},"thumbnailUrl":"https:\/\/www.qrious.de\/wp-content\/uploads\/2021\/07\/Metheny_SideEyeCover_4K-1-scaled.jpg","datePublished":"2021-07-29T11:23:22+00:00","dateModified":"2021-07-29T12:03:02+00:00","author":{"@id":"https:\/\/www.qrious.de\/en\/#\/schema\/person\/c23ecd85bc1b3ab8b09bf6da9d86a700"},"breadcrumb":{"@id":"https:\/\/www.qrious.de\/en\/pat-metheny-side-eye-nyc-v1-iv-releasedate-10-09-2021\/#breadcrumb"},"inLanguage":"en-US","potentialAction":[{"@type":"ReadAction","target":["https:\/\/www.qrious.de\/en\/pat-metheny-side-eye-nyc-v1-iv-releasedate-10-09-2021\/"]}]},{"@type":"ImageObject","inLanguage":"en-US","@id":"https:\/\/www.qrious.de\/en\/pat-metheny-side-eye-nyc-v1-iv-releasedate-10-09-2021\/#primaryimage","url":"https:\/\/www.qrious.de\/wp-content\/uploads\/2021\/07\/Metheny_SideEyeCover_4K-1-scaled.jpg","contentUrl":"https:\/\/www.qrious.de\/wp-content\/uploads\/2021\/07\/Metheny_SideEyeCover_4K-1-scaled.jpg","width":2560,"height":2560},{"@type":"BreadcrumbList","@id":"https:\/\/www.qrious.de\/en\/pat-metheny-side-eye-nyc-v1-iv-releasedate-10-09-2021\/#breadcrumb","itemListElement":[{"@type":"ListItem","position":1,"name":"Home","item":"https:\/\/www.qrious.de\/en\/"},{"@type":"ListItem","position":2,"name":"[:de]Pat Metheny &#8211; Side-Eye NYC (V1.IV) (Releasedate: 10.09.2021) [:en]Pat Metheny &#8211; Side-Eye NYC (V1.IV) (Releasedate: 10.09.2021)[:]"}]},{"@type":"WebSite","@id":"https:\/\/www.qrious.de\/en\/#website","url":"https:\/\/www.qrious.de\/en\/","name":"Q-rious Music","description":"Q-rious Music: promotion, distribution, label, publishing","potentialAction":[{"@type":"SearchAction","target":{"@type":"EntryPoint","urlTemplate":"https:\/\/www.qrious.de\/en\/?s={search_term_string}"},"query-input":{"@type":"PropertyValueSpecification","valueRequired":true,"valueName":"search_term_string"}}],"inLanguage":"en-US"},{"@type":"Person","@id":"https:\/\/www.qrious.de\/en\/#\/schema\/person\/c23ecd85bc1b3ab8b09bf6da9d86a700","name":"Qrious","sameAs":["http:\/\/www.qrious.de"],"url":"https:\/\/www.qrious.de\/en\/author\/office\/"}]}},"_links":{"self":[{"href":"https:\/\/www.qrious.de\/en\/wp-json\/wp\/v2\/posts\/16091","targetHints":{"allow":["GET"]}}],"collection":[{"href":"https:\/\/www.qrious.de\/en\/wp-json\/wp\/v2\/posts"}],"about":[{"href":"https:\/\/www.qrious.de\/en\/wp-json\/wp\/v2\/types\/post"}],"author":[{"embeddable":true,"href":"https:\/\/www.qrious.de\/en\/wp-json\/wp\/v2\/users\/6"}],"replies":[{"embeddable":true,"href":"https:\/\/www.qrious.de\/en\/wp-json\/wp\/v2\/comments?post=16091"}],"version-history":[{"count":0,"href":"https:\/\/www.qrious.de\/en\/wp-json\/wp\/v2\/posts\/16091\/revisions"}],"wp:featuredmedia":[{"embeddable":true,"href":"https:\/\/www.qrious.de\/en\/wp-json\/wp\/v2\/media\/16092"}],"wp:attachment":[{"href":"https:\/\/www.qrious.de\/en\/wp-json\/wp\/v2\/media?parent=16091"}],"wp:term":[{"taxonomy":"category","embeddable":true,"href":"https:\/\/www.qrious.de\/en\/wp-json\/wp\/v2\/categories?post=16091"},{"taxonomy":"post_tag","embeddable":true,"href":"https:\/\/www.qrious.de\/en\/wp-json\/wp\/v2\/tags?post=16091"}],"curies":[{"name":"wp","href":"https:\/\/api.w.org\/{rel}","templated":true}]}}