{"id":16049,"date":"2021-07-01T14:51:17","date_gmt":"2021-07-01T12:51:17","guid":{"rendered":"https:\/\/www.qrious.de\/?p=16049"},"modified":"2021-07-01T14:51:17","modified_gmt":"2021-07-01T12:51:17","slug":"rodrigo-leao-a-estranha-beleza-da-vida-releasedate-15-10-2021","status":"publish","type":"post","link":"https:\/\/www.qrious.de\/en\/rodrigo-leao-a-estranha-beleza-da-vida-releasedate-15-10-2021\/","title":{"rendered":"[:de]Rodrigo Le\u00c3\u00a3o &#8211; A Estranha Beleza da Vida ( Releasedate: 15.10. 2021)[:en]Rodrigo Le\u00c3\u00a3o &#8211; A Estranha Beleza da Vida (  Releasedate: 15.10.2021)[:]"},"content":{"rendered":"<p><img loading=\"lazy\" decoding=\"async\" class=\"alignnone size-medium wp-image-16050\" src=\"https:\/\/www.qrious.de\/wp-content\/uploads\/2021\/07\/RodrigoLeao_AEstranhaBelezaDaVida_Covermotiv-300x300.jpg\" alt=\"\" width=\"300\" height=\"300\" srcset=\"https:\/\/www.qrious.de\/wp-content\/uploads\/2021\/07\/RodrigoLeao_AEstranhaBelezaDaVida_Covermotiv-300x300.jpg 300w, https:\/\/www.qrious.de\/wp-content\/uploads\/2021\/07\/RodrigoLeao_AEstranhaBelezaDaVida_Covermotiv-1024x1024.jpg 1024w, https:\/\/www.qrious.de\/wp-content\/uploads\/2021\/07\/RodrigoLeao_AEstranhaBelezaDaVida_Covermotiv-150x150.jpg 150w, https:\/\/www.qrious.de\/wp-content\/uploads\/2021\/07\/RodrigoLeao_AEstranhaBelezaDaVida_Covermotiv-768x768.jpg 768w, https:\/\/www.qrious.de\/wp-content\/uploads\/2021\/07\/RodrigoLeao_AEstranhaBelezaDaVida_Covermotiv-1536x1536.jpg 1536w, https:\/\/www.qrious.de\/wp-content\/uploads\/2021\/07\/RodrigoLeao_AEstranhaBelezaDaVida_Covermotiv-2048x2048.jpg 2048w, https:\/\/www.qrious.de\/wp-content\/uploads\/2021\/07\/RodrigoLeao_AEstranhaBelezaDaVida_Covermotiv-190x190.jpg 190w, https:\/\/www.qrious.de\/wp-content\/uploads\/2021\/07\/RodrigoLeao_AEstranhaBelezaDaVida_Covermotiv-645x645.jpg 645w, https:\/\/www.qrious.de\/wp-content\/uploads\/2021\/07\/RodrigoLeao_AEstranhaBelezaDaVida_Covermotiv-345x345.jpg 345w, https:\/\/www.qrious.de\/wp-content\/uploads\/2021\/07\/RodrigoLeao_AEstranhaBelezaDaVida_Covermotiv-100x100.jpg 100w, https:\/\/www.qrious.de\/wp-content\/uploads\/2021\/07\/RodrigoLeao_AEstranhaBelezaDaVida_Covermotiv-600x600.jpg 600w, https:\/\/www.qrious.de\/wp-content\/uploads\/2021\/07\/RodrigoLeao_AEstranhaBelezaDaVida_Covermotiv-50x50.jpg 50w\" sizes=\"auto, (max-width: 300px) 100vw, 300px\" \/><\/p>\n<p>&nbsp;<\/p>\n<p><span style=\"font-family: tahoma, arial, helvetica, sans-serif; font-size: 10pt;\"><strong>RODRIGO LE\u00c3\u0192O <\/strong><\/span><\/p>\n<p><span style=\"font-family: tahoma, arial, helvetica, sans-serif; font-size: 10pt;\">Fast zehn Jahre lang war <strong>Rodrigo Le\u00c3\u00a3o<\/strong> Teil des erfolgreichen portugiesischen Ensembles \u00e2\u20ac\u017e<strong>Madredeus<\/strong>\u00e2\u20ac\u0153. 1994 entschied er sich die Band zu verlassen, um sich seiner Solokarriere zu widmen. Doch Madredeus war nur eine der vielen Stationen des Musikers und Komponisten.<\/span><\/p>\n<p><span style=\"font-family: tahoma, arial, helvetica, sans-serif; font-size: 10pt;\">W\u00c3\u00a4hrend seiner unglaublichen, inzwischen 30 Jahre w\u00c3\u00a4hrenden Reise, nahmen international gefeierte S\u00c3\u00a4nger*innen wie <strong>Beth Gibbons<\/strong> von Portishead, <strong>Neil Hannon<\/strong> von The Divine Comedy oder <strong>Stuart Staples<\/strong> von den Tindersticks seine Einladung an, auf seinen Alben und bei seinen Liveshows zu singen. Er tourte sowohl mit mit <strong>Ryuichi Sakamoto<\/strong> als auch mit <strong>Ludovico Einaudi<\/strong> in Portugal, Spanien und Italien.<\/span><\/p>\n<p><span style=\"font-family: tahoma, arial, helvetica, sans-serif; font-size: 10pt;\">Dennoch blieb <strong>Rodrigo Le\u00c3\u00a3o<\/strong> stets derselbe ruhig sprechende, bescheidene und talentierte Lissabonner. Seine ersten musikalischen Erfolge feierte er als Bassist der Indie-Rockband <strong>S\u00c3\u00a9tima Legi\u00c3\u00a3o<\/strong>. Danach wandte er sich dem Kammer-Pop von Madredeus und schlie\u00c3\u0178lich den neoklassischen Texturen seines fr\u00c3\u00bchen Solo-Materials und seinen einzigartigen, wehm\u00c3\u00bctigen Popsongs zu. Auf letzteren waren Gastk\u00c3\u00bcnstler wie die Alt-Fado-S\u00c3\u00a4ngerin <strong>Lula Pena<\/strong>, der brasilianischen Star <strong>Adriana Calcanhoto<\/strong>, der Newcomer <strong>Thiago Pethit<\/strong> aus S\u00c3\u00a3o Paulo oder <strong>Joan Wasser<\/strong> alias Joan as Policewoman und der australische S\u00c3\u00a4nger <strong>Scott Mathew<\/strong> zu h\u00c3\u00b6ren.<\/span><\/p>\n<p><span style=\"font-family: tahoma, arial, helvetica, sans-serif; font-size: 10pt;\">Mit seinen zahlreichen Talenten erkundete der stille Mann in den letzten Jahren neues und unerwartetes Terrain. W\u00c3\u00a4hrend er in einigen der legend\u00c3\u00a4rsten Konzerthallen der Welt live auftrat \u00e2\u20ac\u201c u. a. im Barbican Centre (London), Palau de la Musica (Barcelona), Alhambra und Grand Rex (Paris), Melkweg (Amsterdam), Teatro Municipal do Rio de Janeiro oder dem Kennedy Center (Washington) \u00e2\u20ac\u201c komponierte er drei gro\u00c3\u0178e Filmsoundtracks, darunter f\u00c3\u00bcr <strong>Lee Daniels<\/strong>&#8216; Oscar-nominiertes Historiendrama &#8220;<strong>The Butler<\/strong>&#8221; mit Forest Whitaker in der Hauptrolle.\u00c2\u00a0<\/span><\/p>\n<p>&nbsp;<\/p>\n<p><span style=\"font-family: tahoma, arial, helvetica, sans-serif; font-size: 10pt;\">2014 wurde er eingeladen, die k\u00c3\u00bcnstlerische Leitung der Feierlichkeiten zum 40. Jahrestag der portugiesischen Revolution von 1974 zu \u00c3\u00bcbernehmen. Aus dem Gratiskonzert auf den Stufen des Nationalparlaments von Lissabon entstand die Live-CD\/DVD \u00e2\u20ac\u017e<strong>O Esp\u00c3\u00adrito de Um Pa\u00c3\u00ads<\/strong>&#8220;.<\/span><\/p>\n<p><span style=\"font-family: tahoma, arial, helvetica, sans-serif; font-size: 10pt;\">Er schuf die Musik zur Installation \u00e2\u20ac\u017e<strong>Underwarter Forests<\/strong>\u00e2\u20ac\u0153 des verstorbenen japanischen K\u00c3\u00bcnstlers und Aquarianers Takashi Amano und f\u00c3\u00bcr die Ausstellung \u00e2\u20ac\u017e<strong>Brain &#8211; Vastet than the Sky<\/strong>&#8221; im Lissabonner Gulbenkian-Museum. Au\u00c3\u0178erdem produzierte er das Electronica-Album &#8220;<strong>A Vida Secreta das M\u00c3\u00a1quinas<\/strong>&#8220;.<\/span><\/p>\n<p><span style=\"font-family: tahoma, arial, helvetica, sans-serif; font-size: 10pt;\">2015 ver\u00c3\u00b6ffentlichte das renommierte Klassik-Label Deutsche Grammophon sein Album <\/span><span style=\"font-family: tahoma, arial, helvetica, sans-serif; font-size: 10pt;\">\u00e2\u20ac\u017e<strong>O Retiro<\/strong>&#8220;, eine Zusammenarbeit mit dem ber\u00c3\u00bchmten <strong>Gulbenkian Orchestra and Choir<\/strong> aus Lissabon. Anschlie\u00c3\u0178end nahm Rodrigo ein komplettes Album mit dem in New York lebenden Singer-Songwriter <strong>Scott Matthes<\/strong> auf. 2016 folgte das zweite gemeinsame Album \u00e2\u20ac\u017eLife Is Long\u00e2\u20ac\u0153.<\/span><\/p>\n<p><span style=\"font-family: tahoma, arial, helvetica, sans-serif; font-size: 10pt;\">Anl\u00c3\u00a4sslich des 25-j\u00c3\u00a4hrigen Jubil\u00c3\u00a4ums seiner Solokarriere im Jahr 2018 ver\u00c3\u00b6ffentlichte er die Doppel-CD \u00e2\u20ac\u017e<strong>O Anivers\u00c3\u00a1rio<\/strong>\u00e2\u20ac\u0153, eine Retrospektive seiner gr\u00c3\u00b6\u00c3\u0178ten Hits und Lieblingskompositionen, welche die erstaunliche Vielseitigkeit des Musikers offenbart. Des Weiteren erschien eine Neuauflage von \u00e2\u20ac\u017e<strong>Os Portugueses<\/strong>&#8220;, dem Soundtrack, den er f\u00c3\u00bcr die portugiesische TV-Dokumentationsreihe \u00e2\u20ac\u017e<strong>Portugal &#8211; A Social Portait<\/strong>\u00e2\u20ac\u0153 geschrieben hatte.<\/span><\/p>\n<p><span style=\"font-family: tahoma, arial, helvetica, sans-serif; font-size: 10pt;\">Gleichzeitig tourte <strong>Rodrigo Le\u00c3\u00a3o<\/strong> wieder mit einer kleineren Band und begann, neues Material f\u00c3\u00bcr sein n\u00c3\u00a4chstes Studioprojekt zu schreiben. \u00e2\u20ac\u017e<strong>O M\u00c3\u00a9todo<\/strong>&#8221; wurde vom gefeierten italienischen Komponisten <strong>Federico Albanese<\/strong> co-produziert, der ihm half, den schlanken, sauberen Sound zu finden, nach dem er gesucht hatte.<\/span><\/p>\n<p>&nbsp;<\/p>\n<p><span style=\"font-family: tahoma, arial, helvetica, sans-serif; font-size: 10pt;\">Das Album erschien im Februar 2020, doch wenige Wochen sp\u00c3\u00a4ter zwang die Covid-19-Pandemie die Welt zum Stillstand. Die geplante Welttournee musste abgesagt werden und Rodrigo zog sich mit seiner Familie in sein Landhaus im Alentejo zur\u00c3\u00bcck. W\u00c3\u00a4hrend er viele Monate inmitten der Natur verbrachte, keimten allm\u00c3\u00a4hlich neue Ideen in ihm auf.<\/span><\/p>\n<p><span style=\"font-family: tahoma, arial, helvetica, sans-serif; font-size: 10pt;\">In den anderthalb Jahren seit Beginn der Pandemie schuf und ver\u00c3\u00b6ffentlichte Rodrigo Material, das er unter dem globalen Titel &#8220;<strong>A Liberdade<\/strong>&#8221; zusammenfasst, um das &#8220;Davor&#8221;, das &#8220;W\u00c3\u00a4hrend&#8221; und das &#8220;Danach&#8221; des Lockdowns zu markieren.<\/span><\/p>\n<p><span style=\"font-family: tahoma, arial, helvetica, sans-serif; font-size: 10pt;\">\u00e2\u20ac\u017e<strong>O M\u00c3\u00a9todo<\/strong>&#8221; steht f\u00c3\u00bcr das &#8220;Vorher&#8221;. \u00e2\u20ac\u017eW\u00c3\u00a4hrend&#8221; nahm Rodrigo allein die von den Kl\u00c3\u00a4ngen der Natur inspirierte EP \u00e2\u20ac\u017eAvis 2020&#8243; auf, die ausschlie\u00c3\u0178lich digital ver\u00c3\u00b6ffentlicht wurde. \u00e2\u20ac\u017eDanach\u00e2\u20ac\u0153 erscheint sein neues, unerwartetes Album namens \u00e2\u20ac\u017e<strong>A Estranha Beleza da Vida<\/strong>&#8220;, mit G\u00c3\u00a4sten wie <strong>Kurt Wagner<\/strong> (Lambchop), <strong>Michelle Gurevich<\/strong>, <strong>Mart\u00c3\u00adrio<\/strong>, <strong>Surma<\/strong> oder <strong>Suso Saiz<\/strong>.<\/span><\/p>\n<p><span style=\"font-family: tahoma, arial, helvetica, sans-serif; font-size: 10pt;\">Das neue Album erscheint im Oktober weltweit via BMG, begleitet von dem \u00e2\u20ac\u017eA Liberdade&#8221; Box-Set, das alle drei Alben enth\u00c3\u00a4lt.<\/span><\/p>\n<p><span style=\"font-family: tahoma, arial, helvetica, sans-serif; font-size: 10pt;\"> Mit der Ver\u00c3\u00b6ffentlichung von \u00e2\u20ac\u017eA Estranha Beleza da Vida&#8221; und &#8220;A Liberdade&#8221; wird Rodrigo endlich auch wieder auf die B\u00c3\u00bchne zur\u00c3\u00bcckkehren.<\/span><\/p>\n<p>&nbsp;<\/p>\n<p><span style=\"font-family: tahoma, arial, helvetica, sans-serif; font-size: 10pt;\"><strong>\u00c2\u00a0<\/strong><\/span><\/p>\n<p><span style=\"font-family: tahoma, arial, helvetica, sans-serif; font-size: 10pt;\"><strong>Tourdaten in Deutschland:<\/strong><\/span><\/p>\n<p><span style=\"font-family: tahoma, arial, helvetica, sans-serif; font-size: 10pt;\"><strong>\u00c2\u00a0<\/strong><\/span><span style=\"font-family: tahoma, arial, helvetica, sans-serif; font-size: 10pt;\">2<a href=\"x-apple-data-detectors:\/\/20\">2.03.2022<\/a>\u00c2\u00a0Darmstadt, Centralstation<\/span><\/p>\n<p><span style=\"font-family: tahoma, arial, helvetica, sans-serif; font-size: 10pt;\"><a href=\"x-apple-data-detectors:\/\/21\">23.03.2022<\/a>\u00c2\u00a0Berlin, Passionskirche<\/span><\/p>\n<p><span style=\"font-family: tahoma, arial, helvetica, sans-serif; font-size: 10pt;\"><a href=\"x-apple-data-detectors:\/\/22\">24.03.2022<\/a>\u00c2\u00a0Hamburg, Fabrik<\/span><\/p>\n<p><span style=\"font-family: tahoma, arial, helvetica, sans-serif; font-size: 10pt;\"><a href=\"x-apple-data-detectors:\/\/23\">25.03.2022<\/a>\u00c2\u00a0K\u00c3\u00b6ln, Stadtgarten<\/span><\/p>\n<p>&nbsp;<\/p>\n","protected":false},"excerpt":{"rendered":"<p>&nbsp; RODRIGO LE\u00c3\u0192O Fast zehn Jahre lang war Rodrigo Le\u00c3\u00a3o Teil des erfolgreichen portugiesischen Ensembles \u00e2\u20ac\u017eMadredeus\u00e2\u20ac\u0153. 1994 entschied er sich die Band zu verlassen, um sich seiner Solokarriere zu widmen. Doch Madredeus war nur eine der vielen Stationen des Musikers und Komponisten. W\u00c3\u00a4hrend seiner unglaublichen, inzwischen 30 Jahre w\u00c3\u00a4hrenden Reise, nahmen international gefeierte S\u00c3\u00a4nger*innen wie [&hellip;]<\/p>\n","protected":false},"author":6,"featured_media":16050,"comment_status":"closed","ping_status":"closed","sticky":false,"template":"","format":"standard","meta":{"footnotes":""},"categories":[172],"tags":[],"class_list":["post-16049","post","type-post","status-publish","format-standard","has-post-thumbnail","hentry","category-unkategorisiert"],"yoast_head":"<!-- This site is optimized with the Yoast SEO plugin v26.3 - https:\/\/yoast.com\/wordpress\/plugins\/seo\/ -->\n<title>[:de]Rodrigo Le\u00c3\u00a3o - A Estranha Beleza da Vida ( Releasedate: 15.10. 2021)[:en]Rodrigo Le\u00c3\u00a3o - A Estranha Beleza da Vida ( Releasedate: 15.10.2021)[:] - Q-rious Music<\/title>\n<meta name=\"robots\" content=\"index, follow, max-snippet:-1, max-image-preview:large, max-video-preview:-1\" \/>\n<link rel=\"canonical\" href=\"https:\/\/www.qrious.de\/en\/rodrigo-leao-a-estranha-beleza-da-vida-releasedate-15-10-2021\/\" \/>\n<meta property=\"og:locale\" content=\"en_US\" \/>\n<meta property=\"og:type\" content=\"article\" \/>\n<meta property=\"og:title\" content=\"[:de]Rodrigo Le\u00c3\u00a3o - A Estranha Beleza da Vida ( Releasedate: 15.10. 2021)[:en]Rodrigo Le\u00c3\u00a3o - A Estranha Beleza da Vida ( Releasedate: 15.10.2021)[:] - Q-rious Music\" \/>\n<meta property=\"og:description\" content=\"&nbsp; RODRIGO LE\u00c3\u0192O Fast zehn Jahre lang war Rodrigo Le\u00c3\u00a3o Teil des erfolgreichen portugiesischen Ensembles \u00e2\u20ac\u017eMadredeus\u00e2\u20ac\u0153. 1994 entschied er sich die Band zu verlassen, um sich seiner Solokarriere zu widmen. Doch Madredeus war nur eine der vielen Stationen des Musikers und Komponisten. W\u00c3\u00a4hrend seiner unglaublichen, inzwischen 30 Jahre w\u00c3\u00a4hrenden Reise, nahmen international gefeierte S\u00c3\u00a4nger*innen wie [&hellip;]\" \/>\n<meta property=\"og:url\" content=\"https:\/\/www.qrious.de\/en\/rodrigo-leao-a-estranha-beleza-da-vida-releasedate-15-10-2021\/\" \/>\n<meta property=\"og:site_name\" content=\"Q-rious Music\" \/>\n<meta property=\"article:publisher\" content=\"https:\/\/www.facebook.com\/QriousMusic\/\" \/>\n<meta property=\"article:published_time\" content=\"2021-07-01T12:51:17+00:00\" \/>\n<meta property=\"og:image\" content=\"https:\/\/www.qrious.de\/wp-content\/uploads\/2021\/07\/RodrigoLeao_AEstranhaBelezaDaVida_Covermotiv-scaled.jpg\" \/>\n\t<meta property=\"og:image:width\" content=\"2560\" \/>\n\t<meta property=\"og:image:height\" content=\"2560\" \/>\n\t<meta property=\"og:image:type\" content=\"image\/jpeg\" \/>\n<meta name=\"author\" content=\"Qrious\" \/>\n<meta name=\"twitter:card\" content=\"summary_large_image\" \/>\n<meta name=\"twitter:label1\" content=\"Written by\" \/>\n\t<meta name=\"twitter:data1\" content=\"Qrious\" \/>\n\t<meta name=\"twitter:label2\" content=\"Est. reading time\" \/>\n\t<meta name=\"twitter:data2\" content=\"4 minutes\" \/>\n<script type=\"application\/ld+json\" class=\"yoast-schema-graph\">{\"@context\":\"https:\/\/schema.org\",\"@graph\":[{\"@type\":\"WebPage\",\"@id\":\"https:\/\/www.qrious.de\/en\/rodrigo-leao-a-estranha-beleza-da-vida-releasedate-15-10-2021\/\",\"url\":\"https:\/\/www.qrious.de\/en\/rodrigo-leao-a-estranha-beleza-da-vida-releasedate-15-10-2021\/\",\"name\":\"[:de]Rodrigo Le\u00c3\u00a3o - A Estranha Beleza da Vida ( Releasedate: 15.10. 2021)[:en]Rodrigo Le\u00c3\u00a3o - A Estranha Beleza da Vida ( Releasedate: 15.10.2021)[:] - Q-rious Music\",\"isPartOf\":{\"@id\":\"https:\/\/www.qrious.de\/en\/#website\"},\"primaryImageOfPage\":{\"@id\":\"https:\/\/www.qrious.de\/en\/rodrigo-leao-a-estranha-beleza-da-vida-releasedate-15-10-2021\/#primaryimage\"},\"image\":{\"@id\":\"https:\/\/www.qrious.de\/en\/rodrigo-leao-a-estranha-beleza-da-vida-releasedate-15-10-2021\/#primaryimage\"},\"thumbnailUrl\":\"https:\/\/www.qrious.de\/wp-content\/uploads\/2021\/07\/RodrigoLeao_AEstranhaBelezaDaVida_Covermotiv-scaled.jpg\",\"datePublished\":\"2021-07-01T12:51:17+00:00\",\"author\":{\"@id\":\"https:\/\/www.qrious.de\/en\/#\/schema\/person\/c23ecd85bc1b3ab8b09bf6da9d86a700\"},\"breadcrumb\":{\"@id\":\"https:\/\/www.qrious.de\/en\/rodrigo-leao-a-estranha-beleza-da-vida-releasedate-15-10-2021\/#breadcrumb\"},\"inLanguage\":\"en-US\",\"potentialAction\":[{\"@type\":\"ReadAction\",\"target\":[\"https:\/\/www.qrious.de\/en\/rodrigo-leao-a-estranha-beleza-da-vida-releasedate-15-10-2021\/\"]}]},{\"@type\":\"ImageObject\",\"inLanguage\":\"en-US\",\"@id\":\"https:\/\/www.qrious.de\/en\/rodrigo-leao-a-estranha-beleza-da-vida-releasedate-15-10-2021\/#primaryimage\",\"url\":\"https:\/\/www.qrious.de\/wp-content\/uploads\/2021\/07\/RodrigoLeao_AEstranhaBelezaDaVida_Covermotiv-scaled.jpg\",\"contentUrl\":\"https:\/\/www.qrious.de\/wp-content\/uploads\/2021\/07\/RodrigoLeao_AEstranhaBelezaDaVida_Covermotiv-scaled.jpg\",\"width\":2560,\"height\":2560},{\"@type\":\"BreadcrumbList\",\"@id\":\"https:\/\/www.qrious.de\/en\/rodrigo-leao-a-estranha-beleza-da-vida-releasedate-15-10-2021\/#breadcrumb\",\"itemListElement\":[{\"@type\":\"ListItem\",\"position\":1,\"name\":\"Home\",\"item\":\"https:\/\/www.qrious.de\/en\/\"},{\"@type\":\"ListItem\",\"position\":2,\"name\":\"[:de]Rodrigo Le\u00c3\u00a3o &#8211; A Estranha Beleza da Vida ( Releasedate: 15.10. 2021)[:en]Rodrigo Le\u00c3\u00a3o &#8211; A Estranha Beleza da Vida ( Releasedate: 15.10.2021)[:]\"}]},{\"@type\":\"WebSite\",\"@id\":\"https:\/\/www.qrious.de\/en\/#website\",\"url\":\"https:\/\/www.qrious.de\/en\/\",\"name\":\"Q-rious Music\",\"description\":\"Q-rious Music: promotion, distribution, label, publishing\",\"potentialAction\":[{\"@type\":\"SearchAction\",\"target\":{\"@type\":\"EntryPoint\",\"urlTemplate\":\"https:\/\/www.qrious.de\/en\/?s={search_term_string}\"},\"query-input\":{\"@type\":\"PropertyValueSpecification\",\"valueRequired\":true,\"valueName\":\"search_term_string\"}}],\"inLanguage\":\"en-US\"},{\"@type\":\"Person\",\"@id\":\"https:\/\/www.qrious.de\/en\/#\/schema\/person\/c23ecd85bc1b3ab8b09bf6da9d86a700\",\"name\":\"Qrious\",\"sameAs\":[\"http:\/\/www.qrious.de\"],\"url\":\"https:\/\/www.qrious.de\/en\/author\/office\/\"}]}<\/script>\n<!-- \/ Yoast SEO plugin. -->","yoast_head_json":{"title":"[:de]Rodrigo Le\u00c3\u00a3o - A Estranha Beleza da Vida ( Releasedate: 15.10. 2021)[:en]Rodrigo Le\u00c3\u00a3o - A Estranha Beleza da Vida ( Releasedate: 15.10.2021)[:] - Q-rious Music","robots":{"index":"index","follow":"follow","max-snippet":"max-snippet:-1","max-image-preview":"max-image-preview:large","max-video-preview":"max-video-preview:-1"},"canonical":"https:\/\/www.qrious.de\/en\/rodrigo-leao-a-estranha-beleza-da-vida-releasedate-15-10-2021\/","og_locale":"en_US","og_type":"article","og_title":"[:de]Rodrigo Le\u00c3\u00a3o - A Estranha Beleza da Vida ( Releasedate: 15.10. 2021)[:en]Rodrigo Le\u00c3\u00a3o - A Estranha Beleza da Vida ( Releasedate: 15.10.2021)[:] - Q-rious Music","og_description":"&nbsp; RODRIGO LE\u00c3\u0192O Fast zehn Jahre lang war Rodrigo Le\u00c3\u00a3o Teil des erfolgreichen portugiesischen Ensembles \u00e2\u20ac\u017eMadredeus\u00e2\u20ac\u0153. 1994 entschied er sich die Band zu verlassen, um sich seiner Solokarriere zu widmen. Doch Madredeus war nur eine der vielen Stationen des Musikers und Komponisten. W\u00c3\u00a4hrend seiner unglaublichen, inzwischen 30 Jahre w\u00c3\u00a4hrenden Reise, nahmen international gefeierte S\u00c3\u00a4nger*innen wie [&hellip;]","og_url":"https:\/\/www.qrious.de\/en\/rodrigo-leao-a-estranha-beleza-da-vida-releasedate-15-10-2021\/","og_site_name":"Q-rious Music","article_publisher":"https:\/\/www.facebook.com\/QriousMusic\/","article_published_time":"2021-07-01T12:51:17+00:00","og_image":[{"width":2560,"height":2560,"url":"https:\/\/www.qrious.de\/wp-content\/uploads\/2021\/07\/RodrigoLeao_AEstranhaBelezaDaVida_Covermotiv-scaled.jpg","type":"image\/jpeg"}],"author":"Qrious","twitter_card":"summary_large_image","twitter_misc":{"Written by":"Qrious","Est. reading time":"4 minutes"},"schema":{"@context":"https:\/\/schema.org","@graph":[{"@type":"WebPage","@id":"https:\/\/www.qrious.de\/en\/rodrigo-leao-a-estranha-beleza-da-vida-releasedate-15-10-2021\/","url":"https:\/\/www.qrious.de\/en\/rodrigo-leao-a-estranha-beleza-da-vida-releasedate-15-10-2021\/","name":"[:de]Rodrigo Le\u00c3\u00a3o - A Estranha Beleza da Vida ( Releasedate: 15.10. 2021)[:en]Rodrigo Le\u00c3\u00a3o - A Estranha Beleza da Vida ( Releasedate: 15.10.2021)[:] - Q-rious Music","isPartOf":{"@id":"https:\/\/www.qrious.de\/en\/#website"},"primaryImageOfPage":{"@id":"https:\/\/www.qrious.de\/en\/rodrigo-leao-a-estranha-beleza-da-vida-releasedate-15-10-2021\/#primaryimage"},"image":{"@id":"https:\/\/www.qrious.de\/en\/rodrigo-leao-a-estranha-beleza-da-vida-releasedate-15-10-2021\/#primaryimage"},"thumbnailUrl":"https:\/\/www.qrious.de\/wp-content\/uploads\/2021\/07\/RodrigoLeao_AEstranhaBelezaDaVida_Covermotiv-scaled.jpg","datePublished":"2021-07-01T12:51:17+00:00","author":{"@id":"https:\/\/www.qrious.de\/en\/#\/schema\/person\/c23ecd85bc1b3ab8b09bf6da9d86a700"},"breadcrumb":{"@id":"https:\/\/www.qrious.de\/en\/rodrigo-leao-a-estranha-beleza-da-vida-releasedate-15-10-2021\/#breadcrumb"},"inLanguage":"en-US","potentialAction":[{"@type":"ReadAction","target":["https:\/\/www.qrious.de\/en\/rodrigo-leao-a-estranha-beleza-da-vida-releasedate-15-10-2021\/"]}]},{"@type":"ImageObject","inLanguage":"en-US","@id":"https:\/\/www.qrious.de\/en\/rodrigo-leao-a-estranha-beleza-da-vida-releasedate-15-10-2021\/#primaryimage","url":"https:\/\/www.qrious.de\/wp-content\/uploads\/2021\/07\/RodrigoLeao_AEstranhaBelezaDaVida_Covermotiv-scaled.jpg","contentUrl":"https:\/\/www.qrious.de\/wp-content\/uploads\/2021\/07\/RodrigoLeao_AEstranhaBelezaDaVida_Covermotiv-scaled.jpg","width":2560,"height":2560},{"@type":"BreadcrumbList","@id":"https:\/\/www.qrious.de\/en\/rodrigo-leao-a-estranha-beleza-da-vida-releasedate-15-10-2021\/#breadcrumb","itemListElement":[{"@type":"ListItem","position":1,"name":"Home","item":"https:\/\/www.qrious.de\/en\/"},{"@type":"ListItem","position":2,"name":"[:de]Rodrigo Le\u00c3\u00a3o &#8211; A Estranha Beleza da Vida ( Releasedate: 15.10. 2021)[:en]Rodrigo Le\u00c3\u00a3o &#8211; A Estranha Beleza da Vida ( Releasedate: 15.10.2021)[:]"}]},{"@type":"WebSite","@id":"https:\/\/www.qrious.de\/en\/#website","url":"https:\/\/www.qrious.de\/en\/","name":"Q-rious Music","description":"Q-rious Music: promotion, distribution, label, publishing","potentialAction":[{"@type":"SearchAction","target":{"@type":"EntryPoint","urlTemplate":"https:\/\/www.qrious.de\/en\/?s={search_term_string}"},"query-input":{"@type":"PropertyValueSpecification","valueRequired":true,"valueName":"search_term_string"}}],"inLanguage":"en-US"},{"@type":"Person","@id":"https:\/\/www.qrious.de\/en\/#\/schema\/person\/c23ecd85bc1b3ab8b09bf6da9d86a700","name":"Qrious","sameAs":["http:\/\/www.qrious.de"],"url":"https:\/\/www.qrious.de\/en\/author\/office\/"}]}},"_links":{"self":[{"href":"https:\/\/www.qrious.de\/en\/wp-json\/wp\/v2\/posts\/16049","targetHints":{"allow":["GET"]}}],"collection":[{"href":"https:\/\/www.qrious.de\/en\/wp-json\/wp\/v2\/posts"}],"about":[{"href":"https:\/\/www.qrious.de\/en\/wp-json\/wp\/v2\/types\/post"}],"author":[{"embeddable":true,"href":"https:\/\/www.qrious.de\/en\/wp-json\/wp\/v2\/users\/6"}],"replies":[{"embeddable":true,"href":"https:\/\/www.qrious.de\/en\/wp-json\/wp\/v2\/comments?post=16049"}],"version-history":[{"count":0,"href":"https:\/\/www.qrious.de\/en\/wp-json\/wp\/v2\/posts\/16049\/revisions"}],"wp:featuredmedia":[{"embeddable":true,"href":"https:\/\/www.qrious.de\/en\/wp-json\/wp\/v2\/media\/16050"}],"wp:attachment":[{"href":"https:\/\/www.qrious.de\/en\/wp-json\/wp\/v2\/media?parent=16049"}],"wp:term":[{"taxonomy":"category","embeddable":true,"href":"https:\/\/www.qrious.de\/en\/wp-json\/wp\/v2\/categories?post=16049"},{"taxonomy":"post_tag","embeddable":true,"href":"https:\/\/www.qrious.de\/en\/wp-json\/wp\/v2\/tags?post=16049"}],"curies":[{"name":"wp","href":"https:\/\/api.w.org\/{rel}","templated":true}]}}