{"id":16045,"date":"2021-07-01T14:39:48","date_gmt":"2021-07-01T12:39:48","guid":{"rendered":"https:\/\/www.qrious.de\/?p=16045"},"modified":"2021-07-01T14:39:48","modified_gmt":"2021-07-01T12:39:48","slug":"juliana-da-silva-vai-samba-meu-releasedate-20-08-2021","status":"publish","type":"post","link":"https:\/\/www.qrious.de\/en\/juliana-da-silva-vai-samba-meu-releasedate-20-08-2021\/","title":{"rendered":"[:de]Juliana Da Silva &#8211; Vai Samba Meu ( Releasedate: 20.08.2021)[:en]Juliana Da Silva &#8211; Vai Samba Meu (Releasedate: 20.08.2021)[:]"},"content":{"rendered":"<p>[:de]<img loading=\"lazy\" decoding=\"async\" class=\"alignnone size-medium wp-image-16046\" src=\"https:\/\/www.qrious.de\/wp-content\/uploads\/2021\/07\/Cover-300x300.jpg\" alt=\"\" width=\"300\" height=\"300\" srcset=\"https:\/\/www.qrious.de\/wp-content\/uploads\/2021\/07\/Cover-300x300.jpg 300w, https:\/\/www.qrious.de\/wp-content\/uploads\/2021\/07\/Cover-1024x1024.jpg 1024w, https:\/\/www.qrious.de\/wp-content\/uploads\/2021\/07\/Cover-150x150.jpg 150w, https:\/\/www.qrious.de\/wp-content\/uploads\/2021\/07\/Cover-768x768.jpg 768w, https:\/\/www.qrious.de\/wp-content\/uploads\/2021\/07\/Cover-1536x1536.jpg 1536w, https:\/\/www.qrious.de\/wp-content\/uploads\/2021\/07\/Cover-2048x2048.jpg 2048w, https:\/\/www.qrious.de\/wp-content\/uploads\/2021\/07\/Cover-190x190.jpg 190w, https:\/\/www.qrious.de\/wp-content\/uploads\/2021\/07\/Cover-645x645.jpg 645w, https:\/\/www.qrious.de\/wp-content\/uploads\/2021\/07\/Cover-345x345.jpg 345w, https:\/\/www.qrious.de\/wp-content\/uploads\/2021\/07\/Cover-100x100.jpg 100w, https:\/\/www.qrious.de\/wp-content\/uploads\/2021\/07\/Cover-600x600.jpg 600w, https:\/\/www.qrious.de\/wp-content\/uploads\/2021\/07\/Cover-50x50.jpg 50w\" sizes=\"auto, (max-width: 300px) 100vw, 300px\" \/><\/p>\n<p>&nbsp;<\/p>\n<p><span style=\"font-family: tahoma, arial, helvetica, sans-serif; font-size: 10pt;\">Wenn K\u00c3\u00bcnstler*innen in ein anderes Land auswandern, ist eine der gr\u00c3\u00b6\u00c3\u0178ten Herausforderungen, denen sie sich stellen m\u00c3\u00bcssen, diejenige, buchst\u00c3\u00a4blich heimatlos zu werden \u00e2\u20ac\u201c und zwar nicht im positiven Sinne eines Kosmopolitismus. Im verst\u00c3\u00a4ndlichen Bestreben, die neue Kultur zu verinnerlichen, versuchen viele einen Balanceakt und stehen dabei wackelig auf einem Bein. Am Ende laufen sie jedoch Gefahr etwas Wesentliches zu verlieren: ihre Identit\u00c3\u00a4t.<\/span><\/p>\n<p><span style=\"font-family: tahoma, arial, helvetica, sans-serif; font-size: 10pt;\"><strong>Juliana da Silva<\/strong> wei\u00c3\u0178 das aus eigener Erfahrung. Die K\u00c3\u00bcnstlerin, die ihr Heimatland Brasilien sehr jung verlie\u00c3\u0178 und bereits seit 28 Jahren in Deutschland lebt, erobert die B\u00c3\u00bchnen in ganz Europa und anderen Kontinenten.<\/span><\/p>\n<p><span style=\"font-family: tahoma, arial, helvetica, sans-serif; font-size: 10pt;\">Ihr Publikumserfolg und ihre einzigartige B\u00c3\u00bchnenpr\u00c3\u00a4senz begr\u00c3\u00bcnden sich darauf, dass sie sich treu bleibt und aus ihren brasilianischen Wurzeln gro\u00c3\u0178en Reichtum sch\u00c3\u00b6pft. Dabei macht sie gerade ihre kulturelle Identit\u00c3\u00a4t zu ihrem k\u00c3\u00bcnstlerischen Kapital. So w\u00c3\u00a4hlt Juliana ihr Repertoire mit Sorgfalt. Statt in Gattungen und Klischees verhaftet zu bleiben (was in diesem Fall bedeuten w\u00c3\u00bcrde, sich den Standards des nordamerikanischen Jazz zu unterwerfen),\u00c2\u00a0 verleiht die S\u00c3\u00a4ngerin ihre Stimme gro\u00c3\u0178en brasilianischen Komponisten wie <\/span><\/p>\n<p><span style=\"font-family: tahoma, arial, helvetica, sans-serif; font-size: 10pt;\">Dorival Caymmi (\u00e2\u20ac\u017eO Bem do Mar\u00e2\u20ac\u0153 und \u00e2\u20ac\u017eVatap\u00c3\u00a1\u00e2\u20ac\u0153), Baden Powell und Vinicius de Moraes (\u00e2\u20ac\u017eDeixa\u00e2\u20ac\u0153), Moacir Santos (\u00e2\u20ac\u017eSou Eu\u00e2\u20ac\u0153), An\u00c3\u00adbal Augusto Sardinha, auch bekannt als Garoto (\u00e2\u20ac\u017eSorriu para Mim\u00e2\u20ac\u0153), und Tom Jobim (\u00e2\u20ac\u017eLuiza\u00e2\u20ac\u0153).<\/span><\/p>\n<p><span style=\"font-family: tahoma, arial, helvetica, sans-serif; font-size: 10pt;\"> Au\u00c3\u0178erdem singt Juliana zeitgen\u00c3\u00b6ssische Kompositionen wie \u00e2\u20ac\u017eVai Samba Meu\u00e2\u20ac\u0153 des brasilianischen Musikers \u00e2\u20ac\u201c und Ausnahmepianisten des Caixa Cubo Trios \u00e2\u20ac\u201c Henrique Gomide.<\/span><\/p>\n<p>&nbsp;<\/p>\n<p><span style=\"font-family: tahoma, arial, helvetica, sans-serif; font-size: 10pt;\">Julianas Umgang mit dieser Auswahl zeichnet sich durch eine besonders kreative und unkonventionelle Interpretation aus. In ihrer Heimat Brasilien war sie bereits von Kindesbeinen an mit dem Besten umgeben, was die nationale Musik der 70er und 80er zu bieten hat. Unabl\u00c3\u00a4ssig h\u00c3\u00b6rte sie im Radio die LPs ber\u00c3\u00bchmter Pers\u00c3\u00b6nlichkeiten wie <strong>Chico Buarque, Djavan, Milton Nascimiento, Jo\u00c3\u00a3o Bosco und Tom Jobim<\/strong>, und wurde von ihrer Musik nachhaltig gepr\u00c3\u00a4gt.<\/span><\/p>\n<p><span style=\"font-family: tahoma, arial, helvetica, sans-serif; font-size: 10pt;\">Zu diesen bekannten Namen gesellten sich gro\u00c3\u0178e weibliche Interpreten hinzu, die, so Juliana, ihr \u00e2\u20ac\u017eden Kopf verdrehten\u00e2\u20ac\u0153. Unter den brasilianischen S\u00c3\u00a4ngerinnen, die sie nachhaltig beeinflussten, hebt sie vor allem <strong>Elis Regina<\/strong> und <strong>Elizeth Cardoso<\/strong> hervor. Andere Inspirationsquellen sind internationale Stars wie beispielsweise <strong>Billie Holiday, Ella Fitzgerald, Carmen McRae<\/strong> und <strong>Kurt Elling<\/strong>. In den 60er Jahren eroberte Jo\u00c3\u00a3o Gilberto mit dem Saxophonisten Stan Getz die nordamerikanische Musikindustrie auf Portugiesisch. \u00c3\u201ehnlich erging es 1979 Elis Regina, die das schweizerische Publikum des anerkannten Festival de Montreaux durch ihre einzigartige Darbietung brasilianischer Musik verzauberte. Auch heutzutage werden S\u00c3\u00a4ngerinnen wie Rosa Passos und Joyce Moreno von einem japanischen Publikum verehrt, ohne dass es ein Wort ihrer Lieder versteht. Indem sie verschiedenste Einfl\u00c3\u00bcsse mischt, aber gleichzeitig eine ganz eigene Pers\u00c3\u00b6nlichkeit und kulturelle Identit\u00c3\u00a4t zum Ausdruck bringt, tritt Juliana da Silva in ihre Fu\u00c3\u0178stapfen.<\/span><\/p>\n<p><span style=\"font-family: tahoma, arial, helvetica, sans-serif; font-size: 10pt;\">Umgeben von herausragenden Instrumentalisten singt sie unverkennbar brasilianisches Portugiesisch, und weicht dabei grazi\u00c3\u00b6s und mit einem gewissen Schalk genrebedingten Grenzen aus. Sie beeindruckt durch stimmliches Feingef\u00c3\u00bchl und, ganz wichtig, gro\u00c3\u0178e Emotionen. Das europ\u00c3\u00a4ische Publikum hat das Gl\u00c3\u00bcck, sie regelm\u00c3\u00a4\u00c3\u0178ig auf der B\u00c3\u00bchne erleben und h\u00c3\u00b6ren zu d\u00c3\u00bcrfen.<\/span><\/p>\n<p>&nbsp;<\/p>\n<p><span style=\"font-family: tahoma, arial, helvetica, sans-serif; font-size: 10pt;\"><u>Line up:<\/u><\/span><\/p>\n<p><span style=\"font-family: tahoma, arial, helvetica, sans-serif; font-size: 10pt;\">Juliana da Silva, voice<\/span><\/p>\n<p><span style=\"font-family: tahoma, arial, helvetica, sans-serif; font-size: 10pt;\">Bart van Lier, trombone<\/span><\/p>\n<p><span style=\"font-family: tahoma, arial, helvetica, sans-serif; font-size: 10pt;\">Tony Lakatos, tenor sax<\/span><\/p>\n<p><span style=\"font-family: tahoma, arial, helvetica, sans-serif; font-size: 10pt;\">Roby Lakatos, violin<\/span><\/p>\n<p><span style=\"font-family: tahoma, arial, helvetica, sans-serif; font-size: 10pt;\">Mih\u00c3\u00a1ly Farkas, cimb<\/span><\/p>\n<p><span style=\"font-family: tahoma, arial, helvetica, sans-serif; font-size: 10pt;\">Henrique Gomide, piano<\/span><\/p>\n<p><span style=\"font-family: tahoma, arial, helvetica, sans-serif; font-size: 10pt;\">Andr\u00c3\u00a9 de Cayres, bass<\/span><\/p>\n<p><span style=\"font-family: tahoma, arial, helvetica, sans-serif; font-size: 10pt;\">Bodek Janke, drums<\/span><\/p>\n<p>&nbsp;<\/p>\n<p><span style=\"font-family: tahoma, arial, helvetica, sans-serif; font-size: 10pt;\"><u>Links: <\/u><\/span><br \/>\n<span style=\"font-family: tahoma, arial, helvetica, sans-serif; font-size: 10pt;\">Spotify: <a href=\"https:\/\/open.spotify.com\/artist\/0QpDMN51VHQYRC3iGiPVVB\">https:\/\/open.spotify.com\/artist\/0QpDMN51VHQYRC3iGiPVVB<\/a><\/span><br \/>\n<span style=\"font-family: tahoma, arial, helvetica, sans-serif; font-size: 10pt;\">Facebook: <a href=\"https:\/\/www.facebook.com\/Juliana-da-Silva-147315405285573\">https:\/\/www.facebook.com\/Juliana-da-Silva-147315405285573<\/a><\/span><br \/>\n<span style=\"font-family: tahoma, arial, helvetica, sans-serif; font-size: 10pt;\">Instagram: <a href=\"https:\/\/www.instagram.com\/julianadasilvamusic\/\">https:\/\/www.instagram.com\/julianadasilvamusic\/<\/a><\/span><br \/>\n<a href=\"http:\/\/www.julianadasilva.com\"><span style=\"font-family: tahoma, arial, helvetica, sans-serif; font-size: 10pt;\">www.julianadasilva.com<\/span><\/a><\/p>\n<p><span style=\"font-family: tahoma, arial, helvetica, sans-serif; font-size: 10pt;\">\u00c2\u00a0<\/span>[:en]<img loading=\"lazy\" decoding=\"async\" class=\"alignnone size-medium wp-image-16046\" src=\"https:\/\/www.qrious.de\/wp-content\/uploads\/2021\/07\/Cover-300x300.jpg\" alt=\"\" width=\"300\" height=\"300\" srcset=\"https:\/\/www.qrious.de\/wp-content\/uploads\/2021\/07\/Cover-300x300.jpg 300w, https:\/\/www.qrious.de\/wp-content\/uploads\/2021\/07\/Cover-1024x1024.jpg 1024w, https:\/\/www.qrious.de\/wp-content\/uploads\/2021\/07\/Cover-150x150.jpg 150w, https:\/\/www.qrious.de\/wp-content\/uploads\/2021\/07\/Cover-768x768.jpg 768w, https:\/\/www.qrious.de\/wp-content\/uploads\/2021\/07\/Cover-1536x1536.jpg 1536w, https:\/\/www.qrious.de\/wp-content\/uploads\/2021\/07\/Cover-2048x2048.jpg 2048w, https:\/\/www.qrious.de\/wp-content\/uploads\/2021\/07\/Cover-190x190.jpg 190w, https:\/\/www.qrious.de\/wp-content\/uploads\/2021\/07\/Cover-645x645.jpg 645w, https:\/\/www.qrious.de\/wp-content\/uploads\/2021\/07\/Cover-345x345.jpg 345w, https:\/\/www.qrious.de\/wp-content\/uploads\/2021\/07\/Cover-100x100.jpg 100w, https:\/\/www.qrious.de\/wp-content\/uploads\/2021\/07\/Cover-600x600.jpg 600w, https:\/\/www.qrious.de\/wp-content\/uploads\/2021\/07\/Cover-50x50.jpg 50w\" sizes=\"auto, (max-width: 300px) 100vw, 300px\" \/><\/p>\n<p>&nbsp;<\/p>\n<p><span style=\"font-family: tahoma, arial, helvetica, sans-serif; font-size: 10pt;\">Wenn K\u00c3\u00bcnstler*innen in ein anderes Land auswandern, ist eine der gr\u00c3\u00b6\u00c3\u0178ten Herausforderungen, denen sie sich stellen m\u00c3\u00bcssen, diejenige, buchst\u00c3\u00a4blich heimatlos zu werden \u00e2\u20ac\u201c und zwar nicht im positiven Sinne eines Kosmopolitismus. Im verst\u00c3\u00a4ndlichen Bestreben, die neue Kultur zu verinnerlichen, versuchen viele einen Balanceakt und stehen dabei wackelig auf einem Bein. Am Ende laufen sie jedoch Gefahr etwas Wesentliches zu verlieren: ihre Identit\u00c3\u00a4t.<\/span><\/p>\n<p><span style=\"font-family: tahoma, arial, helvetica, sans-serif; font-size: 10pt;\"><strong>Juliana da Silva<\/strong> wei\u00c3\u0178 das aus eigener Erfahrung. Die K\u00c3\u00bcnstlerin, die ihr Heimatland Brasilien sehr jung verlie\u00c3\u0178 und bereits seit 28 Jahren in Deutschland lebt, erobert die B\u00c3\u00bchnen in ganz Europa und anderen Kontinenten.<\/span><\/p>\n<p><span style=\"font-family: tahoma, arial, helvetica, sans-serif; font-size: 10pt;\">Ihr Publikumserfolg und ihre einzigartige B\u00c3\u00bchnenpr\u00c3\u00a4senz begr\u00c3\u00bcnden sich darauf, dass sie sich treu bleibt und aus ihren brasilianischen Wurzeln gro\u00c3\u0178en Reichtum sch\u00c3\u00b6pft. Dabei macht sie gerade ihre kulturelle Identit\u00c3\u00a4t zu ihrem k\u00c3\u00bcnstlerischen Kapital. So w\u00c3\u00a4hlt Juliana ihr Repertoire mit Sorgfalt. Statt in Gattungen und Klischees verhaftet zu bleiben (was in diesem Fall bedeuten w\u00c3\u00bcrde, sich den Standards des nordamerikanischen Jazz zu unterwerfen),\u00c2\u00a0 verleiht die S\u00c3\u00a4ngerin ihre Stimme gro\u00c3\u0178en brasilianischen Komponisten wie <\/span><\/p>\n<p><span style=\"font-family: tahoma, arial, helvetica, sans-serif; font-size: 10pt;\">Dorival Caymmi (\u00e2\u20ac\u017eO Bem do Mar\u00e2\u20ac\u0153 und \u00e2\u20ac\u017eVatap\u00c3\u00a1\u00e2\u20ac\u0153), Baden Powell und Vinicius de Moraes (\u00e2\u20ac\u017eDeixa\u00e2\u20ac\u0153), Moacir Santos (\u00e2\u20ac\u017eSou Eu\u00e2\u20ac\u0153), An\u00c3\u00adbal Augusto Sardinha, auch bekannt als Garoto (\u00e2\u20ac\u017eSorriu para Mim\u00e2\u20ac\u0153), und Tom Jobim (\u00e2\u20ac\u017eLuiza\u00e2\u20ac\u0153).<\/span><\/p>\n<p><span style=\"font-family: tahoma, arial, helvetica, sans-serif; font-size: 10pt;\"> Au\u00c3\u0178erdem singt Juliana zeitgen\u00c3\u00b6ssische Kompositionen wie \u00e2\u20ac\u017eVai Samba Meu\u00e2\u20ac\u0153 des brasilianischen Musikers \u00e2\u20ac\u201c und Ausnahmepianisten des Caixa Cubo Trios \u00e2\u20ac\u201c Henrique Gomide.<\/span><\/p>\n<p>&nbsp;<\/p>\n<p><span style=\"font-family: tahoma, arial, helvetica, sans-serif; font-size: 10pt;\">Julianas Umgang mit dieser Auswahl zeichnet sich durch eine besonders kreative und unkonventionelle Interpretation aus. In ihrer Heimat Brasilien war sie bereits von Kindesbeinen an mit dem Besten umgeben, was die nationale Musik der 70er und 80er zu bieten hat. Unabl\u00c3\u00a4ssig h\u00c3\u00b6rte sie im Radio die LPs ber\u00c3\u00bchmter Pers\u00c3\u00b6nlichkeiten wie <strong>Chico Buarque, Djavan, Milton Nascimiento, Jo\u00c3\u00a3o Bosco und Tom Jobim<\/strong>, und wurde von ihrer Musik nachhaltig gepr\u00c3\u00a4gt.<\/span><\/p>\n<p><span style=\"font-family: tahoma, arial, helvetica, sans-serif; font-size: 10pt;\">Zu diesen bekannten Namen gesellten sich gro\u00c3\u0178e weibliche Interpreten hinzu, die, so Juliana, ihr \u00e2\u20ac\u017eden Kopf verdrehten\u00e2\u20ac\u0153. Unter den brasilianischen S\u00c3\u00a4ngerinnen, die sie nachhaltig beeinflussten, hebt sie vor allem <strong>Elis Regina<\/strong> und <strong>Elizeth Cardoso<\/strong> hervor. Andere Inspirationsquellen sind internationale Stars wie beispielsweise <strong>Billie Holiday, Ella Fitzgerald, Carmen McRae<\/strong> und <strong>Kurt Elling<\/strong>. In den 60er Jahren eroberte Jo\u00c3\u00a3o Gilberto mit dem Saxophonisten Stan Getz die nordamerikanische Musikindustrie auf Portugiesisch. \u00c3\u201ehnlich erging es 1979 Elis Regina, die das schweizerische Publikum des anerkannten Festival de Montreaux durch ihre einzigartige Darbietung brasilianischer Musik verzauberte. Auch heutzutage werden S\u00c3\u00a4ngerinnen wie Rosa Passos und Joyce Moreno von einem japanischen Publikum verehrt, ohne dass es ein Wort ihrer Lieder versteht. Indem sie verschiedenste Einfl\u00c3\u00bcsse mischt, aber gleichzeitig eine ganz eigene Pers\u00c3\u00b6nlichkeit und kulturelle Identit\u00c3\u00a4t zum Ausdruck bringt, tritt Juliana da Silva in ihre Fu\u00c3\u0178stapfen.<\/span><\/p>\n<p><span style=\"font-family: tahoma, arial, helvetica, sans-serif; font-size: 10pt;\">Umgeben von herausragenden Instrumentalisten singt sie unverkennbar brasilianisches Portugiesisch, und weicht dabei grazi\u00c3\u00b6s und mit einem gewissen Schalk genrebedingten Grenzen aus. Sie beeindruckt durch stimmliches Feingef\u00c3\u00bchl und, ganz wichtig, gro\u00c3\u0178e Emotionen. Das europ\u00c3\u00a4ische Publikum hat das Gl\u00c3\u00bcck, sie regelm\u00c3\u00a4\u00c3\u0178ig auf der B\u00c3\u00bchne erleben und h\u00c3\u00b6ren zu d\u00c3\u00bcrfen.<\/span><\/p>\n<p>&nbsp;<\/p>\n<p><span style=\"font-family: tahoma, arial, helvetica, sans-serif; font-size: 10pt;\"><u>Line up:<\/u><\/span><\/p>\n<p><span style=\"font-family: tahoma, arial, helvetica, sans-serif; font-size: 10pt;\">Juliana da Silva, voice<\/span><\/p>\n<p><span style=\"font-family: tahoma, arial, helvetica, sans-serif; font-size: 10pt;\">Bart van Lier, trombone<\/span><\/p>\n<p><span style=\"font-family: tahoma, arial, helvetica, sans-serif; font-size: 10pt;\">Tony Lakatos, tenor sax<\/span><\/p>\n<p><span style=\"font-family: tahoma, arial, helvetica, sans-serif; font-size: 10pt;\">Roby Lakatos, violin<\/span><\/p>\n<p><span style=\"font-family: tahoma, arial, helvetica, sans-serif; font-size: 10pt;\">Mih\u00c3\u00a1ly Farkas, cimb<\/span><\/p>\n<p><span style=\"font-family: tahoma, arial, helvetica, sans-serif; font-size: 10pt;\">Henrique Gomide, piano<\/span><\/p>\n<p><span style=\"font-family: tahoma, arial, helvetica, sans-serif; font-size: 10pt;\">Andr\u00c3\u00a9 de Cayres, bass<\/span><\/p>\n<p><span style=\"font-family: tahoma, arial, helvetica, sans-serif; font-size: 10pt;\">Bodek Janke, drums<\/span><\/p>\n<p>&nbsp;<\/p>\n<p><span style=\"font-family: tahoma, arial, helvetica, sans-serif; font-size: 10pt;\"><u>Links: <\/u><\/span><br \/>\n<span style=\"font-family: tahoma, arial, helvetica, sans-serif; font-size: 10pt;\">Spotify: <a href=\"https:\/\/open.spotify.com\/artist\/0QpDMN51VHQYRC3iGiPVVB\">https:\/\/open.spotify.com\/artist\/0QpDMN51VHQYRC3iGiPVVB<\/a><\/span><br \/>\n<span style=\"font-family: tahoma, arial, helvetica, sans-serif; font-size: 10pt;\">Facebook: <a href=\"https:\/\/www.facebook.com\/Juliana-da-Silva-147315405285573\">https:\/\/www.facebook.com\/Juliana-da-Silva-147315405285573<\/a><\/span><br \/>\n<span style=\"font-family: tahoma, arial, helvetica, sans-serif; font-size: 10pt;\">Instagram: <a href=\"https:\/\/www.instagram.com\/julianadasilvamusic\/\">https:\/\/www.instagram.com\/julianadasilvamusic\/<\/a><\/span><br \/>\n<a href=\"http:\/\/www.julianadasilva.com\"><span style=\"font-family: tahoma, arial, helvetica, sans-serif; font-size: 10pt;\">www.julianadasilva.com<\/span><\/a>[:]<\/p>\n","protected":false},"excerpt":{"rendered":"<p>[:de] &nbsp; Wenn K\u00c3\u00bcnstler*innen in ein anderes Land auswandern, ist eine der gr\u00c3\u00b6\u00c3\u0178ten Herausforderungen, denen sie sich stellen m\u00c3\u00bcssen, diejenige, buchst\u00c3\u00a4blich heimatlos zu werden \u00e2\u20ac\u201c und zwar nicht im positiven Sinne eines Kosmopolitismus. Im verst\u00c3\u00a4ndlichen Bestreben, die neue Kultur zu verinnerlichen, versuchen viele einen Balanceakt und stehen dabei wackelig auf einem Bein. Am Ende laufen [&hellip;]<\/p>\n","protected":false},"author":6,"featured_media":16046,"comment_status":"closed","ping_status":"closed","sticky":false,"template":"","format":"standard","meta":{"footnotes":""},"categories":[172],"tags":[],"class_list":["post-16045","post","type-post","status-publish","format-standard","has-post-thumbnail","hentry","category-unkategorisiert"],"yoast_head":"<!-- This site is optimized with the Yoast SEO plugin v26.3 - https:\/\/yoast.com\/wordpress\/plugins\/seo\/ -->\n<title>[:de]Juliana Da Silva - Vai Samba Meu ( Releasedate: 20.08.2021)[:en]Juliana Da Silva - Vai Samba Meu (Releasedate: 20.08.2021)[:] - Q-rious Music<\/title>\n<meta name=\"robots\" content=\"index, follow, max-snippet:-1, max-image-preview:large, max-video-preview:-1\" \/>\n<link rel=\"canonical\" href=\"https:\/\/www.qrious.de\/en\/juliana-da-silva-vai-samba-meu-releasedate-20-08-2021\/\" \/>\n<meta property=\"og:locale\" content=\"en_US\" \/>\n<meta property=\"og:type\" content=\"article\" \/>\n<meta property=\"og:title\" content=\"[:de]Juliana Da Silva - Vai Samba Meu ( Releasedate: 20.08.2021)[:en]Juliana Da Silva - Vai Samba Meu (Releasedate: 20.08.2021)[:] - Q-rious Music\" \/>\n<meta property=\"og:description\" content=\"[:de] &nbsp; Wenn K\u00c3\u00bcnstler*innen in ein anderes Land auswandern, ist eine der gr\u00c3\u00b6\u00c3\u0178ten Herausforderungen, denen sie sich stellen m\u00c3\u00bcssen, diejenige, buchst\u00c3\u00a4blich heimatlos zu werden \u00e2\u20ac\u201c und zwar nicht im positiven Sinne eines Kosmopolitismus. Im verst\u00c3\u00a4ndlichen Bestreben, die neue Kultur zu verinnerlichen, versuchen viele einen Balanceakt und stehen dabei wackelig auf einem Bein. Am Ende laufen [&hellip;]\" \/>\n<meta property=\"og:url\" content=\"https:\/\/www.qrious.de\/en\/juliana-da-silva-vai-samba-meu-releasedate-20-08-2021\/\" \/>\n<meta property=\"og:site_name\" content=\"Q-rious Music\" \/>\n<meta property=\"article:publisher\" content=\"https:\/\/www.facebook.com\/QriousMusic\/\" \/>\n<meta property=\"article:published_time\" content=\"2021-07-01T12:39:48+00:00\" \/>\n<meta property=\"og:image\" content=\"https:\/\/www.qrious.de\/wp-content\/uploads\/2021\/07\/Cover-scaled.jpg\" \/>\n\t<meta property=\"og:image:width\" content=\"2560\" \/>\n\t<meta property=\"og:image:height\" content=\"2560\" \/>\n\t<meta property=\"og:image:type\" content=\"image\/jpeg\" \/>\n<meta name=\"author\" content=\"Qrious\" \/>\n<meta name=\"twitter:card\" content=\"summary_large_image\" \/>\n<meta name=\"twitter:label1\" content=\"Written by\" \/>\n\t<meta name=\"twitter:data1\" content=\"Qrious\" \/>\n\t<meta name=\"twitter:label2\" content=\"Est. reading time\" \/>\n\t<meta name=\"twitter:data2\" content=\"3 minutes\" \/>\n<script type=\"application\/ld+json\" class=\"yoast-schema-graph\">{\"@context\":\"https:\/\/schema.org\",\"@graph\":[{\"@type\":\"WebPage\",\"@id\":\"https:\/\/www.qrious.de\/en\/juliana-da-silva-vai-samba-meu-releasedate-20-08-2021\/\",\"url\":\"https:\/\/www.qrious.de\/en\/juliana-da-silva-vai-samba-meu-releasedate-20-08-2021\/\",\"name\":\"[:de]Juliana Da Silva - Vai Samba Meu ( Releasedate: 20.08.2021)[:en]Juliana Da Silva - Vai Samba Meu (Releasedate: 20.08.2021)[:] - Q-rious Music\",\"isPartOf\":{\"@id\":\"https:\/\/www.qrious.de\/en\/#website\"},\"primaryImageOfPage\":{\"@id\":\"https:\/\/www.qrious.de\/en\/juliana-da-silva-vai-samba-meu-releasedate-20-08-2021\/#primaryimage\"},\"image\":{\"@id\":\"https:\/\/www.qrious.de\/en\/juliana-da-silva-vai-samba-meu-releasedate-20-08-2021\/#primaryimage\"},\"thumbnailUrl\":\"https:\/\/www.qrious.de\/wp-content\/uploads\/2021\/07\/Cover-scaled.jpg\",\"datePublished\":\"2021-07-01T12:39:48+00:00\",\"author\":{\"@id\":\"https:\/\/www.qrious.de\/en\/#\/schema\/person\/c23ecd85bc1b3ab8b09bf6da9d86a700\"},\"breadcrumb\":{\"@id\":\"https:\/\/www.qrious.de\/en\/juliana-da-silva-vai-samba-meu-releasedate-20-08-2021\/#breadcrumb\"},\"inLanguage\":\"en-US\",\"potentialAction\":[{\"@type\":\"ReadAction\",\"target\":[\"https:\/\/www.qrious.de\/en\/juliana-da-silva-vai-samba-meu-releasedate-20-08-2021\/\"]}]},{\"@type\":\"ImageObject\",\"inLanguage\":\"en-US\",\"@id\":\"https:\/\/www.qrious.de\/en\/juliana-da-silva-vai-samba-meu-releasedate-20-08-2021\/#primaryimage\",\"url\":\"https:\/\/www.qrious.de\/wp-content\/uploads\/2021\/07\/Cover-scaled.jpg\",\"contentUrl\":\"https:\/\/www.qrious.de\/wp-content\/uploads\/2021\/07\/Cover-scaled.jpg\",\"width\":2560,\"height\":2560},{\"@type\":\"BreadcrumbList\",\"@id\":\"https:\/\/www.qrious.de\/en\/juliana-da-silva-vai-samba-meu-releasedate-20-08-2021\/#breadcrumb\",\"itemListElement\":[{\"@type\":\"ListItem\",\"position\":1,\"name\":\"Home\",\"item\":\"https:\/\/www.qrious.de\/en\/\"},{\"@type\":\"ListItem\",\"position\":2,\"name\":\"[:de]Juliana Da Silva &#8211; Vai Samba Meu ( Releasedate: 20.08.2021)[:en]Juliana Da Silva &#8211; Vai Samba Meu (Releasedate: 20.08.2021)[:]\"}]},{\"@type\":\"WebSite\",\"@id\":\"https:\/\/www.qrious.de\/en\/#website\",\"url\":\"https:\/\/www.qrious.de\/en\/\",\"name\":\"Q-rious Music\",\"description\":\"Q-rious Music: promotion, distribution, label, publishing\",\"potentialAction\":[{\"@type\":\"SearchAction\",\"target\":{\"@type\":\"EntryPoint\",\"urlTemplate\":\"https:\/\/www.qrious.de\/en\/?s={search_term_string}\"},\"query-input\":{\"@type\":\"PropertyValueSpecification\",\"valueRequired\":true,\"valueName\":\"search_term_string\"}}],\"inLanguage\":\"en-US\"},{\"@type\":\"Person\",\"@id\":\"https:\/\/www.qrious.de\/en\/#\/schema\/person\/c23ecd85bc1b3ab8b09bf6da9d86a700\",\"name\":\"Qrious\",\"sameAs\":[\"http:\/\/www.qrious.de\"],\"url\":\"https:\/\/www.qrious.de\/en\/author\/office\/\"}]}<\/script>\n<!-- \/ Yoast SEO plugin. -->","yoast_head_json":{"title":"[:de]Juliana Da Silva - Vai Samba Meu ( Releasedate: 20.08.2021)[:en]Juliana Da Silva - Vai Samba Meu (Releasedate: 20.08.2021)[:] - Q-rious Music","robots":{"index":"index","follow":"follow","max-snippet":"max-snippet:-1","max-image-preview":"max-image-preview:large","max-video-preview":"max-video-preview:-1"},"canonical":"https:\/\/www.qrious.de\/en\/juliana-da-silva-vai-samba-meu-releasedate-20-08-2021\/","og_locale":"en_US","og_type":"article","og_title":"[:de]Juliana Da Silva - Vai Samba Meu ( Releasedate: 20.08.2021)[:en]Juliana Da Silva - Vai Samba Meu (Releasedate: 20.08.2021)[:] - Q-rious Music","og_description":"[:de] &nbsp; Wenn K\u00c3\u00bcnstler*innen in ein anderes Land auswandern, ist eine der gr\u00c3\u00b6\u00c3\u0178ten Herausforderungen, denen sie sich stellen m\u00c3\u00bcssen, diejenige, buchst\u00c3\u00a4blich heimatlos zu werden \u00e2\u20ac\u201c und zwar nicht im positiven Sinne eines Kosmopolitismus. Im verst\u00c3\u00a4ndlichen Bestreben, die neue Kultur zu verinnerlichen, versuchen viele einen Balanceakt und stehen dabei wackelig auf einem Bein. Am Ende laufen [&hellip;]","og_url":"https:\/\/www.qrious.de\/en\/juliana-da-silva-vai-samba-meu-releasedate-20-08-2021\/","og_site_name":"Q-rious Music","article_publisher":"https:\/\/www.facebook.com\/QriousMusic\/","article_published_time":"2021-07-01T12:39:48+00:00","og_image":[{"width":2560,"height":2560,"url":"https:\/\/www.qrious.de\/wp-content\/uploads\/2021\/07\/Cover-scaled.jpg","type":"image\/jpeg"}],"author":"Qrious","twitter_card":"summary_large_image","twitter_misc":{"Written by":"Qrious","Est. reading time":"3 minutes"},"schema":{"@context":"https:\/\/schema.org","@graph":[{"@type":"WebPage","@id":"https:\/\/www.qrious.de\/en\/juliana-da-silva-vai-samba-meu-releasedate-20-08-2021\/","url":"https:\/\/www.qrious.de\/en\/juliana-da-silva-vai-samba-meu-releasedate-20-08-2021\/","name":"[:de]Juliana Da Silva - Vai Samba Meu ( Releasedate: 20.08.2021)[:en]Juliana Da Silva - Vai Samba Meu (Releasedate: 20.08.2021)[:] - Q-rious Music","isPartOf":{"@id":"https:\/\/www.qrious.de\/en\/#website"},"primaryImageOfPage":{"@id":"https:\/\/www.qrious.de\/en\/juliana-da-silva-vai-samba-meu-releasedate-20-08-2021\/#primaryimage"},"image":{"@id":"https:\/\/www.qrious.de\/en\/juliana-da-silva-vai-samba-meu-releasedate-20-08-2021\/#primaryimage"},"thumbnailUrl":"https:\/\/www.qrious.de\/wp-content\/uploads\/2021\/07\/Cover-scaled.jpg","datePublished":"2021-07-01T12:39:48+00:00","author":{"@id":"https:\/\/www.qrious.de\/en\/#\/schema\/person\/c23ecd85bc1b3ab8b09bf6da9d86a700"},"breadcrumb":{"@id":"https:\/\/www.qrious.de\/en\/juliana-da-silva-vai-samba-meu-releasedate-20-08-2021\/#breadcrumb"},"inLanguage":"en-US","potentialAction":[{"@type":"ReadAction","target":["https:\/\/www.qrious.de\/en\/juliana-da-silva-vai-samba-meu-releasedate-20-08-2021\/"]}]},{"@type":"ImageObject","inLanguage":"en-US","@id":"https:\/\/www.qrious.de\/en\/juliana-da-silva-vai-samba-meu-releasedate-20-08-2021\/#primaryimage","url":"https:\/\/www.qrious.de\/wp-content\/uploads\/2021\/07\/Cover-scaled.jpg","contentUrl":"https:\/\/www.qrious.de\/wp-content\/uploads\/2021\/07\/Cover-scaled.jpg","width":2560,"height":2560},{"@type":"BreadcrumbList","@id":"https:\/\/www.qrious.de\/en\/juliana-da-silva-vai-samba-meu-releasedate-20-08-2021\/#breadcrumb","itemListElement":[{"@type":"ListItem","position":1,"name":"Home","item":"https:\/\/www.qrious.de\/en\/"},{"@type":"ListItem","position":2,"name":"[:de]Juliana Da Silva &#8211; Vai Samba Meu ( Releasedate: 20.08.2021)[:en]Juliana Da Silva &#8211; Vai Samba Meu (Releasedate: 20.08.2021)[:]"}]},{"@type":"WebSite","@id":"https:\/\/www.qrious.de\/en\/#website","url":"https:\/\/www.qrious.de\/en\/","name":"Q-rious Music","description":"Q-rious Music: promotion, distribution, label, publishing","potentialAction":[{"@type":"SearchAction","target":{"@type":"EntryPoint","urlTemplate":"https:\/\/www.qrious.de\/en\/?s={search_term_string}"},"query-input":{"@type":"PropertyValueSpecification","valueRequired":true,"valueName":"search_term_string"}}],"inLanguage":"en-US"},{"@type":"Person","@id":"https:\/\/www.qrious.de\/en\/#\/schema\/person\/c23ecd85bc1b3ab8b09bf6da9d86a700","name":"Qrious","sameAs":["http:\/\/www.qrious.de"],"url":"https:\/\/www.qrious.de\/en\/author\/office\/"}]}},"_links":{"self":[{"href":"https:\/\/www.qrious.de\/en\/wp-json\/wp\/v2\/posts\/16045","targetHints":{"allow":["GET"]}}],"collection":[{"href":"https:\/\/www.qrious.de\/en\/wp-json\/wp\/v2\/posts"}],"about":[{"href":"https:\/\/www.qrious.de\/en\/wp-json\/wp\/v2\/types\/post"}],"author":[{"embeddable":true,"href":"https:\/\/www.qrious.de\/en\/wp-json\/wp\/v2\/users\/6"}],"replies":[{"embeddable":true,"href":"https:\/\/www.qrious.de\/en\/wp-json\/wp\/v2\/comments?post=16045"}],"version-history":[{"count":0,"href":"https:\/\/www.qrious.de\/en\/wp-json\/wp\/v2\/posts\/16045\/revisions"}],"wp:featuredmedia":[{"embeddable":true,"href":"https:\/\/www.qrious.de\/en\/wp-json\/wp\/v2\/media\/16046"}],"wp:attachment":[{"href":"https:\/\/www.qrious.de\/en\/wp-json\/wp\/v2\/media?parent=16045"}],"wp:term":[{"taxonomy":"category","embeddable":true,"href":"https:\/\/www.qrious.de\/en\/wp-json\/wp\/v2\/categories?post=16045"},{"taxonomy":"post_tag","embeddable":true,"href":"https:\/\/www.qrious.de\/en\/wp-json\/wp\/v2\/tags?post=16045"}],"curies":[{"name":"wp","href":"https:\/\/api.w.org\/{rel}","templated":true}]}}