{"id":16019,"date":"2021-05-17T14:47:33","date_gmt":"2021-05-17T12:47:33","guid":{"rendered":"https:\/\/www.qrious.de\/?p=16019"},"modified":"2021-05-17T14:47:33","modified_gmt":"2021-05-17T12:47:33","slug":"brad-mehldau-variations-on-a-melancholy-theme-releasedate-11-06-2021","status":"publish","type":"post","link":"https:\/\/www.qrious.de\/en\/brad-mehldau-variations-on-a-melancholy-theme-releasedate-11-06-2021\/","title":{"rendered":"Brad Mehldau &#8211; Variations on a melancholy Theme (Releasedate: 11.06.2021)"},"content":{"rendered":"<p>[:de]<img loading=\"lazy\" decoding=\"async\" class=\"alignnone size-medium wp-image-16020\" src=\"https:\/\/www.qrious.de\/wp-content\/uploads\/2021\/05\/BradMehldau_VOAMT_Covermotiv-300x300.jpg\" alt=\"\" width=\"300\" height=\"300\" srcset=\"https:\/\/www.qrious.de\/wp-content\/uploads\/2021\/05\/BradMehldau_VOAMT_Covermotiv-300x300.jpg 300w, https:\/\/www.qrious.de\/wp-content\/uploads\/2021\/05\/BradMehldau_VOAMT_Covermotiv-1024x1024.jpg 1024w, https:\/\/www.qrious.de\/wp-content\/uploads\/2021\/05\/BradMehldau_VOAMT_Covermotiv-150x150.jpg 150w, https:\/\/www.qrious.de\/wp-content\/uploads\/2021\/05\/BradMehldau_VOAMT_Covermotiv-768x768.jpg 768w, https:\/\/www.qrious.de\/wp-content\/uploads\/2021\/05\/BradMehldau_VOAMT_Covermotiv-1536x1536.jpg 1536w, https:\/\/www.qrious.de\/wp-content\/uploads\/2021\/05\/BradMehldau_VOAMT_Covermotiv-2048x2048.jpg 2048w, https:\/\/www.qrious.de\/wp-content\/uploads\/2021\/05\/BradMehldau_VOAMT_Covermotiv-190x190.jpg 190w, https:\/\/www.qrious.de\/wp-content\/uploads\/2021\/05\/BradMehldau_VOAMT_Covermotiv-645x645.jpg 645w, https:\/\/www.qrious.de\/wp-content\/uploads\/2021\/05\/BradMehldau_VOAMT_Covermotiv-345x345.jpg 345w, https:\/\/www.qrious.de\/wp-content\/uploads\/2021\/05\/BradMehldau_VOAMT_Covermotiv-100x100.jpg 100w, https:\/\/www.qrious.de\/wp-content\/uploads\/2021\/05\/BradMehldau_VOAMT_Covermotiv-600x600.jpg 600w, https:\/\/www.qrious.de\/wp-content\/uploads\/2021\/05\/BradMehldau_VOAMT_Covermotiv-50x50.jpg 50w\" sizes=\"auto, (max-width: 300px) 100vw, 300px\" \/><\/p>\n<p>&nbsp;<\/p>\n<p style=\"text-align: center;\"><span style=\"font-family: verdana, geneva, sans-serif; font-size: 10pt;\"><strong><em>\u00e2\u20ac\u017eIch stellte es mir so vor: Brahms wachte eines Morgens auf und hatte den Blues.\u00e2\u20ac\u0153<\/em><\/strong><\/span><\/p>\n<p style=\"text-align: center;\"><span style=\"font-family: verdana, geneva, sans-serif; font-size: 10pt;\"><strong>(Brad Mehldau)<\/strong><\/span><\/p>\n<p>&nbsp;<\/p>\n<p><span style=\"font-family: verdana, geneva, sans-serif; font-size: 10pt;\">Am 11. Juni 2021 erscheint Brad Mehldaus neues Album \u00e2\u20ac\u017eVariations On A Melancholy Theme\u00e2\u20ac\u0153. An den Aufnahmen war neben dem Pianisten und Komponisten das Orpheus Chamber Orchestra beteiligt, das Mehldau mit dem Erstellen der orchestralen Version des Werks beauftragt hatte. \u00e2\u20ac\u017eVariations On A Melancholy Theme\u00e2\u20ac\u0153 umfasst elf Variationen eines Themas, sowie eine Kadenz und ein Postludium. Au\u00c3\u0178erdem enth\u00c3\u00a4lt es mit \u00e2\u20ac\u017eEncore: Variations \u00e2\u20ac\u0161X\u00e2\u20ac\u02dc &amp; \u00e2\u20ac\u0161Y\u00e2\u20ac\u02dc\u00e2\u20ac\u0153 eine Zugabe. Mehldau komponierte die Variationen eines melancholischen Themas urspr\u00c3\u00bcnglich f\u00c3\u00bcr den amerikanisch-russischen Pianisten Kirill Gerstein, brachte das Material aber zusammen mit dem Orpheus Chamber Orchestra auf die B\u00c3\u00bchne. Eine gemeinsame Tour f\u00c3\u00bchrte Mehldau und das New Yorker Kammerorchester quer durch Europa, Russland und Amerika, wo unter anderem eine Auff\u00c3\u00bchrung in der Carnegie Hall auf dem Programm stand. \u00c3\u0153ber die Kombination der Klassik-Form mit Jazz-Harmonien, auf der die musikalische Sprache des Werks fu\u00c3\u0178t, schrieb Mehldau: <em>\u00e2\u20ac\u017eIch stellte es mir so vor: Brahms wachte eines Morgens auf und hatte den Blues.\u00e2\u20ac\u0153<\/em><\/span><\/p>\n<p><span style=\"font-family: verdana, geneva, sans-serif; font-size: 10pt;\"><em>\u00c2\u00a0<\/em><\/span><\/p>\n<p><span style=\"font-family: verdana, geneva, sans-serif; font-size: 10pt;\"><em>\u00e2\u20ac\u017eDas Grundthema \u00e2\u20ac\u0161Variations On A Melancholy Theme\u00e2\u20ac\u02dc selbst ist von wehm\u00c3\u00bctigem Charakter gepr\u00c3\u00a4gt, vielleicht sogar vom Gef\u00c3\u00bchl der Resignation\u00e2\u20ac\u0153<\/em>, f\u00c3\u00a4hrt Mehldau fort. <em>\u00e2\u20ac\u017eEs hat etwas von Endg\u00c3\u00bcltigkeit und Abschluss, sogar bereits beim ersten H\u00c3\u00b6ren. W\u00c3\u00a4hrend ich komponierte, tauchte eine Frage zur \u00c3\u201enderung der Narrative auf, n\u00c3\u00a4mlich: Wie steigt man in eine Geschichte ein, die mit einem Fazit beginnt. Obschon das Grundthema Melancholie evoziert, lie\u00c3\u0178 ich zu, dass es als Ausgangspunkt f\u00c3\u00bcr andere Emotionen und Eigenschaften wie ungest\u00c3\u00bcme Freude, Unbek\u00c3\u00bcmmertheit und sogar regelrechte Wut dienen konnte, w\u00c3\u00a4hrend das Formulieren seiner Variationen voranschritt.\u00e2\u20ac\u0153<\/em><\/span><\/p>\n<p><span style=\"font-family: verdana, geneva, sans-serif; font-size: 10pt;\"><em>\u00c2\u00a0<\/em><\/span><\/p>\n<p><span style=\"font-family: verdana, geneva, sans-serif; font-size: 10pt;\"><strong><u>\u00c3\u0153ber Brad Mehldau<\/u><\/strong><\/span><\/p>\n<p><span style=\"font-family: verdana, geneva, sans-serif; font-size: 10pt;\">Zu den herausragenden Werken der Mehldau-Diskografie z\u00c3\u00a4hlt die 2004 erschienene Solo-Einspielung \u00e2\u20ac\u017eLive In Tokyo\u00e2\u20ac\u0153. Der lie\u00c3\u0178 er unter anderen sechs Ver\u00c3\u00b6ffentlichungen mit seinem Trio folgen (\u00e2\u20ac\u017eHouse On Hill\u00e2\u20ac\u0153, \u00e2\u20ac\u017eDay Is Done\u00e2\u20ac\u0153, \u00e2\u20ac\u017eBrad Mehldau Trio Live\u00e2\u20ac\u0153, \u00e2\u20ac\u017eOde\u00e2\u20ac\u0153, \u00e2\u20ac\u017eWhere Do You Start\u00e2\u20ac\u0153 und \u00e2\u20ac\u017eBlues And Ballads\u00e2\u20ac\u0153). Seine Gemeinschaftsarbeiten mit anderen, herausragenden Solisten, brachten wegweisende Alben wie \u00e2\u20ac\u017eLove Sublime\u00e2\u20ac\u0153 (mit Ren\u00c3\u00a9e Fleming), \u00e2\u20ac\u017eHighway Rider\u00e2\u20ac\u0153 und \u00e2\u20ac\u017eNearness\u00e2\u20ac\u0153 (mit Joshua Redman), \u00e2\u20ac\u017eMetheny Mehldau\u00e2\u20ac\u0153, \u00e2\u20ac\u017eMetheny Mehldau Quartet\u00e2\u20ac\u0153, \u00e2\u20ac\u017eModern Music\u00e2\u20ac\u0153 (mit Patrick Zimmerli), \u00e2\u20ac\u017eMehliania: Taming The Dragon\u00e2\u20ac\u0153 (mit Mark Guiliana), Chris Thile &amp; Brad Mehldau, sowie seinen Grammy-Award-pr\u00c3\u00a4mierten Longplayer \u00e2\u20ac\u017eFinding Gabriel\u00e2\u20ac\u0153 (u.a. mit Kurt Elling) hervor. F\u00c3\u00bcrderhin ver\u00c3\u00b6ffentlichte er mit \u00e2\u20ac\u017eLive In Marciac\u00e2\u20ac\u0153, dem acht LPs\/vier CDs umfassenden Box-Set \u00e2\u20ac\u017e10 Years Solo Live\u00e2\u20ac\u0153, und \u00e2\u20ac\u017eSuite: April 2020\u00e2\u20ac\u0153 vielbeachtete Soloalben. Das Letztgenannte nahm er w\u00c3\u00a4hrend des COVID-19-Lockdowns auf. Der Verkaufserl\u00c3\u00b6s dieses Albums floss im Wesentlichen dem Jazz Foundation Of America&#8217;s COVID-19 Musician&#8217;s Emergency Fund zu.<\/span><\/p>\n<p>&nbsp;<\/p>\n<p><span style=\"font-family: verdana, geneva, sans-serif; font-size: 10pt;\"><strong><u>\u00c3\u0153ber das Orpheus Chamber Orchestra<\/u><\/strong><\/span><\/p>\n<p><span style=\"font-family: verdana, geneva, sans-serif; font-size: 10pt;\">1972 schrieb eine Gruppe von jungen Musikern Geschichte mit der Gr\u00c3\u00bcndung eines Orchesters, das sich demokratisch, ohne Dirigent, selbst leitete. Seither spielte das Grammy-dekorierte Orpheus Chamber Orchestra \u00c3\u00bcber 70 Alben f\u00c3\u00bcr alle f\u00c3\u00bchrenden Klassik-Labels ein. Dar\u00c3\u00bcber hinaus bereiste es 46 L\u00c3\u00a4nder auf vier Kontinenten f\u00c3\u00bcr Konzerte und kollaborierte mit hunderten von Weltklasse-Solisten. Die 34 Mitglieder des Orchesters arbeiten als Kollektiv zusammen, dessen Leiter der aufzuf\u00c3\u00bchrenden Werke im Rotationsverfahren bestimmt werden, wodurch kontinuierlich der Weg f\u00c3\u00bcr unkonventionelle Interpretationen geebnet wird. Diese demokratische Struktur umfasst auch organisatorische Aufgaben wie die Repertoire-Gestaltung und die gesch\u00c3\u00a4ftliche Steuerung, indem das Orchester jeweils drei Mitglieder zu K\u00c3\u00bcnstlerischen Leitern und Verwaltungsr\u00c3\u00a4ten w\u00c3\u00a4hlt.<\/span><\/p>\n<p>&nbsp;<\/p>\n<p><span style=\"font-family: verdana, geneva, sans-serif; font-size: 10pt;\"><strong>Variations on a melancholy Theme<\/strong><\/span><\/p>\n<ol>\n<li><span style=\"font-family: verdana, geneva, sans-serif; font-size: 10pt;\">Theme<\/span><\/li>\n<li><span style=\"font-family: verdana, geneva, sans-serif; font-size: 10pt;\">Variation 1<\/span><\/li>\n<li><span style=\"font-family: verdana, geneva, sans-serif; font-size: 10pt;\">Variation 2<\/span><\/li>\n<li><span style=\"font-family: verdana, geneva, sans-serif; font-size: 10pt;\">Variation 3<\/span><\/li>\n<li><span style=\"font-family: verdana, geneva, sans-serif; font-size: 10pt;\">Variation 4<\/span><\/li>\n<li><span style=\"font-family: verdana, geneva, sans-serif; font-size: 10pt;\">Variation 5<\/span><\/li>\n<li><span style=\"font-family: verdana, geneva, sans-serif; font-size: 10pt;\">Variation 6<\/span><\/li>\n<li><span style=\"font-family: verdana, geneva, sans-serif; font-size: 10pt;\">Variation 7<\/span><\/li>\n<li><span style=\"font-family: verdana, geneva, sans-serif; font-size: 10pt;\">Variation 8<\/span><\/li>\n<li><span style=\"font-family: verdana, geneva, sans-serif; font-size: 10pt;\">Variation 9<\/span><\/li>\n<li><span style=\"font-family: verdana, geneva, sans-serif; font-size: 10pt;\">Variation 10<\/span><\/li>\n<li><span style=\"font-family: verdana, geneva, sans-serif; font-size: 10pt;\">Variation 11<\/span><\/li>\n<li><span style=\"font-family: verdana, geneva, sans-serif; font-size: 10pt;\">Cadenza<\/span><\/li>\n<li><span style=\"font-family: verdana, geneva, sans-serif; font-size: 10pt;\">Postlude<\/span><\/li>\n<li><span style=\"font-family: verdana, geneva, sans-serif; font-size: 10pt;\">Encore: Variations &#8220;X&#8221; &amp; &#8220;Y&#8221;<\/span><\/li>\n<\/ol>\n<p>&nbsp;<\/p>\n<p><span style=\"font-family: verdana, geneva, sans-serif; font-size: 10pt;\">Brad Mehldau<\/span><\/p>\n<p><span style=\"font-family: verdana, geneva, sans-serif; font-size: 10pt;\">Orpheus Chamber Orchestra<\/span><\/p>\n<p>&nbsp;<\/p>\n<p><span style=\"font-family: verdana, geneva, sans-serif; font-size: 10pt;\"><em>\u00c2\u00a0<\/em><\/span>[:en]<img loading=\"lazy\" decoding=\"async\" class=\"alignnone size-medium wp-image-16020\" src=\"https:\/\/www.qrious.de\/wp-content\/uploads\/2021\/05\/BradMehldau_VOAMT_Covermotiv-300x300.jpg\" alt=\"\" width=\"300\" height=\"300\" srcset=\"https:\/\/www.qrious.de\/wp-content\/uploads\/2021\/05\/BradMehldau_VOAMT_Covermotiv-300x300.jpg 300w, https:\/\/www.qrious.de\/wp-content\/uploads\/2021\/05\/BradMehldau_VOAMT_Covermotiv-1024x1024.jpg 1024w, https:\/\/www.qrious.de\/wp-content\/uploads\/2021\/05\/BradMehldau_VOAMT_Covermotiv-150x150.jpg 150w, https:\/\/www.qrious.de\/wp-content\/uploads\/2021\/05\/BradMehldau_VOAMT_Covermotiv-768x768.jpg 768w, https:\/\/www.qrious.de\/wp-content\/uploads\/2021\/05\/BradMehldau_VOAMT_Covermotiv-1536x1536.jpg 1536w, https:\/\/www.qrious.de\/wp-content\/uploads\/2021\/05\/BradMehldau_VOAMT_Covermotiv-2048x2048.jpg 2048w, https:\/\/www.qrious.de\/wp-content\/uploads\/2021\/05\/BradMehldau_VOAMT_Covermotiv-190x190.jpg 190w, https:\/\/www.qrious.de\/wp-content\/uploads\/2021\/05\/BradMehldau_VOAMT_Covermotiv-645x645.jpg 645w, https:\/\/www.qrious.de\/wp-content\/uploads\/2021\/05\/BradMehldau_VOAMT_Covermotiv-345x345.jpg 345w, https:\/\/www.qrious.de\/wp-content\/uploads\/2021\/05\/BradMehldau_VOAMT_Covermotiv-100x100.jpg 100w, https:\/\/www.qrious.de\/wp-content\/uploads\/2021\/05\/BradMehldau_VOAMT_Covermotiv-600x600.jpg 600w, https:\/\/www.qrious.de\/wp-content\/uploads\/2021\/05\/BradMehldau_VOAMT_Covermotiv-50x50.jpg 50w\" sizes=\"auto, (max-width: 300px) 100vw, 300px\" \/><\/p>\n<p>&nbsp;<\/p>\n<p style=\"text-align: center;\"><strong><em>\u00e2\u20ac\u017e<span style=\"font-family: verdana, geneva, sans-serif; font-size: 10pt;\">Ich stellte es mir so vor: Brahms wachte eines Morgens auf und hatte den Blues.\u00e2\u20ac\u0153<\/span><\/em><\/strong><\/p>\n<p style=\"text-align: center;\"><span style=\"font-family: verdana, geneva, sans-serif; font-size: 10pt;\"><strong>(Brad Mehldau)<\/strong><\/span><\/p>\n<p>&nbsp;<\/p>\n<p><span style=\"font-family: verdana, geneva, sans-serif; font-size: 10pt;\">Am 11. Juni 2021 erscheint Brad Mehldaus neues Album \u00e2\u20ac\u017eVariations On A Melancholy Theme\u00e2\u20ac\u0153. An den Aufnahmen war neben dem Pianisten und Komponisten das Orpheus Chamber Orchestra beteiligt, das Mehldau mit dem Erstellen der orchestralen Version des Werks beauftragt hatte. \u00e2\u20ac\u017eVariations On A Melancholy Theme\u00e2\u20ac\u0153 umfasst elf Variationen eines Themas, sowie eine Kadenz und ein Postludium. Au\u00c3\u0178erdem enth\u00c3\u00a4lt es mit \u00e2\u20ac\u017eEncore: Variations \u00e2\u20ac\u0161X\u00e2\u20ac\u02dc &amp; \u00e2\u20ac\u0161Y\u00e2\u20ac\u02dc\u00e2\u20ac\u0153 eine Zugabe. Mehldau komponierte die Variationen eines melancholischen Themas urspr\u00c3\u00bcnglich f\u00c3\u00bcr den amerikanisch-russischen Pianisten Kirill Gerstein, brachte das Material aber zusammen mit dem Orpheus Chamber Orchestra auf die B\u00c3\u00bchne. Eine gemeinsame Tour f\u00c3\u00bchrte Mehldau und das New Yorker Kammerorchester quer durch Europa, Russland und Amerika, wo unter anderem eine Auff\u00c3\u00bchrung in der Carnegie Hall auf dem Programm stand. \u00c3\u0153ber die Kombination der Klassik-Form mit Jazz-Harmonien, auf der die musikalische Sprache des Werks fu\u00c3\u0178t, schrieb Mehldau: <em>\u00e2\u20ac\u017eIch stellte es mir so vor: Brahms wachte eines Morgens auf und hatte den Blues.\u00e2\u20ac\u0153<\/em><\/span><\/p>\n<p><span style=\"font-family: verdana, geneva, sans-serif; font-size: 10pt;\"><em>\u00c2\u00a0<\/em><\/span><\/p>\n<p><span style=\"font-family: verdana, geneva, sans-serif; font-size: 10pt;\"><em>\u00e2\u20ac\u017eDas Grundthema \u00e2\u20ac\u0161Variations On A Melancholy Theme\u00e2\u20ac\u02dc selbst ist von wehm\u00c3\u00bctigem Charakter gepr\u00c3\u00a4gt, vielleicht sogar vom Gef\u00c3\u00bchl der Resignation\u00e2\u20ac\u0153<\/em>, f\u00c3\u00a4hrt Mehldau fort. <em>\u00e2\u20ac\u017eEs hat etwas von Endg\u00c3\u00bcltigkeit und Abschluss, sogar bereits beim ersten H\u00c3\u00b6ren. W\u00c3\u00a4hrend ich komponierte, tauchte eine Frage zur \u00c3\u201enderung der Narrative auf, n\u00c3\u00a4mlich: Wie steigt man in eine Geschichte ein, die mit einem Fazit beginnt. Obschon das Grundthema Melancholie evoziert, lie\u00c3\u0178 ich zu, dass es als Ausgangspunkt f\u00c3\u00bcr andere Emotionen und Eigenschaften wie ungest\u00c3\u00bcme Freude, Unbek\u00c3\u00bcmmertheit und sogar regelrechte Wut dienen konnte, w\u00c3\u00a4hrend das Formulieren seiner Variationen voranschritt.\u00e2\u20ac\u0153<\/em><\/span><\/p>\n<p><span style=\"font-family: verdana, geneva, sans-serif; font-size: 10pt;\"><em>\u00c2\u00a0<\/em><\/span><\/p>\n<p><span style=\"font-family: verdana, geneva, sans-serif; font-size: 10pt;\"><strong><u>\u00c3\u0153ber Brad Mehldau<\/u><\/strong><\/span><\/p>\n<p><span style=\"font-family: verdana, geneva, sans-serif; font-size: 10pt;\">Zu den herausragenden Werken der Mehldau-Diskografie z\u00c3\u00a4hlt die 2004 erschienene Solo-Einspielung \u00e2\u20ac\u017eLive In Tokyo\u00e2\u20ac\u0153. Der lie\u00c3\u0178 er unter anderen sechs Ver\u00c3\u00b6ffentlichungen mit seinem Trio folgen (\u00e2\u20ac\u017eHouse On Hill\u00e2\u20ac\u0153, \u00e2\u20ac\u017eDay Is Done\u00e2\u20ac\u0153, \u00e2\u20ac\u017eBrad Mehldau Trio Live\u00e2\u20ac\u0153, \u00e2\u20ac\u017eOde\u00e2\u20ac\u0153, \u00e2\u20ac\u017eWhere Do You Start\u00e2\u20ac\u0153 und \u00e2\u20ac\u017eBlues And Ballads\u00e2\u20ac\u0153). Seine Gemeinschaftsarbeiten mit anderen, herausragenden Solisten, brachten wegweisende Alben wie \u00e2\u20ac\u017eLove Sublime\u00e2\u20ac\u0153 (mit Ren\u00c3\u00a9e Fleming), \u00e2\u20ac\u017eHighway Rider\u00e2\u20ac\u0153 und \u00e2\u20ac\u017eNearness\u00e2\u20ac\u0153 (mit Joshua Redman), \u00e2\u20ac\u017eMetheny Mehldau\u00e2\u20ac\u0153, \u00e2\u20ac\u017eMetheny Mehldau Quartet\u00e2\u20ac\u0153, \u00e2\u20ac\u017eModern Music\u00e2\u20ac\u0153 (mit Patrick Zimmerli), \u00e2\u20ac\u017eMehliania: Taming The Dragon\u00e2\u20ac\u0153 (mit Mark Guiliana), Chris Thile &amp; Brad Mehldau, sowie seinen Grammy-Award-pr\u00c3\u00a4mierten Longplayer \u00e2\u20ac\u017eFinding Gabriel\u00e2\u20ac\u0153 (u.a. mit Kurt Elling) hervor. F\u00c3\u00bcrderhin ver\u00c3\u00b6ffentlichte er mit \u00e2\u20ac\u017eLive In Marciac\u00e2\u20ac\u0153, dem acht LPs\/vier CDs umfassenden Box-Set \u00e2\u20ac\u017e10 Years Solo Live\u00e2\u20ac\u0153, und \u00e2\u20ac\u017eSuite: April 2020\u00e2\u20ac\u0153 vielbeachtete Soloalben. Das Letztgenannte nahm er w\u00c3\u00a4hrend des COVID-19-Lockdowns auf. Der Verkaufserl\u00c3\u00b6s dieses Albums floss im Wesentlichen dem Jazz Foundation Of America&#8217;s COVID-19 Musician&#8217;s Emergency Fund zu.<\/span><\/p>\n<p>&nbsp;<\/p>\n<p><span style=\"font-family: verdana, geneva, sans-serif; font-size: 10pt;\"><strong><u>\u00c3\u0153ber das Orpheus Chamber Orchestra<\/u><\/strong><\/span><\/p>\n<p><span style=\"font-family: verdana, geneva, sans-serif; font-size: 10pt;\">1972 schrieb eine Gruppe von jungen Musikern Geschichte mit der Gr\u00c3\u00bcndung eines Orchesters, das sich demokratisch, ohne Dirigent, selbst leitete. Seither spielte das Grammy-dekorierte Orpheus Chamber Orchestra \u00c3\u00bcber 70 Alben f\u00c3\u00bcr alle f\u00c3\u00bchrenden Klassik-Labels ein. Dar\u00c3\u00bcber hinaus bereiste es 46 L\u00c3\u00a4nder auf vier Kontinenten f\u00c3\u00bcr Konzerte und kollaborierte mit hunderten von Weltklasse-Solisten. Die 34 Mitglieder des Orchesters arbeiten als Kollektiv zusammen, dessen Leiter der aufzuf\u00c3\u00bchrenden Werke im Rotationsverfahren bestimmt werden, wodurch kontinuierlich der Weg f\u00c3\u00bcr unkonventionelle Interpretationen geebnet wird. Diese demokratische Struktur umfasst auch organisatorische Aufgaben wie die Repertoire-Gestaltung und die gesch\u00c3\u00a4ftliche Steuerung, indem das Orchester jeweils drei Mitglieder zu K\u00c3\u00bcnstlerischen Leitern und Verwaltungsr\u00c3\u00a4ten w\u00c3\u00a4hlt.<\/span><\/p>\n<p>&nbsp;<\/p>\n<p><span style=\"font-family: verdana, geneva, sans-serif; font-size: 10pt;\"><strong>Variations on a melancholy Theme<\/strong><\/span><\/p>\n<ol>\n<li><span style=\"font-family: verdana, geneva, sans-serif; font-size: 10pt;\">Theme<\/span><\/li>\n<li><span style=\"font-family: verdana, geneva, sans-serif; font-size: 10pt;\">Variation 1<\/span><\/li>\n<li><span style=\"font-family: verdana, geneva, sans-serif; font-size: 10pt;\">Variation 2<\/span><\/li>\n<li><span style=\"font-family: verdana, geneva, sans-serif; font-size: 10pt;\">Variation 3<\/span><\/li>\n<li><span style=\"font-family: verdana, geneva, sans-serif; font-size: 10pt;\">Variation 4<\/span><\/li>\n<li><span style=\"font-family: verdana, geneva, sans-serif; font-size: 10pt;\">Variation 5<\/span><\/li>\n<li><span style=\"font-family: verdana, geneva, sans-serif; font-size: 10pt;\">Variation 6<\/span><\/li>\n<li><span style=\"font-family: verdana, geneva, sans-serif; font-size: 10pt;\">Variation 7<\/span><\/li>\n<li><span style=\"font-family: verdana, geneva, sans-serif; font-size: 10pt;\">Variation 8<\/span><\/li>\n<li><span style=\"font-family: verdana, geneva, sans-serif; font-size: 10pt;\">Variation 9<\/span><\/li>\n<li><span style=\"font-family: verdana, geneva, sans-serif; font-size: 10pt;\">Variation 10<\/span><\/li>\n<li><span style=\"font-family: verdana, geneva, sans-serif; font-size: 10pt;\">Variation 11<\/span><\/li>\n<li><span style=\"font-family: verdana, geneva, sans-serif; font-size: 10pt;\">Cadenza<\/span><\/li>\n<li><span style=\"font-family: verdana, geneva, sans-serif; font-size: 10pt;\">Postlude<\/span><\/li>\n<li><span style=\"font-family: verdana, geneva, sans-serif; font-size: 10pt;\">Encore: Variations &#8220;X&#8221; &amp; &#8220;Y&#8221;<\/span><\/li>\n<\/ol>\n<p>&nbsp;<\/p>\n<p><span style=\"font-family: verdana, geneva, sans-serif; font-size: 10pt;\">Brad Mehldau<\/span><\/p>\n<p><span style=\"font-family: verdana, geneva, sans-serif; font-size: 10pt;\">Orpheus Chamber Orchestra<\/span>[:]<\/p>\n","protected":false},"excerpt":{"rendered":"<p>[:de] &nbsp; \u00e2\u20ac\u017eIch stellte es mir so vor: Brahms wachte eines Morgens auf und hatte den Blues.\u00e2\u20ac\u0153 (Brad Mehldau) &nbsp; Am 11. Juni 2021 erscheint Brad Mehldaus neues Album \u00e2\u20ac\u017eVariations On A Melancholy Theme\u00e2\u20ac\u0153. An den Aufnahmen war neben dem Pianisten und Komponisten das Orpheus Chamber Orchestra beteiligt, das Mehldau mit dem Erstellen der orchestralen [&hellip;]<\/p>\n","protected":false},"author":6,"featured_media":16020,"comment_status":"closed","ping_status":"closed","sticky":false,"template":"","format":"standard","meta":{"footnotes":""},"categories":[172],"tags":[],"class_list":["post-16019","post","type-post","status-publish","format-standard","has-post-thumbnail","hentry","category-unkategorisiert"],"yoast_head":"<!-- This site is optimized with the Yoast SEO plugin v26.3 - https:\/\/yoast.com\/wordpress\/plugins\/seo\/ -->\n<title>Brad Mehldau - Variations on a melancholy Theme (Releasedate: 11.06.2021) - Q-rious Music<\/title>\n<meta name=\"robots\" content=\"index, follow, max-snippet:-1, max-image-preview:large, max-video-preview:-1\" \/>\n<link rel=\"canonical\" href=\"https:\/\/www.qrious.de\/en\/brad-mehldau-variations-on-a-melancholy-theme-releasedate-11-06-2021\/\" \/>\n<meta property=\"og:locale\" content=\"en_US\" \/>\n<meta property=\"og:type\" content=\"article\" \/>\n<meta property=\"og:title\" content=\"Brad Mehldau - Variations on a melancholy Theme (Releasedate: 11.06.2021) - Q-rious Music\" \/>\n<meta property=\"og:description\" content=\"[:de] &nbsp; \u00e2\u20ac\u017eIch stellte es mir so vor: Brahms wachte eines Morgens auf und hatte den Blues.\u00e2\u20ac\u0153 (Brad Mehldau) &nbsp; Am 11. Juni 2021 erscheint Brad Mehldaus neues Album \u00e2\u20ac\u017eVariations On A Melancholy Theme\u00e2\u20ac\u0153. An den Aufnahmen war neben dem Pianisten und Komponisten das Orpheus Chamber Orchestra beteiligt, das Mehldau mit dem Erstellen der orchestralen [&hellip;]\" \/>\n<meta property=\"og:url\" content=\"https:\/\/www.qrious.de\/en\/brad-mehldau-variations-on-a-melancholy-theme-releasedate-11-06-2021\/\" \/>\n<meta property=\"og:site_name\" content=\"Q-rious Music\" \/>\n<meta property=\"article:publisher\" content=\"https:\/\/www.facebook.com\/QriousMusic\/\" \/>\n<meta property=\"article:published_time\" content=\"2021-05-17T12:47:33+00:00\" \/>\n<meta property=\"og:image\" content=\"https:\/\/www.qrious.de\/wp-content\/uploads\/2021\/05\/BradMehldau_VOAMT_Covermotiv-scaled.jpg\" \/>\n\t<meta property=\"og:image:width\" content=\"2560\" \/>\n\t<meta property=\"og:image:height\" content=\"2560\" \/>\n\t<meta property=\"og:image:type\" content=\"image\/jpeg\" \/>\n<meta name=\"author\" content=\"Qrious\" \/>\n<meta name=\"twitter:card\" content=\"summary_large_image\" \/>\n<meta name=\"twitter:label1\" content=\"Written by\" \/>\n\t<meta name=\"twitter:data1\" content=\"Qrious\" \/>\n\t<meta name=\"twitter:label2\" content=\"Est. reading time\" \/>\n\t<meta name=\"twitter:data2\" content=\"3 minutes\" \/>\n<script type=\"application\/ld+json\" class=\"yoast-schema-graph\">{\"@context\":\"https:\/\/schema.org\",\"@graph\":[{\"@type\":\"WebPage\",\"@id\":\"https:\/\/www.qrious.de\/en\/brad-mehldau-variations-on-a-melancholy-theme-releasedate-11-06-2021\/\",\"url\":\"https:\/\/www.qrious.de\/en\/brad-mehldau-variations-on-a-melancholy-theme-releasedate-11-06-2021\/\",\"name\":\"Brad Mehldau - Variations on a melancholy Theme (Releasedate: 11.06.2021) - Q-rious Music\",\"isPartOf\":{\"@id\":\"https:\/\/www.qrious.de\/en\/#website\"},\"primaryImageOfPage\":{\"@id\":\"https:\/\/www.qrious.de\/en\/brad-mehldau-variations-on-a-melancholy-theme-releasedate-11-06-2021\/#primaryimage\"},\"image\":{\"@id\":\"https:\/\/www.qrious.de\/en\/brad-mehldau-variations-on-a-melancholy-theme-releasedate-11-06-2021\/#primaryimage\"},\"thumbnailUrl\":\"https:\/\/www.qrious.de\/wp-content\/uploads\/2021\/05\/BradMehldau_VOAMT_Covermotiv-scaled.jpg\",\"datePublished\":\"2021-05-17T12:47:33+00:00\",\"author\":{\"@id\":\"https:\/\/www.qrious.de\/en\/#\/schema\/person\/c23ecd85bc1b3ab8b09bf6da9d86a700\"},\"breadcrumb\":{\"@id\":\"https:\/\/www.qrious.de\/en\/brad-mehldau-variations-on-a-melancholy-theme-releasedate-11-06-2021\/#breadcrumb\"},\"inLanguage\":\"en-US\",\"potentialAction\":[{\"@type\":\"ReadAction\",\"target\":[\"https:\/\/www.qrious.de\/en\/brad-mehldau-variations-on-a-melancholy-theme-releasedate-11-06-2021\/\"]}]},{\"@type\":\"ImageObject\",\"inLanguage\":\"en-US\",\"@id\":\"https:\/\/www.qrious.de\/en\/brad-mehldau-variations-on-a-melancholy-theme-releasedate-11-06-2021\/#primaryimage\",\"url\":\"https:\/\/www.qrious.de\/wp-content\/uploads\/2021\/05\/BradMehldau_VOAMT_Covermotiv-scaled.jpg\",\"contentUrl\":\"https:\/\/www.qrious.de\/wp-content\/uploads\/2021\/05\/BradMehldau_VOAMT_Covermotiv-scaled.jpg\",\"width\":2560,\"height\":2560},{\"@type\":\"BreadcrumbList\",\"@id\":\"https:\/\/www.qrious.de\/en\/brad-mehldau-variations-on-a-melancholy-theme-releasedate-11-06-2021\/#breadcrumb\",\"itemListElement\":[{\"@type\":\"ListItem\",\"position\":1,\"name\":\"Home\",\"item\":\"https:\/\/www.qrious.de\/en\/\"},{\"@type\":\"ListItem\",\"position\":2,\"name\":\"Brad Mehldau &#8211; Variations on a melancholy Theme (Releasedate: 11.06.2021)\"}]},{\"@type\":\"WebSite\",\"@id\":\"https:\/\/www.qrious.de\/en\/#website\",\"url\":\"https:\/\/www.qrious.de\/en\/\",\"name\":\"Q-rious Music\",\"description\":\"Q-rious Music: promotion, distribution, label, publishing\",\"potentialAction\":[{\"@type\":\"SearchAction\",\"target\":{\"@type\":\"EntryPoint\",\"urlTemplate\":\"https:\/\/www.qrious.de\/en\/?s={search_term_string}\"},\"query-input\":{\"@type\":\"PropertyValueSpecification\",\"valueRequired\":true,\"valueName\":\"search_term_string\"}}],\"inLanguage\":\"en-US\"},{\"@type\":\"Person\",\"@id\":\"https:\/\/www.qrious.de\/en\/#\/schema\/person\/c23ecd85bc1b3ab8b09bf6da9d86a700\",\"name\":\"Qrious\",\"sameAs\":[\"http:\/\/www.qrious.de\"],\"url\":\"https:\/\/www.qrious.de\/en\/author\/office\/\"}]}<\/script>\n<!-- \/ Yoast SEO plugin. -->","yoast_head_json":{"title":"Brad Mehldau - Variations on a melancholy Theme (Releasedate: 11.06.2021) - Q-rious Music","robots":{"index":"index","follow":"follow","max-snippet":"max-snippet:-1","max-image-preview":"max-image-preview:large","max-video-preview":"max-video-preview:-1"},"canonical":"https:\/\/www.qrious.de\/en\/brad-mehldau-variations-on-a-melancholy-theme-releasedate-11-06-2021\/","og_locale":"en_US","og_type":"article","og_title":"Brad Mehldau - Variations on a melancholy Theme (Releasedate: 11.06.2021) - Q-rious Music","og_description":"[:de] &nbsp; \u00e2\u20ac\u017eIch stellte es mir so vor: Brahms wachte eines Morgens auf und hatte den Blues.\u00e2\u20ac\u0153 (Brad Mehldau) &nbsp; Am 11. Juni 2021 erscheint Brad Mehldaus neues Album \u00e2\u20ac\u017eVariations On A Melancholy Theme\u00e2\u20ac\u0153. An den Aufnahmen war neben dem Pianisten und Komponisten das Orpheus Chamber Orchestra beteiligt, das Mehldau mit dem Erstellen der orchestralen [&hellip;]","og_url":"https:\/\/www.qrious.de\/en\/brad-mehldau-variations-on-a-melancholy-theme-releasedate-11-06-2021\/","og_site_name":"Q-rious Music","article_publisher":"https:\/\/www.facebook.com\/QriousMusic\/","article_published_time":"2021-05-17T12:47:33+00:00","og_image":[{"width":2560,"height":2560,"url":"https:\/\/www.qrious.de\/wp-content\/uploads\/2021\/05\/BradMehldau_VOAMT_Covermotiv-scaled.jpg","type":"image\/jpeg"}],"author":"Qrious","twitter_card":"summary_large_image","twitter_misc":{"Written by":"Qrious","Est. reading time":"3 minutes"},"schema":{"@context":"https:\/\/schema.org","@graph":[{"@type":"WebPage","@id":"https:\/\/www.qrious.de\/en\/brad-mehldau-variations-on-a-melancholy-theme-releasedate-11-06-2021\/","url":"https:\/\/www.qrious.de\/en\/brad-mehldau-variations-on-a-melancholy-theme-releasedate-11-06-2021\/","name":"Brad Mehldau - Variations on a melancholy Theme (Releasedate: 11.06.2021) - Q-rious Music","isPartOf":{"@id":"https:\/\/www.qrious.de\/en\/#website"},"primaryImageOfPage":{"@id":"https:\/\/www.qrious.de\/en\/brad-mehldau-variations-on-a-melancholy-theme-releasedate-11-06-2021\/#primaryimage"},"image":{"@id":"https:\/\/www.qrious.de\/en\/brad-mehldau-variations-on-a-melancholy-theme-releasedate-11-06-2021\/#primaryimage"},"thumbnailUrl":"https:\/\/www.qrious.de\/wp-content\/uploads\/2021\/05\/BradMehldau_VOAMT_Covermotiv-scaled.jpg","datePublished":"2021-05-17T12:47:33+00:00","author":{"@id":"https:\/\/www.qrious.de\/en\/#\/schema\/person\/c23ecd85bc1b3ab8b09bf6da9d86a700"},"breadcrumb":{"@id":"https:\/\/www.qrious.de\/en\/brad-mehldau-variations-on-a-melancholy-theme-releasedate-11-06-2021\/#breadcrumb"},"inLanguage":"en-US","potentialAction":[{"@type":"ReadAction","target":["https:\/\/www.qrious.de\/en\/brad-mehldau-variations-on-a-melancholy-theme-releasedate-11-06-2021\/"]}]},{"@type":"ImageObject","inLanguage":"en-US","@id":"https:\/\/www.qrious.de\/en\/brad-mehldau-variations-on-a-melancholy-theme-releasedate-11-06-2021\/#primaryimage","url":"https:\/\/www.qrious.de\/wp-content\/uploads\/2021\/05\/BradMehldau_VOAMT_Covermotiv-scaled.jpg","contentUrl":"https:\/\/www.qrious.de\/wp-content\/uploads\/2021\/05\/BradMehldau_VOAMT_Covermotiv-scaled.jpg","width":2560,"height":2560},{"@type":"BreadcrumbList","@id":"https:\/\/www.qrious.de\/en\/brad-mehldau-variations-on-a-melancholy-theme-releasedate-11-06-2021\/#breadcrumb","itemListElement":[{"@type":"ListItem","position":1,"name":"Home","item":"https:\/\/www.qrious.de\/en\/"},{"@type":"ListItem","position":2,"name":"Brad Mehldau &#8211; Variations on a melancholy Theme (Releasedate: 11.06.2021)"}]},{"@type":"WebSite","@id":"https:\/\/www.qrious.de\/en\/#website","url":"https:\/\/www.qrious.de\/en\/","name":"Q-rious Music","description":"Q-rious Music: promotion, distribution, label, publishing","potentialAction":[{"@type":"SearchAction","target":{"@type":"EntryPoint","urlTemplate":"https:\/\/www.qrious.de\/en\/?s={search_term_string}"},"query-input":{"@type":"PropertyValueSpecification","valueRequired":true,"valueName":"search_term_string"}}],"inLanguage":"en-US"},{"@type":"Person","@id":"https:\/\/www.qrious.de\/en\/#\/schema\/person\/c23ecd85bc1b3ab8b09bf6da9d86a700","name":"Qrious","sameAs":["http:\/\/www.qrious.de"],"url":"https:\/\/www.qrious.de\/en\/author\/office\/"}]}},"_links":{"self":[{"href":"https:\/\/www.qrious.de\/en\/wp-json\/wp\/v2\/posts\/16019","targetHints":{"allow":["GET"]}}],"collection":[{"href":"https:\/\/www.qrious.de\/en\/wp-json\/wp\/v2\/posts"}],"about":[{"href":"https:\/\/www.qrious.de\/en\/wp-json\/wp\/v2\/types\/post"}],"author":[{"embeddable":true,"href":"https:\/\/www.qrious.de\/en\/wp-json\/wp\/v2\/users\/6"}],"replies":[{"embeddable":true,"href":"https:\/\/www.qrious.de\/en\/wp-json\/wp\/v2\/comments?post=16019"}],"version-history":[{"count":0,"href":"https:\/\/www.qrious.de\/en\/wp-json\/wp\/v2\/posts\/16019\/revisions"}],"wp:featuredmedia":[{"embeddable":true,"href":"https:\/\/www.qrious.de\/en\/wp-json\/wp\/v2\/media\/16020"}],"wp:attachment":[{"href":"https:\/\/www.qrious.de\/en\/wp-json\/wp\/v2\/media?parent=16019"}],"wp:term":[{"taxonomy":"category","embeddable":true,"href":"https:\/\/www.qrious.de\/en\/wp-json\/wp\/v2\/categories?post=16019"},{"taxonomy":"post_tag","embeddable":true,"href":"https:\/\/www.qrious.de\/en\/wp-json\/wp\/v2\/tags?post=16019"}],"curies":[{"name":"wp","href":"https:\/\/api.w.org\/{rel}","templated":true}]}}