{"id":16013,"date":"2021-05-17T14:32:38","date_gmt":"2021-05-17T12:32:38","guid":{"rendered":"https:\/\/www.qrious.de\/?p=16013"},"modified":"2021-05-17T14:32:38","modified_gmt":"2021-05-17T12:32:38","slug":"salvador-sobral-bpm-releasedate-28-05-2021","status":"publish","type":"post","link":"https:\/\/www.qrious.de\/en\/salvador-sobral-bpm-releasedate-28-05-2021\/","title":{"rendered":"[:de]Salvador Sobral &#8211; BPM ( Releasedate: 28.05.2021)[:en]Salvador Sobral &#8211; BPM (Releasedate: 28.05.2021)[:]"},"content":{"rendered":"<p><img loading=\"lazy\" decoding=\"async\" class=\"alignnone size-medium wp-image-16014\" src=\"https:\/\/www.qrious.de\/wp-content\/uploads\/2021\/05\/BPM-Cover-300x300.jpg\" alt=\"\" width=\"300\" height=\"300\" srcset=\"https:\/\/www.qrious.de\/wp-content\/uploads\/2021\/05\/BPM-Cover-300x300.jpg 300w, https:\/\/www.qrious.de\/wp-content\/uploads\/2021\/05\/BPM-Cover-150x150.jpg 150w, https:\/\/www.qrious.de\/wp-content\/uploads\/2021\/05\/BPM-Cover-190x190.jpg 190w, https:\/\/www.qrious.de\/wp-content\/uploads\/2021\/05\/BPM-Cover-345x345.jpg 345w, https:\/\/www.qrious.de\/wp-content\/uploads\/2021\/05\/BPM-Cover-100x100.jpg 100w, https:\/\/www.qrious.de\/wp-content\/uploads\/2021\/05\/BPM-Cover-50x50.jpg 50w, https:\/\/www.qrious.de\/wp-content\/uploads\/2021\/05\/BPM-Cover.jpg 472w\" sizes=\"auto, (max-width: 300px) 100vw, 300px\" \/><\/p>\n<p>&nbsp;<\/p>\n<p><span style=\"font-family: verdana, geneva, sans-serif; font-size: 10pt;\"><strong><u>FRISCHE JAZZ-IMPULSE AUS PORTUGAL<\/u><\/strong><\/span><\/p>\n<p><span style=\"font-family: verdana, geneva, sans-serif; font-size: 10pt;\">Der 31-j\u00c3\u00a4hrige S\u00c3\u00a4nger, Songwriter und Musiker <strong>Salvador Sobral <\/strong>pr\u00c3\u00a4sentiert mit <strong>\u00e2\u20ac\u017eBPM\u00e2\u20ac\u0153<\/strong> sein bislang pers\u00c3\u00b6nlichstes Album. 13 neue Songs, erstmals komplett von ihm selbst initiiert, vermitteln einen tiefen, gleichsam beschwingten Einblick in das Leben des Mannes, der sich schon fr\u00c3\u00bch dem Jazz verschrieben hatte, und \u00c3\u00bcber einen Umweg zum Jazz zur\u00c3\u00bcckfand.<\/span><\/p>\n<p><span style=\"font-family: verdana, geneva, sans-serif; font-size: 10pt;\">2017 nahm er am Eurovision Song Contest teil und es geschah, was keiner f\u00c3\u00bcr m\u00c3\u00b6glich hielt: <strong>Salvador Sobral<\/strong> holte den Sieg an die s\u00c3\u00bcdliche Spitze der Iberischen Halbinsel &#8211; ein Novum f\u00c3\u00bcr Portugal. Wohl f\u00c3\u00bchlte er sich als Teilnehmer des TV-Spektakels allerdings bereits vor dem Finale des ESC nicht, kam er doch vom Jazz, einer g\u00c3\u00a4nzlich anderen musikalischen Sprache als der, die auf der ganz gro\u00c3\u0178en Showb\u00c3\u00bchne gesprochen wird. Zum Jazz kehrte er schlie\u00c3\u0178lich nach \u00c3\u00bcberstandener Herztransplantation mit dem 2019 erschienenen Album \u00e2\u20ac\u017e<strong>Paris Lisboa<\/strong>\u00e2\u20ac\u0153 zur\u00c3\u00bcck. Ein Jahr sp\u00c3\u00a4ter folgte \u00e2\u20ac\u017e<strong>Alma Nuestra<\/strong>\u00e2\u20ac\u0153, ein Geniestreich in Sachen zwischenmenschlicher Interaktion. Die F\u00c3\u00a4hrte der Verbindungssuche setzt Sobral jetzt mit teils neubesetzter Band auf \u00e2\u20ac\u017e<strong>BPM<\/strong>\u00e2\u20ac\u0153 fort. Es geht um verbindende Pulsschl\u00c3\u00a4ge zwischen Menschen, zwischen den ausf\u00c3\u00bchrenden Musikern und zwischen Sobral und seinen Zuh\u00c3\u00b6rern. Reich an feinjustierten Nuancen, gleichsam ausdrucksstark, erz\u00c3\u00a4hlt <strong>Salvador Sobral<\/strong> in \u00e2\u20ac\u017e<strong>BPM<\/strong>\u00e2\u20ac\u0153 aus seinem Leben, und damit beispielhaft und eindringlich aus unser aller Leben. Zur Einstimmung auf \u00e2\u20ac\u017e<strong>BPM<\/strong>\u00e2\u20ac\u0153 hat er seine Gedanken selbst zusammengefasst:<\/span><\/p>\n<p>&nbsp;<\/p>\n<p><span style=\"font-family: verdana, geneva, sans-serif; font-size: 10pt;\">\u00e2\u20ac\u017eSeit dem Beginn meiner Karriere, f\u00c3\u00bchlte ich mich immer wohler dabei, Songs anderer K\u00c3\u00bcnstler zu singen. Es stimmt schon, dass ich versucht war, zu meinen vorherigen Alben den einen oder anderen Song aus eigener Feder beizusteuern.<\/span><\/p>\n<p><span style=\"font-family: verdana, geneva, sans-serif; font-size: 10pt;\">Aber ich kann wirklich nicht behaupten, meine Songwriting-Ader tats\u00c3\u00a4chlich genutzt zu haben &#8211; sie blieb ein haard\u00c3\u00bcnnes \u00c3\u201ederchen. Um im Bilde zu bleiben: Die Herangehensweise an dieses neue Album f\u00c3\u00bchlte sich wie das Offenlegen meiner kompletten Aorta an.<\/span><\/p>\n<p>&nbsp;<\/p>\n<p><span style=\"font-family: verdana, geneva, sans-serif; font-size: 10pt;\">Selbstverst\u00c3\u00a4ndlich w\u00c3\u00a4re es ohne <strong>Leo Aldrey<\/strong>, meinen Hauptmitstreiter in der Musik und im Leben, nicht soweit gekommen. Als ich ihn 2010 an der <strong>Taller de Musics<\/strong> in Barcelona kennenlernte, war ich davon \u00c3\u00bcberzeugt, dass ich das American Jazz Songbook f\u00c3\u00bcr den Rest meines Lebens singen wollte. Heute beschuldige ich diesen lieben Freund \u00c3\u00b6ffentlich daf\u00c3\u00bcr, mich entf\u00c3\u00bchrt, f\u00c3\u00bcr mehrere N\u00c3\u00a4chte in einen Raum eingesperrt, und mich zum Schreiben von Songs gezwungen zu haben. Seither sind viele Jahre verstrichen, aber die Dynamik zwischen uns hat sich genauso wenig ver\u00c3\u00a4ndert wie seine Methoden. Lediglich die Gr\u00c3\u00b6\u00c3\u0178e seines Raums hat an Volumen gewonnen. Im Februar 2020 nahmen wir f\u00c3\u00bcr einen Monat ein Haus inmitten von Alentejo in Beschlag, um Songs zu schreiben.<\/span><\/p>\n<p><span style=\"font-family: verdana, geneva, sans-serif; font-size: 10pt;\"><strong>Leo<\/strong> versteht stets vollkommen, was ich in meiner Musik mitteilen m\u00c3\u00b6chte, und auch, wie ich mich mitteilen m\u00c3\u00b6chte. Er holt das Beste aus meinen F\u00c3\u00a4higkeiten heraus, und l\u00c3\u00a4sst mich immer wieder ein paar weitere Facetten meines K\u00c3\u00b6nnens entdecken. Als es um den Produzenten f\u00c3\u00bcr dieses Album ging, bestand kein Zweifel daran, dass er meine erste Wahl sein w\u00c3\u00bcrde &#8211; schlie\u00c3\u0178lich war er mit den neuen Songs bereits seit ihren Entstehungsphasen bestens vertraut gewesen.<\/span><\/p>\n<p><span style=\"font-family: verdana, geneva, sans-serif; font-size: 10pt;\">Im Oktober 2020 hatten wir ungef\u00c3\u00a4hr 17 Song-Keimlinge, oder, wenn man so will, 17 Song-Skizzen versammelt. Die wollte ich im n\u00c3\u00a4chsten Schritt meiner Band vorstellen, um sie mit ihr zu proben, und um sie in lebendiger Form mit meinen Musikern sp\u00c3\u00bcren zu k\u00c3\u00b6nnen. Es sollte gro\u00c3\u0178artig werden! Aber&#8230; die Proben wurden geplant, abgesagt und erneut geplant, insgesamt dreimal. Jedes Mal, wenn wir ins Studio gehen wollten, machte uns das Virus einen Strich durch die Rechnung. Beim vierten Versuch, zwei Tage vor der ersten Probe, rief mich <strong>Max Agnas<\/strong>, unser Pianist, an. Seine Stimme klang verzweifelt. Er hatte sich einen B\u00c3\u00a4nderriss zugezogen musste operiert werden, weswegen er weder an den Proben noch an den anschlie\u00c3\u0178enden Aufnahmen teilnehmen konnte. Ich rief einen Freund an, mit dem ich hier und da gespielt hatte. Er ist ein superkreativer und melodisch versierter Pianist, mit Feuer im Herzen &#8211; selbstsicher und neugierig, lyrisch und punkig.<\/span><\/p>\n<p>&nbsp;<\/p>\n<p><span style=\"font-family: verdana, geneva, sans-serif; font-size: 10pt;\">Sein Name ist <strong>Abe Rabade<\/strong>. Schon w\u00c3\u00a4hrend des Telefonats mit ihm wusste ich, dass ich die richtige Entscheidung getroffen hatte. Zwei Tage sp\u00c3\u00a4ter war er bei mir daheim und lernte die neuen Songs in geradezu olympiaverd\u00c3\u00a4chtiger Schnelligkeit. Er bat mich sogar, ihm jeden einzelnen Song en Detail zu erkl\u00c3\u00a4ren, von der inhaltlichen Ausrichtung hin bis zur kleinsten Nuance. Seine beispielshafte Hingabe an das Projekt, von den ersten Proben bis zum letzten Aufnahmetag, war schlicht bewundernswert. Ich werde ihm ewig dankbar daf\u00c3\u00bcr sein, dass er mein neues Album gerettet hat.<\/span><\/p>\n<p><span style=\"font-family: verdana, geneva, sans-serif; font-size: 10pt;\">Gerettet wurde es au\u00c3\u0178erdem von <strong>Andr\u00c3\u00a9 Rosinha<\/strong> <strong>und Bruno Pedroso<\/strong>, die unsere Band seit Beginn an Tag f\u00c3\u00bcr Tag am Laufen hielten. Beide spielen seit 2015 mit mir. Wir sind enge Freunde geworden, wissen unsere jeweiligen Tugenden zu sch\u00c3\u00a4tzen, akzeptieren aber auch gegenseitig die Miseren jedes einzelnen von uns. Ich f\u00c3\u00bchle tiefe Bewunderung daf\u00c3\u00bcr, wie die Beiden Musik sehen und f\u00c3\u00bchlen. Ich bin ein standhafter Fan der musikalischen Entscheidungen, die sie treffen, und mit denen sie meine Musik bereichern. Ich vertraue ihnen vollkommen in allen Lebensbereichen, sie bilden das Fundament der Familie, mit der ich Musik machen darf. Mit Stolz und Bewunderung f\u00c3\u00bcr sie, kann ich sagen, dass sie so f\u00c3\u00bchlen als ob meine Band auch ihre Band w\u00c3\u00a4re. Ein neues, aber entscheidendes Mitglied der \u00e2\u20ac\u0161Familie\u00e2\u20ac\u02dc ist<\/span><\/p>\n<p><span style=\"font-family: verdana, geneva, sans-serif; font-size: 10pt;\"><strong>Andr\u00c3\u00a9 Santos<\/strong>. Er ist der Gitarrist, den ich am meisten verehre, und ich entschied mich daf\u00c3\u00bcr, ihn zur Teilhabe an dem Abenteuer \u00e2\u20ac\u0161Neues Album\u00e2\u20ac\u02dc einzuladen. <strong>Santos<\/strong> ist wie eine farbenfrohe Brise, die \u00c3\u00bcber Akkorde weht und dabei ein einzigartiges klangliches Aroma verbreitet, das uns im positiven Sinne verwirrte und den Wunsch n\u00c3\u00a4hrte, mehr davon haben zu wollen. Ich danke ihm und seiner Sensibilit\u00c3\u00a4t daf\u00c3\u00bcr, Teil meines Projekts zu sein. Jeder in der Band brachte eigene Ideen, Vorschl\u00c3\u00a4ge und Kritik ein, was dem kreativen Prozess enorm zutr\u00c3\u00a4glich war.<\/span><\/p>\n<p><span style=\"font-family: verdana, geneva, sans-serif; font-size: 10pt;\">Wie ich oft an anderer Stelle verlautbaren lie\u00c3\u0178, bin ich kein Fan von Aufnahmestudios. Um den Prozess diesmal anders anzugehen, und um ihn mir zu erleichtern, beschloss ich, dass Album au\u00c3\u0178erhalb von Lissabon einzuspielen. Ich forschte in den Tiefen des Internets, und fand schlie\u00c3\u0178lich ein gro\u00c3\u0178artiges Studio im S\u00c3\u00bcden Frankreichs, genau gesagt in L\u00c3\u00a9on.<\/span><\/p>\n<p><span style=\"font-family: verdana, geneva, sans-serif; font-size: 10pt;\">Es ist ein bestens ausger\u00c3\u00bcstetes Studio, das ein Nachbarhaus umfasst, in dem man \u00c3\u00bcbernachten kann, mitten im L\u00c3\u00a4ndlichen, umgeben von Hirschen und Hasen. Dort, im <strong>Le Manoir de L\u00c3\u00a9on<\/strong>, nahmen wir die 13 Songs auf, die <strong>\u00e2\u20ac\u0161BPM\u00e2\u20ac\u02dc<\/strong> ausmachen.<\/span><\/p>\n<p><span style=\"font-family: verdana, geneva, sans-serif; font-size: 10pt;\">Ich treffe etliche Entscheidungen f\u00c3\u00bcr unterschiedliche Lebensbereiche w\u00c3\u00a4hrend meiner schlaflosen N\u00c3\u00a4chte. Ich nenne den Zustand w\u00c3\u00a4hrend solcher N\u00c3\u00a4chte gerne PI (Produktive Insomnie). Der Titel meines neuen Albums resultiert aus diesem PI-Zustand. Nachdem ich meine Musik und mein Leben einmal mehr reflektiert hatte, kam ich zu dem Schluss, dass das st\u00c3\u00a4rkste verbindende Element zwischen der Musik und dem Leben die \u00e2\u20ac\u0161<strong>Beats per minute<\/strong>\u00e2\u20ac\u02dc (\u00e2\u20ac\u0161BPM\u00e2\u20ac\u02dc) sind.<\/span><\/p>\n<p>&nbsp;<\/p>\n<p><span style=\"font-family: verdana, geneva, sans-serif; font-size: 10pt;\">\u00c2\u00a0Sie lassen uns leben, sie bestimmen den Herzschlag, und sie geben der Musik ihre Pulse, sie zeichnen Musik lebendig. Ich werde nie meine Zeit im Krankenhaus vergessen: Ich durchlief eine Menge Elektrokardiogramm-Untersuchungen, und w\u00c3\u00a4hrend einer heikleren Phase meines Krankenhausaufenthalts, hing ein Monitor neben meinem Bett, der meine \u00e2\u20ac\u0161<strong>BPM<\/strong>\u00e2\u20ac\u02dc plastisch darstellte. Seltsamerweise schuf dieser Anblick eine Art Vertrautheit, denn \u00e2\u20ac\u0161BPM\u00e2\u20ac\u02dc waren mir durch die Musik bestens bekannt. Und so beschloss ich w\u00c3\u00a4hrend dieser schlaflosen Nacht, das Album \u00e2\u20ac\u0161<strong>BPM<\/strong>\u00e2\u20ac\u02dc zu nennen. Danach schlief ich friedlich ein. Zumindest in dieser einen Nacht.\u00e2\u20ac\u0153<\/span><\/p>\n<p>&nbsp;<\/p>\n<p><span style=\"font-size: 10pt;\"><strong><span style=\"font-family: verdana, geneva, sans-serif;\">Trackliste<\/span><\/strong><\/span><\/p>\n<p><span style=\"font-family: verdana, geneva, sans-serif; font-size: 10pt;\">1 Mar de mem\u00c3\u00b3rias<\/span><\/p>\n<p><span style=\"font-family: verdana, geneva, sans-serif; font-size: 10pt;\">2 Fui ver meu amor (prel\u00c3\u00badio)<\/span><\/p>\n<p><span style=\"font-family: verdana, geneva, sans-serif; font-size: 10pt;\">3 Fui ver meu amor<\/span><\/p>\n<p><span style=\"font-family: verdana, geneva, sans-serif; font-size: 10pt;\">4 Se de mim precisarem<\/span><\/p>\n<p><span style=\"font-family: verdana, geneva, sans-serif; font-size: 10pt;\">5 That Old Waltz<\/span><\/p>\n<p><span style=\"font-family: verdana, geneva, sans-serif; font-size: 10pt;\">6 Medo de estima\u00c3\u00a7\u00c3\u00a3o<\/span><\/p>\n<p><span style=\"font-family: verdana, geneva, sans-serif; font-size: 10pt;\">7 Sangue do meu sangue<\/span><\/p>\n<p><span style=\"font-family: verdana, geneva, sans-serif; font-size: 10pt;\">8 Paint The Town<\/span><\/p>\n<p><span style=\"font-family: verdana, geneva, sans-serif; font-size: 10pt;\">9 P\u00c3\u00a1ginas soltas<\/span><\/p>\n<p><span style=\"font-family: verdana, geneva, sans-serif; font-size: 10pt;\">10 Canci\u00c3\u00b3n vieja<\/span><\/p>\n<p><span style=\"font-family: verdana, geneva, sans-serif; font-size: 10pt;\">11 S\u00c3\u00b3 eu sei<\/span><\/p>\n<p><span style=\"font-family: verdana, geneva, sans-serif; font-size: 10pt;\">12 Sem voz<\/span><\/p>\n<p><span style=\"font-family: verdana, geneva, sans-serif; font-size: 10pt;\">13 Aplauso dentro feat. Margarida Campelo<\/span><\/p>\n<p><span style=\"font-family: verdana, geneva, sans-serif; font-size: 10pt;\">14 Bom vento<\/span><\/p>\n<p>&nbsp;<\/p>\n","protected":false},"excerpt":{"rendered":"<p>&nbsp; FRISCHE JAZZ-IMPULSE AUS PORTUGAL Der 31-j\u00c3\u00a4hrige S\u00c3\u00a4nger, Songwriter und Musiker Salvador Sobral pr\u00c3\u00a4sentiert mit \u00e2\u20ac\u017eBPM\u00e2\u20ac\u0153 sein bislang pers\u00c3\u00b6nlichstes Album. 13 neue Songs, erstmals komplett von ihm selbst initiiert, vermitteln einen tiefen, gleichsam beschwingten Einblick in das Leben des Mannes, der sich schon fr\u00c3\u00bch dem Jazz verschrieben hatte, und \u00c3\u00bcber einen Umweg zum Jazz zur\u00c3\u00bcckfand. [&hellip;]<\/p>\n","protected":false},"author":6,"featured_media":16014,"comment_status":"closed","ping_status":"closed","sticky":false,"template":"","format":"standard","meta":{"footnotes":""},"categories":[172],"tags":[],"class_list":["post-16013","post","type-post","status-publish","format-standard","has-post-thumbnail","hentry","category-unkategorisiert"],"yoast_head":"<!-- This site is optimized with the Yoast SEO plugin v26.3 - https:\/\/yoast.com\/wordpress\/plugins\/seo\/ -->\n<title>[:de]Salvador Sobral - BPM ( Releasedate: 28.05.2021)[:en]Salvador Sobral - BPM (Releasedate: 28.05.2021)[:] - Q-rious Music<\/title>\n<meta name=\"robots\" content=\"index, follow, max-snippet:-1, max-image-preview:large, max-video-preview:-1\" \/>\n<link rel=\"canonical\" href=\"https:\/\/www.qrious.de\/en\/salvador-sobral-bpm-releasedate-28-05-2021\/\" \/>\n<meta property=\"og:locale\" content=\"en_US\" \/>\n<meta property=\"og:type\" content=\"article\" \/>\n<meta property=\"og:title\" content=\"[:de]Salvador Sobral - BPM ( Releasedate: 28.05.2021)[:en]Salvador Sobral - BPM (Releasedate: 28.05.2021)[:] - Q-rious Music\" \/>\n<meta property=\"og:description\" content=\"&nbsp; FRISCHE JAZZ-IMPULSE AUS PORTUGAL Der 31-j\u00c3\u00a4hrige S\u00c3\u00a4nger, Songwriter und Musiker Salvador Sobral pr\u00c3\u00a4sentiert mit \u00e2\u20ac\u017eBPM\u00e2\u20ac\u0153 sein bislang pers\u00c3\u00b6nlichstes Album. 13 neue Songs, erstmals komplett von ihm selbst initiiert, vermitteln einen tiefen, gleichsam beschwingten Einblick in das Leben des Mannes, der sich schon fr\u00c3\u00bch dem Jazz verschrieben hatte, und \u00c3\u00bcber einen Umweg zum Jazz zur\u00c3\u00bcckfand. [&hellip;]\" \/>\n<meta property=\"og:url\" content=\"https:\/\/www.qrious.de\/en\/salvador-sobral-bpm-releasedate-28-05-2021\/\" \/>\n<meta property=\"og:site_name\" content=\"Q-rious Music\" \/>\n<meta property=\"article:publisher\" content=\"https:\/\/www.facebook.com\/QriousMusic\/\" \/>\n<meta property=\"article:published_time\" content=\"2021-05-17T12:32:38+00:00\" \/>\n<meta property=\"og:image\" content=\"https:\/\/www.qrious.de\/wp-content\/uploads\/2021\/05\/BPM-Cover.jpg\" \/>\n\t<meta property=\"og:image:width\" content=\"472\" \/>\n\t<meta property=\"og:image:height\" content=\"472\" \/>\n\t<meta property=\"og:image:type\" content=\"image\/jpeg\" \/>\n<meta name=\"author\" content=\"Qrious\" \/>\n<meta name=\"twitter:card\" content=\"summary_large_image\" \/>\n<meta name=\"twitter:label1\" content=\"Written by\" \/>\n\t<meta name=\"twitter:data1\" content=\"Qrious\" \/>\n\t<meta name=\"twitter:label2\" content=\"Est. reading time\" \/>\n\t<meta name=\"twitter:data2\" content=\"6 minutes\" \/>\n<script type=\"application\/ld+json\" class=\"yoast-schema-graph\">{\"@context\":\"https:\/\/schema.org\",\"@graph\":[{\"@type\":\"WebPage\",\"@id\":\"https:\/\/www.qrious.de\/en\/salvador-sobral-bpm-releasedate-28-05-2021\/\",\"url\":\"https:\/\/www.qrious.de\/en\/salvador-sobral-bpm-releasedate-28-05-2021\/\",\"name\":\"[:de]Salvador Sobral - BPM ( Releasedate: 28.05.2021)[:en]Salvador Sobral - BPM (Releasedate: 28.05.2021)[:] - Q-rious Music\",\"isPartOf\":{\"@id\":\"https:\/\/www.qrious.de\/en\/#website\"},\"primaryImageOfPage\":{\"@id\":\"https:\/\/www.qrious.de\/en\/salvador-sobral-bpm-releasedate-28-05-2021\/#primaryimage\"},\"image\":{\"@id\":\"https:\/\/www.qrious.de\/en\/salvador-sobral-bpm-releasedate-28-05-2021\/#primaryimage\"},\"thumbnailUrl\":\"https:\/\/www.qrious.de\/wp-content\/uploads\/2021\/05\/BPM-Cover.jpg\",\"datePublished\":\"2021-05-17T12:32:38+00:00\",\"author\":{\"@id\":\"https:\/\/www.qrious.de\/en\/#\/schema\/person\/c23ecd85bc1b3ab8b09bf6da9d86a700\"},\"breadcrumb\":{\"@id\":\"https:\/\/www.qrious.de\/en\/salvador-sobral-bpm-releasedate-28-05-2021\/#breadcrumb\"},\"inLanguage\":\"en-US\",\"potentialAction\":[{\"@type\":\"ReadAction\",\"target\":[\"https:\/\/www.qrious.de\/en\/salvador-sobral-bpm-releasedate-28-05-2021\/\"]}]},{\"@type\":\"ImageObject\",\"inLanguage\":\"en-US\",\"@id\":\"https:\/\/www.qrious.de\/en\/salvador-sobral-bpm-releasedate-28-05-2021\/#primaryimage\",\"url\":\"https:\/\/www.qrious.de\/wp-content\/uploads\/2021\/05\/BPM-Cover.jpg\",\"contentUrl\":\"https:\/\/www.qrious.de\/wp-content\/uploads\/2021\/05\/BPM-Cover.jpg\",\"width\":472,\"height\":472},{\"@type\":\"BreadcrumbList\",\"@id\":\"https:\/\/www.qrious.de\/en\/salvador-sobral-bpm-releasedate-28-05-2021\/#breadcrumb\",\"itemListElement\":[{\"@type\":\"ListItem\",\"position\":1,\"name\":\"Home\",\"item\":\"https:\/\/www.qrious.de\/en\/\"},{\"@type\":\"ListItem\",\"position\":2,\"name\":\"[:de]Salvador Sobral &#8211; BPM ( Releasedate: 28.05.2021)[:en]Salvador Sobral &#8211; BPM (Releasedate: 28.05.2021)[:]\"}]},{\"@type\":\"WebSite\",\"@id\":\"https:\/\/www.qrious.de\/en\/#website\",\"url\":\"https:\/\/www.qrious.de\/en\/\",\"name\":\"Q-rious Music\",\"description\":\"Q-rious Music: promotion, distribution, label, publishing\",\"potentialAction\":[{\"@type\":\"SearchAction\",\"target\":{\"@type\":\"EntryPoint\",\"urlTemplate\":\"https:\/\/www.qrious.de\/en\/?s={search_term_string}\"},\"query-input\":{\"@type\":\"PropertyValueSpecification\",\"valueRequired\":true,\"valueName\":\"search_term_string\"}}],\"inLanguage\":\"en-US\"},{\"@type\":\"Person\",\"@id\":\"https:\/\/www.qrious.de\/en\/#\/schema\/person\/c23ecd85bc1b3ab8b09bf6da9d86a700\",\"name\":\"Qrious\",\"sameAs\":[\"http:\/\/www.qrious.de\"],\"url\":\"https:\/\/www.qrious.de\/en\/author\/office\/\"}]}<\/script>\n<!-- \/ Yoast SEO plugin. -->","yoast_head_json":{"title":"[:de]Salvador Sobral - BPM ( Releasedate: 28.05.2021)[:en]Salvador Sobral - BPM (Releasedate: 28.05.2021)[:] - Q-rious Music","robots":{"index":"index","follow":"follow","max-snippet":"max-snippet:-1","max-image-preview":"max-image-preview:large","max-video-preview":"max-video-preview:-1"},"canonical":"https:\/\/www.qrious.de\/en\/salvador-sobral-bpm-releasedate-28-05-2021\/","og_locale":"en_US","og_type":"article","og_title":"[:de]Salvador Sobral - BPM ( Releasedate: 28.05.2021)[:en]Salvador Sobral - BPM (Releasedate: 28.05.2021)[:] - Q-rious Music","og_description":"&nbsp; FRISCHE JAZZ-IMPULSE AUS PORTUGAL Der 31-j\u00c3\u00a4hrige S\u00c3\u00a4nger, Songwriter und Musiker Salvador Sobral pr\u00c3\u00a4sentiert mit \u00e2\u20ac\u017eBPM\u00e2\u20ac\u0153 sein bislang pers\u00c3\u00b6nlichstes Album. 13 neue Songs, erstmals komplett von ihm selbst initiiert, vermitteln einen tiefen, gleichsam beschwingten Einblick in das Leben des Mannes, der sich schon fr\u00c3\u00bch dem Jazz verschrieben hatte, und \u00c3\u00bcber einen Umweg zum Jazz zur\u00c3\u00bcckfand. [&hellip;]","og_url":"https:\/\/www.qrious.de\/en\/salvador-sobral-bpm-releasedate-28-05-2021\/","og_site_name":"Q-rious Music","article_publisher":"https:\/\/www.facebook.com\/QriousMusic\/","article_published_time":"2021-05-17T12:32:38+00:00","og_image":[{"width":472,"height":472,"url":"https:\/\/www.qrious.de\/wp-content\/uploads\/2021\/05\/BPM-Cover.jpg","type":"image\/jpeg"}],"author":"Qrious","twitter_card":"summary_large_image","twitter_misc":{"Written by":"Qrious","Est. reading time":"6 minutes"},"schema":{"@context":"https:\/\/schema.org","@graph":[{"@type":"WebPage","@id":"https:\/\/www.qrious.de\/en\/salvador-sobral-bpm-releasedate-28-05-2021\/","url":"https:\/\/www.qrious.de\/en\/salvador-sobral-bpm-releasedate-28-05-2021\/","name":"[:de]Salvador Sobral - BPM ( Releasedate: 28.05.2021)[:en]Salvador Sobral - BPM (Releasedate: 28.05.2021)[:] - Q-rious Music","isPartOf":{"@id":"https:\/\/www.qrious.de\/en\/#website"},"primaryImageOfPage":{"@id":"https:\/\/www.qrious.de\/en\/salvador-sobral-bpm-releasedate-28-05-2021\/#primaryimage"},"image":{"@id":"https:\/\/www.qrious.de\/en\/salvador-sobral-bpm-releasedate-28-05-2021\/#primaryimage"},"thumbnailUrl":"https:\/\/www.qrious.de\/wp-content\/uploads\/2021\/05\/BPM-Cover.jpg","datePublished":"2021-05-17T12:32:38+00:00","author":{"@id":"https:\/\/www.qrious.de\/en\/#\/schema\/person\/c23ecd85bc1b3ab8b09bf6da9d86a700"},"breadcrumb":{"@id":"https:\/\/www.qrious.de\/en\/salvador-sobral-bpm-releasedate-28-05-2021\/#breadcrumb"},"inLanguage":"en-US","potentialAction":[{"@type":"ReadAction","target":["https:\/\/www.qrious.de\/en\/salvador-sobral-bpm-releasedate-28-05-2021\/"]}]},{"@type":"ImageObject","inLanguage":"en-US","@id":"https:\/\/www.qrious.de\/en\/salvador-sobral-bpm-releasedate-28-05-2021\/#primaryimage","url":"https:\/\/www.qrious.de\/wp-content\/uploads\/2021\/05\/BPM-Cover.jpg","contentUrl":"https:\/\/www.qrious.de\/wp-content\/uploads\/2021\/05\/BPM-Cover.jpg","width":472,"height":472},{"@type":"BreadcrumbList","@id":"https:\/\/www.qrious.de\/en\/salvador-sobral-bpm-releasedate-28-05-2021\/#breadcrumb","itemListElement":[{"@type":"ListItem","position":1,"name":"Home","item":"https:\/\/www.qrious.de\/en\/"},{"@type":"ListItem","position":2,"name":"[:de]Salvador Sobral &#8211; BPM ( Releasedate: 28.05.2021)[:en]Salvador Sobral &#8211; BPM (Releasedate: 28.05.2021)[:]"}]},{"@type":"WebSite","@id":"https:\/\/www.qrious.de\/en\/#website","url":"https:\/\/www.qrious.de\/en\/","name":"Q-rious Music","description":"Q-rious Music: promotion, distribution, label, publishing","potentialAction":[{"@type":"SearchAction","target":{"@type":"EntryPoint","urlTemplate":"https:\/\/www.qrious.de\/en\/?s={search_term_string}"},"query-input":{"@type":"PropertyValueSpecification","valueRequired":true,"valueName":"search_term_string"}}],"inLanguage":"en-US"},{"@type":"Person","@id":"https:\/\/www.qrious.de\/en\/#\/schema\/person\/c23ecd85bc1b3ab8b09bf6da9d86a700","name":"Qrious","sameAs":["http:\/\/www.qrious.de"],"url":"https:\/\/www.qrious.de\/en\/author\/office\/"}]}},"_links":{"self":[{"href":"https:\/\/www.qrious.de\/en\/wp-json\/wp\/v2\/posts\/16013","targetHints":{"allow":["GET"]}}],"collection":[{"href":"https:\/\/www.qrious.de\/en\/wp-json\/wp\/v2\/posts"}],"about":[{"href":"https:\/\/www.qrious.de\/en\/wp-json\/wp\/v2\/types\/post"}],"author":[{"embeddable":true,"href":"https:\/\/www.qrious.de\/en\/wp-json\/wp\/v2\/users\/6"}],"replies":[{"embeddable":true,"href":"https:\/\/www.qrious.de\/en\/wp-json\/wp\/v2\/comments?post=16013"}],"version-history":[{"count":0,"href":"https:\/\/www.qrious.de\/en\/wp-json\/wp\/v2\/posts\/16013\/revisions"}],"wp:featuredmedia":[{"embeddable":true,"href":"https:\/\/www.qrious.de\/en\/wp-json\/wp\/v2\/media\/16014"}],"wp:attachment":[{"href":"https:\/\/www.qrious.de\/en\/wp-json\/wp\/v2\/media?parent=16013"}],"wp:term":[{"taxonomy":"category","embeddable":true,"href":"https:\/\/www.qrious.de\/en\/wp-json\/wp\/v2\/categories?post=16013"},{"taxonomy":"post_tag","embeddable":true,"href":"https:\/\/www.qrious.de\/en\/wp-json\/wp\/v2\/tags?post=16013"}],"curies":[{"name":"wp","href":"https:\/\/api.w.org\/{rel}","templated":true}]}}