{"id":16010,"date":"2021-05-17T14:26:07","date_gmt":"2021-05-17T12:26:07","guid":{"rendered":"https:\/\/www.qrious.de\/?p=16010"},"modified":"2021-05-17T14:26:07","modified_gmt":"2021-05-17T12:26:07","slug":"paier-valcic-preinfalk-fractal-beauty-releasedate-02-07-2021","status":"publish","type":"post","link":"https:\/\/www.qrious.de\/en\/paier-valcic-preinfalk-fractal-beauty-releasedate-02-07-2021\/","title":{"rendered":"[:de]Paier Valcic Preinfalk &#8211; Fractal beauty (Releasedate: 02.07.2021)[:en]Paier Valcic Preinfalk &#8211; Fractal beauty ( Releasedate: 02.07.2021)[:]"},"content":{"rendered":"<p><img loading=\"lazy\" decoding=\"async\" class=\"alignnone size-medium wp-image-16011\" src=\"https:\/\/www.qrious.de\/wp-content\/uploads\/2021\/05\/PaierValcicPreinfalk_FB_Covermotiv-300x300.jpg\" alt=\"\" width=\"300\" height=\"300\" srcset=\"https:\/\/www.qrious.de\/wp-content\/uploads\/2021\/05\/PaierValcicPreinfalk_FB_Covermotiv-300x300.jpg 300w, https:\/\/www.qrious.de\/wp-content\/uploads\/2021\/05\/PaierValcicPreinfalk_FB_Covermotiv-1024x1024.jpg 1024w, https:\/\/www.qrious.de\/wp-content\/uploads\/2021\/05\/PaierValcicPreinfalk_FB_Covermotiv-150x150.jpg 150w, https:\/\/www.qrious.de\/wp-content\/uploads\/2021\/05\/PaierValcicPreinfalk_FB_Covermotiv-768x768.jpg 768w, https:\/\/www.qrious.de\/wp-content\/uploads\/2021\/05\/PaierValcicPreinfalk_FB_Covermotiv-1536x1536.jpg 1536w, https:\/\/www.qrious.de\/wp-content\/uploads\/2021\/05\/PaierValcicPreinfalk_FB_Covermotiv-2048x2048.jpg 2048w, https:\/\/www.qrious.de\/wp-content\/uploads\/2021\/05\/PaierValcicPreinfalk_FB_Covermotiv-190x190.jpg 190w, https:\/\/www.qrious.de\/wp-content\/uploads\/2021\/05\/PaierValcicPreinfalk_FB_Covermotiv-645x645.jpg 645w, https:\/\/www.qrious.de\/wp-content\/uploads\/2021\/05\/PaierValcicPreinfalk_FB_Covermotiv-345x345.jpg 345w, https:\/\/www.qrious.de\/wp-content\/uploads\/2021\/05\/PaierValcicPreinfalk_FB_Covermotiv-100x100.jpg 100w, https:\/\/www.qrious.de\/wp-content\/uploads\/2021\/05\/PaierValcicPreinfalk_FB_Covermotiv-600x600.jpg 600w, https:\/\/www.qrious.de\/wp-content\/uploads\/2021\/05\/PaierValcicPreinfalk_FB_Covermotiv-50x50.jpg 50w\" sizes=\"auto, (max-width: 300px) 100vw, 300px\" \/><\/p>\n<p>&nbsp;<\/p>\n<p><span style=\"font-family: verdana, geneva, sans-serif; font-size: 10pt;\">Seit mehr als einem Jahrzehnt begeistern der Akkordeonist <strong>Klaus Paier<\/strong> aus \u00c3\u2013sterreich und die Kroatin <strong>Asja Valcic<\/strong> am Cello die Musikwelt, \u00e2\u20ac\u017eJazzthing\u00e2\u20ac\u0153 lobte am Beispiel des Duos, \u00e2\u20ac\u017ewie zeitlos und grenz\u00c3\u00bcberschreitend es sich mit Jazz als Basis musizieren l\u00c3\u00a4sst. Einander zuh\u00c3\u00b6ren, kommunizieren, Ideen des anderen weiterstricken.\u00e2\u20ac\u0153\u00c2\u00a0<\/span><\/p>\n<p><span style=\"font-family: verdana, geneva, sans-serif; font-size: 10pt;\">Der \u00e2\u20ac\u017eGuardian\u00e2\u20ac\u0153 lobte das \u00e2\u20ac\u017epackende Zusammenspiel\u00e2\u20ac\u0153 und die \u00e2\u20ac\u017eParis Move\u00e2\u20ac\u0153 sah \u00e2\u20ac\u017ean invitation for the listener to cross boundaries\u00e2\u20ac\u0153. F\u00c3\u00bcr ihr SKIP Debut \u00e2\u20ac\u017e<strong>Fractal Beauty<\/strong>\u00e2\u20ac\u0153 erweitern die beiden ihren Klangkosmos jetzt um <strong>Gerald Preinfalk<\/strong>, einen Holzbl\u00c3\u00a4ser aus Wien, der in seiner Vita das Vienna Art Orchestra ebenso wie die Wiener Philharmoniker stehen hat. Bass Klarinette, Sopran Saxofon und Klarinette addieren sorgsam abgestimmte Klangfarben, die sich perfekt an Akkordeon und Cello schmiegen.<\/span><\/p>\n<p><span style=\"font-family: verdana, geneva, sans-serif; font-size: 10pt;\">Das auf \u00e2\u20ac\u017e<strong>Fractal Beauty<\/strong>\u00e2\u20ac\u0153 entworfene Kaleidoskop von Kl\u00c3\u00a4ngen ist in seiner Dynamik, Virtuosit\u00c3\u00a4t und Zerbrechlichkeit ein mutiger Entwurf auf dem Weg zum vollkommenen Klang, der Balance von Form und Freiheit, komplexer Musik und bezwingenden Melodien, Spannung und Entspannung bietet und vor allem Poesie pur. Dabei bringen sich alle Drei auch gleichberechtigt als Komponisten ein und nehmen auf eine atemlose Reise von <strong>Valcics<\/strong> arabesk &#8211; treibenden \u00e2\u20ac\u017e<strong>Trismo<\/strong>\u00e2\u20ac\u0153 \u00c3\u00bcber <strong>Paiers<\/strong> beschwingt, heiteren \u00e2\u20ac\u017e<strong>Major Waltz<\/strong>\u00e2\u20ac\u0153 bis zu <strong>Preinfalks<\/strong> vielschichtigem \u00c2\u00a0 \u00e2\u20ac\u017e<strong>3 Views<\/strong>\u00e2\u20ac\u0153 mit.\u00c2\u00a0<\/span><\/p>\n<p>&nbsp;<\/p>\n<p><span style=\"font-family: verdana, geneva, sans-serif; font-size: 10pt;\">\u00e2\u20ac\u017e<strong>Into the Spring<\/strong>\u00e2\u20ac\u0153, mit wunderbaren Cello &#8211; Passagen von <strong>Asja Valcic<\/strong> m\u00c3\u00a4andert zwischen melancholischer Klassik und der Leichtigkeit des Swing, es pr\u00c3\u00a4sentiert <strong>Klaus Paier<\/strong> am Bandoneon, in \u00e2\u20ac\u017e<strong>Mosaic<\/strong>\u00e2\u20ac\u0153 beindruckt das breite Spektrum an T\u00c3\u00b6nen, die <strong>Gerald Preinfalk<\/strong> der Bass Klarinette entlockt und dem auf- und abschwellenden Akkordeon <strong>Paiers<\/strong> entgegensetzt.<\/span><\/p>\n<p><span style=\"font-family: verdana, geneva, sans-serif; font-size: 10pt;\">Es sind die gro\u00c3\u0178e Lebenslust aber auch stillen Momente, die einem den Atem stocken lassen, \u00e2\u20ac\u017e<strong>Remember the Tango<\/strong>\u00e2\u20ac\u0153, auch von Paier komponiert, entwickelt sich von zarter Melodie zu einem heiteren, ausgelassenen Tanz, der die Virtuosit\u00c3\u00a4t der drei Protagonisten in besonderer Weise erstrahlen l\u00c3\u00a4sst. Das bet\u00c3\u00b6rende Titelst\u00c3\u00bcck \u00e2\u20ac\u017e<strong>Fractal Beauty<\/strong>\u00e2\u20ac\u0153 ist im klassischen Kosmos verortet und atmet Ruhe und Gelassenheit, nicht minder poetisch Gerald Preinfalks \u00e2\u20ac\u017e<strong>Not Larsson<\/strong>\u00e2\u20ac\u0153, wohingegen in \u00e2\u20ac\u017e<strong>Mosaic<\/strong>\u00e2\u20ac\u0153 die Instrumente hin und her wuseln und einander folgen.\u00c2\u00a0 Auf \u00e2\u20ac\u017e<strong>Just Wonderful<\/strong>\u00e2\u20ac\u0153 werden nochmals Klangakzente durch das Bandoneon gesetzt. Am Ende \u00e2\u20ac\u017e<strong>Gaia\u00e2\u20ac\u2122s Prayer<\/strong>\u00e2\u20ac\u0153, das abschlie\u00c3\u0178ende Meisterwerk zum Dahinschmelzen von Asja Valcic.<\/span><\/p>\n<p><span style=\"font-family: verdana, geneva, sans-serif; font-size: 10pt;\">Ein gro\u00c3\u0178artiger musikalischer Bilderbogen, der Jazz, zeitgen\u00c3\u00b6ssische und klassische Musik souver\u00c3\u00a4n mit Weltmusik verbindet. Kraftvoll und doch so fragil in seinen Bestandteilen, notiert und doch mit viel Raum f\u00c3\u00bcr virtuose Trio-Improvisationen und solistische Glanzpunkte, Leidenschaft und Feinsinn treffen sich in diesem Trio in unvergleichlicher Weise, ein Fest der Emotionen f\u00c3\u00bcr den neugierigen H\u00c3\u00b6rer.Auch live wird sich das neue Trio auf musikalische Begegnungen einlassen, sobald Konzerte wieder m\u00c3\u00b6glich sind.<\/span><\/p>\n<p>&nbsp;<\/p>\n<p><span style=\"font-family: verdana, geneva, sans-serif; font-size: 10pt;\"><strong>Live in \u00c3\u2013sterreich:<\/strong><\/span><\/p>\n<p>&nbsp;<\/p>\n<p><span style=\"font-family: verdana, geneva, sans-serif; font-size: 10pt;\">Duo<\/span><\/p>\n<p><span style=\"font-family: verdana, geneva, sans-serif; font-size: 10pt;\"><strong>Klaus Paier &amp; Asja Valcic \u00c2\u00a0<\/strong>(Klaus Paier acc; Asja Valcic cello\u00c2\u00a0)<\/span><\/p>\n<p><span style=\"font-family: verdana, geneva, sans-serif; font-size: 10pt;\">16.06.21 Bayreuth\u00c2\u00a0\u00c2\u00a0\/\u00c2\u00a0open air B\u00c3\u00bchne<\/span><br \/>\n<span style=\"font-family: verdana, geneva, sans-serif; font-size: 10pt;\">\u00e2\u20ac\u203918.09.22\u00c2\u00a0Diersfordt\u00c2\u00a0\u00c2\u00a0\/\u00c2\u00a0Schlosskirche (15.00) \u00c2\u00a0\u00c2\u00a0\u00c2\u00a0 \u00c2\u00a0<\/span><\/p>\n<p><span style=\"font-family: verdana, geneva, sans-serif; font-size: 10pt;\">Trio<\/span><\/p>\n<p><span style=\"font-family: verdana, geneva, sans-serif; font-size: 10pt;\"><strong>Paier-Valcic-Preinfalk &#8211; Fractal Beauty<\/strong><\/span><\/p>\n<p><span style=\"font-family: verdana, geneva, sans-serif; font-size: 10pt;\">25. Juni 2021 A &#8211; Feldkirchen, Amthof\u00c2\u00a0 20:00<\/span><br \/>\n<span style=\"font-family: verdana, geneva, sans-serif; font-size: 10pt;\"><a href=\"https:\/\/www.kultur-forum-amthof.at\/detail.php?key=5f76f6d9917d986e1a76d779d828834f\">Programm-Detailseite &#8211; kultur forum amthof (kultur-forum-amthof.at)<\/a><\/span><\/p>\n<p><span style=\"font-family: verdana, geneva, sans-serif; font-size: 10pt;\">14. Juli 2021\u00c2\u00a0\u00c2\u00a0\u00c2\u00a0\u00c2\u00a0\u00c2\u00a0\u00c2\u00a0\u00c2\u00a0\u00c2\u00a0\u00c2\u00a0\u00c2\u00a0\u00c2\u00a0\u00c2\u00a0\u00c2\u00a0\u00c2\u00a0 A &#8211; Neuberg an der M\u00c3\u00bcrz, Neuberger Kulturtage &#8211; Dormitorium\u00c2\u00a0 19:30<\/span><br \/>\n<span style=\"font-family: verdana, geneva, sans-serif; font-size: 10pt;\"><a href=\"https:\/\/www.neuberger-kulturtage.org\/neuberger-kulturtage\/programm\/\">Neuberger Kulturtage | Programm 2021 (neuberger-kulturtage.org)<\/a><\/span><\/p>\n<p><span style=\"font-family: verdana, geneva, sans-serif; font-size: 10pt;\">21. Juli 2021\u00c2\u00a0\u00c2\u00a0\u00c2\u00a0\u00c2\u00a0\u00c2\u00a0\u00c2\u00a0\u00c2\u00a0\u00c2\u00a0\u00c2\u00a0\u00c2\u00a0\u00c2\u00a0\u00c2\u00a0\u00c2\u00a0\u00c2\u00a0 A &#8211; St. Paul\/Lav., St. Pauler Kulursommer, Stiftskirche\u00c2\u00a0 18:00 + 20:15<\/span><br \/>\n<span style=\"font-family: verdana, geneva, sans-serif; font-size: 10pt;\"><a href=\"https:\/\/www.kuso-stpaul.com\/programm-2020\">Programm 2021 | kuso-stpaul.com (kuso-stpaul.com)<\/a><\/span><\/p>\n<p><span style=\"font-family: verdana, geneva, sans-serif; font-size: 10pt;\">04. August 2021\u00c2\u00a0\u00c2\u00a0\u00c2\u00a0\u00c2\u00a0\u00c2\u00a0\u00c2\u00a0\u00c2\u00a0\u00c2\u00a0\u00c2\u00a0 A &#8211; Krumpendorf, Kultursommer &#8211; Waldarena\u00c2\u00a0 20:00<\/span><br \/>\n<span style=\"font-family: verdana, geneva, sans-serif; font-size: 10pt;\"><a href=\"https:\/\/www.krumpendorf.gv.at\/aktuelles\/kultursommer-krumpendorf-2\/\">KulturSommer Krumpendorf \u00e2\u20ac\u201c Gemeinde Krumpendorf<\/a><\/span><\/p>\n<p><span style=\"font-family: verdana, geneva, sans-serif; font-size: 10pt;\">06. August 2021\u00c2\u00a0\u00c2\u00a0\u00c2\u00a0\u00c2\u00a0\u00c2\u00a0\u00c2\u00a0\u00c2\u00a0\u00c2\u00a0\u00c2\u00a0 A &#8211; Graz, Murszene 2021 &#8211; Mariahilferplatz\u00c2\u00a0 20:00<\/span><br \/>\n<span style=\"font-family: verdana, geneva, sans-serif; font-size: 10pt;\"><a href=\"https:\/\/www.murszene-graz.at\/\">Konzert\u00c3\u00bcbersicht &#8211; murSZENE GRAZ (murszene-graz.at)<\/a><\/span><\/p>\n<p><span style=\"font-family: verdana, geneva, sans-serif; font-size: 10pt;\">21. Oktober 2021\u00c2\u00a0\u00c2\u00a0\u00c2\u00a0\u00c2\u00a0\u00c2\u00a0\u00c2\u00a0\u00c2\u00a0 A &#8211; Wien, Muth\u00c2\u00a0 19:30<\/span><br \/>\n<span style=\"font-family: verdana, geneva, sans-serif; font-size: 10pt;\"><a href=\"https:\/\/muth.at\/\">MuTh<\/a><\/span><\/p>\n<p><span style=\"font-family: verdana, geneva, sans-serif; font-size: 10pt;\">22. Oktober 2021 \u00c2\u00a0\u00c2\u00a0\u00c2\u00a0\u00c2\u00a0\u00c2\u00a0\u00c2\u00a0\u00c2\u00a0 A &#8211; Gleisdorf, ForumKloster\u00c2\u00a0 20:00<\/span><br \/>\n<span style=\"font-family: verdana, geneva, sans-serif; font-size: 10pt;\"><a href=\"https:\/\/www.kulturkeller.gleisdorf.at\/veranstaltung\/324502\/Konzert:+Paier-Valcic-Preinfalk+Trio+(verlegt+ins+forumKLOSTER)?pos=1453\">Konzert: Paier-Valcic-Preinfalk Trio (gleisdorf.at)<\/a><\/span><\/p>\n<p><span style=\"font-family: verdana, geneva, sans-serif; font-size: 10pt;\">20. Februar 2022\u00c2\u00a0\u00c2\u00a0\u00c2\u00a0\u00c2\u00a0\u00c2\u00a0\u00c2\u00a0\u00c2\u00a0\u00c2\u00a0 A &#8211; Wien, Er\u00c3\u00b6ffnung Akkordeonfestival &#8211; Lorely Saal\u00c2\u00a0 20:00<\/span><br \/>\n<span style=\"font-family: verdana, geneva, sans-serif; font-size: 10pt;\"><a href=\"http:\/\/akkordeonfestival.at\/#data_abonnement=-1&amp;data_year=2021&amp;data_event_category=-1&amp;searchTerm=&amp;data_mode=DATE&amp;data_pagenumber=0&amp;page_header=2021\">Preisl (akkordeonfestival.at)<\/a><\/span><\/p>\n<p><span style=\"font-family: verdana, geneva, sans-serif; font-size: 10pt;\">22. April 2022\u00c2\u00a0 \u00c2\u00a0\u00c2\u00a0\u00c2\u00a0\u00c2\u00a0\u00c2\u00a0\u00c2\u00a0\u00c2\u00a0\u00c2\u00a0\u00c2\u00a0\u00c2\u00a0\u00c2\u00a0 A &#8211; Purkersdorf, Die B\u00c3\u00bchne Purkersdorf\u00c2\u00a0 19:30<\/span><br \/>\n<span style=\"font-family: verdana, geneva, sans-serif; font-size: 10pt;\"><a href=\"https:\/\/www.die-buehne-purkersdorf.at\/index.php?id=23\">Home &#8211; Kulturverein Die B\u00c3\u00bchne Purkersdorf bei Wien (die-buehne-purkersdorf.at)<\/a><\/span><\/p>\n","protected":false},"excerpt":{"rendered":"<p>&nbsp; Seit mehr als einem Jahrzehnt begeistern der Akkordeonist Klaus Paier aus \u00c3\u2013sterreich und die Kroatin Asja Valcic am Cello die Musikwelt, \u00e2\u20ac\u017eJazzthing\u00e2\u20ac\u0153 lobte am Beispiel des Duos, \u00e2\u20ac\u017ewie zeitlos und grenz\u00c3\u00bcberschreitend es sich mit Jazz als Basis musizieren l\u00c3\u00a4sst. Einander zuh\u00c3\u00b6ren, kommunizieren, Ideen des anderen weiterstricken.\u00e2\u20ac\u0153\u00c2\u00a0 Der \u00e2\u20ac\u017eGuardian\u00e2\u20ac\u0153 lobte das \u00e2\u20ac\u017epackende Zusammenspiel\u00e2\u20ac\u0153 und die [&hellip;]<\/p>\n","protected":false},"author":6,"featured_media":16011,"comment_status":"closed","ping_status":"closed","sticky":false,"template":"","format":"standard","meta":{"footnotes":""},"categories":[172],"tags":[],"class_list":["post-16010","post","type-post","status-publish","format-standard","has-post-thumbnail","hentry","category-unkategorisiert"],"yoast_head":"<!-- This site is optimized with the Yoast SEO plugin v26.3 - https:\/\/yoast.com\/wordpress\/plugins\/seo\/ -->\n<title>[:de]Paier Valcic Preinfalk - Fractal beauty (Releasedate: 02.07.2021)[:en]Paier Valcic Preinfalk - Fractal beauty ( Releasedate: 02.07.2021)[:] - Q-rious Music<\/title>\n<meta name=\"robots\" content=\"index, follow, max-snippet:-1, max-image-preview:large, max-video-preview:-1\" \/>\n<link rel=\"canonical\" href=\"https:\/\/www.qrious.de\/en\/paier-valcic-preinfalk-fractal-beauty-releasedate-02-07-2021\/\" \/>\n<meta property=\"og:locale\" content=\"en_US\" \/>\n<meta property=\"og:type\" content=\"article\" \/>\n<meta property=\"og:title\" content=\"[:de]Paier Valcic Preinfalk - Fractal beauty (Releasedate: 02.07.2021)[:en]Paier Valcic Preinfalk - Fractal beauty ( Releasedate: 02.07.2021)[:] - Q-rious Music\" \/>\n<meta property=\"og:description\" content=\"&nbsp; Seit mehr als einem Jahrzehnt begeistern der Akkordeonist Klaus Paier aus \u00c3\u2013sterreich und die Kroatin Asja Valcic am Cello die Musikwelt, \u00e2\u20ac\u017eJazzthing\u00e2\u20ac\u0153 lobte am Beispiel des Duos, \u00e2\u20ac\u017ewie zeitlos und grenz\u00c3\u00bcberschreitend es sich mit Jazz als Basis musizieren l\u00c3\u00a4sst. Einander zuh\u00c3\u00b6ren, kommunizieren, Ideen des anderen weiterstricken.\u00e2\u20ac\u0153\u00c2\u00a0 Der \u00e2\u20ac\u017eGuardian\u00e2\u20ac\u0153 lobte das \u00e2\u20ac\u017epackende Zusammenspiel\u00e2\u20ac\u0153 und die [&hellip;]\" \/>\n<meta property=\"og:url\" content=\"https:\/\/www.qrious.de\/en\/paier-valcic-preinfalk-fractal-beauty-releasedate-02-07-2021\/\" \/>\n<meta property=\"og:site_name\" content=\"Q-rious Music\" \/>\n<meta property=\"article:publisher\" content=\"https:\/\/www.facebook.com\/QriousMusic\/\" \/>\n<meta property=\"article:published_time\" content=\"2021-05-17T12:26:07+00:00\" \/>\n<meta property=\"og:image\" content=\"https:\/\/www.qrious.de\/wp-content\/uploads\/2021\/05\/PaierValcicPreinfalk_FB_Covermotiv-scaled.jpg\" \/>\n\t<meta property=\"og:image:width\" content=\"2560\" \/>\n\t<meta property=\"og:image:height\" content=\"2560\" \/>\n\t<meta property=\"og:image:type\" content=\"image\/jpeg\" \/>\n<meta name=\"author\" content=\"Qrious\" \/>\n<meta name=\"twitter:card\" content=\"summary_large_image\" \/>\n<meta name=\"twitter:label1\" content=\"Written by\" \/>\n\t<meta name=\"twitter:data1\" content=\"Qrious\" \/>\n\t<meta name=\"twitter:label2\" content=\"Est. reading time\" \/>\n\t<meta name=\"twitter:data2\" content=\"3 minutes\" \/>\n<script type=\"application\/ld+json\" class=\"yoast-schema-graph\">{\"@context\":\"https:\/\/schema.org\",\"@graph\":[{\"@type\":\"WebPage\",\"@id\":\"https:\/\/www.qrious.de\/en\/paier-valcic-preinfalk-fractal-beauty-releasedate-02-07-2021\/\",\"url\":\"https:\/\/www.qrious.de\/en\/paier-valcic-preinfalk-fractal-beauty-releasedate-02-07-2021\/\",\"name\":\"[:de]Paier Valcic Preinfalk - Fractal beauty (Releasedate: 02.07.2021)[:en]Paier Valcic Preinfalk - Fractal beauty ( Releasedate: 02.07.2021)[:] - Q-rious Music\",\"isPartOf\":{\"@id\":\"https:\/\/www.qrious.de\/en\/#website\"},\"primaryImageOfPage\":{\"@id\":\"https:\/\/www.qrious.de\/en\/paier-valcic-preinfalk-fractal-beauty-releasedate-02-07-2021\/#primaryimage\"},\"image\":{\"@id\":\"https:\/\/www.qrious.de\/en\/paier-valcic-preinfalk-fractal-beauty-releasedate-02-07-2021\/#primaryimage\"},\"thumbnailUrl\":\"https:\/\/www.qrious.de\/wp-content\/uploads\/2021\/05\/PaierValcicPreinfalk_FB_Covermotiv-scaled.jpg\",\"datePublished\":\"2021-05-17T12:26:07+00:00\",\"author\":{\"@id\":\"https:\/\/www.qrious.de\/en\/#\/schema\/person\/c23ecd85bc1b3ab8b09bf6da9d86a700\"},\"breadcrumb\":{\"@id\":\"https:\/\/www.qrious.de\/en\/paier-valcic-preinfalk-fractal-beauty-releasedate-02-07-2021\/#breadcrumb\"},\"inLanguage\":\"en-US\",\"potentialAction\":[{\"@type\":\"ReadAction\",\"target\":[\"https:\/\/www.qrious.de\/en\/paier-valcic-preinfalk-fractal-beauty-releasedate-02-07-2021\/\"]}]},{\"@type\":\"ImageObject\",\"inLanguage\":\"en-US\",\"@id\":\"https:\/\/www.qrious.de\/en\/paier-valcic-preinfalk-fractal-beauty-releasedate-02-07-2021\/#primaryimage\",\"url\":\"https:\/\/www.qrious.de\/wp-content\/uploads\/2021\/05\/PaierValcicPreinfalk_FB_Covermotiv-scaled.jpg\",\"contentUrl\":\"https:\/\/www.qrious.de\/wp-content\/uploads\/2021\/05\/PaierValcicPreinfalk_FB_Covermotiv-scaled.jpg\",\"width\":2560,\"height\":2560},{\"@type\":\"BreadcrumbList\",\"@id\":\"https:\/\/www.qrious.de\/en\/paier-valcic-preinfalk-fractal-beauty-releasedate-02-07-2021\/#breadcrumb\",\"itemListElement\":[{\"@type\":\"ListItem\",\"position\":1,\"name\":\"Home\",\"item\":\"https:\/\/www.qrious.de\/en\/\"},{\"@type\":\"ListItem\",\"position\":2,\"name\":\"[:de]Paier Valcic Preinfalk &#8211; Fractal beauty (Releasedate: 02.07.2021)[:en]Paier Valcic Preinfalk &#8211; Fractal beauty ( Releasedate: 02.07.2021)[:]\"}]},{\"@type\":\"WebSite\",\"@id\":\"https:\/\/www.qrious.de\/en\/#website\",\"url\":\"https:\/\/www.qrious.de\/en\/\",\"name\":\"Q-rious Music\",\"description\":\"Q-rious Music: promotion, distribution, label, publishing\",\"potentialAction\":[{\"@type\":\"SearchAction\",\"target\":{\"@type\":\"EntryPoint\",\"urlTemplate\":\"https:\/\/www.qrious.de\/en\/?s={search_term_string}\"},\"query-input\":{\"@type\":\"PropertyValueSpecification\",\"valueRequired\":true,\"valueName\":\"search_term_string\"}}],\"inLanguage\":\"en-US\"},{\"@type\":\"Person\",\"@id\":\"https:\/\/www.qrious.de\/en\/#\/schema\/person\/c23ecd85bc1b3ab8b09bf6da9d86a700\",\"name\":\"Qrious\",\"sameAs\":[\"http:\/\/www.qrious.de\"],\"url\":\"https:\/\/www.qrious.de\/en\/author\/office\/\"}]}<\/script>\n<!-- \/ Yoast SEO plugin. -->","yoast_head_json":{"title":"[:de]Paier Valcic Preinfalk - Fractal beauty (Releasedate: 02.07.2021)[:en]Paier Valcic Preinfalk - Fractal beauty ( Releasedate: 02.07.2021)[:] - Q-rious Music","robots":{"index":"index","follow":"follow","max-snippet":"max-snippet:-1","max-image-preview":"max-image-preview:large","max-video-preview":"max-video-preview:-1"},"canonical":"https:\/\/www.qrious.de\/en\/paier-valcic-preinfalk-fractal-beauty-releasedate-02-07-2021\/","og_locale":"en_US","og_type":"article","og_title":"[:de]Paier Valcic Preinfalk - Fractal beauty (Releasedate: 02.07.2021)[:en]Paier Valcic Preinfalk - Fractal beauty ( Releasedate: 02.07.2021)[:] - Q-rious Music","og_description":"&nbsp; Seit mehr als einem Jahrzehnt begeistern der Akkordeonist Klaus Paier aus \u00c3\u2013sterreich und die Kroatin Asja Valcic am Cello die Musikwelt, \u00e2\u20ac\u017eJazzthing\u00e2\u20ac\u0153 lobte am Beispiel des Duos, \u00e2\u20ac\u017ewie zeitlos und grenz\u00c3\u00bcberschreitend es sich mit Jazz als Basis musizieren l\u00c3\u00a4sst. Einander zuh\u00c3\u00b6ren, kommunizieren, Ideen des anderen weiterstricken.\u00e2\u20ac\u0153\u00c2\u00a0 Der \u00e2\u20ac\u017eGuardian\u00e2\u20ac\u0153 lobte das \u00e2\u20ac\u017epackende Zusammenspiel\u00e2\u20ac\u0153 und die [&hellip;]","og_url":"https:\/\/www.qrious.de\/en\/paier-valcic-preinfalk-fractal-beauty-releasedate-02-07-2021\/","og_site_name":"Q-rious Music","article_publisher":"https:\/\/www.facebook.com\/QriousMusic\/","article_published_time":"2021-05-17T12:26:07+00:00","og_image":[{"width":2560,"height":2560,"url":"https:\/\/www.qrious.de\/wp-content\/uploads\/2021\/05\/PaierValcicPreinfalk_FB_Covermotiv-scaled.jpg","type":"image\/jpeg"}],"author":"Qrious","twitter_card":"summary_large_image","twitter_misc":{"Written by":"Qrious","Est. reading time":"3 minutes"},"schema":{"@context":"https:\/\/schema.org","@graph":[{"@type":"WebPage","@id":"https:\/\/www.qrious.de\/en\/paier-valcic-preinfalk-fractal-beauty-releasedate-02-07-2021\/","url":"https:\/\/www.qrious.de\/en\/paier-valcic-preinfalk-fractal-beauty-releasedate-02-07-2021\/","name":"[:de]Paier Valcic Preinfalk - Fractal beauty (Releasedate: 02.07.2021)[:en]Paier Valcic Preinfalk - Fractal beauty ( Releasedate: 02.07.2021)[:] - Q-rious Music","isPartOf":{"@id":"https:\/\/www.qrious.de\/en\/#website"},"primaryImageOfPage":{"@id":"https:\/\/www.qrious.de\/en\/paier-valcic-preinfalk-fractal-beauty-releasedate-02-07-2021\/#primaryimage"},"image":{"@id":"https:\/\/www.qrious.de\/en\/paier-valcic-preinfalk-fractal-beauty-releasedate-02-07-2021\/#primaryimage"},"thumbnailUrl":"https:\/\/www.qrious.de\/wp-content\/uploads\/2021\/05\/PaierValcicPreinfalk_FB_Covermotiv-scaled.jpg","datePublished":"2021-05-17T12:26:07+00:00","author":{"@id":"https:\/\/www.qrious.de\/en\/#\/schema\/person\/c23ecd85bc1b3ab8b09bf6da9d86a700"},"breadcrumb":{"@id":"https:\/\/www.qrious.de\/en\/paier-valcic-preinfalk-fractal-beauty-releasedate-02-07-2021\/#breadcrumb"},"inLanguage":"en-US","potentialAction":[{"@type":"ReadAction","target":["https:\/\/www.qrious.de\/en\/paier-valcic-preinfalk-fractal-beauty-releasedate-02-07-2021\/"]}]},{"@type":"ImageObject","inLanguage":"en-US","@id":"https:\/\/www.qrious.de\/en\/paier-valcic-preinfalk-fractal-beauty-releasedate-02-07-2021\/#primaryimage","url":"https:\/\/www.qrious.de\/wp-content\/uploads\/2021\/05\/PaierValcicPreinfalk_FB_Covermotiv-scaled.jpg","contentUrl":"https:\/\/www.qrious.de\/wp-content\/uploads\/2021\/05\/PaierValcicPreinfalk_FB_Covermotiv-scaled.jpg","width":2560,"height":2560},{"@type":"BreadcrumbList","@id":"https:\/\/www.qrious.de\/en\/paier-valcic-preinfalk-fractal-beauty-releasedate-02-07-2021\/#breadcrumb","itemListElement":[{"@type":"ListItem","position":1,"name":"Home","item":"https:\/\/www.qrious.de\/en\/"},{"@type":"ListItem","position":2,"name":"[:de]Paier Valcic Preinfalk &#8211; Fractal beauty (Releasedate: 02.07.2021)[:en]Paier Valcic Preinfalk &#8211; Fractal beauty ( Releasedate: 02.07.2021)[:]"}]},{"@type":"WebSite","@id":"https:\/\/www.qrious.de\/en\/#website","url":"https:\/\/www.qrious.de\/en\/","name":"Q-rious Music","description":"Q-rious Music: promotion, distribution, label, publishing","potentialAction":[{"@type":"SearchAction","target":{"@type":"EntryPoint","urlTemplate":"https:\/\/www.qrious.de\/en\/?s={search_term_string}"},"query-input":{"@type":"PropertyValueSpecification","valueRequired":true,"valueName":"search_term_string"}}],"inLanguage":"en-US"},{"@type":"Person","@id":"https:\/\/www.qrious.de\/en\/#\/schema\/person\/c23ecd85bc1b3ab8b09bf6da9d86a700","name":"Qrious","sameAs":["http:\/\/www.qrious.de"],"url":"https:\/\/www.qrious.de\/en\/author\/office\/"}]}},"_links":{"self":[{"href":"https:\/\/www.qrious.de\/en\/wp-json\/wp\/v2\/posts\/16010","targetHints":{"allow":["GET"]}}],"collection":[{"href":"https:\/\/www.qrious.de\/en\/wp-json\/wp\/v2\/posts"}],"about":[{"href":"https:\/\/www.qrious.de\/en\/wp-json\/wp\/v2\/types\/post"}],"author":[{"embeddable":true,"href":"https:\/\/www.qrious.de\/en\/wp-json\/wp\/v2\/users\/6"}],"replies":[{"embeddable":true,"href":"https:\/\/www.qrious.de\/en\/wp-json\/wp\/v2\/comments?post=16010"}],"version-history":[{"count":0,"href":"https:\/\/www.qrious.de\/en\/wp-json\/wp\/v2\/posts\/16010\/revisions"}],"wp:featuredmedia":[{"embeddable":true,"href":"https:\/\/www.qrious.de\/en\/wp-json\/wp\/v2\/media\/16011"}],"wp:attachment":[{"href":"https:\/\/www.qrious.de\/en\/wp-json\/wp\/v2\/media?parent=16010"}],"wp:term":[{"taxonomy":"category","embeddable":true,"href":"https:\/\/www.qrious.de\/en\/wp-json\/wp\/v2\/categories?post=16010"},{"taxonomy":"post_tag","embeddable":true,"href":"https:\/\/www.qrious.de\/en\/wp-json\/wp\/v2\/tags?post=16010"}],"curies":[{"name":"wp","href":"https:\/\/api.w.org\/{rel}","templated":true}]}}