{"id":15729,"date":"2020-12-17T14:53:49","date_gmt":"2020-12-17T12:53:49","guid":{"rendered":"https:\/\/www.qrious.de\/?p=15729"},"modified":"2020-12-17T14:53:49","modified_gmt":"2020-12-17T12:53:49","slug":"cristina-branco-eva-releasedate-29-01-2021","status":"publish","type":"post","link":"https:\/\/www.qrious.de\/en\/cristina-branco-eva-releasedate-29-01-2021\/","title":{"rendered":"Cristina Branco &#8211; Eva ( Releasedate: 29.01.2021)"},"content":{"rendered":"<p>[:de]<img loading=\"lazy\" decoding=\"async\" class=\"alignnone size-medium wp-image-15730\" src=\"https:\/\/www.qrious.de\/wp-content\/uploads\/2020\/12\/CristinaBranco_EVA_Covermotiv-300x269.jpg\" alt=\"\" width=\"300\" height=\"269\" srcset=\"https:\/\/www.qrious.de\/wp-content\/uploads\/2020\/12\/CristinaBranco_EVA_Covermotiv-300x269.jpg 300w, https:\/\/www.qrious.de\/wp-content\/uploads\/2020\/12\/CristinaBranco_EVA_Covermotiv-1024x917.jpg 1024w, https:\/\/www.qrious.de\/wp-content\/uploads\/2020\/12\/CristinaBranco_EVA_Covermotiv-150x134.jpg 150w, https:\/\/www.qrious.de\/wp-content\/uploads\/2020\/12\/CristinaBranco_EVA_Covermotiv-768x688.jpg 768w, https:\/\/www.qrious.de\/wp-content\/uploads\/2020\/12\/CristinaBranco_EVA_Covermotiv-1536x1376.jpg 1536w, https:\/\/www.qrious.de\/wp-content\/uploads\/2020\/12\/CristinaBranco_EVA_Covermotiv-212x190.jpg 212w, https:\/\/www.qrious.de\/wp-content\/uploads\/2020\/12\/CristinaBranco_EVA_Covermotiv-645x578.jpg 645w, https:\/\/www.qrious.de\/wp-content\/uploads\/2020\/12\/CristinaBranco_EVA_Covermotiv-345x309.jpg 345w, https:\/\/www.qrious.de\/wp-content\/uploads\/2020\/12\/CristinaBranco_EVA_Covermotiv-600x537.jpg 600w, https:\/\/www.qrious.de\/wp-content\/uploads\/2020\/12\/CristinaBranco_EVA_Covermotiv.jpg 1648w\" sizes=\"auto, (max-width: 300px) 100vw, 300px\" \/><\/p>\n<p>&nbsp;<\/p>\n<p>Die Welt der portugiesischen Fadista <strong>Cristina Branco<\/strong> schien rosig, sie nahm Alben \u00c3\u00bcber Alben f\u00c3\u00bcr Universal auf, die weltmusikalisch interessierte Gemeinde lag ihr zu F\u00c3\u00bc\u00c3\u0178en \u00e2\u20ac\u201c eine schillernde Figur mit glockenheller Stimme, die alle Erwartungen erf\u00c3\u00bcllte. Aber in der Frau schlummerte mehr als Fadoromantik, Konzertroben und ein Divenimage. 2006 war das Geburtsjahr ihres Alter Ego \u00e2\u20ac\u017eEVA\u00e2\u20ac\u0153. Eva erblickte das Licht der Welt, weil Cristina sich mit der Frage aller Fragen herumplagte. \u00e2\u20ac\u017eWas ist Freiheit?\u00e2\u20ac\u0153<\/p>\n<p>Alle W\u00c3\u00bcnsche, Gedanken, Tr\u00c3\u00a4ume wurden in <strong>EVA<\/strong> projiziert und die Projektion half der K\u00c3\u00bcnstlerin, sich vom Perfektionismus der Musikindustrie loszul\u00c3\u00b6sen und ihren eigenen Weg zu gehen. Mit den ersten beiden Alben \u00e2\u20ac\u017eMenina\u00e2\u20ac\u0153 (o-tone\/Edel) und \u00e2\u20ac\u017eBranco\u00e2\u20ac\u0153 (o-tone\/Edel) verabschiedete sie sich ab 2016 nach langem Ringen vom Major Label, den musikalischen Erwartungen mitteleurop\u00c3\u00a4ischer Portugalliebhaber, \u00c3\u00bcberzogenem Photoshop. Sie lie\u00c3\u0178 sich alle Songs auf den als Trilogie geplanten Alben von lusophonen K\u00c3\u00bcnstler*innen schreiben und komponieren. Indie-, Pop-, Punk-, Rap-, Jazzmusiker, ein Literatur Nobelpreistr\u00c3\u00a4ger, Stars und Sternchen: Allein die Bandbreite der Menschen, die sie mit ins Boot gezogen hat zeugt von immensem Mut zum Loslassen.<\/p>\n<p>Zusammen gehalten wird das Potpourri von ihr und ihrem Trio, bestehend aus Portugiesischer Gitarre, Piano und Kontrabass, das sie seitdem begleitet.<\/p>\n<p><strong>Cristina Branco, Bernardo Couto, Lu\u00c3\u00ads Figueiredo<\/strong> und <strong>Bernardo Moreira<\/strong> sind auf dem gemeinsamen Weg eng zusammen-gewachsen:<\/p>\n<p>\u00c3\u201ehnlich wie EVA bekamen die Herren an Brancos Seite mehr Spielraum. Figueiredo zeichnet verantwortlich f\u00c3\u00bcr gleich mehrere ihrer gemeinsamen Lieder, alle Songs werden im Proberaum gemeinsam arrangiert. Elektronische und perkussive Elemente, polyphone Backgroundges\u00c3\u00a4nge, der Spa\u00c3\u0178 an Improvisation der Jazzmusiker gewannen an Raum und machten die Musik einzigartiger, w\u00c3\u00a4hrend die Kunstfigur Cristina Branco in den Hintergrund geriet.\u00c2\u00a0 EVA eroberte sich ihren Raum \u00e2\u20ac\u201c dabei gewann die Protagonistin mehr und mehr an Integrit\u00c3\u00a4t.<\/p>\n<p>Die Songs auf dem gleichnamigen Album, das die <strong>Trilogie<\/strong> beschlie\u00c3\u0178t, besch\u00c3\u00a4ftigen sich folglich mit den Themen, Wer bin ich, Wer will ich sein. Wie kann ich frei sein. Eva wird zum Leben erweckt, Erwartungen werden abgestreift. Das Innere wird nach au\u00c3\u0178en gekehrt, dabei wird Verletzlichkeit zugelassen &#8211; Integrit\u00c3\u00a4t schmerzt manchmal. Aber sie ist in erster Linie befreiend und all das h\u00c3\u00b6rt man Cristina Branco, alias EVA, an.<\/p>\n<p><strong>Line up:<\/strong><\/p>\n<p>Cristina Branco, voice<\/p>\n<p>Bernardo Couto, Portuguese guitar<\/p>\n<p>Bernardo Moreira, doublebass<\/p>\n<p>Lu\u00c3\u00ads Figueiredo, piano and keys<\/p>\n<p>&nbsp;<\/p>\n<p><strong>Live: <\/strong><\/p>\n<p>20.01.2021\u00c2\u00a0\u00c2\u00a0\u00c2\u00a0 Hannover\u00c2\u00a0\u00c2\u00a0\u00c2\u00a0\u00c2\u00a0\u00c2\u00a0 \u00c2\u00a0\u00c2\u00a0\u00c2\u00a0\u00c2\u00a0\u00c2\u00a0\u00c2\u00a0\u00c2\u00a0\u00c2\u00a0 Staatstheater &#8220;Voices&#8221;<\/p>\n<p>20.03.2021\u00c2\u00a0\u00c2\u00a0\u00c2\u00a0 Mindelheim\u00c2\u00a0\u00c2\u00a0\u00c2\u00a0 \u00c2\u00a0\u00c2\u00a0\u00c2\u00a0\u00c2\u00a0\u00c2\u00a0\u00c2\u00a0\u00c2\u00a0\u00c2\u00a0 Jazztage<\/p>\n<p>25.03.2021\u00c2\u00a0\u00c2\u00a0\u00c2\u00a0 LI-Schaan\u00c2\u00a0\u00c2\u00a0\u00c2\u00a0\u00c2\u00a0\u00c2\u00a0 \u00c2\u00a0\u00c2\u00a0\u00c2\u00a0\u00c2\u00a0\u00c2\u00a0\u00c2\u00a0\u00c2\u00a0\u00c2\u00a0 TAK<\/p>\n<p>26.03.2021\u00c2\u00a0\u00c2\u00a0\u00c2\u00a0 CH-D\u00c3\u00bcdingen\u00c2\u00a0 \u00c2\u00a0\u00c2\u00a0\u00c2\u00a0\u00c2\u00a0\u00c2\u00a0\u00c2\u00a0\u00c2\u00a0\u00c2\u00a0 Kultur im Podi<\/p>\n<p>27.03.2021\u00c2\u00a0\u00c2\u00a0\u00c2\u00a0 CH-Zug\u00c2\u00a0\u00c2\u00a0\u00c2\u00a0\u00c2\u00a0\u00c2\u00a0\u00c2\u00a0\u00c2\u00a0\u00c2\u00a0\u00c2\u00a0\u00c2\u00a0\u00c2\u00a0\u00c2\u00a0\u00c2\u00a0\u00c2\u00a0\u00c2\u00a0\u00c2\u00a0\u00c2\u00a0\u00c2\u00a0 Casino<\/p>\n<p>16.04.2021\u00c2\u00a0\u00c2\u00a0\u00c2\u00a0 F\u00c3\u00bcrth\u00c2\u00a0\u00c2\u00a0 \u00c2\u00a0\u00c2\u00a0\u00c2\u00a0\u00c2\u00a0\u00c2\u00a0\u00c2\u00a0\u00c2\u00a0\u00c2\u00a0\u00c2\u00a0\u00c2\u00a0\u00c2\u00a0\u00c2\u00a0\u00c2\u00a0\u00c2\u00a0\u00c2\u00a0\u00c2\u00a0\u00c2\u00a0\u00c2\u00a0 Passagen im Kulturforum \u00c2\u00a0\u00c2\u00a0 BR- Klassik Mitschnitt<\/p>\n<p>17.07.2021\u00c2\u00a0\u00c2\u00a0\u00c2\u00a0 Hamm\u00c2\u00a0\u00c2\u00a0\u00c2\u00a0\u00c2\u00a0\u00c2\u00a0\u00c2\u00a0\u00c2\u00a0\u00c2\u00a0\u00c2\u00a0 \u00c2\u00a0\u00c2\u00a0\u00c2\u00a0\u00c2\u00a0\u00c2\u00a0\u00c2\u00a0\u00c2\u00a0\u00c2\u00a0 Klassik Sommer<\/p>\n<p>21.07.2021\u00c2\u00a0\u00c2\u00a0\u00c2\u00a0 Dreieich\u00c2\u00a0\u00c2\u00a0\u00c2\u00a0\u00c2\u00a0\u00c2\u00a0\u00c2\u00a0\u00c2\u00a0 \u00c2\u00a0\u00c2\u00a0\u00c2\u00a0\u00c2\u00a0\u00c2\u00a0\u00c2\u00a0\u00c2\u00a0\u00c2\u00a0 Burgfestspiele<\/p>\n<p>06.08.2021\u00c2\u00a0\u00c2\u00a0\u00c2\u00a0 Laufenburg\u00c2\u00a0\u00c2\u00a0\u00c2\u00a0 \u00c2\u00a0\u00c2\u00a0\u00c2\u00a0\u00c2\u00a0\u00c2\u00a0\u00c2\u00a0\u00c2\u00a0\u00c2\u00a0 Kulturtage Laufenburg<\/p>\n<p>&nbsp;<\/p>\n<p><strong>Links: <\/strong><\/p>\n<p><strong>\u00c2\u00a0<\/strong>K\u00c3\u00bcnstlerinfo: <a href=\"https:\/\/www.o-tonemusic.de\/artist\/cristina-branco\/\">https:\/\/www.o-tonemusic.de\/artist\/cristina-branco\/<\/a><\/p>\n<p>Spotify: <a href=\"https:\/\/open.spotify.com\/album\/3fM44UK7HdS1if6T0BKpCz?si=NFf9cDaCRZSpVR4GJ5Jd-w\">https:\/\/open.spotify.com\/album\/3fM44UK7HdS1if6T0BKpCz?si=NFf9cDaCRZSpVR4GJ5Jd-w<\/a><\/p>\n<p>Facebook: <a href=\"https:\/\/www.facebook.com\/CristinaBrancoOficial\/?fref=ts\">https:\/\/www.facebook.com\/CristinaBrancoOficial\/?fref=ts<\/a><\/p>\n<p>Instagram: <a href=\"https:\/\/www.instagram.com\/cristinabrancoficial\/\">https:\/\/www.instagram.com\/cristinabrancoficial\/<\/a><\/p>\n<p>Cristina Branco, videoclip \u00e2\u20ac\u0153Delicadeza\u00e2\u20ac\u009d: <a href=\"https:\/\/www.youtube.com\/watch?v=Fko5xGq7pAw\">https:\/\/www.youtube.com\/watch?v=Fko5xGq7pAw<\/a><\/p>\n<p>&nbsp;<\/p>\n<p><strong>Presse:<\/strong><strong>\u00c2\u00a0<\/strong><\/p>\n<p>&#8220;L\u00c3\u00a4ngst mehr als ein Geheimtipp, hat Cristina Branco dem Fado ihrer Heimat Portugal zu einem echten Revival verholfen. Ihr Neo-Fado pr\u00c3\u00a4sentiert sich im Jazz-Gewand \u00e2\u20ac\u201c tief ber\u00c3\u00bchrend und von intensiver Pers\u00c3\u00b6nlichkeit.&#8221; <strong>ARTE CONCERT<\/strong><\/p>\n<p>\u00e2\u20ac\u017eEine der bekanntesten Stimmen aus Portugal und sie hat mehr zu bieten als Fado.\u00e2\u20ac\u0153 <strong>Hessisches Fernsehen, Maintower<\/strong><\/p>\n<p><strong>\u00c2\u00a0<\/strong>&#8220;Auf ihrem neuen Album beweist Cristina Branco einmal mehr, dass sie zu den talentiertesten und vielseitigsten Fado-S\u00c3\u00a4ngerinnen Portugals geh\u00c3\u00b6rt.&#8221; <strong>Deutschlandfunk, Tonart<\/strong><\/p>\n<p>&#8220;Die Texte des Alten Fado handeln von Trauer, Trennungsschmerz und Tod. Doch Cristina Brancos Texte zeigen: Es geht auch sonniger. Die Neo-Fado-S\u00c3\u00a4ngerin schaut in ihren Liedern nicht nur auf die dunklen Seiten, sondern auf die Sch\u00c3\u00b6nheit des Lebens.&#8221; <strong>Deutschlandfunk Kultur, Tonart, <\/strong>Studiointerview mit Livemitschnitt<\/p>\n<p>&#8220;Sinnlich, melancholisch, sehnsuchtsvoll &#8211; so klingt der Fado heute noch etwa in den Bars und Kneipen von Lissabon oder Porto [&#8230;] Cristina Branco hat ihm ein neues, ein eigenes Gesicht gegeben.&#8221; <strong>RBB The Voice<\/strong><\/p>\n<p>\u00e2\u20ac\u017eEin rundum gelungenes Projekt, das Cristina Branco als vision\u00c3\u00a4re K\u00c3\u00bcnstlerin best\u00c3\u00a4tigt und ihren Ruf als moderne Fado-S\u00c3\u00a4ngerin best\u00c3\u00a4tigt. Dazu eine exzellente Band, die \u00c3\u00bcber die Jahre des Zusammenspielens zu einer echten Einheit geworden ist.\u00e2\u20ac\u0153 <strong>hr2-kultur<\/strong><\/p>\n<p>\u00e2\u20ac\u017eDer Fado, die gro\u00c3\u0178e portugiesische Wehmutsmusik, begl\u00c3\u00bcckt mit seiner Traurigkeit. Von ihm hat sich Cristina Branco ein ganzes St\u00c3\u00bcck entfernt, aber in ihrer Musik liegen Gl\u00c3\u00bcck und Melancholie immer noch ganz nah beieinander. Und das befl\u00c3\u00bcgelt die Poesie der Musik auf jeder Ebene. Musik von vibrierender Lebendigkeit. [&#8230;] Infusion gegen den abgestumpften Alltag \u00e2\u20ac\u201c Absolut Empfehlenswert\u00e2\u20ac\u0153 <strong>BR Klassik, CD Tipp der Woche<\/strong><\/p>\n<p>&#8220;Portugiesische Geschichten, virtuos, sensibel und vielseitig erz\u00c3\u00a4hlt. Mit Cristina Branco und ihrem Quartett sitzen wir in Sekundenschnelle an den Ufern des Tejo und lassen das Leben in uns und durch uns hindurch flie\u00c3\u0178en.&#8221; <strong>NDR Kultur<\/strong><\/p>\n<p>&#8220;Hoffnungslosigkeit, Ungl\u00c3\u00bcck, Liebesgeschichten, und vor allem Saudade, dieses un\u00c3\u00bcbersetzbare Wort der ganz gro\u00c3\u0178en Empfindungen, des Weltschmerzes \u00e2\u20ac\u201c das alles findet sich in ihren Liedern wieder. Cristina Branco setzt sich mit sozial relevanten Themen auseinander und erz\u00c3\u00a4hlt fiktive Geschichten, die den Alltag im heutigen Portugal beschreiben. [&#8230;] Spannende Mischung&#8221; <strong>RBB Kulturradio<\/strong><\/p>\n<p>&#8220;Cristina Branco gilt als die w\u00c3\u00bcrdige Nachfolgerin von Amalia Rodrigues.&#8221; <strong>WDR COSMO<\/strong><\/p>\n<p>\u00e2\u20ac\u017eDie S\u00c3\u00a4ngerin Cristina Branco steht mit ihrer musikalischen Symbiose aus traditionellem Fado, modernen Pop-Elementen und klassischen Einfl\u00c3\u00bcssen f\u00c3\u00bcr das junge, wiedererstarkte Portugal.\u00e2\u20ac\u0153 <strong>Tagesspiegel Berlin<\/strong><\/p>\n<p>&#8220;Diese Lieder haben nichts mit r\u00c3\u00bchrseliger Urlaubsromantik zu tun; sie sind vielmehr als eine tief ber\u00c3\u00bchrende Reise in die inneren Seelenwelten einer S\u00c3\u00a4ngerin zu verstehen, die mit ihrer magischen Stimme an ein so gro\u00c3\u0178es Fado-Idol wie Am\u00c3\u00a1lia Rodrigues ankn\u00c3\u00bcpft.&#8221; <strong>NMZ<\/strong><\/p>\n<p>&#8220;Die unwiderstehlichste aller portugiesischen \u00e2\u20ac\u017eFadistas\u00e2\u20ac\u0153 der letzten Jahre l\u00c3\u00b6st sich auf ihrem neuen Album \u00e2\u20ac\u201c wieder einmal \u00e2\u20ac\u201c von den strengen Fesseln ihrer Zunft. [&#8230;] Und bewegt sich damit leichtf\u00c3\u00bc\u00c3\u0178ig, wie nur sie es kann, zwischen Chanson, Folk, Pop \u00e2\u20ac\u201c und ja, ein wenig Fado schon auch.\u00c2\u00a0 Das sanft treibende \u00e2\u20ac\u017eEste Corpo\u00e2\u20ac\u0153 w\u00c3\u00bcrde auch im Duett mit Calexico hervorragend funktionieren, \u00e2\u20ac\u017eAula\u00e2\u20ac\u0153 duftet nach Paris und \u00e2\u20ac\u017eEu por Engomar\u00e2\u20ac\u0153 ist so sehns\u00c3\u00bcchtig, dass man weinen m\u00c3\u00b6chte. Wundersch\u00c3\u00b6n.&#8221; <strong>Kurier<\/strong><\/p>\n<p>&#8220;[&#8230;] ein beeindruckendes Werk, kraftvoll und gleichzeitig einf\u00c3\u00bchlsam mit zw\u00c3\u00b6lf Songs, die alle von einer grossen musikalischen und sprachlichen Vielfalt zeugen.&#8221; <strong>Jazz&#8217;n&#8217;More<\/strong><\/p>\n<p>&nbsp;[:en]<img loading=\"lazy\" decoding=\"async\" class=\"alignnone size-medium wp-image-15730\" src=\"https:\/\/www.qrious.de\/wp-content\/uploads\/2020\/12\/CristinaBranco_EVA_Covermotiv-300x269.jpg\" alt=\"\" width=\"300\" height=\"269\" srcset=\"https:\/\/www.qrious.de\/wp-content\/uploads\/2020\/12\/CristinaBranco_EVA_Covermotiv-300x269.jpg 300w, https:\/\/www.qrious.de\/wp-content\/uploads\/2020\/12\/CristinaBranco_EVA_Covermotiv-1024x917.jpg 1024w, https:\/\/www.qrious.de\/wp-content\/uploads\/2020\/12\/CristinaBranco_EVA_Covermotiv-150x134.jpg 150w, https:\/\/www.qrious.de\/wp-content\/uploads\/2020\/12\/CristinaBranco_EVA_Covermotiv-768x688.jpg 768w, https:\/\/www.qrious.de\/wp-content\/uploads\/2020\/12\/CristinaBranco_EVA_Covermotiv-1536x1376.jpg 1536w, https:\/\/www.qrious.de\/wp-content\/uploads\/2020\/12\/CristinaBranco_EVA_Covermotiv-212x190.jpg 212w, https:\/\/www.qrious.de\/wp-content\/uploads\/2020\/12\/CristinaBranco_EVA_Covermotiv-645x578.jpg 645w, https:\/\/www.qrious.de\/wp-content\/uploads\/2020\/12\/CristinaBranco_EVA_Covermotiv-345x309.jpg 345w, https:\/\/www.qrious.de\/wp-content\/uploads\/2020\/12\/CristinaBranco_EVA_Covermotiv-600x537.jpg 600w, https:\/\/www.qrious.de\/wp-content\/uploads\/2020\/12\/CristinaBranco_EVA_Covermotiv.jpg 1648w\" sizes=\"auto, (max-width: 300px) 100vw, 300px\" \/><\/p>\n<p>&nbsp;<\/p>\n<p>Die Welt der portugiesischen Fadista <strong>Cristina Branco<\/strong> schien rosig, sie nahm Alben \u00c3\u00bcber Alben f\u00c3\u00bcr Universal auf, die weltmusikalisch interessierte Gemeinde lag ihr zu F\u00c3\u00bc\u00c3\u0178en \u00e2\u20ac\u201c eine schillernde Figur mit glockenheller Stimme, die alle Erwartungen erf\u00c3\u00bcllte. Aber in der Frau schlummerte mehr als Fadoromantik, Konzertroben und ein Divenimage. 2006 war das Geburtsjahr ihres Alter Ego \u00e2\u20ac\u017eEVA\u00e2\u20ac\u0153. Eva erblickte das Licht der Welt, weil Cristina sich mit der Frage aller Fragen herumplagte. \u00e2\u20ac\u017eWas ist Freiheit?\u00e2\u20ac\u0153<\/p>\n<p>Alle W\u00c3\u00bcnsche, Gedanken, Tr\u00c3\u00a4ume wurden in <strong>EVA<\/strong> projiziert und die Projektion half der K\u00c3\u00bcnstlerin, sich vom Perfektionismus der Musikindustrie loszul\u00c3\u00b6sen und ihren eigenen Weg zu gehen. Mit den ersten beiden Alben \u00e2\u20ac\u017eMenina\u00e2\u20ac\u0153 (o-tone\/Edel) und \u00e2\u20ac\u017eBranco\u00e2\u20ac\u0153 (o-tone\/Edel) verabschiedete sie sich ab 2016 nach langem Ringen vom Major Label, den musikalischen Erwartungen mitteleurop\u00c3\u00a4ischer Portugalliebhaber, \u00c3\u00bcberzogenem Photoshop. Sie lie\u00c3\u0178 sich alle Songs auf den als Trilogie geplanten Alben von lusophonen K\u00c3\u00bcnstler*innen schreiben und komponieren. Indie-, Pop-, Punk-, Rap-, Jazzmusiker, ein Literatur Nobelpreistr\u00c3\u00a4ger, Stars und Sternchen: Allein die Bandbreite der Menschen, die sie mit ins Boot gezogen hat zeugt von immensem Mut zum Loslassen.<\/p>\n<p>Zusammen gehalten wird das Potpourri von ihr und ihrem Trio, bestehend aus Portugiesischer Gitarre, Piano und Kontrabass, das sie seitdem begleitet.<\/p>\n<p><strong>Cristina Branco, Bernardo Couto, Lu\u00c3\u00ads Figueiredo<\/strong> und <strong>Bernardo Moreira<\/strong> sind auf dem gemeinsamen Weg eng zusammen-gewachsen:<\/p>\n<p>\u00c3\u201ehnlich wie EVA bekamen die Herren an Brancos Seite mehr Spielraum. Figueiredo zeichnet verantwortlich f\u00c3\u00bcr gleich mehrere ihrer gemeinsamen Lieder, alle Songs werden im Proberaum gemeinsam arrangiert. Elektronische und perkussive Elemente, polyphone Backgroundges\u00c3\u00a4nge, der Spa\u00c3\u0178 an Improvisation der Jazzmusiker gewannen an Raum und machten die Musik einzigartiger, w\u00c3\u00a4hrend die Kunstfigur Cristina Branco in den Hintergrund geriet.\u00c2\u00a0 EVA eroberte sich ihren Raum \u00e2\u20ac\u201c dabei gewann die Protagonistin mehr und mehr an Integrit\u00c3\u00a4t.<\/p>\n<p>Die Songs auf dem gleichnamigen Album, das die <strong>Trilogie<\/strong> beschlie\u00c3\u0178t, besch\u00c3\u00a4ftigen sich folglich mit den Themen, Wer bin ich, Wer will ich sein. Wie kann ich frei sein. Eva wird zum Leben erweckt, Erwartungen werden abgestreift. Das Innere wird nach au\u00c3\u0178en gekehrt, dabei wird Verletzlichkeit zugelassen &#8211; Integrit\u00c3\u00a4t schmerzt manchmal. Aber sie ist in erster Linie befreiend und all das h\u00c3\u00b6rt man Cristina Branco, alias EVA, an.<\/p>\n<p><strong>Line up:<\/strong><\/p>\n<p>Cristina Branco, voice<\/p>\n<p>Bernardo Couto, Portuguese guitar<\/p>\n<p>Bernardo Moreira, doublebass<\/p>\n<p>Lu\u00c3\u00ads Figueiredo, piano and keys<\/p>\n<p>&nbsp;<\/p>\n<p><strong>Live: <\/strong><\/p>\n<p>20.01.2021\u00c2\u00a0\u00c2\u00a0\u00c2\u00a0 Hannover\u00c2\u00a0\u00c2\u00a0\u00c2\u00a0\u00c2\u00a0\u00c2\u00a0 \u00c2\u00a0\u00c2\u00a0\u00c2\u00a0\u00c2\u00a0\u00c2\u00a0\u00c2\u00a0\u00c2\u00a0\u00c2\u00a0 Staatstheater &#8220;Voices&#8221;<\/p>\n<p>20.03.2021\u00c2\u00a0\u00c2\u00a0\u00c2\u00a0 Mindelheim\u00c2\u00a0\u00c2\u00a0\u00c2\u00a0 \u00c2\u00a0\u00c2\u00a0\u00c2\u00a0\u00c2\u00a0\u00c2\u00a0\u00c2\u00a0\u00c2\u00a0\u00c2\u00a0 Jazztage<\/p>\n<p>25.03.2021\u00c2\u00a0\u00c2\u00a0\u00c2\u00a0 LI-Schaan\u00c2\u00a0\u00c2\u00a0\u00c2\u00a0\u00c2\u00a0\u00c2\u00a0 \u00c2\u00a0\u00c2\u00a0\u00c2\u00a0\u00c2\u00a0\u00c2\u00a0\u00c2\u00a0\u00c2\u00a0\u00c2\u00a0 TAK<\/p>\n<p>26.03.2021\u00c2\u00a0\u00c2\u00a0\u00c2\u00a0 CH-D\u00c3\u00bcdingen\u00c2\u00a0 \u00c2\u00a0\u00c2\u00a0\u00c2\u00a0\u00c2\u00a0\u00c2\u00a0\u00c2\u00a0\u00c2\u00a0\u00c2\u00a0 Kultur im Podi<\/p>\n<p>27.03.2021\u00c2\u00a0\u00c2\u00a0\u00c2\u00a0 CH-Zug\u00c2\u00a0\u00c2\u00a0\u00c2\u00a0\u00c2\u00a0\u00c2\u00a0\u00c2\u00a0\u00c2\u00a0\u00c2\u00a0\u00c2\u00a0\u00c2\u00a0\u00c2\u00a0\u00c2\u00a0\u00c2\u00a0\u00c2\u00a0\u00c2\u00a0\u00c2\u00a0\u00c2\u00a0\u00c2\u00a0 Casino<\/p>\n<p>16.04.2021\u00c2\u00a0\u00c2\u00a0\u00c2\u00a0 F\u00c3\u00bcrth\u00c2\u00a0\u00c2\u00a0 \u00c2\u00a0\u00c2\u00a0\u00c2\u00a0\u00c2\u00a0\u00c2\u00a0\u00c2\u00a0\u00c2\u00a0\u00c2\u00a0\u00c2\u00a0\u00c2\u00a0\u00c2\u00a0\u00c2\u00a0\u00c2\u00a0\u00c2\u00a0\u00c2\u00a0\u00c2\u00a0\u00c2\u00a0\u00c2\u00a0 Passagen im Kulturforum \u00c2\u00a0\u00c2\u00a0 BR- Klassik Mitschnitt<\/p>\n<p>17.07.2021\u00c2\u00a0\u00c2\u00a0\u00c2\u00a0 Hamm\u00c2\u00a0\u00c2\u00a0\u00c2\u00a0\u00c2\u00a0\u00c2\u00a0\u00c2\u00a0\u00c2\u00a0\u00c2\u00a0\u00c2\u00a0 \u00c2\u00a0\u00c2\u00a0\u00c2\u00a0\u00c2\u00a0\u00c2\u00a0\u00c2\u00a0\u00c2\u00a0\u00c2\u00a0 Klassik Sommer<\/p>\n<p>21.07.2021\u00c2\u00a0\u00c2\u00a0\u00c2\u00a0 Dreieich\u00c2\u00a0\u00c2\u00a0\u00c2\u00a0\u00c2\u00a0\u00c2\u00a0\u00c2\u00a0\u00c2\u00a0 \u00c2\u00a0\u00c2\u00a0\u00c2\u00a0\u00c2\u00a0\u00c2\u00a0\u00c2\u00a0\u00c2\u00a0\u00c2\u00a0 Burgfestspiele<\/p>\n<p>06.08.2021\u00c2\u00a0\u00c2\u00a0\u00c2\u00a0 Laufenburg\u00c2\u00a0\u00c2\u00a0\u00c2\u00a0 \u00c2\u00a0\u00c2\u00a0\u00c2\u00a0\u00c2\u00a0\u00c2\u00a0\u00c2\u00a0\u00c2\u00a0\u00c2\u00a0 Kulturtage Laufenburg<\/p>\n<p>&nbsp;<\/p>\n<p><strong>Links: <\/strong><\/p>\n<p><strong>\u00c2\u00a0<\/strong>K\u00c3\u00bcnstlerinfo: <a href=\"https:\/\/www.o-tonemusic.de\/artist\/cristina-branco\/\">https:\/\/www.o-tonemusic.de\/artist\/cristina-branco\/<\/a><\/p>\n<p>Spotify: <a href=\"https:\/\/open.spotify.com\/album\/3fM44UK7HdS1if6T0BKpCz?si=NFf9cDaCRZSpVR4GJ5Jd-w\">https:\/\/open.spotify.com\/album\/3fM44UK7HdS1if6T0BKpCz?si=NFf9cDaCRZSpVR4GJ5Jd-w<\/a><\/p>\n<p>Facebook: <a href=\"https:\/\/www.facebook.com\/CristinaBrancoOficial\/?fref=ts\">https:\/\/www.facebook.com\/CristinaBrancoOficial\/?fref=ts<\/a><\/p>\n<p>Instagram: <a href=\"https:\/\/www.instagram.com\/cristinabrancoficial\/\">https:\/\/www.instagram.com\/cristinabrancoficial\/<\/a><\/p>\n<p>Cristina Branco, videoclip \u00e2\u20ac\u0153Delicadeza\u00e2\u20ac\u009d: <a href=\"https:\/\/www.youtube.com\/watch?v=Fko5xGq7pAw\">https:\/\/www.youtube.com\/watch?v=Fko5xGq7pAw<\/a><\/p>\n<p>&nbsp;<\/p>\n<p><strong>Presse:<\/strong><strong>\u00c2\u00a0<\/strong><\/p>\n<p>&#8220;L\u00c3\u00a4ngst mehr als ein Geheimtipp, hat Cristina Branco dem Fado ihrer Heimat Portugal zu einem echten Revival verholfen. Ihr Neo-Fado pr\u00c3\u00a4sentiert sich im Jazz-Gewand \u00e2\u20ac\u201c tief ber\u00c3\u00bchrend und von intensiver Pers\u00c3\u00b6nlichkeit.&#8221; <strong>ARTE CONCERT<\/strong><\/p>\n<p>\u00e2\u20ac\u017eEine der bekanntesten Stimmen aus Portugal und sie hat mehr zu bieten als Fado.\u00e2\u20ac\u0153 <strong>Hessisches Fernsehen, Maintower<\/strong><\/p>\n<p><strong>\u00c2\u00a0<\/strong>&#8220;Auf ihrem neuen Album beweist Cristina Branco einmal mehr, dass sie zu den talentiertesten und vielseitigsten Fado-S\u00c3\u00a4ngerinnen Portugals geh\u00c3\u00b6rt.&#8221; <strong>Deutschlandfunk, Tonart<\/strong><\/p>\n<p>&#8220;Die Texte des Alten Fado handeln von Trauer, Trennungsschmerz und Tod. Doch Cristina Brancos Texte zeigen: Es geht auch sonniger. Die Neo-Fado-S\u00c3\u00a4ngerin schaut in ihren Liedern nicht nur auf die dunklen Seiten, sondern auf die Sch\u00c3\u00b6nheit des Lebens.&#8221; <strong>Deutschlandfunk Kultur, Tonart, <\/strong>Studiointerview mit Livemitschnitt<\/p>\n<p>&#8220;Sinnlich, melancholisch, sehnsuchtsvoll &#8211; so klingt der Fado heute noch etwa in den Bars und Kneipen von Lissabon oder Porto [&#8230;] Cristina Branco hat ihm ein neues, ein eigenes Gesicht gegeben.&#8221; <strong>RBB The Voice<\/strong><\/p>\n<p>\u00e2\u20ac\u017eEin rundum gelungenes Projekt, das Cristina Branco als vision\u00c3\u00a4re K\u00c3\u00bcnstlerin best\u00c3\u00a4tigt und ihren Ruf als moderne Fado-S\u00c3\u00a4ngerin best\u00c3\u00a4tigt. Dazu eine exzellente Band, die \u00c3\u00bcber die Jahre des Zusammenspielens zu einer echten Einheit geworden ist.\u00e2\u20ac\u0153 <strong>hr2-kultur<\/strong><\/p>\n<p>\u00e2\u20ac\u017eDer Fado, die gro\u00c3\u0178e portugiesische Wehmutsmusik, begl\u00c3\u00bcckt mit seiner Traurigkeit. Von ihm hat sich Cristina Branco ein ganzes St\u00c3\u00bcck entfernt, aber in ihrer Musik liegen Gl\u00c3\u00bcck und Melancholie immer noch ganz nah beieinander. Und das befl\u00c3\u00bcgelt die Poesie der Musik auf jeder Ebene. Musik von vibrierender Lebendigkeit. [&#8230;] Infusion gegen den abgestumpften Alltag \u00e2\u20ac\u201c Absolut Empfehlenswert\u00e2\u20ac\u0153 <strong>BR Klassik, CD Tipp der Woche<\/strong><\/p>\n<p>&#8220;Portugiesische Geschichten, virtuos, sensibel und vielseitig erz\u00c3\u00a4hlt. Mit Cristina Branco und ihrem Quartett sitzen wir in Sekundenschnelle an den Ufern des Tejo und lassen das Leben in uns und durch uns hindurch flie\u00c3\u0178en.&#8221; <strong>NDR Kultur<\/strong><\/p>\n<p>&#8220;Hoffnungslosigkeit, Ungl\u00c3\u00bcck, Liebesgeschichten, und vor allem Saudade, dieses un\u00c3\u00bcbersetzbare Wort der ganz gro\u00c3\u0178en Empfindungen, des Weltschmerzes \u00e2\u20ac\u201c das alles findet sich in ihren Liedern wieder. Cristina Branco setzt sich mit sozial relevanten Themen auseinander und erz\u00c3\u00a4hlt fiktive Geschichten, die den Alltag im heutigen Portugal beschreiben. [&#8230;] Spannende Mischung&#8221; <strong>RBB Kulturradio<\/strong><\/p>\n<p>&#8220;Cristina Branco gilt als die w\u00c3\u00bcrdige Nachfolgerin von Amalia Rodrigues.&#8221; <strong>WDR COSMO<\/strong><\/p>\n<p>\u00e2\u20ac\u017eDie S\u00c3\u00a4ngerin Cristina Branco steht mit ihrer musikalischen Symbiose aus traditionellem Fado, modernen Pop-Elementen und klassischen Einfl\u00c3\u00bcssen f\u00c3\u00bcr das junge, wiedererstarkte Portugal.\u00e2\u20ac\u0153 <strong>Tagesspiegel Berlin<\/strong><\/p>\n<p>&#8220;Diese Lieder haben nichts mit r\u00c3\u00bchrseliger Urlaubsromantik zu tun; sie sind vielmehr als eine tief ber\u00c3\u00bchrende Reise in die inneren Seelenwelten einer S\u00c3\u00a4ngerin zu verstehen, die mit ihrer magischen Stimme an ein so gro\u00c3\u0178es Fado-Idol wie Am\u00c3\u00a1lia Rodrigues ankn\u00c3\u00bcpft.&#8221; <strong>NMZ<\/strong><\/p>\n<p>&#8220;Die unwiderstehlichste aller portugiesischen \u00e2\u20ac\u017eFadistas\u00e2\u20ac\u0153 der letzten Jahre l\u00c3\u00b6st sich auf ihrem neuen Album \u00e2\u20ac\u201c wieder einmal \u00e2\u20ac\u201c von den strengen Fesseln ihrer Zunft. [&#8230;] Und bewegt sich damit leichtf\u00c3\u00bc\u00c3\u0178ig, wie nur sie es kann, zwischen Chanson, Folk, Pop \u00e2\u20ac\u201c und ja, ein wenig Fado schon auch.\u00c2\u00a0 Das sanft treibende \u00e2\u20ac\u017eEste Corpo\u00e2\u20ac\u0153 w\u00c3\u00bcrde auch im Duett mit Calexico hervorragend funktionieren, \u00e2\u20ac\u017eAula\u00e2\u20ac\u0153 duftet nach Paris und \u00e2\u20ac\u017eEu por Engomar\u00e2\u20ac\u0153 ist so sehns\u00c3\u00bcchtig, dass man weinen m\u00c3\u00b6chte. Wundersch\u00c3\u00b6n.&#8221; <strong>Kurier<\/strong><\/p>\n<p>&#8220;[&#8230;] ein beeindruckendes Werk, kraftvoll und gleichzeitig einf\u00c3\u00bchlsam mit zw\u00c3\u00b6lf Songs, die alle von einer grossen musikalischen und sprachlichen Vielfalt zeugen.&#8221; <strong>Jazz&#8217;n&#8217;More<\/strong>[:]<\/p>\n","protected":false},"excerpt":{"rendered":"<p>[:de] &nbsp; Die Welt der portugiesischen Fadista Cristina Branco schien rosig, sie nahm Alben \u00c3\u00bcber Alben f\u00c3\u00bcr Universal auf, die weltmusikalisch interessierte Gemeinde lag ihr zu F\u00c3\u00bc\u00c3\u0178en \u00e2\u20ac\u201c eine schillernde Figur mit glockenheller Stimme, die alle Erwartungen erf\u00c3\u00bcllte. Aber in der Frau schlummerte mehr als Fadoromantik, Konzertroben und ein Divenimage. 2006 war das Geburtsjahr ihres [&hellip;]<\/p>\n","protected":false},"author":6,"featured_media":15730,"comment_status":"closed","ping_status":"closed","sticky":false,"template":"","format":"standard","meta":{"footnotes":""},"categories":[172],"tags":[],"class_list":["post-15729","post","type-post","status-publish","format-standard","has-post-thumbnail","hentry","category-unkategorisiert"],"yoast_head":"<!-- This site is optimized with the Yoast SEO plugin v26.3 - https:\/\/yoast.com\/wordpress\/plugins\/seo\/ -->\n<title>Cristina Branco - Eva ( Releasedate: 29.01.2021) - Q-rious Music<\/title>\n<meta name=\"robots\" content=\"index, follow, max-snippet:-1, max-image-preview:large, max-video-preview:-1\" \/>\n<link rel=\"canonical\" href=\"https:\/\/www.qrious.de\/en\/cristina-branco-eva-releasedate-29-01-2021\/\" \/>\n<meta property=\"og:locale\" content=\"en_US\" \/>\n<meta property=\"og:type\" content=\"article\" \/>\n<meta property=\"og:title\" content=\"Cristina Branco - Eva ( Releasedate: 29.01.2021) - Q-rious Music\" \/>\n<meta property=\"og:description\" content=\"[:de] &nbsp; Die Welt der portugiesischen Fadista Cristina Branco schien rosig, sie nahm Alben \u00c3\u00bcber Alben f\u00c3\u00bcr Universal auf, die weltmusikalisch interessierte Gemeinde lag ihr zu F\u00c3\u00bc\u00c3\u0178en \u00e2\u20ac\u201c eine schillernde Figur mit glockenheller Stimme, die alle Erwartungen erf\u00c3\u00bcllte. Aber in der Frau schlummerte mehr als Fadoromantik, Konzertroben und ein Divenimage. 2006 war das Geburtsjahr ihres [&hellip;]\" \/>\n<meta property=\"og:url\" content=\"https:\/\/www.qrious.de\/en\/cristina-branco-eva-releasedate-29-01-2021\/\" \/>\n<meta property=\"og:site_name\" content=\"Q-rious Music\" \/>\n<meta property=\"article:publisher\" content=\"https:\/\/www.facebook.com\/QriousMusic\/\" \/>\n<meta property=\"article:published_time\" content=\"2020-12-17T12:53:49+00:00\" \/>\n<meta property=\"og:image\" content=\"https:\/\/www.qrious.de\/wp-content\/uploads\/2020\/12\/CristinaBranco_EVA_Covermotiv.jpg\" \/>\n\t<meta property=\"og:image:width\" content=\"1648\" \/>\n\t<meta property=\"og:image:height\" content=\"1476\" \/>\n\t<meta property=\"og:image:type\" content=\"image\/jpeg\" \/>\n<meta name=\"author\" content=\"Qrious\" \/>\n<meta name=\"twitter:card\" content=\"summary_large_image\" \/>\n<meta name=\"twitter:label1\" content=\"Written by\" \/>\n\t<meta name=\"twitter:data1\" content=\"Qrious\" \/>\n\t<meta name=\"twitter:label2\" content=\"Est. reading time\" \/>\n\t<meta name=\"twitter:data2\" content=\"10 minutes\" \/>\n<script type=\"application\/ld+json\" class=\"yoast-schema-graph\">{\"@context\":\"https:\/\/schema.org\",\"@graph\":[{\"@type\":\"WebPage\",\"@id\":\"https:\/\/www.qrious.de\/en\/cristina-branco-eva-releasedate-29-01-2021\/\",\"url\":\"https:\/\/www.qrious.de\/en\/cristina-branco-eva-releasedate-29-01-2021\/\",\"name\":\"Cristina Branco - Eva ( Releasedate: 29.01.2021) - Q-rious Music\",\"isPartOf\":{\"@id\":\"https:\/\/www.qrious.de\/en\/#website\"},\"primaryImageOfPage\":{\"@id\":\"https:\/\/www.qrious.de\/en\/cristina-branco-eva-releasedate-29-01-2021\/#primaryimage\"},\"image\":{\"@id\":\"https:\/\/www.qrious.de\/en\/cristina-branco-eva-releasedate-29-01-2021\/#primaryimage\"},\"thumbnailUrl\":\"https:\/\/www.qrious.de\/wp-content\/uploads\/2020\/12\/CristinaBranco_EVA_Covermotiv.jpg\",\"datePublished\":\"2020-12-17T12:53:49+00:00\",\"author\":{\"@id\":\"https:\/\/www.qrious.de\/en\/#\/schema\/person\/c23ecd85bc1b3ab8b09bf6da9d86a700\"},\"breadcrumb\":{\"@id\":\"https:\/\/www.qrious.de\/en\/cristina-branco-eva-releasedate-29-01-2021\/#breadcrumb\"},\"inLanguage\":\"en-US\",\"potentialAction\":[{\"@type\":\"ReadAction\",\"target\":[\"https:\/\/www.qrious.de\/en\/cristina-branco-eva-releasedate-29-01-2021\/\"]}]},{\"@type\":\"ImageObject\",\"inLanguage\":\"en-US\",\"@id\":\"https:\/\/www.qrious.de\/en\/cristina-branco-eva-releasedate-29-01-2021\/#primaryimage\",\"url\":\"https:\/\/www.qrious.de\/wp-content\/uploads\/2020\/12\/CristinaBranco_EVA_Covermotiv.jpg\",\"contentUrl\":\"https:\/\/www.qrious.de\/wp-content\/uploads\/2020\/12\/CristinaBranco_EVA_Covermotiv.jpg\",\"width\":1648,\"height\":1476},{\"@type\":\"BreadcrumbList\",\"@id\":\"https:\/\/www.qrious.de\/en\/cristina-branco-eva-releasedate-29-01-2021\/#breadcrumb\",\"itemListElement\":[{\"@type\":\"ListItem\",\"position\":1,\"name\":\"Home\",\"item\":\"https:\/\/www.qrious.de\/en\/\"},{\"@type\":\"ListItem\",\"position\":2,\"name\":\"Cristina Branco &#8211; Eva ( Releasedate: 29.01.2021)\"}]},{\"@type\":\"WebSite\",\"@id\":\"https:\/\/www.qrious.de\/en\/#website\",\"url\":\"https:\/\/www.qrious.de\/en\/\",\"name\":\"Q-rious Music\",\"description\":\"Q-rious Music: promotion, distribution, label, publishing\",\"potentialAction\":[{\"@type\":\"SearchAction\",\"target\":{\"@type\":\"EntryPoint\",\"urlTemplate\":\"https:\/\/www.qrious.de\/en\/?s={search_term_string}\"},\"query-input\":{\"@type\":\"PropertyValueSpecification\",\"valueRequired\":true,\"valueName\":\"search_term_string\"}}],\"inLanguage\":\"en-US\"},{\"@type\":\"Person\",\"@id\":\"https:\/\/www.qrious.de\/en\/#\/schema\/person\/c23ecd85bc1b3ab8b09bf6da9d86a700\",\"name\":\"Qrious\",\"sameAs\":[\"http:\/\/www.qrious.de\"],\"url\":\"https:\/\/www.qrious.de\/en\/author\/office\/\"}]}<\/script>\n<!-- \/ Yoast SEO plugin. -->","yoast_head_json":{"title":"Cristina Branco - Eva ( Releasedate: 29.01.2021) - Q-rious Music","robots":{"index":"index","follow":"follow","max-snippet":"max-snippet:-1","max-image-preview":"max-image-preview:large","max-video-preview":"max-video-preview:-1"},"canonical":"https:\/\/www.qrious.de\/en\/cristina-branco-eva-releasedate-29-01-2021\/","og_locale":"en_US","og_type":"article","og_title":"Cristina Branco - Eva ( Releasedate: 29.01.2021) - Q-rious Music","og_description":"[:de] &nbsp; Die Welt der portugiesischen Fadista Cristina Branco schien rosig, sie nahm Alben \u00c3\u00bcber Alben f\u00c3\u00bcr Universal auf, die weltmusikalisch interessierte Gemeinde lag ihr zu F\u00c3\u00bc\u00c3\u0178en \u00e2\u20ac\u201c eine schillernde Figur mit glockenheller Stimme, die alle Erwartungen erf\u00c3\u00bcllte. Aber in der Frau schlummerte mehr als Fadoromantik, Konzertroben und ein Divenimage. 2006 war das Geburtsjahr ihres [&hellip;]","og_url":"https:\/\/www.qrious.de\/en\/cristina-branco-eva-releasedate-29-01-2021\/","og_site_name":"Q-rious Music","article_publisher":"https:\/\/www.facebook.com\/QriousMusic\/","article_published_time":"2020-12-17T12:53:49+00:00","og_image":[{"width":1648,"height":1476,"url":"https:\/\/www.qrious.de\/wp-content\/uploads\/2020\/12\/CristinaBranco_EVA_Covermotiv.jpg","type":"image\/jpeg"}],"author":"Qrious","twitter_card":"summary_large_image","twitter_misc":{"Written by":"Qrious","Est. reading time":"10 minutes"},"schema":{"@context":"https:\/\/schema.org","@graph":[{"@type":"WebPage","@id":"https:\/\/www.qrious.de\/en\/cristina-branco-eva-releasedate-29-01-2021\/","url":"https:\/\/www.qrious.de\/en\/cristina-branco-eva-releasedate-29-01-2021\/","name":"Cristina Branco - Eva ( Releasedate: 29.01.2021) - Q-rious Music","isPartOf":{"@id":"https:\/\/www.qrious.de\/en\/#website"},"primaryImageOfPage":{"@id":"https:\/\/www.qrious.de\/en\/cristina-branco-eva-releasedate-29-01-2021\/#primaryimage"},"image":{"@id":"https:\/\/www.qrious.de\/en\/cristina-branco-eva-releasedate-29-01-2021\/#primaryimage"},"thumbnailUrl":"https:\/\/www.qrious.de\/wp-content\/uploads\/2020\/12\/CristinaBranco_EVA_Covermotiv.jpg","datePublished":"2020-12-17T12:53:49+00:00","author":{"@id":"https:\/\/www.qrious.de\/en\/#\/schema\/person\/c23ecd85bc1b3ab8b09bf6da9d86a700"},"breadcrumb":{"@id":"https:\/\/www.qrious.de\/en\/cristina-branco-eva-releasedate-29-01-2021\/#breadcrumb"},"inLanguage":"en-US","potentialAction":[{"@type":"ReadAction","target":["https:\/\/www.qrious.de\/en\/cristina-branco-eva-releasedate-29-01-2021\/"]}]},{"@type":"ImageObject","inLanguage":"en-US","@id":"https:\/\/www.qrious.de\/en\/cristina-branco-eva-releasedate-29-01-2021\/#primaryimage","url":"https:\/\/www.qrious.de\/wp-content\/uploads\/2020\/12\/CristinaBranco_EVA_Covermotiv.jpg","contentUrl":"https:\/\/www.qrious.de\/wp-content\/uploads\/2020\/12\/CristinaBranco_EVA_Covermotiv.jpg","width":1648,"height":1476},{"@type":"BreadcrumbList","@id":"https:\/\/www.qrious.de\/en\/cristina-branco-eva-releasedate-29-01-2021\/#breadcrumb","itemListElement":[{"@type":"ListItem","position":1,"name":"Home","item":"https:\/\/www.qrious.de\/en\/"},{"@type":"ListItem","position":2,"name":"Cristina Branco &#8211; Eva ( Releasedate: 29.01.2021)"}]},{"@type":"WebSite","@id":"https:\/\/www.qrious.de\/en\/#website","url":"https:\/\/www.qrious.de\/en\/","name":"Q-rious Music","description":"Q-rious Music: promotion, distribution, label, publishing","potentialAction":[{"@type":"SearchAction","target":{"@type":"EntryPoint","urlTemplate":"https:\/\/www.qrious.de\/en\/?s={search_term_string}"},"query-input":{"@type":"PropertyValueSpecification","valueRequired":true,"valueName":"search_term_string"}}],"inLanguage":"en-US"},{"@type":"Person","@id":"https:\/\/www.qrious.de\/en\/#\/schema\/person\/c23ecd85bc1b3ab8b09bf6da9d86a700","name":"Qrious","sameAs":["http:\/\/www.qrious.de"],"url":"https:\/\/www.qrious.de\/en\/author\/office\/"}]}},"_links":{"self":[{"href":"https:\/\/www.qrious.de\/en\/wp-json\/wp\/v2\/posts\/15729","targetHints":{"allow":["GET"]}}],"collection":[{"href":"https:\/\/www.qrious.de\/en\/wp-json\/wp\/v2\/posts"}],"about":[{"href":"https:\/\/www.qrious.de\/en\/wp-json\/wp\/v2\/types\/post"}],"author":[{"embeddable":true,"href":"https:\/\/www.qrious.de\/en\/wp-json\/wp\/v2\/users\/6"}],"replies":[{"embeddable":true,"href":"https:\/\/www.qrious.de\/en\/wp-json\/wp\/v2\/comments?post=15729"}],"version-history":[{"count":0,"href":"https:\/\/www.qrious.de\/en\/wp-json\/wp\/v2\/posts\/15729\/revisions"}],"wp:featuredmedia":[{"embeddable":true,"href":"https:\/\/www.qrious.de\/en\/wp-json\/wp\/v2\/media\/15730"}],"wp:attachment":[{"href":"https:\/\/www.qrious.de\/en\/wp-json\/wp\/v2\/media?parent=15729"}],"wp:term":[{"taxonomy":"category","embeddable":true,"href":"https:\/\/www.qrious.de\/en\/wp-json\/wp\/v2\/categories?post=15729"},{"taxonomy":"post_tag","embeddable":true,"href":"https:\/\/www.qrious.de\/en\/wp-json\/wp\/v2\/tags?post=15729"}],"curies":[{"name":"wp","href":"https:\/\/api.w.org\/{rel}","templated":true}]}}