{"id":15638,"date":"2020-09-10T12:06:35","date_gmt":"2020-09-10T10:06:35","guid":{"rendered":"https:\/\/www.qrious.de\/?p=15638"},"modified":"2020-09-10T12:06:35","modified_gmt":"2020-09-10T10:06:35","slug":"suasan-weinert-rainbow-trio-der-baum-vor-meinem-fenster-releasedate-02-10-2020","status":"publish","type":"post","link":"https:\/\/www.qrious.de\/en\/suasan-weinert-rainbow-trio-der-baum-vor-meinem-fenster-releasedate-02-10-2020\/","title":{"rendered":"[:de]Suasan Weinert Rainbow Trio &#8211; Der Baum vor meinem Fenster, Releasedate: (02.10.2020)[:en]Susan Weinert Rainbow Trio &#8211; Der Baum vor meinem Fenster, Releasedate: (02.10.2020)[:]"},"content":{"rendered":"<p><img loading=\"lazy\" decoding=\"async\" class=\"alignnone size-medium wp-image-15639\" src=\"https:\/\/www.qrious.de\/wp-content\/uploads\/2020\/09\/Susan-Weinert-Der-Baum_cover-300x300.jpg\" alt=\"\" width=\"300\" height=\"300\" srcset=\"https:\/\/www.qrious.de\/wp-content\/uploads\/2020\/09\/Susan-Weinert-Der-Baum_cover-300x300.jpg 300w, https:\/\/www.qrious.de\/wp-content\/uploads\/2020\/09\/Susan-Weinert-Der-Baum_cover-1024x1024.jpg 1024w, https:\/\/www.qrious.de\/wp-content\/uploads\/2020\/09\/Susan-Weinert-Der-Baum_cover-150x150.jpg 150w, https:\/\/www.qrious.de\/wp-content\/uploads\/2020\/09\/Susan-Weinert-Der-Baum_cover-768x768.jpg 768w, https:\/\/www.qrious.de\/wp-content\/uploads\/2020\/09\/Susan-Weinert-Der-Baum_cover-1536x1536.jpg 1536w, https:\/\/www.qrious.de\/wp-content\/uploads\/2020\/09\/Susan-Weinert-Der-Baum_cover-2048x2048.jpg 2048w, https:\/\/www.qrious.de\/wp-content\/uploads\/2020\/09\/Susan-Weinert-Der-Baum_cover-190x190.jpg 190w, https:\/\/www.qrious.de\/wp-content\/uploads\/2020\/09\/Susan-Weinert-Der-Baum_cover-645x645.jpg 645w, https:\/\/www.qrious.de\/wp-content\/uploads\/2020\/09\/Susan-Weinert-Der-Baum_cover-345x345.jpg 345w, https:\/\/www.qrious.de\/wp-content\/uploads\/2020\/09\/Susan-Weinert-Der-Baum_cover-100x100.jpg 100w, https:\/\/www.qrious.de\/wp-content\/uploads\/2020\/09\/Susan-Weinert-Der-Baum_cover-600x600.jpg 600w, https:\/\/www.qrious.de\/wp-content\/uploads\/2020\/09\/Susan-Weinert-Der-Baum_cover-50x50.jpg 50w\" sizes=\"auto, (max-width: 300px) 100vw, 300px\" \/><\/p>\n<p>&nbsp;<\/p>\n<p>Mit ihrer 14. CD <strong><em>\u00e2\u20ac\u0153Der Baum vor meinem Fenster\u00e2\u20ac\u0153<\/em><\/strong>,<strong><em>\u00c2\u00a0<\/em><\/strong>\u00c3\u00bcberreicht uns Susan Weinert ein Abschiedsgeschenk, denn am 02.03.2020 verstarb die sympathische Gitarristin &amp; Komponistin, die \u00c3\u00bcber Jahrzehnte unerm\u00c3\u00bcdlich an ihrem eigenen Klangkosmos feilte, sich stetig weiterentwickelte und immer auf der Suche nach neuen Herausforderungen war. In \u00c3\u00bcber 3000 Konzerten in der ganzen Welt pr\u00c3\u00a4sentierte sie ihre Musik einer stetig wachsenden Fangemeinde.<\/p>\n<p>Nach dem gro\u00c3\u0178en Erfolg des Erstlingswerkes in der Susan Weinert Rainbow Trio Besetzung <em>\u00e2\u20ac\u017eBeyond The Rainbow\u00e2\u20ac\u0153<\/em> in 2019, liegt nun mit <strong><em>\u00e2\u20ac\u0153Der Baum vor meinem Fenster\u00e2\u20ac\u0153 <\/em><\/strong>in gleicher Besetzung ein Studioalbum vor, welches wiederum die gro\u00c3\u0178e Bandbreite, den Klangreichtum und die abwechslungsreichen Kompositionsideen der Gitarristin in den Fokus r\u00c3\u00bccken. Das Trio pr\u00c3\u00a4sentiert sich auch auf <strong><em>\u00e2\u20ac\u0153Der Baum vor meinem Fenster\u00e2\u20ac\u0153<\/em> <\/strong>als kompakte Einheit und das in zahlreichen gemeinsamen Konzerten gewachsene intuitive Zusammenspiel ist noch dichter geworden. Auch auf ihrem 14. Album versteht es Susan Weinert die anspruchsvollen Kompositionen mit leichter Hand zu inszenieren und auf diese Weise den St\u00c3\u00bccken Songcharakter einzuhauchen.<\/p>\n<p>Die au\u00c3\u0178ergew\u00c3\u00b6hnliche Besetzung mit akustischer Gitarre, Piano und Bass l\u00c3\u00a4sst ein ganz eigenes Klanguniversum entstehen und durch den bewussten Verzicht auf die Mitwirkung eines reinen Rhythmusinstrumentes wie Schlagzeug oder Perkussion, kann das romantische Element in diesem kammermusikalischen Umfeld mehr in den Vordergrund treten, die beeindruckende Dynamik des Trios findet gr\u00c3\u00b6\u00c3\u0178eren Raum und die Vielfalt der harmonischen Klangfarben erschlie\u00c3\u0178en sich dem H\u00c3\u00b6rer in besonderer Weise. Obwohl das Album an hei\u00c3\u0178en Sommertagen aufgenommen wurde, spiegelt es musikalisch eher eine friedlich winterliche Stimmung wider &#8211; r\u00c3\u00bcckblickend w\u00c3\u00bcrde man es wohl als Stimmung in der letzten Phase des Lebens sehen.<\/p>\n<p>Die Intensit\u00c3\u00a4t und besondere Atmosph\u00c3\u00a4re dieser letzten Aufnahme, sind von den ersten T\u00c3\u00b6nen an h\u00c3\u00b6r- und sp\u00c3\u00bcrbar.<\/p>\n<p>&nbsp;<\/p>\n<p>Um den musikalischen Ideen den vollen Raum zur klanglichen Entfaltung zu geben, reiste das Trio im Sommer 2019 in die Provence, um zusammen mit G\u00c3\u00a9rard de Haro im Studio La Buissonne die Kompositionen aufzunehmen und am individuellen Sound des Albums zu feilen. Mit <em>\u00e2\u20ac\u0153<strong>Der Baum vor meinem Fenster\u00e2\u20ac\u0153<\/strong><\/em><strong>\u00c2\u00a0<\/strong>liegt nun das Ergebnis dieser fruchtbaren Zusammenarbeit vor. Acht spannende Kompositionen, von denen sieben Kompositionen aus der Feder von Susan Weinert stammen, darunter ein Werk in Zusammenarbeit mit ihrem Ehemann und Bassisten Martin Weinert, erg\u00c3\u00a4nzt um ein St\u00c3\u00bcck des Pianisten, Sebastian Voltz, laden den H\u00c3\u00b6rer auf eine reizvolle Klangreise ein. Die Songs erz\u00c3\u00a4hlen Geschichten, setzen Erlebtes in musikalischen Klang um.<\/p>\n<p>Viele der St\u00c3\u00bccke haben ihre Inspiration in der Natur oder der Welt der Kunst, das verraten Titel wie <em>\u00e2\u20ac\u017eHerbstwind\u00e2\u20ac\u0153<\/em>, <em>\u00e2\u20ac\u017eDer Baum vor meinem Fenster\u00e2\u20ac\u0153<\/em>, <em>\u00e2\u20ac\u017eA Long Winterday\u00e2\u20ac\u0153<\/em> oder <em>\u00e2\u20ac\u017eEarly Evening\u00e2\u20ac\u0153<\/em>. Auch <em>\u00e2\u20ac\u017eLeise, fast unbemerkt\u00e2\u20ac\u0153<\/em> reflektiert ein Naturerlebnis, denn der Song beschreibt das zarte Erwachen des Fr\u00c3\u00bchlings, wenn in den letzten Wintertagen die ersten Str\u00c3\u00a4ucher, von einem ganz zarten Gr\u00c3\u00bcn \u00c3\u00bcberzogen, einen geheimnisvollen und von Hoffnung und Zuversicht durchzogenen Zauber eines Neubeginns verbreiten. Das vom Pianisten des Trios, Sebastian Voltz, komponierte <em>\u00e2\u20ac\u017eCongo Tales\u00e2\u20ac\u0153<\/em> entstand nach dem Besuch einer Ausstellung gleichen Namens in Berlin.<\/p>\n<p>Susan war ein Mensch von gro\u00c3\u0178er intuitiver Intelligenz mit einem guten Gesp\u00c3\u00bcr und Gef\u00c3\u00bchl f\u00c3\u00bcr ihren K\u00c3\u00b6rper. Sie hatte sehr wohl eine Vorahnung, dass ihr irdisches Dasein seinem Ende entgegengeht, obwohl sie im Verlauf ihrer Krebserkrankung, welche sie 10 Jahre lang begleitete, an den Umgang mit Krisen gewohnt war und sich schon mehrmals von schwierigen Phasen erholt hatte. Sie f\u00c3\u00bchlte in sich den starken Drang diese Kompositionen aufzunehmen und ein Album daraus zusammen zu stellen, ein Geschenk f\u00c3\u00bcr ihre eigene Seele, welches sie nun mit ihren H\u00c3\u00b6rern teilt. Die Verwirklichung dieser Vision war ihr eine Herzensangelegenheit.<\/p>\n<p>Nach dem Tod von Susan Weinert folgt ihr Ehemann und jahrzehntelanger musikalischer Weggef\u00c3\u00a4hrte, Martin Weinert, einem inneren Impuls, das aus mehr als 250 Kompositionen bestehende musikalische Erbe der Gitarristin &amp; Komponistin auch weiterhin dem Publikum in Konzerten zu pr\u00c3\u00a4sentieren und damit zug\u00c3\u00a4nglich zu machen. \u00e2\u20ac\u017eIn ihrer Musik lebt ihr Geist in ganz besonderem Ma\u00c3\u0178e weiter\u00e2\u20ac\u0153, sagt Martin Weinert \u00e2\u20ac\u017eund ihre Seele wird es begl\u00c3\u00bcckt zur Kenntnis nehmen, wenn ihre Musik auch weiterhin auf den B\u00c3\u00bchnen der Spielst\u00c3\u00a4tten und in den Herzen der Menschen erklingt.\u00e2\u20ac\u0153<\/p>\n<p>&nbsp;<\/p>\n<p>Als <strong><em>Rainbow Trio<\/em><\/strong> mit Sebastian Voltz am Piano und der jungen Violinistin H\u00c3\u00a9lo\u00c3\u00afse Lefebvre aus Paris wird er die k\u00c3\u00bcnstlerische Arbeit weiterf\u00c3\u00bchren und dabei selbstverst\u00c3\u00a4ndlich auch die Kompositionen der CD <em>\u00e2\u20ac\u0153<strong>Der Baum vor meinem Fenster\u00e2\u20ac\u0153<\/strong><\/em> live pr\u00c3\u00a4sentieren.<\/p>\n<p>&nbsp;<\/p>\n<p>&nbsp;<\/p>\n","protected":false},"excerpt":{"rendered":"<p>&nbsp; Mit ihrer 14. CD \u00e2\u20ac\u0153Der Baum vor meinem Fenster\u00e2\u20ac\u0153,\u00c2\u00a0\u00c3\u00bcberreicht uns Susan Weinert ein Abschiedsgeschenk, denn am 02.03.2020 verstarb die sympathische Gitarristin &amp; Komponistin, die \u00c3\u00bcber Jahrzehnte unerm\u00c3\u00bcdlich an ihrem eigenen Klangkosmos feilte, sich stetig weiterentwickelte und immer auf der Suche nach neuen Herausforderungen war. In \u00c3\u00bcber 3000 Konzerten in der ganzen Welt pr\u00c3\u00a4sentierte sie [&hellip;]<\/p>\n","protected":false},"author":6,"featured_media":15639,"comment_status":"closed","ping_status":"closed","sticky":false,"template":"","format":"standard","meta":{"footnotes":""},"categories":[172],"tags":[],"class_list":["post-15638","post","type-post","status-publish","format-standard","has-post-thumbnail","hentry","category-unkategorisiert"],"yoast_head":"<!-- This site is optimized with the Yoast SEO plugin v26.3 - https:\/\/yoast.com\/wordpress\/plugins\/seo\/ -->\n<title>[:de]Suasan Weinert Rainbow Trio - Der Baum vor meinem Fenster, Releasedate: (02.10.2020)[:en]Susan Weinert Rainbow Trio - Der Baum vor meinem Fenster, Releasedate: (02.10.2020)[:] - Q-rious Music<\/title>\n<meta name=\"robots\" content=\"index, follow, max-snippet:-1, max-image-preview:large, max-video-preview:-1\" \/>\n<link rel=\"canonical\" href=\"https:\/\/www.qrious.de\/en\/suasan-weinert-rainbow-trio-der-baum-vor-meinem-fenster-releasedate-02-10-2020\/\" \/>\n<meta property=\"og:locale\" content=\"en_US\" \/>\n<meta property=\"og:type\" content=\"article\" \/>\n<meta property=\"og:title\" content=\"[:de]Suasan Weinert Rainbow Trio - Der Baum vor meinem Fenster, Releasedate: (02.10.2020)[:en]Susan Weinert Rainbow Trio - Der Baum vor meinem Fenster, Releasedate: (02.10.2020)[:] - Q-rious Music\" \/>\n<meta property=\"og:description\" content=\"&nbsp; Mit ihrer 14. CD \u00e2\u20ac\u0153Der Baum vor meinem Fenster\u00e2\u20ac\u0153,\u00c2\u00a0\u00c3\u00bcberreicht uns Susan Weinert ein Abschiedsgeschenk, denn am 02.03.2020 verstarb die sympathische Gitarristin &amp; Komponistin, die \u00c3\u00bcber Jahrzehnte unerm\u00c3\u00bcdlich an ihrem eigenen Klangkosmos feilte, sich stetig weiterentwickelte und immer auf der Suche nach neuen Herausforderungen war. In \u00c3\u00bcber 3000 Konzerten in der ganzen Welt pr\u00c3\u00a4sentierte sie [&hellip;]\" \/>\n<meta property=\"og:url\" content=\"https:\/\/www.qrious.de\/en\/suasan-weinert-rainbow-trio-der-baum-vor-meinem-fenster-releasedate-02-10-2020\/\" \/>\n<meta property=\"og:site_name\" content=\"Q-rious Music\" \/>\n<meta property=\"article:publisher\" content=\"https:\/\/www.facebook.com\/QriousMusic\/\" \/>\n<meta property=\"article:published_time\" content=\"2020-09-10T10:06:35+00:00\" \/>\n<meta property=\"og:image\" content=\"https:\/\/www.qrious.de\/wp-content\/uploads\/2020\/09\/Susan-Weinert-Der-Baum_cover-scaled.jpg\" \/>\n\t<meta property=\"og:image:width\" content=\"2560\" \/>\n\t<meta property=\"og:image:height\" content=\"2560\" \/>\n\t<meta property=\"og:image:type\" content=\"image\/jpeg\" \/>\n<meta name=\"author\" content=\"Qrious\" \/>\n<meta name=\"twitter:card\" content=\"summary_large_image\" \/>\n<meta name=\"twitter:label1\" content=\"Written by\" \/>\n\t<meta name=\"twitter:data1\" content=\"Qrious\" \/>\n\t<meta name=\"twitter:label2\" content=\"Est. reading time\" \/>\n\t<meta name=\"twitter:data2\" content=\"4 minutes\" \/>\n<script type=\"application\/ld+json\" class=\"yoast-schema-graph\">{\"@context\":\"https:\/\/schema.org\",\"@graph\":[{\"@type\":\"WebPage\",\"@id\":\"https:\/\/www.qrious.de\/en\/suasan-weinert-rainbow-trio-der-baum-vor-meinem-fenster-releasedate-02-10-2020\/\",\"url\":\"https:\/\/www.qrious.de\/en\/suasan-weinert-rainbow-trio-der-baum-vor-meinem-fenster-releasedate-02-10-2020\/\",\"name\":\"[:de]Suasan Weinert Rainbow Trio - Der Baum vor meinem Fenster, Releasedate: (02.10.2020)[:en]Susan Weinert Rainbow Trio - Der Baum vor meinem Fenster, Releasedate: (02.10.2020)[:] - Q-rious Music\",\"isPartOf\":{\"@id\":\"https:\/\/www.qrious.de\/en\/#website\"},\"primaryImageOfPage\":{\"@id\":\"https:\/\/www.qrious.de\/en\/suasan-weinert-rainbow-trio-der-baum-vor-meinem-fenster-releasedate-02-10-2020\/#primaryimage\"},\"image\":{\"@id\":\"https:\/\/www.qrious.de\/en\/suasan-weinert-rainbow-trio-der-baum-vor-meinem-fenster-releasedate-02-10-2020\/#primaryimage\"},\"thumbnailUrl\":\"https:\/\/www.qrious.de\/wp-content\/uploads\/2020\/09\/Susan-Weinert-Der-Baum_cover-scaled.jpg\",\"datePublished\":\"2020-09-10T10:06:35+00:00\",\"author\":{\"@id\":\"https:\/\/www.qrious.de\/en\/#\/schema\/person\/c23ecd85bc1b3ab8b09bf6da9d86a700\"},\"breadcrumb\":{\"@id\":\"https:\/\/www.qrious.de\/en\/suasan-weinert-rainbow-trio-der-baum-vor-meinem-fenster-releasedate-02-10-2020\/#breadcrumb\"},\"inLanguage\":\"en-US\",\"potentialAction\":[{\"@type\":\"ReadAction\",\"target\":[\"https:\/\/www.qrious.de\/en\/suasan-weinert-rainbow-trio-der-baum-vor-meinem-fenster-releasedate-02-10-2020\/\"]}]},{\"@type\":\"ImageObject\",\"inLanguage\":\"en-US\",\"@id\":\"https:\/\/www.qrious.de\/en\/suasan-weinert-rainbow-trio-der-baum-vor-meinem-fenster-releasedate-02-10-2020\/#primaryimage\",\"url\":\"https:\/\/www.qrious.de\/wp-content\/uploads\/2020\/09\/Susan-Weinert-Der-Baum_cover-scaled.jpg\",\"contentUrl\":\"https:\/\/www.qrious.de\/wp-content\/uploads\/2020\/09\/Susan-Weinert-Der-Baum_cover-scaled.jpg\",\"width\":2560,\"height\":2560},{\"@type\":\"BreadcrumbList\",\"@id\":\"https:\/\/www.qrious.de\/en\/suasan-weinert-rainbow-trio-der-baum-vor-meinem-fenster-releasedate-02-10-2020\/#breadcrumb\",\"itemListElement\":[{\"@type\":\"ListItem\",\"position\":1,\"name\":\"Home\",\"item\":\"https:\/\/www.qrious.de\/en\/\"},{\"@type\":\"ListItem\",\"position\":2,\"name\":\"[:de]Suasan Weinert Rainbow Trio &#8211; Der Baum vor meinem Fenster, Releasedate: (02.10.2020)[:en]Susan Weinert Rainbow Trio &#8211; Der Baum vor meinem Fenster, Releasedate: (02.10.2020)[:]\"}]},{\"@type\":\"WebSite\",\"@id\":\"https:\/\/www.qrious.de\/en\/#website\",\"url\":\"https:\/\/www.qrious.de\/en\/\",\"name\":\"Q-rious Music\",\"description\":\"Q-rious Music: promotion, distribution, label, publishing\",\"potentialAction\":[{\"@type\":\"SearchAction\",\"target\":{\"@type\":\"EntryPoint\",\"urlTemplate\":\"https:\/\/www.qrious.de\/en\/?s={search_term_string}\"},\"query-input\":{\"@type\":\"PropertyValueSpecification\",\"valueRequired\":true,\"valueName\":\"search_term_string\"}}],\"inLanguage\":\"en-US\"},{\"@type\":\"Person\",\"@id\":\"https:\/\/www.qrious.de\/en\/#\/schema\/person\/c23ecd85bc1b3ab8b09bf6da9d86a700\",\"name\":\"Qrious\",\"sameAs\":[\"http:\/\/www.qrious.de\"],\"url\":\"https:\/\/www.qrious.de\/en\/author\/office\/\"}]}<\/script>\n<!-- \/ Yoast SEO plugin. -->","yoast_head_json":{"title":"[:de]Suasan Weinert Rainbow Trio - Der Baum vor meinem Fenster, Releasedate: (02.10.2020)[:en]Susan Weinert Rainbow Trio - Der Baum vor meinem Fenster, Releasedate: (02.10.2020)[:] - Q-rious Music","robots":{"index":"index","follow":"follow","max-snippet":"max-snippet:-1","max-image-preview":"max-image-preview:large","max-video-preview":"max-video-preview:-1"},"canonical":"https:\/\/www.qrious.de\/en\/suasan-weinert-rainbow-trio-der-baum-vor-meinem-fenster-releasedate-02-10-2020\/","og_locale":"en_US","og_type":"article","og_title":"[:de]Suasan Weinert Rainbow Trio - Der Baum vor meinem Fenster, Releasedate: (02.10.2020)[:en]Susan Weinert Rainbow Trio - Der Baum vor meinem Fenster, Releasedate: (02.10.2020)[:] - Q-rious Music","og_description":"&nbsp; Mit ihrer 14. CD \u00e2\u20ac\u0153Der Baum vor meinem Fenster\u00e2\u20ac\u0153,\u00c2\u00a0\u00c3\u00bcberreicht uns Susan Weinert ein Abschiedsgeschenk, denn am 02.03.2020 verstarb die sympathische Gitarristin &amp; Komponistin, die \u00c3\u00bcber Jahrzehnte unerm\u00c3\u00bcdlich an ihrem eigenen Klangkosmos feilte, sich stetig weiterentwickelte und immer auf der Suche nach neuen Herausforderungen war. In \u00c3\u00bcber 3000 Konzerten in der ganzen Welt pr\u00c3\u00a4sentierte sie [&hellip;]","og_url":"https:\/\/www.qrious.de\/en\/suasan-weinert-rainbow-trio-der-baum-vor-meinem-fenster-releasedate-02-10-2020\/","og_site_name":"Q-rious Music","article_publisher":"https:\/\/www.facebook.com\/QriousMusic\/","article_published_time":"2020-09-10T10:06:35+00:00","og_image":[{"width":2560,"height":2560,"url":"https:\/\/www.qrious.de\/wp-content\/uploads\/2020\/09\/Susan-Weinert-Der-Baum_cover-scaled.jpg","type":"image\/jpeg"}],"author":"Qrious","twitter_card":"summary_large_image","twitter_misc":{"Written by":"Qrious","Est. reading time":"4 minutes"},"schema":{"@context":"https:\/\/schema.org","@graph":[{"@type":"WebPage","@id":"https:\/\/www.qrious.de\/en\/suasan-weinert-rainbow-trio-der-baum-vor-meinem-fenster-releasedate-02-10-2020\/","url":"https:\/\/www.qrious.de\/en\/suasan-weinert-rainbow-trio-der-baum-vor-meinem-fenster-releasedate-02-10-2020\/","name":"[:de]Suasan Weinert Rainbow Trio - Der Baum vor meinem Fenster, Releasedate: (02.10.2020)[:en]Susan Weinert Rainbow Trio - Der Baum vor meinem Fenster, Releasedate: (02.10.2020)[:] - Q-rious Music","isPartOf":{"@id":"https:\/\/www.qrious.de\/en\/#website"},"primaryImageOfPage":{"@id":"https:\/\/www.qrious.de\/en\/suasan-weinert-rainbow-trio-der-baum-vor-meinem-fenster-releasedate-02-10-2020\/#primaryimage"},"image":{"@id":"https:\/\/www.qrious.de\/en\/suasan-weinert-rainbow-trio-der-baum-vor-meinem-fenster-releasedate-02-10-2020\/#primaryimage"},"thumbnailUrl":"https:\/\/www.qrious.de\/wp-content\/uploads\/2020\/09\/Susan-Weinert-Der-Baum_cover-scaled.jpg","datePublished":"2020-09-10T10:06:35+00:00","author":{"@id":"https:\/\/www.qrious.de\/en\/#\/schema\/person\/c23ecd85bc1b3ab8b09bf6da9d86a700"},"breadcrumb":{"@id":"https:\/\/www.qrious.de\/en\/suasan-weinert-rainbow-trio-der-baum-vor-meinem-fenster-releasedate-02-10-2020\/#breadcrumb"},"inLanguage":"en-US","potentialAction":[{"@type":"ReadAction","target":["https:\/\/www.qrious.de\/en\/suasan-weinert-rainbow-trio-der-baum-vor-meinem-fenster-releasedate-02-10-2020\/"]}]},{"@type":"ImageObject","inLanguage":"en-US","@id":"https:\/\/www.qrious.de\/en\/suasan-weinert-rainbow-trio-der-baum-vor-meinem-fenster-releasedate-02-10-2020\/#primaryimage","url":"https:\/\/www.qrious.de\/wp-content\/uploads\/2020\/09\/Susan-Weinert-Der-Baum_cover-scaled.jpg","contentUrl":"https:\/\/www.qrious.de\/wp-content\/uploads\/2020\/09\/Susan-Weinert-Der-Baum_cover-scaled.jpg","width":2560,"height":2560},{"@type":"BreadcrumbList","@id":"https:\/\/www.qrious.de\/en\/suasan-weinert-rainbow-trio-der-baum-vor-meinem-fenster-releasedate-02-10-2020\/#breadcrumb","itemListElement":[{"@type":"ListItem","position":1,"name":"Home","item":"https:\/\/www.qrious.de\/en\/"},{"@type":"ListItem","position":2,"name":"[:de]Suasan Weinert Rainbow Trio &#8211; Der Baum vor meinem Fenster, Releasedate: (02.10.2020)[:en]Susan Weinert Rainbow Trio &#8211; Der Baum vor meinem Fenster, Releasedate: (02.10.2020)[:]"}]},{"@type":"WebSite","@id":"https:\/\/www.qrious.de\/en\/#website","url":"https:\/\/www.qrious.de\/en\/","name":"Q-rious Music","description":"Q-rious Music: promotion, distribution, label, publishing","potentialAction":[{"@type":"SearchAction","target":{"@type":"EntryPoint","urlTemplate":"https:\/\/www.qrious.de\/en\/?s={search_term_string}"},"query-input":{"@type":"PropertyValueSpecification","valueRequired":true,"valueName":"search_term_string"}}],"inLanguage":"en-US"},{"@type":"Person","@id":"https:\/\/www.qrious.de\/en\/#\/schema\/person\/c23ecd85bc1b3ab8b09bf6da9d86a700","name":"Qrious","sameAs":["http:\/\/www.qrious.de"],"url":"https:\/\/www.qrious.de\/en\/author\/office\/"}]}},"_links":{"self":[{"href":"https:\/\/www.qrious.de\/en\/wp-json\/wp\/v2\/posts\/15638","targetHints":{"allow":["GET"]}}],"collection":[{"href":"https:\/\/www.qrious.de\/en\/wp-json\/wp\/v2\/posts"}],"about":[{"href":"https:\/\/www.qrious.de\/en\/wp-json\/wp\/v2\/types\/post"}],"author":[{"embeddable":true,"href":"https:\/\/www.qrious.de\/en\/wp-json\/wp\/v2\/users\/6"}],"replies":[{"embeddable":true,"href":"https:\/\/www.qrious.de\/en\/wp-json\/wp\/v2\/comments?post=15638"}],"version-history":[{"count":0,"href":"https:\/\/www.qrious.de\/en\/wp-json\/wp\/v2\/posts\/15638\/revisions"}],"wp:featuredmedia":[{"embeddable":true,"href":"https:\/\/www.qrious.de\/en\/wp-json\/wp\/v2\/media\/15639"}],"wp:attachment":[{"href":"https:\/\/www.qrious.de\/en\/wp-json\/wp\/v2\/media?parent=15638"}],"wp:term":[{"taxonomy":"category","embeddable":true,"href":"https:\/\/www.qrious.de\/en\/wp-json\/wp\/v2\/categories?post=15638"},{"taxonomy":"post_tag","embeddable":true,"href":"https:\/\/www.qrious.de\/en\/wp-json\/wp\/v2\/tags?post=15638"}],"curies":[{"name":"wp","href":"https:\/\/api.w.org\/{rel}","templated":true}]}}