{"id":12819,"date":"2020-05-18T11:11:56","date_gmt":"2020-05-18T09:11:56","guid":{"rendered":"https:\/\/www.qrious.de\/?p=12819"},"modified":"2020-05-18T11:11:56","modified_gmt":"2020-05-18T09:11:56","slug":"paolo-fresu-quintet-re-wanderlust-releasedate-26-06-2020","status":"publish","type":"post","link":"https:\/\/www.qrious.de\/en\/paolo-fresu-quintet-re-wanderlust-releasedate-26-06-2020\/","title":{"rendered":"Paolo Fresu Quintet &#8211; re-Wanderlust (Releasedate: 26.06.2020)"},"content":{"rendered":"<p><img loading=\"lazy\" decoding=\"async\" class=\"alignnone size-medium wp-image-12820\" src=\"https:\/\/www.qrious.de\/wp-content\/uploads\/2020\/05\/cover-Wanderlust-Fresu-300x296.jpg\" alt=\"\" width=\"300\" height=\"296\" srcset=\"https:\/\/www.qrious.de\/wp-content\/uploads\/2020\/05\/cover-Wanderlust-Fresu-300x296.jpg 300w, https:\/\/www.qrious.de\/wp-content\/uploads\/2020\/05\/cover-Wanderlust-Fresu-1024x1012.jpg 1024w, https:\/\/www.qrious.de\/wp-content\/uploads\/2020\/05\/cover-Wanderlust-Fresu-150x148.jpg 150w, https:\/\/www.qrious.de\/wp-content\/uploads\/2020\/05\/cover-Wanderlust-Fresu-768x759.jpg 768w, https:\/\/www.qrious.de\/wp-content\/uploads\/2020\/05\/cover-Wanderlust-Fresu-1536x1517.jpg 1536w, https:\/\/www.qrious.de\/wp-content\/uploads\/2020\/05\/cover-Wanderlust-Fresu-192x190.jpg 192w, https:\/\/www.qrious.de\/wp-content\/uploads\/2020\/05\/cover-Wanderlust-Fresu-645x637.jpg 645w, https:\/\/www.qrious.de\/wp-content\/uploads\/2020\/05\/cover-Wanderlust-Fresu-345x341.jpg 345w, https:\/\/www.qrious.de\/wp-content\/uploads\/2020\/05\/cover-Wanderlust-Fresu-100x100.jpg 100w, https:\/\/www.qrious.de\/wp-content\/uploads\/2020\/05\/cover-Wanderlust-Fresu-600x593.jpg 600w, https:\/\/www.qrious.de\/wp-content\/uploads\/2020\/05\/cover-Wanderlust-Fresu-50x50.jpg 50w, https:\/\/www.qrious.de\/wp-content\/uploads\/2020\/05\/cover-Wanderlust-Fresu.jpg 1642w\" sizes=\"auto, (max-width: 300px) 100vw, 300px\" \/><\/p>\n<p>\u00e2\u20ac\u017eIch wei\u00c3\u0178 nicht, was mit mir passiert, wenn ich nachts an diese Orte komme. So m\u00c3\u00bcde, dass ich manchmal nicht einmal wei\u00c3\u0178, wo ich bin oder wo ich war, wenn ich noch hoch oben weile und man die ersten Lichter der K\u00c3\u00bcste sieht. Wir k\u00c3\u00b6nnen \u00c3\u00bcberall sein, sage ich mir, und meditiere. Es sind Gedanken an Orte, die niemandem geh\u00c3\u00b6ren. Es sind Orte des Herzens und der tiefen Nacht. Wenn meine Schritte die Erde streicheln, weckt mich der Duft der Luft und der Blumen. Er fl\u00c3\u00bcstert: \u00e2\u20ac\u0161Willkommen! Du bist nach Hause gekommen.\u00e2\u20ac\u02dc Dann stehe ich auf, wie neu, wie durch Magie, und erkenne mich durch die Erinnerungen, die mich weit wegbringen, in meine Landschaft und meine Lieben, mit Kl\u00c3\u00a4ngen, die ich besser kenne als alles andere, besser als die Musik, die ich mache und die mich weit wegbringt. Dann bin ich gl\u00c3\u00bccklich, denn ich kann mit diesem Land sprechen, nur ich kann das, wie in einem Geheimbund oder in einem in der Antike gezeichneten Pakt. \u00e2\u20ac\u0161Ich komme zur\u00c3\u00bcck, um hier zu sterben&#8230; ich hoffe&#8230;\u00e2\u20ac\u02dc, sage ich mir, und \u00c3\u00bcberlege schon, wann ich wieder gehen kann.\u00e2\u20ac\u0153<\/p>\n<p>Diesen eigent\u00c3\u00bcmlich-sch\u00c3\u00b6nen Kurztext schrieb der \u00e2\u20ac\u017ereisende Paolo Fresu\u00e2\u20ac\u0153 auf Sardisch in den Jahren, in denen er von zuhause weg war. Damals lebte er in Paris, f\u00c3\u00bchrte sein italienisches Quintett aber weiterhin. Am 13. Mai 1996 spielte er mit ebenjenem Ensemble beim internationalen \u00e2\u20ac\u017eJazz \u00c3\u00a0 Li\u00c3\u00a8ge\u00e2\u20ac\u0153-Festival in der belgischen Stadt L\u00c3\u00bcttich. Auf Empfehlung seiner damaligen Managerin hin, erweiterte er die Band um den jungen, belgischen Saxofonisten Erwin Vann zum Sextett. Gleich am Tag nach dem Festival-Auftritt betraten Fresu und seine f\u00c3\u00bcnf Mitmusiker das Studio A des frankophonen Radiosenders RTBF in Br\u00c3\u00bcssel, um ein zweispuriges \u00e2\u20ac\u017eLive\u00e2\u20ac\u0153-Master einzuspielen. Dank der Vermittlung des franz\u00c3\u00b6sischen Produzenten Jean-Jacques Pussiau, wurde die Aufnahme 1997 unter dem Titel \u00e2\u20ac\u017eWanderlust\u00e2\u20ac\u0153 erstmals ver\u00c3\u00b6ffentlicht.<br \/>\nDas Material setzte sich aus alten und damals neuen St\u00c3\u00bccken des Quintetts zusammen, die anl\u00c3\u00a4sslich der Erweiterung zum Sextett neu arrangiert wurden. Die Stimmung der Aufnahmen \u00c3\u00a4hnelte der, die bereits den Fresu-Alben \u00e2\u20ac\u017eOssi di Seppia\u00e2\u20ac\u0153 (1991) und \u00e2\u20ac\u017eEnsalada mistica\u00e2\u20ac\u0153 (1994) zugrunde lag.<\/p>\n<p>Au\u00c3\u0178erdem addierte Fresu das St\u00c3\u00bcck \u00e2\u20ac\u017eChildren Of 10000 Years\u00e2\u20ac\u0153 aus der Feder von Erwin Vann, sowie Mal Waldrons Standard \u00e2\u20ac\u017eSoul Eyes\u00e2\u20ac\u0153. Das intensive, Soundtrack-artige Thema \u00e2\u20ac\u017eTouch Her Soft Lips And Part\u00e2\u20ac\u0153, geschrieben von William Walton, und ein Tribut an den belgischen Fl\u00c3\u00b6tisten und Saxofonisten Bobby Jaspar, den das Festival in L\u00c3\u00bcttich 1996 ehrte, rundeten das Repertoire ab.<br \/>\n\u00e2\u20ac\u017eDie CD beginnt mit dem Original-Arrangement des St\u00c3\u00bccks \u00e2\u20ac\u0161Trunca E Peltunta\u00e2\u20ac\u0153, das ich erstmals 1986 mit Dave Liebman aufgenommen hatte\u00e2\u20ac\u0153, erz\u00c3\u00a4hlt Paolo Fresu. \u00e2\u20ac\u017eAber das St\u00c3\u00bcck \u00e2\u20ac\u0161Wanderlust\u00e2\u20ac\u02dc gibt dem Projekt seine Identit\u00c3\u00a4t. Der Begriff Wanderlust stammt aus dem Deutschen und meint das romantische Verlangen, zu Reisen und die Welt zu erkunden. Meine Intention war 1996, ein Album einzuspielen, dass sich wie eine Reise zur Seele ausnehmen sollte. Diese Reise beginnt jetzt mit der Wiederauflage des Albums erneut &#8211; gute 24 Jahre sp\u00c3\u00a4ter. Ich habe die Wiederver\u00c3\u00b6ffentlichung \u00e2\u20ac\u0161Re-Wanderlust\u00e2\u20ac\u02dc genannt, weil sie treffend ausdr\u00c3\u00bcckt, worum es auf der Platte immer noch geht.\u00e2\u20ac\u0153<\/p>\n<p>Dem ist eigentlich nicht mehr viel hinzuzuf\u00c3\u00bcgen, au\u00c3\u0178er, dass das Album Zeugnis einer \u00c3\u00bcberaus gegl\u00c3\u00bcckten Aufnahmesession ist, die praktisch improvisiert war &#8211; Momentmusik im besten Sinne. \u00e2\u20ac\u017eRe-Wanderlust\u00e2\u20ac\u0153 umfasst 13 St\u00c3\u00bccke &#8211; rund eine Stunde und zehn Minuten gro\u00c3\u0178artiger Musik. Die Dynamik und Intensit\u00c3\u00a4t, mit der das Quintett die Platte einspielte, ist beeindruckend. Und jetzt, 24 Jahre sp\u00c3\u00a4ter, feiert genau diese Gruppe bereits ihr 36-j\u00c3\u00a4hriges Bestehen. Grund genug f\u00c3\u00bcr Fresu, das Album neu gemastert und mit der Grafik \u00e2\u20ac\u017eA piene mani\u00e2\u20ac\u0153 des K\u00c3\u00bcnstlers Paolo Pezzi als Cover-Motiv, auf seinem eigenen Label T\u00c7\u201dk Music wieder zu ver\u00c3\u00b6ffentlichen.<\/p>\n<p>\u00e2\u20ac\u017eRe-Wanderlust\u00e2\u20ac\u0153<br \/>\n01. Trunca E Peltunta<br \/>\n02. Favole<br \/>\n03. Wanderlust<br \/>\n04. Geremeas<br \/>\n05. Variazione Quattro<br \/>\n06. Children Of 10000 Years<br \/>\n07. Appuntamento Sul Treno<br \/>\n08. Soul Eyes<br \/>\n09. Seven Up<br \/>\n10. Hush<br \/>\n11. In Quelle Sere D&#8217;Autunno<br \/>\n12. Simplicity<br \/>\n13. Touch Her Soft Lips And Part<\/p>\n<p>Paolo Fresu Trompete und Fl\u00c3\u00bcgelhorn<br \/>\nTino Tracanna Tenor- und Sopran-Saxofon<br \/>\nErwin Vann Tenor Saxofon<br \/>\nRoberto Cipelli Piano<br \/>\nAttilio Zanchi Kontrabass<br \/>\nEttore Fioravanti Schlagzeug<\/p>\n","protected":false},"excerpt":{"rendered":"<p>\u00e2\u20ac\u017eIch wei\u00c3\u0178 nicht, was mit mir passiert, wenn ich nachts an diese Orte komme. So m\u00c3\u00bcde, dass ich manchmal nicht einmal wei\u00c3\u0178, wo ich bin oder wo ich war, wenn ich noch hoch oben weile und man die ersten Lichter der K\u00c3\u00bcste sieht. Wir k\u00c3\u00b6nnen \u00c3\u00bcberall sein, sage ich mir, und meditiere. Es sind Gedanken [&hellip;]<\/p>\n","protected":false},"author":6,"featured_media":12820,"comment_status":"closed","ping_status":"closed","sticky":false,"template":"","format":"standard","meta":{"footnotes":""},"categories":[172],"tags":[],"class_list":["post-12819","post","type-post","status-publish","format-standard","has-post-thumbnail","hentry","category-unkategorisiert"],"yoast_head":"<!-- This site is optimized with the Yoast SEO plugin v26.3 - https:\/\/yoast.com\/wordpress\/plugins\/seo\/ -->\n<title>Paolo Fresu Quintet - re-Wanderlust (Releasedate: 26.06.2020) - Q-rious Music<\/title>\n<meta name=\"robots\" content=\"index, follow, max-snippet:-1, max-image-preview:large, max-video-preview:-1\" \/>\n<link rel=\"canonical\" href=\"https:\/\/www.qrious.de\/en\/paolo-fresu-quintet-re-wanderlust-releasedate-26-06-2020\/\" \/>\n<meta property=\"og:locale\" content=\"en_US\" \/>\n<meta property=\"og:type\" content=\"article\" \/>\n<meta property=\"og:title\" content=\"Paolo Fresu Quintet - re-Wanderlust (Releasedate: 26.06.2020) - Q-rious Music\" \/>\n<meta property=\"og:description\" content=\"\u00e2\u20ac\u017eIch wei\u00c3\u0178 nicht, was mit mir passiert, wenn ich nachts an diese Orte komme. So m\u00c3\u00bcde, dass ich manchmal nicht einmal wei\u00c3\u0178, wo ich bin oder wo ich war, wenn ich noch hoch oben weile und man die ersten Lichter der K\u00c3\u00bcste sieht. Wir k\u00c3\u00b6nnen \u00c3\u00bcberall sein, sage ich mir, und meditiere. Es sind Gedanken [&hellip;]\" \/>\n<meta property=\"og:url\" content=\"https:\/\/www.qrious.de\/en\/paolo-fresu-quintet-re-wanderlust-releasedate-26-06-2020\/\" \/>\n<meta property=\"og:site_name\" content=\"Q-rious Music\" \/>\n<meta property=\"article:publisher\" content=\"https:\/\/www.facebook.com\/QriousMusic\/\" \/>\n<meta property=\"article:published_time\" content=\"2020-05-18T09:11:56+00:00\" \/>\n<meta property=\"og:image\" content=\"https:\/\/www.qrious.de\/wp-content\/uploads\/2020\/05\/cover-Wanderlust-Fresu.jpg\" \/>\n\t<meta property=\"og:image:width\" content=\"1642\" \/>\n\t<meta property=\"og:image:height\" content=\"1622\" \/>\n\t<meta property=\"og:image:type\" content=\"image\/jpeg\" \/>\n<meta name=\"author\" content=\"Qrious\" \/>\n<meta name=\"twitter:card\" content=\"summary_large_image\" \/>\n<meta name=\"twitter:label1\" content=\"Written by\" \/>\n\t<meta name=\"twitter:data1\" content=\"Qrious\" \/>\n\t<meta name=\"twitter:label2\" content=\"Est. reading time\" \/>\n\t<meta name=\"twitter:data2\" content=\"3 minutes\" \/>\n<script type=\"application\/ld+json\" class=\"yoast-schema-graph\">{\"@context\":\"https:\/\/schema.org\",\"@graph\":[{\"@type\":\"WebPage\",\"@id\":\"https:\/\/www.qrious.de\/en\/paolo-fresu-quintet-re-wanderlust-releasedate-26-06-2020\/\",\"url\":\"https:\/\/www.qrious.de\/en\/paolo-fresu-quintet-re-wanderlust-releasedate-26-06-2020\/\",\"name\":\"Paolo Fresu Quintet - re-Wanderlust (Releasedate: 26.06.2020) - Q-rious Music\",\"isPartOf\":{\"@id\":\"https:\/\/www.qrious.de\/en\/#website\"},\"primaryImageOfPage\":{\"@id\":\"https:\/\/www.qrious.de\/en\/paolo-fresu-quintet-re-wanderlust-releasedate-26-06-2020\/#primaryimage\"},\"image\":{\"@id\":\"https:\/\/www.qrious.de\/en\/paolo-fresu-quintet-re-wanderlust-releasedate-26-06-2020\/#primaryimage\"},\"thumbnailUrl\":\"https:\/\/www.qrious.de\/wp-content\/uploads\/2020\/05\/cover-Wanderlust-Fresu.jpg\",\"datePublished\":\"2020-05-18T09:11:56+00:00\",\"author\":{\"@id\":\"https:\/\/www.qrious.de\/en\/#\/schema\/person\/c23ecd85bc1b3ab8b09bf6da9d86a700\"},\"breadcrumb\":{\"@id\":\"https:\/\/www.qrious.de\/en\/paolo-fresu-quintet-re-wanderlust-releasedate-26-06-2020\/#breadcrumb\"},\"inLanguage\":\"en-US\",\"potentialAction\":[{\"@type\":\"ReadAction\",\"target\":[\"https:\/\/www.qrious.de\/en\/paolo-fresu-quintet-re-wanderlust-releasedate-26-06-2020\/\"]}]},{\"@type\":\"ImageObject\",\"inLanguage\":\"en-US\",\"@id\":\"https:\/\/www.qrious.de\/en\/paolo-fresu-quintet-re-wanderlust-releasedate-26-06-2020\/#primaryimage\",\"url\":\"https:\/\/www.qrious.de\/wp-content\/uploads\/2020\/05\/cover-Wanderlust-Fresu.jpg\",\"contentUrl\":\"https:\/\/www.qrious.de\/wp-content\/uploads\/2020\/05\/cover-Wanderlust-Fresu.jpg\",\"width\":1642,\"height\":1622},{\"@type\":\"BreadcrumbList\",\"@id\":\"https:\/\/www.qrious.de\/en\/paolo-fresu-quintet-re-wanderlust-releasedate-26-06-2020\/#breadcrumb\",\"itemListElement\":[{\"@type\":\"ListItem\",\"position\":1,\"name\":\"Home\",\"item\":\"https:\/\/www.qrious.de\/en\/\"},{\"@type\":\"ListItem\",\"position\":2,\"name\":\"Paolo Fresu Quintet &#8211; re-Wanderlust (Releasedate: 26.06.2020)\"}]},{\"@type\":\"WebSite\",\"@id\":\"https:\/\/www.qrious.de\/en\/#website\",\"url\":\"https:\/\/www.qrious.de\/en\/\",\"name\":\"Q-rious Music\",\"description\":\"Q-rious Music: promotion, distribution, label, publishing\",\"potentialAction\":[{\"@type\":\"SearchAction\",\"target\":{\"@type\":\"EntryPoint\",\"urlTemplate\":\"https:\/\/www.qrious.de\/en\/?s={search_term_string}\"},\"query-input\":{\"@type\":\"PropertyValueSpecification\",\"valueRequired\":true,\"valueName\":\"search_term_string\"}}],\"inLanguage\":\"en-US\"},{\"@type\":\"Person\",\"@id\":\"https:\/\/www.qrious.de\/en\/#\/schema\/person\/c23ecd85bc1b3ab8b09bf6da9d86a700\",\"name\":\"Qrious\",\"sameAs\":[\"http:\/\/www.qrious.de\"],\"url\":\"https:\/\/www.qrious.de\/en\/author\/office\/\"}]}<\/script>\n<!-- \/ Yoast SEO plugin. -->","yoast_head_json":{"title":"Paolo Fresu Quintet - re-Wanderlust (Releasedate: 26.06.2020) - Q-rious Music","robots":{"index":"index","follow":"follow","max-snippet":"max-snippet:-1","max-image-preview":"max-image-preview:large","max-video-preview":"max-video-preview:-1"},"canonical":"https:\/\/www.qrious.de\/en\/paolo-fresu-quintet-re-wanderlust-releasedate-26-06-2020\/","og_locale":"en_US","og_type":"article","og_title":"Paolo Fresu Quintet - re-Wanderlust (Releasedate: 26.06.2020) - Q-rious Music","og_description":"\u00e2\u20ac\u017eIch wei\u00c3\u0178 nicht, was mit mir passiert, wenn ich nachts an diese Orte komme. So m\u00c3\u00bcde, dass ich manchmal nicht einmal wei\u00c3\u0178, wo ich bin oder wo ich war, wenn ich noch hoch oben weile und man die ersten Lichter der K\u00c3\u00bcste sieht. Wir k\u00c3\u00b6nnen \u00c3\u00bcberall sein, sage ich mir, und meditiere. Es sind Gedanken [&hellip;]","og_url":"https:\/\/www.qrious.de\/en\/paolo-fresu-quintet-re-wanderlust-releasedate-26-06-2020\/","og_site_name":"Q-rious Music","article_publisher":"https:\/\/www.facebook.com\/QriousMusic\/","article_published_time":"2020-05-18T09:11:56+00:00","og_image":[{"width":1642,"height":1622,"url":"https:\/\/www.qrious.de\/wp-content\/uploads\/2020\/05\/cover-Wanderlust-Fresu.jpg","type":"image\/jpeg"}],"author":"Qrious","twitter_card":"summary_large_image","twitter_misc":{"Written by":"Qrious","Est. reading time":"3 minutes"},"schema":{"@context":"https:\/\/schema.org","@graph":[{"@type":"WebPage","@id":"https:\/\/www.qrious.de\/en\/paolo-fresu-quintet-re-wanderlust-releasedate-26-06-2020\/","url":"https:\/\/www.qrious.de\/en\/paolo-fresu-quintet-re-wanderlust-releasedate-26-06-2020\/","name":"Paolo Fresu Quintet - re-Wanderlust (Releasedate: 26.06.2020) - Q-rious Music","isPartOf":{"@id":"https:\/\/www.qrious.de\/en\/#website"},"primaryImageOfPage":{"@id":"https:\/\/www.qrious.de\/en\/paolo-fresu-quintet-re-wanderlust-releasedate-26-06-2020\/#primaryimage"},"image":{"@id":"https:\/\/www.qrious.de\/en\/paolo-fresu-quintet-re-wanderlust-releasedate-26-06-2020\/#primaryimage"},"thumbnailUrl":"https:\/\/www.qrious.de\/wp-content\/uploads\/2020\/05\/cover-Wanderlust-Fresu.jpg","datePublished":"2020-05-18T09:11:56+00:00","author":{"@id":"https:\/\/www.qrious.de\/en\/#\/schema\/person\/c23ecd85bc1b3ab8b09bf6da9d86a700"},"breadcrumb":{"@id":"https:\/\/www.qrious.de\/en\/paolo-fresu-quintet-re-wanderlust-releasedate-26-06-2020\/#breadcrumb"},"inLanguage":"en-US","potentialAction":[{"@type":"ReadAction","target":["https:\/\/www.qrious.de\/en\/paolo-fresu-quintet-re-wanderlust-releasedate-26-06-2020\/"]}]},{"@type":"ImageObject","inLanguage":"en-US","@id":"https:\/\/www.qrious.de\/en\/paolo-fresu-quintet-re-wanderlust-releasedate-26-06-2020\/#primaryimage","url":"https:\/\/www.qrious.de\/wp-content\/uploads\/2020\/05\/cover-Wanderlust-Fresu.jpg","contentUrl":"https:\/\/www.qrious.de\/wp-content\/uploads\/2020\/05\/cover-Wanderlust-Fresu.jpg","width":1642,"height":1622},{"@type":"BreadcrumbList","@id":"https:\/\/www.qrious.de\/en\/paolo-fresu-quintet-re-wanderlust-releasedate-26-06-2020\/#breadcrumb","itemListElement":[{"@type":"ListItem","position":1,"name":"Home","item":"https:\/\/www.qrious.de\/en\/"},{"@type":"ListItem","position":2,"name":"Paolo Fresu Quintet &#8211; re-Wanderlust (Releasedate: 26.06.2020)"}]},{"@type":"WebSite","@id":"https:\/\/www.qrious.de\/en\/#website","url":"https:\/\/www.qrious.de\/en\/","name":"Q-rious Music","description":"Q-rious Music: promotion, distribution, label, publishing","potentialAction":[{"@type":"SearchAction","target":{"@type":"EntryPoint","urlTemplate":"https:\/\/www.qrious.de\/en\/?s={search_term_string}"},"query-input":{"@type":"PropertyValueSpecification","valueRequired":true,"valueName":"search_term_string"}}],"inLanguage":"en-US"},{"@type":"Person","@id":"https:\/\/www.qrious.de\/en\/#\/schema\/person\/c23ecd85bc1b3ab8b09bf6da9d86a700","name":"Qrious","sameAs":["http:\/\/www.qrious.de"],"url":"https:\/\/www.qrious.de\/en\/author\/office\/"}]}},"_links":{"self":[{"href":"https:\/\/www.qrious.de\/en\/wp-json\/wp\/v2\/posts\/12819","targetHints":{"allow":["GET"]}}],"collection":[{"href":"https:\/\/www.qrious.de\/en\/wp-json\/wp\/v2\/posts"}],"about":[{"href":"https:\/\/www.qrious.de\/en\/wp-json\/wp\/v2\/types\/post"}],"author":[{"embeddable":true,"href":"https:\/\/www.qrious.de\/en\/wp-json\/wp\/v2\/users\/6"}],"replies":[{"embeddable":true,"href":"https:\/\/www.qrious.de\/en\/wp-json\/wp\/v2\/comments?post=12819"}],"version-history":[{"count":0,"href":"https:\/\/www.qrious.de\/en\/wp-json\/wp\/v2\/posts\/12819\/revisions"}],"wp:featuredmedia":[{"embeddable":true,"href":"https:\/\/www.qrious.de\/en\/wp-json\/wp\/v2\/media\/12820"}],"wp:attachment":[{"href":"https:\/\/www.qrious.de\/en\/wp-json\/wp\/v2\/media?parent=12819"}],"wp:term":[{"taxonomy":"category","embeddable":true,"href":"https:\/\/www.qrious.de\/en\/wp-json\/wp\/v2\/categories?post=12819"},{"taxonomy":"post_tag","embeddable":true,"href":"https:\/\/www.qrious.de\/en\/wp-json\/wp\/v2\/tags?post=12819"}],"curies":[{"name":"wp","href":"https:\/\/api.w.org\/{rel}","templated":true}]}}